{"id":5442,"date":"2019-07-03T08:34:07","date_gmt":"2019-07-03T11:34:07","guid":{"rendered":"https:\/\/www.telavita.com.br\/blog\/?p=5442"},"modified":"2019-10-17T14:59:49","modified_gmt":"2019-10-17T17:59:49","slug":"pressao-psicologica-vestibular","status":"publish","type":"post","link":"https:\/\/www.telavita.com.br\/blog\/pressao-psicologica-vestibular\/","title":{"rendered":"Qual a melhor forma de lidar com a press\u00e3o psicol\u00f3gica para o vestibular?"},"content":{"rendered":"<p>O vestibular \u00e9 uma \u00e9poca cr\u00edtica. Nela, \u00e9 preciso <a href=\"https:\/\/www.telavita.com.br\/blog\/profissao-seguir-orientacao-vocacional\/\">escolher a profiss\u00e3o<\/a> que gostar\u00edamos de seguir ao longo da vida e, como se isso n\u00e3o fosse bastante, ainda \u00e9 preciso lidar com a enorme concorr\u00eancia para entrar nas universidades.<\/p>\n<p><a href=\"https:\/\/www.telavita.com.br\/blog\/dicas-para-estudo-menos-estressante\/\">O foco e a dedica\u00e7\u00e3o<\/a> s\u00e3o fundamentais nesse per\u00edodo. Por\u00e9m, a cobran\u00e7a vem de todos os lados: interna, de familiares ou at\u00e9 de pessoas pr\u00f3ximas. Tamanha ebuli\u00e7\u00e3o gera a press\u00e3o. Press\u00e3o psicol\u00f3gica que afeta diretamente o cotidiano de quem est\u00e1 passando por isso.<\/p>\n<p>Nesse sentido, um <a href=\"http:\/\/www.scielo.br\/pdf\/rpc\/v35n5\/a01v35n5.pdf\">estudo<\/a> realizado com vestibulandos constatou que 90% dos participantes alteraram seus h\u00e1bitos de vida por conta da prepara\u00e7\u00e3o para o processo seletivo. Dessa forma, \u00e9 preciso entender como essa press\u00e3o psicol\u00f3gica influencia essas pessoas e como resolver a quest\u00e3o.<\/p>\n<h2>O que \u00e9 a press\u00e3o psicol\u00f3gica para o vestibular?<\/h2>\n<p>\u201cO que vou fazer pelo resto da minha vida?\u201d. Todos j\u00e1 se perguntaram pelo menos uma vez isso, entretanto, na \u00e9poca do vestibular ela \u00e9 frequente. Ter que refletir sobre as incertezas de um futuro ainda n\u00e3o vivido pode ser exaustivo.<\/p>\n<p>Segundo a <a href=\"http:\/\/g1.globo.com\/pr\/parana\/educacao\/vestiba\/2013\/noticia\/2013\/09\/e-uma-pressao-muito-grande-diz-psicologa-sobre-vestibular.html\">psic\u00f3loga Maria Em\u00edlia Garcia<\/a>, essa &#8220;\u00e9 uma fase de busca de sentido da vida com todas as ang\u00fastias e ansiedades pr\u00f3prias dessa fase e, por outro lado, uma exig\u00eancia de que ele [o estudante] escolha nesse momento o que deseja ser para o resto da vida&#8221;.<\/p>\n<p>Al\u00e9m disso, a cobran\u00e7a para passar nos processos seletivos \u00e9 enorme. S\u00e3o muitas pessoas para poucas vagas oferecidas. A press\u00e3o est\u00e1 instalada. Inclusive, <a href=\"http:\/\/pepsic.bvsalud.org\/scielo.php?script=sci_arttext&amp;pid=S1679-33902003000100010\">uma pesquisa<\/a> realizada pela Universidade Federal de Santa Catarina, com cerca de 400 vestibulandos, identificou esses problemas. O medo da reprova\u00e7\u00e3o e de decepcionar a fam\u00edlia foram citados como os principais causadores da ansiedade no vestibular.<\/p>\n<p>Sobre essa situa\u00e7\u00e3o, a <a href=\"http:\/\/g1.globo.com\/jornal-nacional\/noticia\/2012\/03\/psicologa-da-dicas-para-concurseiros-lidarem-com-pressao-e-ansiedade.html\">psic\u00f3loga Ana Paula Hawatt<\/a> comenta que \u201ca ansiedade \u00e9 um sentimento fundamental nesses momentos importantes da vida do candidato. A press\u00e3o \u00e9 natural. A melhor forma de lidar com isso \u00e9 reconhecer que ela existe e descobrir estrat\u00e9gias que o tranquilizem\u201d.<\/p>\n<p>N\u00e3o \u00e9 dif\u00edcil imaginar as consequ\u00eancias que isso traz para a pessoa, certo? A <a href=\"http:\/\/pepsic.bvsalud.org\/scielo.php?script=sci_arttext&amp;pid=S1679-33902003000100010\">pesquisa citada anteriormente<\/a> constatou alguns dados preocupantes. Segundo os dados, mais da metade dos vestibulandos sentem dificuldade frequente de concentra\u00e7\u00e3o nos meses anteriores as provas. E, ainda, pelo menos um ter\u00e7o sente inquieta\u00e7\u00e3o, dores de cabe\u00e7a e at\u00e9 dores musculares.<\/p>\n<h2>O trabalho do acompanhamento psicol\u00f3gico<\/h2>\n<p>Como estamos tratando de press\u00e3o psicol\u00f3gica, a pessoa mais indicada para ajudar o vestibulando nesse processo \u00e9 o profissional da \u00e1rea: o psic\u00f3logo. Nesse sentido, a terapia surge como uma ferramenta para o indiv\u00edduo.<\/p>\n<p>A <a href=\"http:\/\/grupofi.com.br\/para-passar-no-vestibular-o-apoio-psicologico-e-fundamental-2\/\">psic\u00f3loga Ma\u00edza Andrade<\/a> refor\u00e7a essa ideia. \u201cO objetivo [da terapia] \u00e9 fazer o estudante alcan\u00e7ar sua meta. O que \u00e9 dito durante o atendimento n\u00e3o sai da sala. O aluno n\u00e3o precisa ter vergonha de procurar a orienta\u00e7\u00e3o. Ele precisa nos ver como mais uma ferramenta que vai faz\u00ea-lo conseguir seu objetivo\u201d.<\/p>\n<p>O acompanhamento psicol\u00f3gico, ent\u00e3o, \u00e9 um espa\u00e7o para as pessoas trabalharem o equil\u00edbrio emocional. Dessa forma, s\u00e3o desenvolvidos exerc\u00edcios para melhorar a autoestima e evitar que a ansiedade e o estresse atrapalhem os estudos.<\/p>\n<p>Al\u00e9m disso, existem as quest\u00f5es do cotidiano que nos afligem. A terapia tamb\u00e9m \u00e9 um espa\u00e7o para tratar das outras situa\u00e7\u00f5es que est\u00e3o acontecendo ao nosso redor. Assim, \u00e9 poss\u00edvel que a pessoa organize melhor as ideias, o que auxilia o indiv\u00edduo a manejar melhor os conflitos que enfrenta.<\/p>\n<p>Nesse sentido, <a href=\"https:\/\/www.vice.com\/pt_br\/article\/bjvwzq\/enem-pressao-excessiva\">a pesquisadora e psic\u00f3loga, Dulce Copped\u00ea<\/a>, comenta que &#8220;o ideal \u00e9 criar um repert\u00f3rio de linguagem que possibilite construir uma narrativa para ir al\u00e9m da discuss\u00e3o dos sintomas e entender o que acontece de fato por tr\u00e1s daquilo&#8221;.<\/p>\n","protected":false},"excerpt":{"rendered":"<p>O vestibular \u00e9 uma \u00e9poca cr\u00edtica. Nela, \u00e9 preciso escolher a profiss\u00e3o que gostar\u00edamos de seguir ao longo da vida e, como se isso n\u00e3o fosse bastante, ainda \u00e9 preciso lidar com a enorme concorr\u00eancia para entrar nas universidades. O foco e a dedica\u00e7\u00e3o s\u00e3o fundamentais nesse per\u00edodo. Por\u00e9m, a cobran\u00e7a vem de todos os [&hellip;]<\/p>\n","protected":false},"author":11,"featured_media":5470,"comment_status":"open","ping_status":"open","sticky":false,"template":"","format":"standard","meta":{"_lmt_disableupdate":"","_lmt_disable":"","footnotes":""},"categories":[269],"tags":[],"yoast_head":"<!-- This site is optimized with the Yoast SEO plugin v19.8 - https:\/\/yoast.com\/wordpress\/plugins\/seo\/ -->\n<title>Press\u00e3o Psicol\u00f3gica Para o Vestibular: Como Lidar Com Esse Momento?<\/title>\n<meta name=\"description\" content=\"Como estamos tratando de press\u00e3o psicol\u00f3gica para o vestibular, a pessoa mais indicada para ajudar o vestibulando nesse processo \u00e9 o psic\u00f3logo.\" \/>\n<meta name=\"robots\" content=\"index, follow, max-snippet:-1, max-image-preview:large, max-video-preview:-1\" \/>\n<link rel=\"canonical\" href=\"https:\/\/www.telavita.com.br\/blog\/pressao-psicologica-vestibular\/\" \/>\n<meta property=\"og:locale\" content=\"pt_BR\" \/>\n<meta property=\"og:type\" content=\"article\" \/>\n<meta property=\"og:title\" content=\"Press\u00e3o Psicol\u00f3gica Para o Vestibular: Como Lidar Com Esse Momento?\" \/>\n<meta property=\"og:description\" content=\"Como estamos tratando de press\u00e3o psicol\u00f3gica para o vestibular, a pessoa mais indicada para ajudar o vestibulando nesse processo \u00e9 o psic\u00f3logo.\" \/>\n<meta property=\"og:url\" content=\"https:\/\/www.telavita.com.br\/blog\/pressao-psicologica-vestibular\/\" \/>\n<meta property=\"og:site_name\" content=\"Telavita\" \/>\n<meta property=\"article:publisher\" content=\"https:\/\/www.facebook.com\/Telavita\" \/>\n<meta property=\"article:published_time\" content=\"2019-07-03T11:34:07+00:00\" \/>\n<meta property=\"article:modified_time\" content=\"2019-10-17T17:59:49+00:00\" \/>\n<meta property=\"og:image\" content=\"https:\/\/www.telavita.com.br\/blog\/wp-content\/uploads\/2019\/07\/pressao-psicologica-para-vestibular.jpg\" \/>\n\t<meta property=\"og:image:width\" content=\"900\" \/>\n\t<meta property=\"og:image:height\" content=\"560\" \/>\n\t<meta property=\"og:image:type\" content=\"image\/jpeg\" \/>\n<meta name=\"author\" content=\"Telavita\" \/>\n<meta name=\"twitter:card\" content=\"summary_large_image\" \/>\n<meta name=\"twitter:label1\" content=\"Escrito por\" \/>\n\t<meta name=\"twitter:data1\" content=\"Telavita\" \/>\n\t<meta name=\"twitter:label2\" content=\"Est. tempo de leitura\" \/>\n\t<meta name=\"twitter:data2\" content=\"3 minutos\" \/>\n<!-- \/ Yoast SEO plugin. -->","yoast_head_json":{"title":"Press\u00e3o Psicol\u00f3gica Para o Vestibular: Como Lidar Com Esse Momento?","description":"Como estamos tratando de press\u00e3o psicol\u00f3gica para o vestibular, a pessoa mais indicada para ajudar o vestibulando nesse processo \u00e9 o psic\u00f3logo.","robots":{"index":"index","follow":"follow","max-snippet":"max-snippet:-1","max-image-preview":"max-image-preview:large","max-video-preview":"max-video-preview:-1"},"canonical":"https:\/\/www.telavita.com.br\/blog\/pressao-psicologica-vestibular\/","og_locale":"pt_BR","og_type":"article","og_title":"Press\u00e3o Psicol\u00f3gica Para o Vestibular: Como Lidar Com Esse Momento?","og_description":"Como estamos tratando de press\u00e3o psicol\u00f3gica para o vestibular, a pessoa mais indicada para ajudar o vestibulando nesse processo \u00e9 o psic\u00f3logo.","og_url":"https:\/\/www.telavita.com.br\/blog\/pressao-psicologica-vestibular\/","og_site_name":"Telavita","article_publisher":"https:\/\/www.facebook.com\/Telavita","article_published_time":"2019-07-03T11:34:07+00:00","article_modified_time":"2019-10-17T17:59:49+00:00","og_image":[{"width":900,"height":560,"url":"https:\/\/www.telavita.com.br\/blog\/wp-content\/uploads\/2019\/07\/pressao-psicologica-para-vestibular.jpg","type":"image\/jpeg"}],"author":"Telavita","twitter_card":"summary_large_image","twitter_misc":{"Escrito por":"Telavita","Est. tempo de leitura":"3 minutos"},"schema":{"@context":"https:\/\/schema.org","@graph":[{"@type":"Article","@id":"https:\/\/www.telavita.com.br\/blog\/pressao-psicologica-vestibular\/#article","isPartOf":{"@id":"https:\/\/www.telavita.com.br\/blog\/pressao-psicologica-vestibular\/"},"author":{"name":"Telavita","@id":"https:\/\/www.telavita.com.br\/blog\/#\/schema\/person\/365e554815ae72366924ab1f2b06fdaa"},"headline":"Qual a melhor forma de lidar com a press\u00e3o psicol\u00f3gica para o vestibular?","datePublished":"2019-07-03T11:34:07+00:00","dateModified":"2019-10-17T17:59:49+00:00","mainEntityOfPage":{"@id":"https:\/\/www.telavita.com.br\/blog\/pressao-psicologica-vestibular\/"},"wordCount":666,"commentCount":0,"publisher":{"@id":"https:\/\/www.telavita.com.br\/blog\/#organization"},"articleSection":["Inf\u00e2ncia e Adolesc\u00eancia"],"inLanguage":"pt-BR","potentialAction":[{"@type":"CommentAction","name":"Comment","target":["https:\/\/www.telavita.com.br\/blog\/pressao-psicologica-vestibular\/#respond"]}]},{"@type":"WebPage","@id":"https:\/\/www.telavita.com.br\/blog\/pressao-psicologica-vestibular\/","url":"https:\/\/www.telavita.com.br\/blog\/pressao-psicologica-vestibular\/","name":"Press\u00e3o Psicol\u00f3gica Para o Vestibular: Como Lidar Com Esse Momento?","isPartOf":{"@id":"https:\/\/www.telavita.com.br\/blog\/#website"},"datePublished":"2019-07-03T11:34:07+00:00","dateModified":"2019-10-17T17:59:49+00:00","description":"Como estamos tratando de press\u00e3o psicol\u00f3gica para o vestibular, a pessoa mais indicada para ajudar o vestibulando nesse processo \u00e9 o psic\u00f3logo.","breadcrumb":{"@id":"https:\/\/www.telavita.com.br\/blog\/pressao-psicologica-vestibular\/#breadcrumb"},"inLanguage":"pt-BR","potentialAction":[{"@type":"ReadAction","target":["https:\/\/www.telavita.com.br\/blog\/pressao-psicologica-vestibular\/"]}]},{"@type":"BreadcrumbList","@id":"https:\/\/www.telavita.com.br\/blog\/pressao-psicologica-vestibular\/#breadcrumb","itemListElement":[{"@type":"ListItem","position":1,"name":"In\u00edcio","item":"https:\/\/www.telavita.com.br\/blog\/"},{"@type":"ListItem","position":2,"name":"Qual a melhor forma de lidar com a press\u00e3o psicol\u00f3gica para o vestibular?"}]},{"@type":"WebSite","@id":"https:\/\/www.telavita.com.br\/blog\/#website","url":"https:\/\/www.telavita.com.br\/blog\/","name":"Telavita","description":"Conte\u00fados especializados sobre sa\u00fade mental e bem-estar","publisher":{"@id":"https:\/\/www.telavita.com.br\/blog\/#organization"},"potentialAction":[{"@type":"SearchAction","target":{"@type":"EntryPoint","urlTemplate":"https:\/\/www.telavita.com.br\/blog\/?s={search_term_string}"},"query-input":"required name=search_term_string"}],"inLanguage":"pt-BR"},{"@type":"Organization","@id":"https:\/\/www.telavita.com.br\/blog\/#organization","name":"Telavita","url":"https:\/\/www.telavita.com.br\/blog\/","sameAs":["https:\/\/www.linkedin.com\/company\/telavita\/mycompany\/verification\/","https:\/\/www.instagram.com\/telavita\/","https:\/\/www.facebook.com\/Telavita"],"logo":{"@type":"ImageObject","inLanguage":"pt-BR","@id":"https:\/\/www.telavita.com.br\/blog\/#\/schema\/logo\/image\/","url":"https:\/\/www.telavita.com.br\/blog\/wp-content\/uploads\/2021\/05\/telavita.jpg","contentUrl":"https:\/\/www.telavita.com.br\/blog\/wp-content\/uploads\/2021\/05\/telavita.jpg","width":200,"height":200,"caption":"Telavita"},"image":{"@id":"https:\/\/www.telavita.com.br\/blog\/#\/schema\/logo\/image\/"}},{"@type":"Person","@id":"https:\/\/www.telavita.com.br\/blog\/#\/schema\/person\/365e554815ae72366924ab1f2b06fdaa","name":"Telavita","image":{"@type":"ImageObject","inLanguage":"pt-BR","@id":"https:\/\/www.telavita.com.br\/blog\/#\/schema\/person\/image\/","url":"https:\/\/secure.gravatar.com\/avatar\/ac2e61ce00e3238eb646b649fdcae5e4?s=96&d=mm&r=g","contentUrl":"https:\/\/secure.gravatar.com\/avatar\/ac2e61ce00e3238eb646b649fdcae5e4?s=96&d=mm&r=g","caption":"Telavita"},"url":"https:\/\/www.telavita.com.br\/blog\/author\/telavita\/"}]}},"modified_by":null,"_links":{"self":[{"href":"https:\/\/www.telavita.com.br\/blog\/wp-json\/wp\/v2\/posts\/5442"}],"collection":[{"href":"https:\/\/www.telavita.com.br\/blog\/wp-json\/wp\/v2\/posts"}],"about":[{"href":"https:\/\/www.telavita.com.br\/blog\/wp-json\/wp\/v2\/types\/post"}],"author":[{"embeddable":true,"href":"https:\/\/www.telavita.com.br\/blog\/wp-json\/wp\/v2\/users\/11"}],"replies":[{"embeddable":true,"href":"https:\/\/www.telavita.com.br\/blog\/wp-json\/wp\/v2\/comments?post=5442"}],"version-history":[{"count":3,"href":"https:\/\/www.telavita.com.br\/blog\/wp-json\/wp\/v2\/posts\/5442\/revisions"}],"predecessor-version":[{"id":5471,"href":"https:\/\/www.telavita.com.br\/blog\/wp-json\/wp\/v2\/posts\/5442\/revisions\/5471"}],"wp:featuredmedia":[{"embeddable":true,"href":"https:\/\/www.telavita.com.br\/blog\/wp-json\/wp\/v2\/media\/5470"}],"wp:attachment":[{"href":"https:\/\/www.telavita.com.br\/blog\/wp-json\/wp\/v2\/media?parent=5442"}],"wp:term":[{"taxonomy":"category","embeddable":true,"href":"https:\/\/www.telavita.com.br\/blog\/wp-json\/wp\/v2\/categories?post=5442"},{"taxonomy":"post_tag","embeddable":true,"href":"https:\/\/www.telavita.com.br\/blog\/wp-json\/wp\/v2\/tags?post=5442"}],"curies":[{"name":"wp","href":"https:\/\/api.w.org\/{rel}","templated":true}]}}