{"id":5462,"date":"2019-07-08T08:00:21","date_gmt":"2019-07-08T11:00:21","guid":{"rendered":"https:\/\/www.telavita.com.br\/blog\/?p=5462"},"modified":"2019-07-10T13:56:01","modified_gmt":"2019-07-10T16:56:01","slug":"mitos-e-verdades-amamentacao","status":"publish","type":"post","link":"https:\/\/www.telavita.com.br\/blog\/mitos-e-verdades-amamentacao\/","title":{"rendered":"A romantiza\u00e7\u00e3o do aleitamento materno: Mitos e verdades sobre amamenta\u00e7\u00e3o"},"content":{"rendered":"<p><span style=\"font-weight: 400;\">Somos alimentados de sonhos e expectativas desde crian\u00e7as com os contos de fadas e mundos perfeitos. J\u00e1 adultos, as empresas de publicidade nos fazem assistir a comerciais onde tudo pode acontecer, menos a realidade. \u00c9 o caso das propagandas de produtos de beb\u00eas que nos vendem a imagem de paz, conforto e calma do momento em que uma m\u00e3e alimenta o seu filho. Mulheres que acabaram de ser m\u00e3es, principalmente as m\u00e3e de primeira viagem, n\u00e3o vivem os seus primeiros momentos de <\/span><b>amamenta\u00e7\u00e3o<\/b><span style=\"font-weight: 400;\"> em plenitude e perfeita ordem como mostram os comerciais. Muito pelo o contr\u00e1rio: tudo \u00e9 novidade e h\u00e1 muita coisa para ser aprendida.<\/span><\/p>\n<p><span style=\"font-weight: 400;\">Segundo a <a href=\"https:\/\/www.unicef.org\/brazil\/\">UNICEF <\/a><\/span><a href=\"https:\/\/www.unicef.org\/brazil\/\"><span style=\"font-weight: 400;\">(Fundo das Na\u00e7\u00f5es Unidas para a Inf\u00e2ncia)<\/span><\/a><span style=\"font-weight: 400;\">,<\/span><b> \u201c<\/b><span style=\"font-weight: 400;\">o <\/span><b>aleitamento materno <\/b><span style=\"font-weight: 400;\">na primeira hora de vida \u00e9 importante tanto para o beb\u00ea quanto para a m\u00e3e, pois, auxilia nas contra\u00e7\u00f5es uterinas, diminuindo o risco de hemorragia. E, al\u00e9m das quest\u00f5es de sa\u00fade, <\/span><b>a amamenta\u00e7\u00e3o<\/b><span style=\"font-weight: 400;\"> fortalece o v\u00ednculo afetivo entre m\u00e3e e filho\u201d. Entretanto, esse momento nem sempre \u00e9 como as mulheres esperam. A maioria cria a imagem bela e perfeita dos comerciais que mencionamos acima, mas \u00e9 poss\u00edvel que ocorra desconforto e at\u00e9 <\/span><b>dor ao amamentar.<\/b><\/p>\n<p><span style=\"font-weight: 400;\">\u00c9 comum que a romantiza\u00e7\u00e3o de momentos relacionados \u00e0 <\/span><b>gesta\u00e7\u00e3o <\/b><span style=\"font-weight: 400;\">ocorra pois associou-se \u00e0 imagem da mulher a resili\u00eancia e for\u00e7a mesmo frente \u00e0 frustra\u00e7\u00e3o, dor e transtornos psicol\u00f3gicos. Gra\u00e7as ao empoderamento feminino e \u00e0 dissemina\u00e7\u00e3o cada vez maior de informa\u00e7\u00f5es, mais e mais mulheres d\u00e3o o primeiro passo contra \u00e0 ilus\u00e3o da maternidade perfeita ao relatar a vida real.<\/span><\/p>\n<p><span style=\"font-weight: 400;\">O <\/span><b>\u00a0dia a dia da amamenta\u00e7\u00e3o <\/b><span style=\"font-weight: 400;\">n\u00e3o \u00e9 f\u00e1cil. \u201c\u00c0s vezes a m\u00e3e est\u00e1 cansada e estressada porque a demanda \u00e9 muito grande e tem beb\u00ea que quer mamar de hora em hora\u201d, aponta a<strong> psic\u00f3loga da Telavita<\/strong>, <strong>Sandra Sterenberg<\/strong>, especializada na rela\u00e7\u00e3o do v\u00ednculo m\u00e3e e beb\u00ea. Sandra tamb\u00e9m aponta a import\u00e2ncia da m\u00e3e em estar sempre informada e procurar ajuda sempre que houver necessidade. \u201cTudo influencia para ela estar presente com o seu beb\u00ea na hora da amamenta\u00e7\u00e3o. Se isso est\u00e1 influenciando, ela precisa de ajuda dos familiares ou ajuda espec\u00edfica, afinal, ela idealizou muito aquela amamenta\u00e7\u00e3o. Ela acha que ela vai ser a melhor m\u00e3e do mundo s\u00f3 se amamentar\u201d.\u00a0<\/span><\/p>\n<p><span style=\"font-weight: 400;\">As <\/span><b>dificuldades na amamenta\u00e7\u00e3o <\/b><span style=\"font-weight: 400;\">s\u00e3o in\u00fameras e quase ningu\u00e9m conta isso para as m\u00e3es de primeira viagem. <\/span><span style=\"font-weight: 400;\">\u00c9 essencial que a m\u00e3e que n\u00e3o consegue amamentar ou sente dor durante o aleitamento procure ajuda m\u00e9dica para investigar se o problema \u00e9 f\u00edsico ou se existe alguma origem psicol\u00f3gica. \u201cPrimeiro a m\u00e3e precisa entender o que est\u00e1 acontecendo: se \u00e9 um problema f\u00edsico, \u00e0s vezes ela pode estar com<\/span><b> mastite ou o bico do seio racha<\/b><span style=\"font-weight: 400;\">. Ent\u00e3o essas quest\u00f5es f\u00edsicas tem que ser cuidadas com o m\u00e9dico ginecologista dela, com o pediatra, que orienta bem a quest\u00e3o da <\/span><b>livre demanda<\/b><span style=\"font-weight: 400;\"> &#8212; se o beb\u00ea quer, a m\u00e3e tem que estar dispon\u00edvel\u201d.<\/span><\/p>\n<p><span style=\"font-weight: 400;\">Uma pesquisa realizada pela <\/span><a href=\"https:\/\/www.unicef.org\/brazil\/\"><b>UNICEF<\/b><\/a><span style=\"font-weight: 400;\"> em 2018 analisou 123 pa\u00edses e estima que mais de 7 milh\u00f5es de beb\u00eas n\u00e3o sejam amamentados por ano no mundo. A taxa \u00e9 mais assustadora em pa\u00edses desenvolvidos. Por exemplo, nos Estados Unidos, somente 74% dos beb\u00eas s\u00e3o amamentados pela m\u00e3e, enquanto na Irlanda esse \u00edndice \u00e9 mais baixo ainda, 55%.<\/span><\/p>\n<p><span style=\"font-weight: 400;\">A psic\u00f3loga explica que muitas mulheres, quando se tornam m\u00e3es, n\u00e3o est\u00e3o preparadas para o cen\u00e1rio em que n\u00e3o conseguem amamentar e isso preocupa pois a ilus\u00e3o da maternidade perfeita n\u00e3o deixa a mulher ciente de que problemas podem acontecer e que eles s\u00e3o normais. \u201cSe ela n\u00e3o consegue amamentar, pode at\u00e9 dar uma mamadeira, pois o que importa \u00e9\u00a0 <\/span><b>como <\/b><span style=\"font-weight: 400;\">ela d\u00e1 a mamadeira, se est\u00e1 envolvida no ato. O beb\u00ea mamando pela mamadeira vai ter o mesmo comportamento: vai tocar na m\u00e3e, sentir o cheiro\u201d, conta Sandra.\u00a0<\/span><\/p>\n<p><span style=\"font-weight: 400;\">Sabemos da <\/span><b>import\u00e2ncia do leite materno<\/b><span style=\"font-weight: 400;\"> e Sandra enfatiza que <\/span><b>como amamentar <\/b><span style=\"font-weight: 400;\">\u00e9 t\u00e3o essencial quanto a pura ingest\u00e3o habitual do <\/span><b>leite materno <\/b><span style=\"font-weight: 400;\">apenas pela obriga\u00e7\u00e3o. \u201cTem muitas m\u00e3es que amamentam seu filho falando no celular. Elas est\u00e3o se relacionando com o filho ou com o celular? Isso n\u00e3o \u00e9 uma rela\u00e7\u00e3o. Ela n\u00e3o est\u00e1 dando oportunidade do filho poder confiar nessa m\u00e3e e saber que ali tem o leitinho quentinho, o aconchego, o afeto e que isso vai tornar ele um ser melhor e saber se relacionar melhor com esses primeiros contatos\u201d, explica Sandra.<\/span><\/p>\n<p><span style=\"font-weight: 400;\">Por isso, se voc\u00ea pensa que o fato de voc\u00ea n\u00e3o conseguir amamentar o seu beb\u00ea te faz menos m\u00e3e, voc\u00ea est\u00e1 enganada! Procure um psic\u00f3logo para receber a orienta\u00e7\u00e3o mais adequada ao seu caso, assim, as frustra\u00e7\u00f5es se tornar\u00e3o momentos inesquec\u00edveis ao lado do seu beb\u00ea. A<strong> psic\u00f3loga Sandra Sterenberg<\/strong> \u00e9 uma das nossas especialistas no assunto e pode te ajudar. <a href=\"https:\/\/telavita.com.br\/psicologia-online\/sandra-miriam-sterenberg\">Agenda a sua consulta pelo nosso site!<\/a><\/span><\/p>\n<h2>Conhe\u00e7a mais sobre a psic\u00f3loga entrevistada: Sandra Sterenberg<\/h2>\n<p><img loading=\"lazy\" decoding=\"async\" class=\"size-full wp-image-5495 alignleft\" src=\"https:\/\/www.telavita.com.br\/blog\/wp-content\/uploads\/2019\/07\/sandra.jpg\" alt=\"\" width=\"150\" height=\"150\" \/>Psic\u00f3loga, com mais de 30 anos de experi\u00eancia na \u00e1rea clinica, me dedico ao que mais acredito: ajudar quem me procura com seus conflitos e questionamentos, onde juntos poderemos dar novos sentidos \u00e0 sua vida.<\/p>\n<p>Graduada em Psicologia, Especializada em Psicoterapia Psicanal\u00edtica de Adulto e P\u00f3s Graduada em Psicoterapia Psicanal\u00edtica pala USP. Especializada em Interven\u00e7\u00e3o Precoce entre M\u00e3es e Beb\u00eas pelo Sedes Sapienteai. Participante do Grupo de Ado\u00e7\u00e3o e Parentalidade da Sociedade Brasileira de Psican\u00e1lise de SP. <a href=\"https:\/\/telavita.com.br\/psicologia-online\/sandra-miriam-sterenberg\">Clique aqui e agende sua consulta com a psic\u00f3loga Sandra Sterenberg.<\/a><\/p>\n","protected":false},"excerpt":{"rendered":"<p>Somos alimentados de sonhos e expectativas desde crian\u00e7as com os contos de fadas e mundos perfeitos. J\u00e1 adultos, as empresas de publicidade nos fazem assistir a comerciais onde tudo pode acontecer, menos a realidade. \u00c9 o caso das propagandas de produtos de beb\u00eas que nos vendem a imagem de paz, conforto e calma do momento [&hellip;]<\/p>\n","protected":false},"author":8,"featured_media":5491,"comment_status":"open","ping_status":"open","sticky":false,"template":"","format":"standard","meta":{"_lmt_disableupdate":"","_lmt_disable":"","footnotes":""},"categories":[25],"tags":[],"yoast_head":"<!-- This site is optimized with the Yoast SEO plugin v19.8 - https:\/\/yoast.com\/wordpress\/plugins\/seo\/ -->\n<title>Mitos E Verdades Sobre Amamenta\u00e7\u00e3o: Romantiza\u00e7\u00e3o Da Amamenta\u00e7\u00e3o<\/title>\n<meta name=\"description\" content=\"O \u00a0dia a dia da amamenta\u00e7\u00e3o n\u00e3o \u00e9 f\u00e1cil e fica mais dif\u00edcil com a ilus\u00e3o de que tudo ser\u00e1 perfeito. Saiba mais sobre o perigo da romantiza\u00e7\u00e3o da amamenta\u00e7\u00e3o.\" \/>\n<meta name=\"robots\" content=\"index, follow, max-snippet:-1, max-image-preview:large, max-video-preview:-1\" \/>\n<link rel=\"canonical\" href=\"https:\/\/www.telavita.com.br\/blog\/mitos-e-verdades-amamentacao\/\" \/>\n<meta property=\"og:locale\" content=\"pt_BR\" \/>\n<meta property=\"og:type\" content=\"article\" \/>\n<meta property=\"og:title\" content=\"Mitos E Verdades Sobre Amamenta\u00e7\u00e3o: Romantiza\u00e7\u00e3o Da Amamenta\u00e7\u00e3o\" \/>\n<meta property=\"og:description\" content=\"O \u00a0dia a dia da amamenta\u00e7\u00e3o n\u00e3o \u00e9 f\u00e1cil e fica mais dif\u00edcil com a ilus\u00e3o de que tudo ser\u00e1 perfeito. Saiba mais sobre o perigo da romantiza\u00e7\u00e3o da amamenta\u00e7\u00e3o.\" \/>\n<meta property=\"og:url\" content=\"https:\/\/www.telavita.com.br\/blog\/mitos-e-verdades-amamentacao\/\" \/>\n<meta property=\"og:site_name\" content=\"Telavita\" \/>\n<meta property=\"article:publisher\" content=\"https:\/\/www.facebook.com\/Telavita\" \/>\n<meta property=\"article:published_time\" content=\"2019-07-08T11:00:21+00:00\" \/>\n<meta property=\"article:modified_time\" content=\"2019-07-10T16:56:01+00:00\" \/>\n<meta property=\"og:image\" content=\"https:\/\/www.telavita.com.br\/blog\/wp-content\/uploads\/2019\/07\/mitos-e-verdades-sobre-aleitamento.jpg\" \/>\n\t<meta property=\"og:image:width\" content=\"900\" \/>\n\t<meta property=\"og:image:height\" content=\"560\" \/>\n\t<meta property=\"og:image:type\" content=\"image\/jpeg\" \/>\n<meta name=\"author\" content=\"Juliana Sonsin\" \/>\n<meta name=\"twitter:card\" content=\"summary_large_image\" \/>\n<meta name=\"twitter:label1\" content=\"Escrito por\" \/>\n\t<meta name=\"twitter:data1\" content=\"Juliana Sonsin\" \/>\n\t<meta name=\"twitter:label2\" content=\"Est. tempo de leitura\" \/>\n\t<meta name=\"twitter:data2\" content=\"5 minutos\" \/>\n<!-- \/ Yoast SEO plugin. -->","yoast_head_json":{"title":"Mitos E Verdades Sobre Amamenta\u00e7\u00e3o: Romantiza\u00e7\u00e3o Da Amamenta\u00e7\u00e3o","description":"O \u00a0dia a dia da amamenta\u00e7\u00e3o n\u00e3o \u00e9 f\u00e1cil e fica mais dif\u00edcil com a ilus\u00e3o de que tudo ser\u00e1 perfeito. Saiba mais sobre o perigo da romantiza\u00e7\u00e3o da amamenta\u00e7\u00e3o.","robots":{"index":"index","follow":"follow","max-snippet":"max-snippet:-1","max-image-preview":"max-image-preview:large","max-video-preview":"max-video-preview:-1"},"canonical":"https:\/\/www.telavita.com.br\/blog\/mitos-e-verdades-amamentacao\/","og_locale":"pt_BR","og_type":"article","og_title":"Mitos E Verdades Sobre Amamenta\u00e7\u00e3o: Romantiza\u00e7\u00e3o Da Amamenta\u00e7\u00e3o","og_description":"O \u00a0dia a dia da amamenta\u00e7\u00e3o n\u00e3o \u00e9 f\u00e1cil e fica mais dif\u00edcil com a ilus\u00e3o de que tudo ser\u00e1 perfeito. Saiba mais sobre o perigo da romantiza\u00e7\u00e3o da amamenta\u00e7\u00e3o.","og_url":"https:\/\/www.telavita.com.br\/blog\/mitos-e-verdades-amamentacao\/","og_site_name":"Telavita","article_publisher":"https:\/\/www.facebook.com\/Telavita","article_published_time":"2019-07-08T11:00:21+00:00","article_modified_time":"2019-07-10T16:56:01+00:00","og_image":[{"width":900,"height":560,"url":"https:\/\/www.telavita.com.br\/blog\/wp-content\/uploads\/2019\/07\/mitos-e-verdades-sobre-aleitamento.jpg","type":"image\/jpeg"}],"author":"Juliana Sonsin","twitter_card":"summary_large_image","twitter_misc":{"Escrito por":"Juliana Sonsin","Est. tempo de leitura":"5 minutos"},"schema":{"@context":"https:\/\/schema.org","@graph":[{"@type":"Article","@id":"https:\/\/www.telavita.com.br\/blog\/mitos-e-verdades-amamentacao\/#article","isPartOf":{"@id":"https:\/\/www.telavita.com.br\/blog\/mitos-e-verdades-amamentacao\/"},"author":{"name":"Juliana Sonsin","@id":"https:\/\/www.telavita.com.br\/blog\/#\/schema\/person\/c9d2f268651fd6d6bf440495dd23b40e"},"headline":"A romantiza\u00e7\u00e3o do aleitamento materno: Mitos e verdades sobre amamenta\u00e7\u00e3o","datePublished":"2019-07-08T11:00:21+00:00","dateModified":"2019-07-10T16:56:01+00:00","mainEntityOfPage":{"@id":"https:\/\/www.telavita.com.br\/blog\/mitos-e-verdades-amamentacao\/"},"wordCount":980,"commentCount":0,"publisher":{"@id":"https:\/\/www.telavita.com.br\/blog\/#organization"},"articleSection":["Gesta\u00e7\u00e3o"],"inLanguage":"pt-BR","potentialAction":[{"@type":"CommentAction","name":"Comment","target":["https:\/\/www.telavita.com.br\/blog\/mitos-e-verdades-amamentacao\/#respond"]}]},{"@type":"WebPage","@id":"https:\/\/www.telavita.com.br\/blog\/mitos-e-verdades-amamentacao\/","url":"https:\/\/www.telavita.com.br\/blog\/mitos-e-verdades-amamentacao\/","name":"Mitos E Verdades Sobre Amamenta\u00e7\u00e3o: Romantiza\u00e7\u00e3o Da Amamenta\u00e7\u00e3o","isPartOf":{"@id":"https:\/\/www.telavita.com.br\/blog\/#website"},"datePublished":"2019-07-08T11:00:21+00:00","dateModified":"2019-07-10T16:56:01+00:00","description":"O \u00a0dia a dia da amamenta\u00e7\u00e3o n\u00e3o \u00e9 f\u00e1cil e fica mais dif\u00edcil com a ilus\u00e3o de que tudo ser\u00e1 perfeito. Saiba mais sobre o perigo da romantiza\u00e7\u00e3o da amamenta\u00e7\u00e3o.","breadcrumb":{"@id":"https:\/\/www.telavita.com.br\/blog\/mitos-e-verdades-amamentacao\/#breadcrumb"},"inLanguage":"pt-BR","potentialAction":[{"@type":"ReadAction","target":["https:\/\/www.telavita.com.br\/blog\/mitos-e-verdades-amamentacao\/"]}]},{"@type":"BreadcrumbList","@id":"https:\/\/www.telavita.com.br\/blog\/mitos-e-verdades-amamentacao\/#breadcrumb","itemListElement":[{"@type":"ListItem","position":1,"name":"In\u00edcio","item":"https:\/\/www.telavita.com.br\/blog\/"},{"@type":"ListItem","position":2,"name":"A romantiza\u00e7\u00e3o do aleitamento materno: Mitos e verdades sobre amamenta\u00e7\u00e3o"}]},{"@type":"WebSite","@id":"https:\/\/www.telavita.com.br\/blog\/#website","url":"https:\/\/www.telavita.com.br\/blog\/","name":"Telavita","description":"Conte\u00fados especializados sobre sa\u00fade mental e bem-estar","publisher":{"@id":"https:\/\/www.telavita.com.br\/blog\/#organization"},"potentialAction":[{"@type":"SearchAction","target":{"@type":"EntryPoint","urlTemplate":"https:\/\/www.telavita.com.br\/blog\/?s={search_term_string}"},"query-input":"required name=search_term_string"}],"inLanguage":"pt-BR"},{"@type":"Organization","@id":"https:\/\/www.telavita.com.br\/blog\/#organization","name":"Telavita","url":"https:\/\/www.telavita.com.br\/blog\/","sameAs":["https:\/\/www.linkedin.com\/company\/telavita\/mycompany\/verification\/","https:\/\/www.instagram.com\/telavita\/","https:\/\/www.facebook.com\/Telavita"],"logo":{"@type":"ImageObject","inLanguage":"pt-BR","@id":"https:\/\/www.telavita.com.br\/blog\/#\/schema\/logo\/image\/","url":"https:\/\/www.telavita.com.br\/blog\/wp-content\/uploads\/2021\/05\/telavita.jpg","contentUrl":"https:\/\/www.telavita.com.br\/blog\/wp-content\/uploads\/2021\/05\/telavita.jpg","width":200,"height":200,"caption":"Telavita"},"image":{"@id":"https:\/\/www.telavita.com.br\/blog\/#\/schema\/logo\/image\/"}},{"@type":"Person","@id":"https:\/\/www.telavita.com.br\/blog\/#\/schema\/person\/c9d2f268651fd6d6bf440495dd23b40e","name":"Juliana Sonsin","image":{"@type":"ImageObject","inLanguage":"pt-BR","@id":"https:\/\/www.telavita.com.br\/blog\/#\/schema\/person\/image\/","url":"https:\/\/secure.gravatar.com\/avatar\/dfb14c6228cdf7312fea984efc84d04e?s=96&d=mm&r=g","contentUrl":"https:\/\/secure.gravatar.com\/avatar\/dfb14c6228cdf7312fea984efc84d04e?s=96&d=mm&r=g","caption":"Juliana Sonsin"},"description":"Jornalista formada pela Faculdade C\u00e1sper Libero e especializada em sa\u00fade. Apaixonada por escrever roteiros de v\u00eddeos, produzir (e assistir) document\u00e1rios e ler sobre tudo um pouco. Acredito no jornalismo \u00e9tico como um meio de trazer ao p\u00fablico informa\u00e7\u00f5es e hist\u00f3rias que valem a pena serem contadas. Gosto de viajar, fazer yoga e assistir s\u00e9ries.","url":"https:\/\/www.telavita.com.br\/blog\/author\/juliana-sonsin\/"}]}},"modified_by":null,"_links":{"self":[{"href":"https:\/\/www.telavita.com.br\/blog\/wp-json\/wp\/v2\/posts\/5462"}],"collection":[{"href":"https:\/\/www.telavita.com.br\/blog\/wp-json\/wp\/v2\/posts"}],"about":[{"href":"https:\/\/www.telavita.com.br\/blog\/wp-json\/wp\/v2\/types\/post"}],"author":[{"embeddable":true,"href":"https:\/\/www.telavita.com.br\/blog\/wp-json\/wp\/v2\/users\/8"}],"replies":[{"embeddable":true,"href":"https:\/\/www.telavita.com.br\/blog\/wp-json\/wp\/v2\/comments?post=5462"}],"version-history":[{"count":4,"href":"https:\/\/www.telavita.com.br\/blog\/wp-json\/wp\/v2\/posts\/5462\/revisions"}],"predecessor-version":[{"id":5496,"href":"https:\/\/www.telavita.com.br\/blog\/wp-json\/wp\/v2\/posts\/5462\/revisions\/5496"}],"wp:featuredmedia":[{"embeddable":true,"href":"https:\/\/www.telavita.com.br\/blog\/wp-json\/wp\/v2\/media\/5491"}],"wp:attachment":[{"href":"https:\/\/www.telavita.com.br\/blog\/wp-json\/wp\/v2\/media?parent=5462"}],"wp:term":[{"taxonomy":"category","embeddable":true,"href":"https:\/\/www.telavita.com.br\/blog\/wp-json\/wp\/v2\/categories?post=5462"},{"taxonomy":"post_tag","embeddable":true,"href":"https:\/\/www.telavita.com.br\/blog\/wp-json\/wp\/v2\/tags?post=5462"}],"curies":[{"name":"wp","href":"https:\/\/api.w.org\/{rel}","templated":true}]}}