{"id":553,"date":"2017-06-13T11:12:34","date_gmt":"2017-06-13T14:12:34","guid":{"rendered":"https:\/\/www.telavita.com.br\/blog\/?p=553"},"modified":"2022-04-29T12:42:17","modified_gmt":"2022-04-29T15:42:17","slug":"momento-de-ter-segundo-filho","status":"publish","type":"post","link":"https:\/\/www.telavita.com.br\/blog\/momento-de-ter-segundo-filho\/","title":{"rendered":"Segundo filho &#8211; Ser\u00e1 que \u00e9 o momento certo?"},"content":{"rendered":"<p>Todo pai e m\u00e3e ficam em d\u00favida quando o assunto se trata de filhos. Decidir o momento de ter o primeiro j\u00e1 \u00e9 muito complicado, nunca se tem a certeza de que ter\u00e3o tempo ou conseguir\u00e3o ser pais bons o suficiente. \u00c9 normal ter d\u00favidas, na verdade essa \u00e9 uma prova do quanto voc\u00eas se importam, se preocupam e tem tudo para serem bons pais. Mas e o <strong>segundo filho<\/strong>? Ser\u00e1 que \u00e9 o momento certo?<\/p>\n<p>Para saber se voc\u00eas est\u00e3o preparados para terem outro filho, alguns fatores como condi\u00e7\u00f5es emocionais, f\u00edsicas e financeiras dever\u00e3o ser analisadas em seu casamento, s\u00f3 assim voc\u00eas chegar\u00e3o a uma resposta mais coerente.<\/p>\n<span class='mb-center maxbutton-2-center'><span class='maxbutton-2-container mb-container'><a class=\"maxbutton-2 maxbutton maxbutton-home-telavita\" href=\"https:\/\/www.telavita.com.br\"><span class='mb-text'>Conhe\u00e7a a Telavita<\/span><\/a><\/span><\/span>\n<h1>Dicas\u00a0para saber se \u00e9 o momento certo de se ter outro filho<\/h1>\n<h2>Dica 1 &#8211; As condi\u00e7\u00f5es para segundo filho<\/h2>\n<p>Todos os casais devem se concentrar primeiro no momento em que se encontram em sua vida, ter um segundo filho vai muito al\u00e9m da vontade. \u00c9 necess\u00e1rio que avaliem se voc\u00eas possuem uma condi\u00e7\u00e3o financeira est\u00e1vel para receberem uma nova crian\u00e7a em suas vidas (pela primeira voc\u00eas j\u00e1 ter\u00e3o ideia do gasto), se est\u00e3o preparados emocionalmente para cuidar da forma\u00e7\u00e3o deste filho e se possuem <a href=\"https:\/\/www.telavita.com.br\/blog\/ferias-criancas\/\">disposi\u00e7\u00e3o f\u00edsica e tempo h\u00e1bil para educ\u00e1-lo<\/a> e orient\u00e1-lo.<\/p>\n<h2>Dica 2 &#8211; N\u00e3o procure perfei\u00e7\u00e3o<\/h2>\n<p>Se para iniciar uma nova <strong>gesta\u00e7\u00e3o<\/strong> voc\u00eas est\u00e3o esperando um tempo m\u00e1gico certo, saiba que ele n\u00e3o existe, se os 3 crit\u00e9rios acima est\u00e3o dentro do ideal e voc\u00eas possuem verdadeira vontade de mais uma crian\u00e7a em suas vidas, este \u00e9 o momento correto. Portanto, n\u00e3o tenha receio das pequenas coisas que acontecem em seu dia a dia, pois elas n\u00e3o s\u00e3o os fatores fundamentais quando se pensa em ter um outro filho. Contudo, vale a pena ressaltar que, n\u00e3o \u00e9 aconselh\u00e1vel ter um segundo filho para tentar <a href=\"https:\/\/www.telavita.com.br\/blog\/fim-relacionamento-dificil\/\">salvar um relacionamento <\/a>que n\u00e3o est\u00e1 indo bem, ou para agradar o primeiro filho que est\u00e1 pedindo um irm\u00e3ozinho. Lembrem-se de que ser pais vai muito al\u00e9m de um impulso ou uma simples vontade moment\u00e2nea.<\/p>\n<h2>Dica\u00a03 &#8211; O intervalo de tempo entre os filhos<\/h2>\n<p>Apesar de n\u00e3o aconselh\u00e1vel, a mulher pode ter outra <strong>gravidez<\/strong> assim que vier a primeira menstrua\u00e7\u00e3o ap\u00f3s o primeiro parto. Ou seja, voc\u00ea pode engravidar enquanto amamenta, por\u00e9m isso pode acarretar em diversos tipos de problemas: atrapalhar a amamenta\u00e7\u00e3o do primeiro filho, causar problemas psicol\u00f3gicos na crian\u00e7a pois ela pode ver o irm\u00e3o como uma amea\u00e7a, j\u00e1 que o rec\u00e9m-nascido lhe roubar\u00e1 o peito, o novo beb\u00ea pode nascer prematuro, com anemia e outros problemas de sa\u00fade e sem contar o desgaste f\u00edsico da m\u00e3e em cuidar de 2 crian\u00e7as, mesmo que um ainda esteja em seu ventre.<\/p>\n<p>Quando algumas pessoas aconselham em se ter o segundo filho com at\u00e9 2 anos de diferen\u00e7a do primeiro, deve-se ao fato de um acompanhar o outro nas mesmas fases da vida, o que\u00a0os proporcionam maior uni\u00e3o pois ter\u00e3o os mesmos interesses. Para os pais tamb\u00e9m \u00e9 bom pelo fato de poderem passar pelas fases mais dependentes dos pequenos de uma vez s\u00f3, com a possibilidade de retomarem a sua intimidade como um casal mais rapidamente.<\/p>\n<p>Entre 2 a 5 anos de diferen\u00e7a se tratando de quest\u00f5es de sa\u00fade \u00e9 melhor, mas o casal precisar\u00e1 de muito pique para cuidar de um beb\u00ea de colo e de uma crian\u00e7a em sua fase mais ativa. Em um intervalo maior do que este, vai depender da disposi\u00e7\u00e3o dos pais de come\u00e7ar tudo de novo quando se j\u00e1 tem uma crian\u00e7a formada e as coisas parecem mais calmas, mas h\u00e1 pontos positivos\u00a0pois seu primeiro filho compreender\u00e1 melhor a chegada de um irm\u00e3ozinho e ajudar\u00e1 dentro das possibilidades.<\/p>\n<p>Portanto, n\u00e3o se prenda a datas\u00a0se n\u00e3o for o momento certo, pois o principal \u00e9 poder assegurar um futuro tranquilo para as crian\u00e7as e tamb\u00e9m respeitar o desejo de voc\u00eas dois.<\/p>\n<h2>Dica 4 &#8211; A import\u00e2ncia do irm\u00e3o<\/h2>\n<p>Ter um irm\u00e3o \u00e9 uma \u00f3tima oportunidade de se aprender a lidar com a disputa. A crian\u00e7a entender\u00e1 mais facilmente que tudo tem sua hora certa, quando deve esperar por algo, aprender\u00e1 o conceito de partilhar as coisas e saber\u00e1 a melhor forma de como agir quando n\u00e3o temos tudo o que queremos. O irm\u00e3o tamb\u00e9m ajudar\u00e1 a dividir o peso de carregar as expectativas dos pais, pois o filho \u00fanico sofre uma cobran\u00e7a muito maior por ser o foco das aten\u00e7\u00f5es.<\/p>\n<h2>Dica 5 &#8211; Medo de n\u00e3o saber amar por igual<\/h2>\n<p>Haver\u00e1 sim a prefer\u00eancia por um filho, isso \u00e9 normal, n\u00e3o fique preocupado. O que fortifica esse tipo de rela\u00e7\u00e3o s\u00e3o as afinidades, \u00e9 poss\u00edvel que um dos filhos tenha pontos muito mais parecidos com voc\u00ea do que o outro, mas em nenhum momento isso significa que voc\u00ea ama mais um do que o outro. O la\u00e7o que une os pais com os filhos \u00e9 algo muito mais profundo do que apar\u00eancias e pensamentos, portanto n\u00e3o se sinta preocupado por isso, mantenha uma rela\u00e7\u00e3o saud\u00e1vel com ambos, e permitam-se amar os dois da mesma forma, pois seus sentimentos como pais n\u00e3o distinguir\u00e1 os dois.<\/p>\n<h2>Dica 6 &#8211; Relacionamento e carreira<\/h2>\n<p>Quanto ao relacionamento, \u00e9 muito importante que a vontade de incluir mais uma crian\u00e7a em suas vidas parta dos dois, justamente para que n\u00e3o se tenha atritos entre o casal por uma atitude individualista. Neste ponto tamb\u00e9m fortifica-se a ideia de que n\u00e3o adianta ter um filho para prender ningu\u00e9m, pois isso n\u00e3o ajudar\u00e1 em nada, ao contr\u00e1rio, isso s\u00f3 trar\u00e1 mais discuss\u00f5es e problemas para a forma\u00e7\u00e3o da crian\u00e7a posteriormente.<\/p>\n<p>Na carreira, voc\u00ea conseguir\u00e1 conciliar a rotina desde que aprenda a organizar seu dia a dia e <a href=\"https:\/\/www.telavita.com.br\/blog\/dupla-jornada-estresse-feminino\/\">saiba contar com a ajuda <\/a>de todas as pessoas dispon\u00edveis e sol\u00edcitas. Sendo assim, a decis\u00e3o de se ter mais um filho depende exclusivamente da an\u00e1lise de sua vida atual e das expectativas que voc\u00eas como casal possuem para o futuro.<\/p>\n<p>Ter um segundo filho \u00e9 uma \u00f3tima oportunidade para o desenvolvimento n\u00e3o s\u00f3 do irm\u00e3o mais velho, mas tamb\u00e9m do casal como pais. Mas, o mais importante \u00e9 compreender se o momento \u00e9 prop\u00edcio para voc\u00eas se dedicarem a este novo beb\u00ea e se a vontade de ambos \u00e9 a mesma com rela\u00e7\u00e3o a este assunto. Se tudo estiver de acordo, consultem um m\u00e9dico e esperem por esse momento feliz e t\u00e3o realizador mais uma vez em suas vidas!<\/p>\n<span class='mb-center maxbutton-3-center'><span class='maxbutton-3-container mb-container'><a class=\"maxbutton-3 maxbutton maxbutton-manda-para-pagina-psicologos\" href=\"https:\/\/app.telavita.com.br\/psicologia-online\/encontre-seu-psicologo\"><span class='mb-text'>Agende agora uma consulta com psic\u00f3logo<\/span><\/a><\/span><\/span>\n<p>&nbsp;<\/p>\n<p><strong>LEIA MAIS<\/strong><\/p>\n<p><a href=\"https:\/\/www.telavita.com.br\/blog\/nao-quero-ser-mae\/\" target=\"_blank\" rel=\"noopener\">N\u00e3o quero ser m\u00e3e<\/a><\/p>\n<p><a href=\"https:\/\/www.telavita.com.br\/blog\/mae-solo\/\" target=\"_blank\" rel=\"noopener\">M\u00e3e solo, os desafios de criar um filho sozinha<\/a><\/p>\n<p><a href=\"https:\/\/www.telavita.com.br\/blog\/burnout-materno\/\" target=\"_blank\" rel=\"noopener\">Burnout materno<\/a><\/p>\n","protected":false},"excerpt":{"rendered":"<p>Todo pai e m\u00e3e ficam em d\u00favida quando o assunto se trata de filhos. Decidir o momento de ter o primeiro j\u00e1 \u00e9 muito complicado, nunca se tem a certeza de que ter\u00e3o tempo ou conseguir\u00e3o ser pais bons o suficiente. \u00c9 normal ter d\u00favidas, na verdade essa \u00e9 uma prova do quanto voc\u00eas se [&hellip;]<\/p>\n","protected":false},"author":11,"featured_media":556,"comment_status":"open","ping_status":"open","sticky":false,"template":"","format":"standard","meta":{"_lmt_disableupdate":"","_lmt_disable":"","footnotes":""},"categories":[253],"tags":[],"yoast_head":"<!-- This site is optimized with the Yoast SEO plugin v19.8 - https:\/\/yoast.com\/wordpress\/plugins\/seo\/ -->\n<title>O Momento Certo Para Ter O Segundo Filho | TelaVita<\/title>\n<meta name=\"description\" content=\"Est\u00e1 pensando em ter um segundo filho mas n\u00e3o sabe se \u00e9 a hora certa? Voc\u00eas est\u00e3o cheios de d\u00favidas e receios? Leia este artigo pois ele poder\u00e1 te ajudar!\" \/>\n<meta name=\"robots\" content=\"index, follow, max-snippet:-1, max-image-preview:large, max-video-preview:-1\" \/>\n<link rel=\"canonical\" href=\"https:\/\/www.telavita.com.br\/blog\/momento-de-ter-segundo-filho\/\" \/>\n<meta property=\"og:locale\" content=\"pt_BR\" \/>\n<meta property=\"og:type\" content=\"article\" \/>\n<meta property=\"og:title\" content=\"O Momento Certo Para Ter O Segundo Filho | TelaVita\" \/>\n<meta property=\"og:description\" content=\"Est\u00e1 pensando em ter um segundo filho mas n\u00e3o sabe se \u00e9 a hora certa? Voc\u00eas est\u00e3o cheios de d\u00favidas e receios? Leia este artigo pois ele poder\u00e1 te ajudar!\" \/>\n<meta property=\"og:url\" content=\"https:\/\/www.telavita.com.br\/blog\/momento-de-ter-segundo-filho\/\" \/>\n<meta property=\"og:site_name\" content=\"Telavita\" \/>\n<meta property=\"article:publisher\" content=\"https:\/\/www.facebook.com\/Telavita\" \/>\n<meta property=\"article:published_time\" content=\"2017-06-13T14:12:34+00:00\" \/>\n<meta property=\"article:modified_time\" content=\"2022-04-29T15:42:17+00:00\" \/>\n<meta property=\"og:image\" content=\"https:\/\/www.telavita.com.br\/blog\/wp-content\/uploads\/2017\/06\/segundo-filho.jpg\" \/>\n\t<meta property=\"og:image:width\" content=\"900\" \/>\n\t<meta property=\"og:image:height\" content=\"560\" \/>\n\t<meta property=\"og:image:type\" content=\"image\/jpeg\" \/>\n<meta name=\"author\" content=\"Telavita\" \/>\n<meta name=\"twitter:card\" content=\"summary_large_image\" \/>\n<meta name=\"twitter:label1\" content=\"Escrito por\" \/>\n\t<meta name=\"twitter:data1\" content=\"Telavita\" \/>\n\t<meta name=\"twitter:label2\" content=\"Est. tempo de leitura\" \/>\n\t<meta name=\"twitter:data2\" content=\"6 minutos\" \/>\n<!-- \/ Yoast SEO plugin. -->","yoast_head_json":{"title":"O Momento Certo Para Ter O Segundo Filho | TelaVita","description":"Est\u00e1 pensando em ter um segundo filho mas n\u00e3o sabe se \u00e9 a hora certa? Voc\u00eas est\u00e3o cheios de d\u00favidas e receios? Leia este artigo pois ele poder\u00e1 te ajudar!","robots":{"index":"index","follow":"follow","max-snippet":"max-snippet:-1","max-image-preview":"max-image-preview:large","max-video-preview":"max-video-preview:-1"},"canonical":"https:\/\/www.telavita.com.br\/blog\/momento-de-ter-segundo-filho\/","og_locale":"pt_BR","og_type":"article","og_title":"O Momento Certo Para Ter O Segundo Filho | TelaVita","og_description":"Est\u00e1 pensando em ter um segundo filho mas n\u00e3o sabe se \u00e9 a hora certa? Voc\u00eas est\u00e3o cheios de d\u00favidas e receios? Leia este artigo pois ele poder\u00e1 te ajudar!","og_url":"https:\/\/www.telavita.com.br\/blog\/momento-de-ter-segundo-filho\/","og_site_name":"Telavita","article_publisher":"https:\/\/www.facebook.com\/Telavita","article_published_time":"2017-06-13T14:12:34+00:00","article_modified_time":"2022-04-29T15:42:17+00:00","og_image":[{"width":900,"height":560,"url":"https:\/\/www.telavita.com.br\/blog\/wp-content\/uploads\/2017\/06\/segundo-filho.jpg","type":"image\/jpeg"}],"author":"Telavita","twitter_card":"summary_large_image","twitter_misc":{"Escrito por":"Telavita","Est. tempo de leitura":"6 minutos"},"schema":{"@context":"https:\/\/schema.org","@graph":[{"@type":"Article","@id":"https:\/\/www.telavita.com.br\/blog\/momento-de-ter-segundo-filho\/#article","isPartOf":{"@id":"https:\/\/www.telavita.com.br\/blog\/momento-de-ter-segundo-filho\/"},"author":{"name":"Telavita","@id":"https:\/\/www.telavita.com.br\/blog\/#\/schema\/person\/365e554815ae72366924ab1f2b06fdaa"},"headline":"Segundo filho &#8211; Ser\u00e1 que \u00e9 o momento certo?","datePublished":"2017-06-13T14:12:34+00:00","dateModified":"2022-04-29T15:42:17+00:00","mainEntityOfPage":{"@id":"https:\/\/www.telavita.com.br\/blog\/momento-de-ter-segundo-filho\/"},"wordCount":1182,"commentCount":0,"publisher":{"@id":"https:\/\/www.telavita.com.br\/blog\/#organization"},"articleSection":["Fam\u00edlia"],"inLanguage":"pt-BR","potentialAction":[{"@type":"CommentAction","name":"Comment","target":["https:\/\/www.telavita.com.br\/blog\/momento-de-ter-segundo-filho\/#respond"]}]},{"@type":"WebPage","@id":"https:\/\/www.telavita.com.br\/blog\/momento-de-ter-segundo-filho\/","url":"https:\/\/www.telavita.com.br\/blog\/momento-de-ter-segundo-filho\/","name":"O Momento Certo Para Ter O Segundo Filho | TelaVita","isPartOf":{"@id":"https:\/\/www.telavita.com.br\/blog\/#website"},"datePublished":"2017-06-13T14:12:34+00:00","dateModified":"2022-04-29T15:42:17+00:00","description":"Est\u00e1 pensando em ter um segundo filho mas n\u00e3o sabe se \u00e9 a hora certa? Voc\u00eas est\u00e3o cheios de d\u00favidas e receios? Leia este artigo pois ele poder\u00e1 te ajudar!","breadcrumb":{"@id":"https:\/\/www.telavita.com.br\/blog\/momento-de-ter-segundo-filho\/#breadcrumb"},"inLanguage":"pt-BR","potentialAction":[{"@type":"ReadAction","target":["https:\/\/www.telavita.com.br\/blog\/momento-de-ter-segundo-filho\/"]}]},{"@type":"BreadcrumbList","@id":"https:\/\/www.telavita.com.br\/blog\/momento-de-ter-segundo-filho\/#breadcrumb","itemListElement":[{"@type":"ListItem","position":1,"name":"In\u00edcio","item":"https:\/\/www.telavita.com.br\/blog\/"},{"@type":"ListItem","position":2,"name":"Segundo filho &#8211; Ser\u00e1 que \u00e9 o momento certo?"}]},{"@type":"WebSite","@id":"https:\/\/www.telavita.com.br\/blog\/#website","url":"https:\/\/www.telavita.com.br\/blog\/","name":"Telavita","description":"Conte\u00fados especializados sobre sa\u00fade mental e bem-estar","publisher":{"@id":"https:\/\/www.telavita.com.br\/blog\/#organization"},"potentialAction":[{"@type":"SearchAction","target":{"@type":"EntryPoint","urlTemplate":"https:\/\/www.telavita.com.br\/blog\/?s={search_term_string}"},"query-input":"required name=search_term_string"}],"inLanguage":"pt-BR"},{"@type":"Organization","@id":"https:\/\/www.telavita.com.br\/blog\/#organization","name":"Telavita","url":"https:\/\/www.telavita.com.br\/blog\/","sameAs":["https:\/\/www.linkedin.com\/company\/telavita\/mycompany\/verification\/","https:\/\/www.instagram.com\/telavita\/","https:\/\/www.facebook.com\/Telavita"],"logo":{"@type":"ImageObject","inLanguage":"pt-BR","@id":"https:\/\/www.telavita.com.br\/blog\/#\/schema\/logo\/image\/","url":"https:\/\/www.telavita.com.br\/blog\/wp-content\/uploads\/2021\/05\/telavita.jpg","contentUrl":"https:\/\/www.telavita.com.br\/blog\/wp-content\/uploads\/2021\/05\/telavita.jpg","width":200,"height":200,"caption":"Telavita"},"image":{"@id":"https:\/\/www.telavita.com.br\/blog\/#\/schema\/logo\/image\/"}},{"@type":"Person","@id":"https:\/\/www.telavita.com.br\/blog\/#\/schema\/person\/365e554815ae72366924ab1f2b06fdaa","name":"Telavita","image":{"@type":"ImageObject","inLanguage":"pt-BR","@id":"https:\/\/www.telavita.com.br\/blog\/#\/schema\/person\/image\/","url":"https:\/\/secure.gravatar.com\/avatar\/ac2e61ce00e3238eb646b649fdcae5e4?s=96&d=mm&r=g","contentUrl":"https:\/\/secure.gravatar.com\/avatar\/ac2e61ce00e3238eb646b649fdcae5e4?s=96&d=mm&r=g","caption":"Telavita"},"url":"https:\/\/www.telavita.com.br\/blog\/author\/telavita\/"}]}},"modified_by":null,"_links":{"self":[{"href":"https:\/\/www.telavita.com.br\/blog\/wp-json\/wp\/v2\/posts\/553"}],"collection":[{"href":"https:\/\/www.telavita.com.br\/blog\/wp-json\/wp\/v2\/posts"}],"about":[{"href":"https:\/\/www.telavita.com.br\/blog\/wp-json\/wp\/v2\/types\/post"}],"author":[{"embeddable":true,"href":"https:\/\/www.telavita.com.br\/blog\/wp-json\/wp\/v2\/users\/11"}],"replies":[{"embeddable":true,"href":"https:\/\/www.telavita.com.br\/blog\/wp-json\/wp\/v2\/comments?post=553"}],"version-history":[{"count":8,"href":"https:\/\/www.telavita.com.br\/blog\/wp-json\/wp\/v2\/posts\/553\/revisions"}],"predecessor-version":[{"id":7861,"href":"https:\/\/www.telavita.com.br\/blog\/wp-json\/wp\/v2\/posts\/553\/revisions\/7861"}],"wp:featuredmedia":[{"embeddable":true,"href":"https:\/\/www.telavita.com.br\/blog\/wp-json\/wp\/v2\/media\/556"}],"wp:attachment":[{"href":"https:\/\/www.telavita.com.br\/blog\/wp-json\/wp\/v2\/media?parent=553"}],"wp:term":[{"taxonomy":"category","embeddable":true,"href":"https:\/\/www.telavita.com.br\/blog\/wp-json\/wp\/v2\/categories?post=553"},{"taxonomy":"post_tag","embeddable":true,"href":"https:\/\/www.telavita.com.br\/blog\/wp-json\/wp\/v2\/tags?post=553"}],"curies":[{"name":"wp","href":"https:\/\/api.w.org\/{rel}","templated":true}]}}