{"id":5694,"date":"2019-07-27T08:30:21","date_gmt":"2019-07-27T11:30:21","guid":{"rendered":"https:\/\/www.telavita.com.br\/blog\/?p=5694"},"modified":"2024-06-27T17:24:03","modified_gmt":"2024-06-27T20:24:03","slug":"setembro-amarelo-e-cvv","status":"publish","type":"post","link":"https:\/\/www.telavita.com.br\/blog\/setembro-amarelo-e-cvv\/","title":{"rendered":"Setembro Amarelo e a import\u00e2ncia do CVV"},"content":{"rendered":"<p>O <strong>Setembro Amarelo<\/strong>, iluminando o nono m\u00eas do ano com uma cor simb\u00f3lica de esperan\u00e7a e renova\u00e7\u00e3o, tornou-se um s\u00edmbolo global de solidariedade na luta contra o suic\u00eddio e a favor da sa\u00fade mental.<\/p>\n<p>No cen\u00e1rio contempor\u00e2neo, virou uma campanha extremamente importante j\u00e1 que, desafios emocionais e transtornos mentais afetam milh\u00f5es de pessoas em todo o mundo. Nesse sentido, <strong>a conscientiza\u00e7\u00e3o sobre a sa\u00fade mental se tornou uma quest\u00e3o de relev\u00e2ncia primordial. <\/strong><\/p>\n<h2><strong>Como surgiu a campanha de Setembro Amarelo?<\/strong><\/h2>\n<p>A campanha Setembro Amarelo teve in\u00edcio no Brasil em 2015, sendo uma iniciativa da <strong>Associa\u00e7\u00e3o Brasileira de Psiquiatria (ABP)<\/strong>, em parceria com o <strong>Conselho Federal de Medicina (CFM)<\/strong>, para <strong><a href=\"https:\/\/www.telavita.com.br\/blog\/prevencao-suicidio\/\">conscientizar e prevenir o suic\u00eddio. <\/a><\/strong><\/p>\n<p>Nesse sentido, a escolha do m\u00eas de setembro se deve ao fato de que, mundialmente, <strong>o dia 10 de setembro \u00e9 considerado o Dia Mundial de Preven\u00e7\u00e3o do Suic\u00eddio.<\/strong> Todavia, o\u00a0uso da cor amarela como s\u00edmbolo da campanha tem um significado especial.<\/p>\n<p>Contudo, a cor amarela \u00e9 associada \u00e0 luz, \u00e0 vida e \u00e0 positividade. Ela simboliza a esperan\u00e7a, que \u00e9 uma das principais mensagens da campanha: oferecer apoio, compreens\u00e3o e recursos para aqueles que est\u00e3o enfrentando dificuldades emocionais e mentais, <strong>mostrando que h\u00e1 sa\u00edda e que \u00e9 poss\u00edvel buscar ajuda.<\/strong><\/p>\n<h2><strong>O suic\u00eddio<\/strong><\/h2>\n<p><span style=\"font-weight: 400;\">Falar sobre o suic\u00eddio n\u00e3o \u00e9 f\u00e1cil, mas \u00e9 um tema que precisa ser discutido, afinal, os n\u00fameros n\u00e3o param de subir.\u00a0 Nesse sentido, o suic\u00eddio \u00e9 \u201cum ato deliberado, iniciado e levado a cabo por uma pessoa com pleno conhecimento ou expectativa de um resultado fatal\u201d, define a <strong>OMS (Organiza\u00e7\u00e3o Mundial da Sa\u00fade)<\/strong>. <\/span><\/p>\n<p><strong>Entretanto, diversos motivos podem levar algu\u00e9m a considerar e\/ou cometer o suic\u00eddio:\u00a0<\/strong><\/p>\n<ul>\n<li style=\"font-weight: 400;\"><a href=\"https:\/\/www.telavita.com.br\/blog\/depressao\/\"><b>Depress\u00e3o<\/b><\/a><span style=\"font-weight: 400;\"> ou outras doen\u00e7as mentais;<\/span><\/li>\n<li style=\"font-weight: 400;\"><span style=\"font-weight: 400;\">Tentativas anteriores;<\/span><\/li>\n<li style=\"font-weight: 400;\"><span style=\"font-weight: 400;\">Luto recente;<\/span><\/li>\n<li style=\"font-weight: 400;\"><span style=\"font-weight: 400;\">Depend\u00eancia qu\u00edmica ou alco\u00f3lica;\u00a0<\/span><\/li>\n<li style=\"font-weight: 400;\"><span style=\"font-weight: 400;\">Hist\u00f3rico de suic\u00eddio familiar;<\/span><\/li>\n<li style=\"font-weight: 400;\"><span style=\"font-weight: 400;\">Falta de v\u00ednculos sociais e familiares;<\/span><\/li>\n<li style=\"font-weight: 400;\"><span style=\"font-weight: 400;\">Doen\u00e7as terminais ou incapacitantes;<\/span><\/li>\n<li style=\"font-weight: 400;\"><span style=\"font-weight: 400;\">Problemas escolares (como o <\/span><a href=\"https:\/\/www.telavita.com.br\/blog\/vitima-de-bullying\/\"><b>bullying<\/b><\/a><span style=\"font-weight: 400;\">) ou laborais;<\/span><\/li>\n<li style=\"font-weight: 400;\"><span style=\"font-weight: 400;\">Desemprego;<\/span><\/li>\n<li style=\"font-weight: 400;\"><span style=\"font-weight: 400;\">Decl\u00ednio social;<\/span><\/li>\n<li style=\"font-weight: 400;\"><span style=\"font-weight: 400;\">Div\u00f3rcio;<\/span><\/li>\n<li style=\"font-weight: 400;\"><a href=\"https:\/\/www.telavita.com.br\/blog\/5-sinais-fisicos-do-estresse\/\"><b>Estresse.<\/b><\/a><\/li>\n<\/ul>\n<p><span style=\"font-weight: 400;\">Al\u00e9m disso, fatores sazonais, geogr\u00e1ficos, de g\u00eanero (feminino e masculino), et\u00e1rios, entre outros, tamb\u00e9m s\u00e3o levados em conta no estudo das origens do <\/span><b>pensamento suicida<\/b><span style=\"font-weight: 400;\">.\u00a0<\/span><\/p>\n<h2><strong>Setembro Amarelo e o Centro de Valoriza\u00e7\u00e3o da Vida<\/strong><\/h2>\n<p>O CVV, ou <strong>Centro de Valoriza\u00e7\u00e3o da Vida<\/strong>, \u00e9 uma organiza\u00e7\u00e3o brasileira sem fins lucrativos, fundada em 1962, que tem como principal objetivo oferecer apoio emocional e agir na preven\u00e7\u00e3o do suic\u00eddio.<\/p>\n<p>Sendo assim, o CVV atua por meio de <strong>uma rede de volunt\u00e1rios treinados que est\u00e3o dispon\u00edveis 24 horas por dia<\/strong>, todos os dias do ano, para ouvir e conversar com pessoas que est\u00e3o passando por momentos dif\u00edceis.<\/p>\n<p>Dessa forma, as pessoas que buscam ajuda podem entrar em contato com o CVV por telefone, por meio do n\u00famero <strong>188<\/strong> (que funciona gratuitamente em todo o Brasil), pelo chat online dispon\u00edvel no site do CVV, ou pelo e-mail. <strong>O servi\u00e7o \u00e9 sigiloso, e o principal foco \u00e9 oferecer um espa\u00e7o de desabafo e apoio emocional.<\/strong><\/p>\n<h2 class=\"JlqpRe\"><strong><span class=\"JCzEY ZwRhJd\"><span class=\"CSkcDe\">O que podemos fazer para ajudar na campanha de Setembro Amarelo?<\/span><\/span><\/strong><\/h2>\n<div class=\"aj35ze\">\n<p>Existem v\u00e1rias maneiras pelas quais podemos ajudar a campanha do Setembro Amarelo e contribuir para a conscientiza\u00e7\u00e3o sobre a preven\u00e7\u00e3o do suic\u00eddio e a promo\u00e7\u00e3o da sa\u00fade mental. <strong>Aqui est\u00e3o algumas ideias:<\/strong><\/p>\n<h3><strong>Compartilhe informa\u00e7\u00f5es<\/strong><\/h3>\n<div class=\"group w-full text-token-text-primary border-b border-black\/10 dark:border-gray-900\/50 bg-gray-50 dark:bg-[#444654]\">\n<div class=\"flex p-4 gap-4 text-base md:gap-6 md:max-w-2xl lg:max-w-[38rem] xl:max-w-3xl md:py-6 lg:px-0 m-auto\">\n<div class=\"relative flex w-[calc(100%-50px)] flex-col gap-1 md:gap-3 lg:w-[calc(100%-115px)]\">\n<div class=\"flex flex-grow flex-col gap-3\">\n<div class=\"min-h-[20px] flex flex-col items-start gap-3 overflow-x-auto whitespace-pre-wrap break-words\">\n<div class=\"markdown prose w-full break-words dark:prose-invert light\">\n<p>Uma das formas mais simples e eficazes de contribuir \u00e9 come\u00e7ar compartilhando informa\u00e7\u00f5es sobre o Setembro Amarelo e os recursos voltados \u00e0 preven\u00e7\u00e3o do suic\u00eddio. Isso pode ser feito atrav\u00e9s de suas <strong>redes sociais, blogs pessoais ou at\u00e9 mesmo em conversas informais com amigos e familiares. <\/strong><\/p>\n<p>Ao fazer isso, voc\u00ea estar\u00e1 desempenhando um papel importante na dissemina\u00e7\u00e3o da conscientiza\u00e7\u00e3o e <strong>na amplia\u00e7\u00e3o do alcance dessa causa crucial.<\/strong><\/p>\n<\/div>\n<\/div>\n<\/div>\n<\/div>\n<\/div>\n<\/div>\n<h3><strong>Use a cor amarela<\/strong><\/h3>\n<div class=\"group w-full text-token-text-primary border-b border-black\/10 dark:border-gray-900\/50 bg-gray-50 dark:bg-[#444654]\">\n<div class=\"flex p-4 gap-4 text-base md:gap-6 md:max-w-2xl lg:max-w-[38rem] xl:max-w-3xl md:py-6 lg:px-0 m-auto\">\n<div class=\"relative flex w-[calc(100%-50px)] flex-col gap-1 md:gap-3 lg:w-[calc(100%-115px)]\">\n<div class=\"flex flex-grow flex-col gap-3\">\n<div class=\"min-h-[20px] flex flex-col items-start gap-3 overflow-x-auto whitespace-pre-wrap break-words\">\n<div class=\"markdown prose w-full break-words dark:prose-invert light\">\n<p>Durante o m\u00eas de setembro, voc\u00ea pode fazer a diferen\u00e7a ao <strong>vestir-se de amarelo ou ao incorporar essa cor de alguma maneira em seu ambiente.<\/strong> Essa simples a\u00e7\u00e3o n\u00e3o apenas chama a aten\u00e7\u00e3o para a causa do Setembro Amarelo, como tamb\u00e9m desempenha um papel fundamental em iniciar conversas importantes sobre sa\u00fade mental e preven\u00e7\u00e3o do suic\u00eddio.<\/p>\n<p>Ao usar o amarelo como um s\u00edmbolo vis\u00edvel, voc\u00ea estar\u00e1 contribuindo para a conscientiza\u00e7\u00e3o <strong>e incentivando discuss\u00f5es significativas em torno de um tema t\u00e3o relevante.<\/strong><\/p>\n<\/div>\n<\/div>\n<\/div>\n<\/div>\n<\/div>\n<\/div>\n<h3><strong>Participe de eventos locais<\/strong><\/h3>\n<p>Muitas comunidades organizam eventos e atividades relacionadas ao Setembro Amarelo, como <strong>palestras, caminhadas, corridas e workshops.<\/strong> Participe dessas iniciativas para mostrar seu apoio e se envolver diretamente na conscientiza\u00e7\u00e3o.<\/p>\n<h3><strong>Incentive o acesso a ajuda profissional<\/strong><\/h3>\n<p>Encoraje aqueles que precisam de apoio a procurar ajuda profissional, como<strong><a href=\"https:\/\/www.telavita.com.br\/blog\/diferenca-entre-psicologo-psiquiatra\/\"> psic\u00f3logos, psiquiatras e terapeutas.<\/a><\/strong> Mostre que buscar ajuda \u00e9 um sinal de for\u00e7a e cuidado consigo mesmo.<\/p>\n<\/div>\n<h2><strong>Como lidar com um poss\u00edvel caso de suic\u00eddio?<\/strong><\/h2>\n<p>Lidar com algu\u00e9m que est\u00e1 ponderando o suic\u00eddio e\/ou apresentando sinais dessa inten\u00e7\u00e3o \u00e9 uma situa\u00e7\u00e3o extremamente delicada. Contudo, caso esteja convivendo com algu\u00e9m que suspeite estar passando por essa situa\u00e7\u00e3o, <strong>\u00e9 crucial conscientiz\u00e1-lo sobre a exist\u00eancia do CVV.<\/strong><\/p>\n<p>Todavia, encoraje a pessoa a buscar ajuda junto a profissionais de sa\u00fade, servi\u00e7os de sa\u00fade mental, atendimento de emerg\u00eancia ou recursos dispon\u00edveis publicamente. <strong>Ofere\u00e7a-se para acompanh\u00e1-la durante uma consulta, demonstrando solidariedade.<\/strong><\/p>\n<p>Caso a pessoa que preocupa habite com voc\u00ea, assegure-se de que n\u00e3o tenha <strong><a href=\"https:\/\/www.telavita.com.br\/blog\/automutilacao\/\">acesso a meios que possam ser usados para causar autoles\u00e3o<\/a><\/strong>, como pesticidas, armas ou medicamentos, na resid\u00eancia.<\/p>\n<h2><strong>O que fazer em casos de emerg\u00eancia?<\/strong><\/h2>\n<p>As plataformas de psicologia online, como a Telavita, N\u00c3O devem ser usadas em casos de urg\u00eancia, como o suic\u00eddio. <strong>A indica\u00e7\u00e3o \u00e9 sempre entrar em contato com o CVV.<\/strong><\/p>\n<p><strong>Se VOC\u00ca, que est\u00e1 lendo este artigo, est\u00e1 considerando o suic\u00eddio, por favor, ligue para o CVV no n\u00famero 188.<\/strong> A entidade possui profissionais experientes para auxili\u00e1-lo a organizar seus pensamentos e encontrar solu\u00e7\u00f5es.<\/p>\n<p>Voc\u00ea n\u00e3o est\u00e1 enfrentando isso sozinho, lembre-se de que nenhum sofrimento \u00e9 eterno. <strong>Pessoas est\u00e3o prontas para apoi\u00e1-lo do outro lado da linha!<\/strong> Entretanto, se deseja come\u00e7ar um tratamento e n\u00e3o est\u00e1 em risco eminente, voc\u00ea pode agendar uma consulta conosco e come\u00e7ar a conversar com um psic\u00f3logo.<\/p>\n<span class='mb-center maxbutton-3-center'><span class='maxbutton-3-container mb-container'><a class=\"maxbutton-3 maxbutton maxbutton-manda-para-pagina-psicologos\" href=\"https:\/\/app.telavita.com.br\/psicologia-online\/encontre-seu-psicologo\"><span class='mb-text'>Agende agora uma consulta com psic\u00f3logo<\/span><\/a><\/span><\/span>\n<p>&nbsp;<\/p>\n","protected":false},"excerpt":{"rendered":"<p>O Setembro Amarelo, iluminando o nono m\u00eas do ano com uma cor simb\u00f3lica de esperan\u00e7a e renova\u00e7\u00e3o, tornou-se um s\u00edmbolo global de solidariedade na luta contra o suic\u00eddio e a favor da sa\u00fade mental. No cen\u00e1rio contempor\u00e2neo, virou uma campanha extremamente importante j\u00e1 que, desafios emocionais e transtornos mentais afetam milh\u00f5es de pessoas em todo [&hellip;]<\/p>\n","protected":false},"author":8,"featured_media":5785,"comment_status":"open","ping_status":"open","sticky":false,"template":"","format":"standard","meta":{"_lmt_disableupdate":"","_lmt_disable":"","footnotes":""},"categories":[278],"tags":[],"yoast_head":"<!-- This site is optimized with the Yoast SEO plugin v19.8 - https:\/\/yoast.com\/wordpress\/plugins\/seo\/ -->\n<title>Setembro Amarelo e CVV: como apoiar a causa? - Telavita<\/title>\n<meta name=\"description\" content=\"O setembro amarelo \u00e9 uma importante campanha de preven\u00e7\u00e3o ao suic\u00eddio. Saiba como ajudar na conscientiza\u00e7\u00e3o.\" \/>\n<meta name=\"robots\" content=\"index, follow, max-snippet:-1, max-image-preview:large, max-video-preview:-1\" \/>\n<link rel=\"canonical\" href=\"https:\/\/www.telavita.com.br\/blog\/setembro-amarelo-e-cvv\/\" \/>\n<meta property=\"og:locale\" content=\"pt_BR\" \/>\n<meta property=\"og:type\" content=\"article\" \/>\n<meta property=\"og:title\" content=\"Setembro Amarelo e CVV: como apoiar a causa? - Telavita\" \/>\n<meta property=\"og:description\" content=\"O setembro amarelo \u00e9 uma importante campanha de preven\u00e7\u00e3o ao suic\u00eddio. Saiba como ajudar na conscientiza\u00e7\u00e3o.\" \/>\n<meta property=\"og:url\" content=\"https:\/\/www.telavita.com.br\/blog\/setembro-amarelo-e-cvv\/\" \/>\n<meta property=\"og:site_name\" content=\"Telavita\" \/>\n<meta property=\"article:publisher\" content=\"https:\/\/www.facebook.com\/Telavita\" \/>\n<meta property=\"article:published_time\" content=\"2019-07-27T11:30:21+00:00\" \/>\n<meta property=\"article:modified_time\" content=\"2024-06-27T20:24:03+00:00\" \/>\n<meta property=\"og:image\" content=\"https:\/\/www.telavita.com.br\/blog\/wp-content\/uploads\/2019\/07\/setembro-amarelo.jpg\" \/>\n\t<meta property=\"og:image:width\" content=\"900\" \/>\n\t<meta property=\"og:image:height\" content=\"560\" \/>\n\t<meta property=\"og:image:type\" content=\"image\/jpeg\" \/>\n<meta name=\"author\" content=\"Juliana Sonsin\" \/>\n<meta name=\"twitter:card\" content=\"summary_large_image\" \/>\n<meta name=\"twitter:label1\" content=\"Escrito por\" \/>\n\t<meta name=\"twitter:data1\" content=\"Juliana Sonsin\" \/>\n\t<meta name=\"twitter:label2\" content=\"Est. tempo de leitura\" \/>\n\t<meta name=\"twitter:data2\" content=\"6 minutos\" \/>\n<!-- \/ Yoast SEO plugin. -->","yoast_head_json":{"title":"Setembro Amarelo e CVV: como apoiar a causa? - Telavita","description":"O setembro amarelo \u00e9 uma importante campanha de preven\u00e7\u00e3o ao suic\u00eddio. Saiba como ajudar na conscientiza\u00e7\u00e3o.","robots":{"index":"index","follow":"follow","max-snippet":"max-snippet:-1","max-image-preview":"max-image-preview:large","max-video-preview":"max-video-preview:-1"},"canonical":"https:\/\/www.telavita.com.br\/blog\/setembro-amarelo-e-cvv\/","og_locale":"pt_BR","og_type":"article","og_title":"Setembro Amarelo e CVV: como apoiar a causa? - Telavita","og_description":"O setembro amarelo \u00e9 uma importante campanha de preven\u00e7\u00e3o ao suic\u00eddio. Saiba como ajudar na conscientiza\u00e7\u00e3o.","og_url":"https:\/\/www.telavita.com.br\/blog\/setembro-amarelo-e-cvv\/","og_site_name":"Telavita","article_publisher":"https:\/\/www.facebook.com\/Telavita","article_published_time":"2019-07-27T11:30:21+00:00","article_modified_time":"2024-06-27T20:24:03+00:00","og_image":[{"width":900,"height":560,"url":"https:\/\/www.telavita.com.br\/blog\/wp-content\/uploads\/2019\/07\/setembro-amarelo.jpg","type":"image\/jpeg"}],"author":"Juliana Sonsin","twitter_card":"summary_large_image","twitter_misc":{"Escrito por":"Juliana Sonsin","Est. tempo de leitura":"6 minutos"},"schema":{"@context":"https:\/\/schema.org","@graph":[{"@type":"Article","@id":"https:\/\/www.telavita.com.br\/blog\/setembro-amarelo-e-cvv\/#article","isPartOf":{"@id":"https:\/\/www.telavita.com.br\/blog\/setembro-amarelo-e-cvv\/"},"author":{"name":"Juliana Sonsin","@id":"https:\/\/www.telavita.com.br\/blog\/#\/schema\/person\/c9d2f268651fd6d6bf440495dd23b40e"},"headline":"Setembro Amarelo e a import\u00e2ncia do CVV","datePublished":"2019-07-27T11:30:21+00:00","dateModified":"2024-06-27T20:24:03+00:00","mainEntityOfPage":{"@id":"https:\/\/www.telavita.com.br\/blog\/setembro-amarelo-e-cvv\/"},"wordCount":1085,"commentCount":0,"publisher":{"@id":"https:\/\/www.telavita.com.br\/blog\/#organization"},"articleSection":["Suic\u00eddio"],"inLanguage":"pt-BR","potentialAction":[{"@type":"CommentAction","name":"Comment","target":["https:\/\/www.telavita.com.br\/blog\/setembro-amarelo-e-cvv\/#respond"]}]},{"@type":"WebPage","@id":"https:\/\/www.telavita.com.br\/blog\/setembro-amarelo-e-cvv\/","url":"https:\/\/www.telavita.com.br\/blog\/setembro-amarelo-e-cvv\/","name":"Setembro Amarelo e CVV: como apoiar a causa? - Telavita","isPartOf":{"@id":"https:\/\/www.telavita.com.br\/blog\/#website"},"datePublished":"2019-07-27T11:30:21+00:00","dateModified":"2024-06-27T20:24:03+00:00","description":"O setembro amarelo \u00e9 uma importante campanha de preven\u00e7\u00e3o ao suic\u00eddio. Saiba como ajudar na conscientiza\u00e7\u00e3o.","breadcrumb":{"@id":"https:\/\/www.telavita.com.br\/blog\/setembro-amarelo-e-cvv\/#breadcrumb"},"inLanguage":"pt-BR","potentialAction":[{"@type":"ReadAction","target":["https:\/\/www.telavita.com.br\/blog\/setembro-amarelo-e-cvv\/"]}]},{"@type":"BreadcrumbList","@id":"https:\/\/www.telavita.com.br\/blog\/setembro-amarelo-e-cvv\/#breadcrumb","itemListElement":[{"@type":"ListItem","position":1,"name":"In\u00edcio","item":"https:\/\/www.telavita.com.br\/blog\/"},{"@type":"ListItem","position":2,"name":"Setembro Amarelo e a import\u00e2ncia do CVV"}]},{"@type":"WebSite","@id":"https:\/\/www.telavita.com.br\/blog\/#website","url":"https:\/\/www.telavita.com.br\/blog\/","name":"Telavita","description":"Conte\u00fados especializados sobre sa\u00fade mental e bem-estar","publisher":{"@id":"https:\/\/www.telavita.com.br\/blog\/#organization"},"potentialAction":[{"@type":"SearchAction","target":{"@type":"EntryPoint","urlTemplate":"https:\/\/www.telavita.com.br\/blog\/?s={search_term_string}"},"query-input":"required name=search_term_string"}],"inLanguage":"pt-BR"},{"@type":"Organization","@id":"https:\/\/www.telavita.com.br\/blog\/#organization","name":"Telavita","url":"https:\/\/www.telavita.com.br\/blog\/","sameAs":["https:\/\/www.linkedin.com\/company\/telavita\/mycompany\/verification\/","https:\/\/www.instagram.com\/telavita\/","https:\/\/www.facebook.com\/Telavita"],"logo":{"@type":"ImageObject","inLanguage":"pt-BR","@id":"https:\/\/www.telavita.com.br\/blog\/#\/schema\/logo\/image\/","url":"https:\/\/www.telavita.com.br\/blog\/wp-content\/uploads\/2021\/05\/telavita.jpg","contentUrl":"https:\/\/www.telavita.com.br\/blog\/wp-content\/uploads\/2021\/05\/telavita.jpg","width":200,"height":200,"caption":"Telavita"},"image":{"@id":"https:\/\/www.telavita.com.br\/blog\/#\/schema\/logo\/image\/"}},{"@type":"Person","@id":"https:\/\/www.telavita.com.br\/blog\/#\/schema\/person\/c9d2f268651fd6d6bf440495dd23b40e","name":"Juliana Sonsin","image":{"@type":"ImageObject","inLanguage":"pt-BR","@id":"https:\/\/www.telavita.com.br\/blog\/#\/schema\/person\/image\/","url":"https:\/\/secure.gravatar.com\/avatar\/dfb14c6228cdf7312fea984efc84d04e?s=96&d=mm&r=g","contentUrl":"https:\/\/secure.gravatar.com\/avatar\/dfb14c6228cdf7312fea984efc84d04e?s=96&d=mm&r=g","caption":"Juliana Sonsin"},"description":"Jornalista formada pela Faculdade C\u00e1sper Libero e especializada em sa\u00fade. Apaixonada por escrever roteiros de v\u00eddeos, produzir (e assistir) document\u00e1rios e ler sobre tudo um pouco. Acredito no jornalismo \u00e9tico como um meio de trazer ao p\u00fablico informa\u00e7\u00f5es e hist\u00f3rias que valem a pena serem contadas. Gosto de viajar, fazer yoga e assistir s\u00e9ries.","url":"https:\/\/www.telavita.com.br\/blog\/author\/juliana-sonsin\/"}]}},"modified_by":null,"_links":{"self":[{"href":"https:\/\/www.telavita.com.br\/blog\/wp-json\/wp\/v2\/posts\/5694"}],"collection":[{"href":"https:\/\/www.telavita.com.br\/blog\/wp-json\/wp\/v2\/posts"}],"about":[{"href":"https:\/\/www.telavita.com.br\/blog\/wp-json\/wp\/v2\/types\/post"}],"author":[{"embeddable":true,"href":"https:\/\/www.telavita.com.br\/blog\/wp-json\/wp\/v2\/users\/8"}],"replies":[{"embeddable":true,"href":"https:\/\/www.telavita.com.br\/blog\/wp-json\/wp\/v2\/comments?post=5694"}],"version-history":[{"count":8,"href":"https:\/\/www.telavita.com.br\/blog\/wp-json\/wp\/v2\/posts\/5694\/revisions"}],"predecessor-version":[{"id":9512,"href":"https:\/\/www.telavita.com.br\/blog\/wp-json\/wp\/v2\/posts\/5694\/revisions\/9512"}],"wp:featuredmedia":[{"embeddable":true,"href":"https:\/\/www.telavita.com.br\/blog\/wp-json\/wp\/v2\/media\/5785"}],"wp:attachment":[{"href":"https:\/\/www.telavita.com.br\/blog\/wp-json\/wp\/v2\/media?parent=5694"}],"wp:term":[{"taxonomy":"category","embeddable":true,"href":"https:\/\/www.telavita.com.br\/blog\/wp-json\/wp\/v2\/categories?post=5694"},{"taxonomy":"post_tag","embeddable":true,"href":"https:\/\/www.telavita.com.br\/blog\/wp-json\/wp\/v2\/tags?post=5694"}],"curies":[{"name":"wp","href":"https:\/\/api.w.org\/{rel}","templated":true}]}}