{"id":5742,"date":"2019-08-25T08:47:40","date_gmt":"2019-08-25T11:47:40","guid":{"rendered":"https:\/\/www.telavita.com.br\/blog\/?p=5742"},"modified":"2021-06-30T16:55:07","modified_gmt":"2021-06-30T19:55:07","slug":"pressao-alta-emocional","status":"publish","type":"post","link":"https:\/\/www.telavita.com.br\/blog\/pressao-alta-emocional\/","title":{"rendered":"Press\u00e3o alta emocional: A hipertens\u00e3o pode ser causada pelo estresse!"},"content":{"rendered":"<p><i><span style=\"font-weight: 400;\">A <\/span><\/i><b><i>press\u00e3o alta emocional <\/i><\/b><i><span style=\"font-weight: 400;\">tem o estresse como uma de suas poss\u00edveis causadoras.<\/span><\/i><\/p>\n<p><span style=\"font-weight: 400;\">Descansar virou utopia. Em meio ao caos da selva de pedra, cada vez mais pessoas se dedicam aos afazeres, ao trabalho e aos obst\u00e1culos que a rotina pede e se esquecem do que o corpo grita. <\/span><\/p>\n<p><span style=\"font-weight: 400;\">Biologicamente falando, o corpo necessita repousar, afinal, todo o funcionamento do organismo ativo durante o dia precisa de algumas horas para se recuperar e dar in\u00edcio ao processo novamente.<\/span><\/p>\n<span class='mb-center maxbutton-3-center'><span class='maxbutton-3-container mb-container'><a class=\"maxbutton-3 maxbutton maxbutton-manda-para-pagina-psicologos\" href=\"https:\/\/app.telavita.com.br\/psicologia-online\/encontre-seu-psicologo\"><span class='mb-text'>Agende agora uma consulta com psic\u00f3logo<\/span><\/a><\/span><\/span>\n<h2>O que \u00e9 o estresse?<\/h2>\n<p><span style=\"font-weight: 400;\">Antigamente, quando viv\u00edamos em comunidades pequenas e dependentes da ca\u00e7a para sobreviver, as situa\u00e7\u00f5es de perigo eram resolvidas prontamente: ou o sujeito corria do perigo, ou encarava-o. Seja pela morte da ca\u00e7a ou pela fuga, o homem n\u00e3o levava desaforo para a caverna. <\/span><\/p>\n<p><span style=\"font-weight: 400;\">A\u00a0 Dra. Selma Bordin, em entrevista ao <\/span><a href=\"https:\/\/www.einstein.br\/Pages\/Home.aspx\"><span style=\"font-weight: 400;\">Hospital Israelita Albert Einstein<\/span><\/a><span style=\"font-weight: 400;\">, explica que \u201cquando nossos ancestrais se deparavam com situa\u00e7\u00f5es de perigo, como o encontro inesperado com um animal, precisavam defender-se \u2013 atacando ou fugindo. As duas rea\u00e7\u00f5es demandam uma s\u00e9rie de ajustes do corpo. <\/span><\/p>\n<p><span style=\"font-weight: 400;\">\u2018O batimento card\u00edaco acelera porque o cora\u00e7\u00e3o tem que bombear mais sangue para os m\u00fasculos que precisam receber mais energia. H\u00e1 um aumento da respira\u00e7\u00e3o e da press\u00e3o arterial, entre outras coisas\u201d, comenta.<\/span><\/p>\n<p><strong>LEIA MAIS: <a href=\"https:\/\/www.telavita.com.br\/blog\/estresse-o-que-e\/\">Entenda tudo sobre o estresse<\/a><\/strong><\/p>\n<p><span style=\"font-weight: 400;\">Hoje em dia deixamos de solucionar diversos conflitos estressores e esse ac\u00famulo pode gerar diversas rea\u00e7\u00f5es no organismo que s\u00e3o prejudiciais ao corpo e \u00e0 mente. <\/span><b>O que o estresse pode causar<\/b><span style=\"font-weight: 400;\"> mente? A perda de interesse pelas coisas, altera\u00e7\u00f5es de humor e problemas de concentra\u00e7\u00e3o tamb\u00e9m s\u00e3o alguns exemplos. O <\/span><b>estresse causa<\/b><span style=\"font-weight: 400;\"> efeitos negativos no corpo, tamb\u00e9m. A exemplo disso est\u00e3o as tonturas e dores de cabe\u00e7a, problemas digestivos e ins\u00f4nia.<\/span><\/p>\n<p><span style=\"font-weight: 400;\">Mas, voc\u00ea sabia que esse problema muitas vezes t\u00e3o subestimado como algo normal da vida cotidiana, pode ser a fonte da <\/span><b>hipertens\u00e3o?<\/b> <b>O estresse causa press\u00e3o alta <\/b><span style=\"font-weight: 400;\">que pode ser o primeiro est\u00e1gio de muitas doen\u00e7as associadas ao cora\u00e7\u00e3o.<\/span><\/p>\n<h2>Press\u00e3o alta emocional<\/h2>\n<p><span style=\"font-weight: 400;\">Que<\/span><b> o estresse aumenta a press\u00e3o<\/b><span style=\"font-weight: 400;\">, \u00e9 fato. J\u00e1 explicamos as rea\u00e7\u00f5es qu\u00edmicas que fazem com que, em situa\u00e7\u00f5es de perigo, o organismo produza efeitos no corpo e na mente devido a esse estresse. O Dr. Marco Aur\u00e9lio Dias, em entrevista ao Dr. Drauzio Varella, explica mais sobre a rela\u00e7\u00e3o <\/span><b>estresse e hipertens\u00e3o.<\/b><\/p>\n<p><span style=\"font-weight: 400;\">\u201cNa minha opini\u00e3o, se considerarmos o sentido amplo do conceito e nele englobarmos sentimentos como intranquilidade interior, sofrimento emocional, infelicidade, o estresse \u00e9 o principal fator de risco para as doen\u00e7as do cora\u00e7\u00e3o. Quem est\u00e1 tenso volta a fumar, tem menos \u00e2nimo para as atividades f\u00edsicas, come mais para compensar a ansiedade, fica obeso e eleva o colesterol. Al\u00e9m disso, a <\/span><a href=\"https:\/\/drauziovarella.uol.com.br\/doencas-e-sintomas\/hipertensao-pressao-alta\/\"><b>press\u00e3o alta<\/b><\/a><span style=\"font-weight: 400;\"> tem clara vincula\u00e7\u00e3o com a intranquilidade e a agressividade contida que se volta contra a pr\u00f3pria pessoa.\u201d<\/span><\/p>\n<span class='mb-center maxbutton-2-center'><span class='maxbutton-2-container mb-container'><a class=\"maxbutton-2 maxbutton maxbutton-home-telavita\" href=\"https:\/\/www.telavita.com.br\"><span class='mb-text'>Conhe\u00e7a a Telavita<\/span><\/a><\/span><\/span>\n<p><span style=\"font-weight: 400;\">A <\/span><b>press\u00e3o alta por estresse <\/b><span style=\"font-weight: 400;\">\u00e9 mais comum do que pensamos. \u00c1s vezes sentimos que estamos \u201cprestes a explodir\u201d de tantos sentimentos entalados e pensamentos a milh\u00e3o. Quando reprimimos essas rea\u00e7\u00f5es qu\u00edmicas e n\u00e3o a liberamos, o estresse acumulado gera efeitos negativos e, um deles, \u00e9 a hipertens\u00e3o.\u00a0<\/span><\/p>\n<h2>Quando a press\u00e3o \u00e9 considerada alta?<\/h2>\n<p><span style=\"font-weight: 400;\">O valor considerado refer\u00eancia para a<\/span><b> press\u00e3o alta <\/b><span style=\"font-weight: 400;\">\u00e9 de igual ou superior a 14\/9. Por\u00e9m, \u00e9 importante ressaltar que este \u00e9 apenas um valor de refer\u00eancia pois \u00e9 preciso uma espec\u00edfica bateria de exames para, efetivamente, conseguir diagnosticar algu\u00e9m com hipertens\u00e3o.\u00a0<\/span><\/p>\n<h2>Qual \u00e9 a press\u00e3o normal?<\/h2>\n<p><span style=\"font-weight: 400;\">Recentemente os valores para designar press\u00e3o normal, baixa e alta mudaram. No Brasil, a press\u00e3o normal \u00e9 de valor abaixo de 120 por 80. Novamente: sempre esteja em dia com os exames. Somente um m\u00e9dico pode diagnosticar algu\u00e9m com hipertens\u00e3o.\u00a0<\/span><\/p>\n<p><strong>LEIA MAIS: <a href=\"https:\/\/www.telavita.com.br\/blog\/saiba-como-combater-o-estresse\/\">Saiba como combater o estresse<\/a><\/strong><\/p>\n<h2>Como baixar press\u00e3o alta emocional?<\/h2>\n<p><span style=\"font-weight: 400;\">O <\/span><b>controle emocional<\/b><span style=\"font-weight: 400;\"> \u00e9 fundamental para solucionar o problema. Ansiedade aumenta a press\u00e3o tamb\u00e9m, assim como depress\u00e3o e tantos outros transtornos psicol\u00f3gicos. As doen\u00e7as psicol\u00f3gicas, como o<\/span><b> estresse emocional<\/b><span style=\"font-weight: 400;\"> ou<\/span><b> estresse cr\u00f4nic<\/b><span style=\"font-weight: 400;\"><strong>o<\/strong>, precisam ser devidamente tratadas com especialistas. <\/span><\/p>\n<p><span style=\"font-weight: 400;\">A psicologia \u00e9 uma grande aliada nesse trabalho, pois auxilia na cria\u00e7\u00e3o de estrat\u00e9gias para minimizar os gatilhos e fazer com que o paciente aprenda a expurgar tanto ac\u00famulo de emo\u00e7\u00f5es. E, obviamente, a psicologia precisa ser o bra\u00e7o direito do acompanhamento com um cardiologista para que o controle do f\u00edsico esteja em dia.<\/span><\/p>\n<p><b>O <\/b><b>estresse pode causar<\/b><span style=\"font-weight: 400;\"> diversos malef\u00edcios ao corpo e \u00e0 mente. \u00c9 preciso cuidar para que <\/span><b>estresse e press\u00e3o alta<\/b><span style=\"font-weight: 400;\"> n\u00e3o apare\u00e7am por falta de autocuidado. Seja consciente e mude o seu estilo de vida para um melhor progn\u00f3stico futuro!<\/span><\/p>\n<span class='mb-center maxbutton-4-center'><span class='maxbutton-4-container mb-container'><a class=\"maxbutton-4 maxbutton maxbutton-manda-para-o-catalogo-de-psicologos\" href=\"https:\/\/app.telavita.com.br\/psicologia-online\/encontre-seu-psicologo\"><span class='mb-text'>Encontre seu psic\u00f3logo online<\/span><\/a><\/span><\/span>\n","protected":false},"excerpt":{"rendered":"<p>A press\u00e3o alta emocional tem o estresse como uma de suas poss\u00edveis causadoras. Descansar virou utopia. Em meio ao caos da selva de pedra, cada vez mais pessoas se dedicam aos afazeres, ao trabalho e aos obst\u00e1culos que a rotina pede e se esquecem do que o corpo grita. Biologicamente falando, o corpo necessita repousar, [&hellip;]<\/p>\n","protected":false},"author":8,"featured_media":5794,"comment_status":"open","ping_status":"open","sticky":false,"template":"","format":"standard","meta":{"_lmt_disableupdate":"","_lmt_disable":"","footnotes":""},"categories":[254],"tags":[],"yoast_head":"<!-- This site is optimized with the Yoast SEO plugin v19.8 - https:\/\/yoast.com\/wordpress\/plugins\/seo\/ -->\n<title>Press\u00e3o Alta Emocional: Hipertens\u00e3o Pode Ser Causada Por Estresse<\/title>\n<meta name=\"description\" content=\"A press\u00e3o alta emocional tem o estresse como uma de suas poss\u00edveis causadoras. Saiba mais sobre a hipertens\u00e3o causada pelo estresse e como combat\u00ea-la.\" \/>\n<meta name=\"robots\" content=\"index, follow, max-snippet:-1, max-image-preview:large, max-video-preview:-1\" \/>\n<link rel=\"canonical\" href=\"https:\/\/www.telavita.com.br\/blog\/pressao-alta-emocional\/\" \/>\n<meta property=\"og:locale\" content=\"pt_BR\" \/>\n<meta property=\"og:type\" content=\"article\" \/>\n<meta property=\"og:title\" content=\"Press\u00e3o Alta Emocional: Hipertens\u00e3o Pode Ser Causada Por Estresse\" \/>\n<meta property=\"og:description\" content=\"A press\u00e3o alta emocional tem o estresse como uma de suas poss\u00edveis causadoras. Saiba mais sobre a hipertens\u00e3o causada pelo estresse e como combat\u00ea-la.\" \/>\n<meta property=\"og:url\" content=\"https:\/\/www.telavita.com.br\/blog\/pressao-alta-emocional\/\" \/>\n<meta property=\"og:site_name\" content=\"Telavita\" \/>\n<meta property=\"article:publisher\" content=\"https:\/\/www.facebook.com\/Telavita\" \/>\n<meta property=\"article:published_time\" content=\"2019-08-25T11:47:40+00:00\" \/>\n<meta property=\"article:modified_time\" content=\"2021-06-30T19:55:07+00:00\" \/>\n<meta property=\"og:image\" content=\"https:\/\/www.telavita.com.br\/blog\/wp-content\/uploads\/2019\/08\/pressao-alta-emocional.jpg\" \/>\n\t<meta property=\"og:image:width\" content=\"900\" \/>\n\t<meta property=\"og:image:height\" content=\"560\" \/>\n\t<meta property=\"og:image:type\" content=\"image\/jpeg\" \/>\n<meta name=\"author\" content=\"Juliana Sonsin\" \/>\n<meta name=\"twitter:card\" content=\"summary_large_image\" \/>\n<meta name=\"twitter:label1\" content=\"Escrito por\" \/>\n\t<meta name=\"twitter:data1\" content=\"Juliana Sonsin\" \/>\n\t<meta name=\"twitter:label2\" content=\"Est. tempo de leitura\" \/>\n\t<meta name=\"twitter:data2\" content=\"4 minutos\" \/>\n<!-- \/ Yoast SEO plugin. -->","yoast_head_json":{"title":"Press\u00e3o Alta Emocional: Hipertens\u00e3o Pode Ser Causada Por Estresse","description":"A press\u00e3o alta emocional tem o estresse como uma de suas poss\u00edveis causadoras. Saiba mais sobre a hipertens\u00e3o causada pelo estresse e como combat\u00ea-la.","robots":{"index":"index","follow":"follow","max-snippet":"max-snippet:-1","max-image-preview":"max-image-preview:large","max-video-preview":"max-video-preview:-1"},"canonical":"https:\/\/www.telavita.com.br\/blog\/pressao-alta-emocional\/","og_locale":"pt_BR","og_type":"article","og_title":"Press\u00e3o Alta Emocional: Hipertens\u00e3o Pode Ser Causada Por Estresse","og_description":"A press\u00e3o alta emocional tem o estresse como uma de suas poss\u00edveis causadoras. Saiba mais sobre a hipertens\u00e3o causada pelo estresse e como combat\u00ea-la.","og_url":"https:\/\/www.telavita.com.br\/blog\/pressao-alta-emocional\/","og_site_name":"Telavita","article_publisher":"https:\/\/www.facebook.com\/Telavita","article_published_time":"2019-08-25T11:47:40+00:00","article_modified_time":"2021-06-30T19:55:07+00:00","og_image":[{"width":900,"height":560,"url":"https:\/\/www.telavita.com.br\/blog\/wp-content\/uploads\/2019\/08\/pressao-alta-emocional.jpg","type":"image\/jpeg"}],"author":"Juliana Sonsin","twitter_card":"summary_large_image","twitter_misc":{"Escrito por":"Juliana Sonsin","Est. tempo de leitura":"4 minutos"},"schema":{"@context":"https:\/\/schema.org","@graph":[{"@type":"Article","@id":"https:\/\/www.telavita.com.br\/blog\/pressao-alta-emocional\/#article","isPartOf":{"@id":"https:\/\/www.telavita.com.br\/blog\/pressao-alta-emocional\/"},"author":{"name":"Juliana Sonsin","@id":"https:\/\/www.telavita.com.br\/blog\/#\/schema\/person\/c9d2f268651fd6d6bf440495dd23b40e"},"headline":"Press\u00e3o alta emocional: A hipertens\u00e3o pode ser causada pelo estresse!","datePublished":"2019-08-25T11:47:40+00:00","dateModified":"2021-06-30T19:55:07+00:00","mainEntityOfPage":{"@id":"https:\/\/www.telavita.com.br\/blog\/pressao-alta-emocional\/"},"wordCount":829,"commentCount":1,"publisher":{"@id":"https:\/\/www.telavita.com.br\/blog\/#organization"},"articleSection":["Estresse"],"inLanguage":"pt-BR","potentialAction":[{"@type":"CommentAction","name":"Comment","target":["https:\/\/www.telavita.com.br\/blog\/pressao-alta-emocional\/#respond"]}]},{"@type":"WebPage","@id":"https:\/\/www.telavita.com.br\/blog\/pressao-alta-emocional\/","url":"https:\/\/www.telavita.com.br\/blog\/pressao-alta-emocional\/","name":"Press\u00e3o Alta Emocional: Hipertens\u00e3o Pode Ser Causada Por Estresse","isPartOf":{"@id":"https:\/\/www.telavita.com.br\/blog\/#website"},"datePublished":"2019-08-25T11:47:40+00:00","dateModified":"2021-06-30T19:55:07+00:00","description":"A press\u00e3o alta emocional tem o estresse como uma de suas poss\u00edveis causadoras. Saiba mais sobre a hipertens\u00e3o causada pelo estresse e como combat\u00ea-la.","breadcrumb":{"@id":"https:\/\/www.telavita.com.br\/blog\/pressao-alta-emocional\/#breadcrumb"},"inLanguage":"pt-BR","potentialAction":[{"@type":"ReadAction","target":["https:\/\/www.telavita.com.br\/blog\/pressao-alta-emocional\/"]}]},{"@type":"BreadcrumbList","@id":"https:\/\/www.telavita.com.br\/blog\/pressao-alta-emocional\/#breadcrumb","itemListElement":[{"@type":"ListItem","position":1,"name":"In\u00edcio","item":"https:\/\/www.telavita.com.br\/blog\/"},{"@type":"ListItem","position":2,"name":"Press\u00e3o alta emocional: A hipertens\u00e3o pode ser causada pelo estresse!"}]},{"@type":"WebSite","@id":"https:\/\/www.telavita.com.br\/blog\/#website","url":"https:\/\/www.telavita.com.br\/blog\/","name":"Telavita","description":"Conte\u00fados especializados sobre sa\u00fade mental e bem-estar","publisher":{"@id":"https:\/\/www.telavita.com.br\/blog\/#organization"},"potentialAction":[{"@type":"SearchAction","target":{"@type":"EntryPoint","urlTemplate":"https:\/\/www.telavita.com.br\/blog\/?s={search_term_string}"},"query-input":"required name=search_term_string"}],"inLanguage":"pt-BR"},{"@type":"Organization","@id":"https:\/\/www.telavita.com.br\/blog\/#organization","name":"Telavita","url":"https:\/\/www.telavita.com.br\/blog\/","sameAs":["https:\/\/www.linkedin.com\/company\/telavita\/mycompany\/verification\/","https:\/\/www.instagram.com\/telavita\/","https:\/\/www.facebook.com\/Telavita"],"logo":{"@type":"ImageObject","inLanguage":"pt-BR","@id":"https:\/\/www.telavita.com.br\/blog\/#\/schema\/logo\/image\/","url":"https:\/\/www.telavita.com.br\/blog\/wp-content\/uploads\/2021\/05\/telavita.jpg","contentUrl":"https:\/\/www.telavita.com.br\/blog\/wp-content\/uploads\/2021\/05\/telavita.jpg","width":200,"height":200,"caption":"Telavita"},"image":{"@id":"https:\/\/www.telavita.com.br\/blog\/#\/schema\/logo\/image\/"}},{"@type":"Person","@id":"https:\/\/www.telavita.com.br\/blog\/#\/schema\/person\/c9d2f268651fd6d6bf440495dd23b40e","name":"Juliana Sonsin","image":{"@type":"ImageObject","inLanguage":"pt-BR","@id":"https:\/\/www.telavita.com.br\/blog\/#\/schema\/person\/image\/","url":"https:\/\/secure.gravatar.com\/avatar\/dfb14c6228cdf7312fea984efc84d04e?s=96&d=mm&r=g","contentUrl":"https:\/\/secure.gravatar.com\/avatar\/dfb14c6228cdf7312fea984efc84d04e?s=96&d=mm&r=g","caption":"Juliana Sonsin"},"description":"Jornalista formada pela Faculdade C\u00e1sper Libero e especializada em sa\u00fade. Apaixonada por escrever roteiros de v\u00eddeos, produzir (e assistir) document\u00e1rios e ler sobre tudo um pouco. Acredito no jornalismo \u00e9tico como um meio de trazer ao p\u00fablico informa\u00e7\u00f5es e hist\u00f3rias que valem a pena serem contadas. Gosto de viajar, fazer yoga e assistir s\u00e9ries.","url":"https:\/\/www.telavita.com.br\/blog\/author\/juliana-sonsin\/"}]}},"modified_by":null,"_links":{"self":[{"href":"https:\/\/www.telavita.com.br\/blog\/wp-json\/wp\/v2\/posts\/5742"}],"collection":[{"href":"https:\/\/www.telavita.com.br\/blog\/wp-json\/wp\/v2\/posts"}],"about":[{"href":"https:\/\/www.telavita.com.br\/blog\/wp-json\/wp\/v2\/types\/post"}],"author":[{"embeddable":true,"href":"https:\/\/www.telavita.com.br\/blog\/wp-json\/wp\/v2\/users\/8"}],"replies":[{"embeddable":true,"href":"https:\/\/www.telavita.com.br\/blog\/wp-json\/wp\/v2\/comments?post=5742"}],"version-history":[{"count":6,"href":"https:\/\/www.telavita.com.br\/blog\/wp-json\/wp\/v2\/posts\/5742\/revisions"}],"predecessor-version":[{"id":7373,"href":"https:\/\/www.telavita.com.br\/blog\/wp-json\/wp\/v2\/posts\/5742\/revisions\/7373"}],"wp:featuredmedia":[{"embeddable":true,"href":"https:\/\/www.telavita.com.br\/blog\/wp-json\/wp\/v2\/media\/5794"}],"wp:attachment":[{"href":"https:\/\/www.telavita.com.br\/blog\/wp-json\/wp\/v2\/media?parent=5742"}],"wp:term":[{"taxonomy":"category","embeddable":true,"href":"https:\/\/www.telavita.com.br\/blog\/wp-json\/wp\/v2\/categories?post=5742"},{"taxonomy":"post_tag","embeddable":true,"href":"https:\/\/www.telavita.com.br\/blog\/wp-json\/wp\/v2\/tags?post=5742"}],"curies":[{"name":"wp","href":"https:\/\/api.w.org\/{rel}","templated":true}]}}