{"id":5758,"date":"2019-07-31T08:45:48","date_gmt":"2019-07-31T11:45:48","guid":{"rendered":"https:\/\/www.telavita.com.br\/blog\/?p=5758"},"modified":"2024-04-24T13:15:59","modified_gmt":"2024-04-24T16:15:59","slug":"familia-de-pessoas-com-demencia","status":"publish","type":"post","link":"https:\/\/www.telavita.com.br\/blog\/familia-de-pessoas-com-demencia\/","title":{"rendered":"Os benef\u00edcios do acompanhamento psicol\u00f3gico para a fam\u00edlia de pessoas com dem\u00eancia"},"content":{"rendered":"<p>No come\u00e7o, ela esquecia uma coisa ou outra: chaves, dire\u00e7\u00f5es, anivers\u00e1rios&#8230; Ach\u00e1vamos at\u00e9 engra\u00e7ado. \u201cAfinal, quem nunca fez isso?\u201d. Depois, surgiram os problemas na fala. Nem conseguia manter direito uma conversa. \u201c\u00c9 a idade chegando\u201d, pens\u00e1vamos. No final, n\u00e3o lembrava nem quem \u00e9ramos e n\u00e3o podia sair sozinha de casa. \u201cAh, mas ela estava t\u00e3o bem\u201d, era o que mais escut\u00e1vamos.<\/p>\n<p>Esse relato pode se encaixar no cotidiano de diversas fam\u00edlias. Os <strong>sinais de dem\u00eancia<\/strong> s\u00e3o m\u00ednimos no in\u00edcio. Classifica\u00e7\u00f5es como <strong>dem\u00eancia de Alzheimer<\/strong> ou <strong>dem\u00eancia com corpos de Lewy<\/strong>, nem passam pela cabe\u00e7a dos familiares. Entretanto, uma pequena desaten\u00e7\u00e3o pode agravar severamente a situa\u00e7\u00e3o.<\/p>\n<p>Os cuidados s\u00e3o necess\u00e1rios, principalmente com a <strong>dem\u00eancia na terceira idade<\/strong>. Quanto mais a s\u00edndrome avan\u00e7a, maior \u00e9 o tempo despendido. A fam\u00edlia tamb\u00e9m passa por um processo de transforma\u00e7\u00e3o com a condi\u00e7\u00e3o.<\/p>\n<h2>O peso na fam\u00edlia cuidadora<\/h2>\n<p>A dem\u00eancia \u00e9 uma s\u00edndrome que afeta a capacidade cognitiva do indiv\u00edduo. Dessa forma, apesar de atuar de forma lenta, ela impossibilita a pessoa de realizar diversas atividades consideradas simples, como cozinhar e dirigir.<\/p>\n<p>Sendo assim, a fam\u00edlia de pessoas com dem\u00eancia aparece como uma figura fundamental, pois \u00e9 ela que, geralmente, adota uma postura para tomar conta dessa pessoa. Os cuidados n\u00e3o s\u00e3o f\u00e1ceis, pois ser\u00e1 necess\u00e1rio muito esfor\u00e7o e tempo para realizar as necessidades de quem est\u00e1 com dem\u00eancia.<\/p>\n<p>Sobre o assunto, o artigo \u201c<a href=\"http:\/\/pepsic.bvsalud.org\/scielo.php?script=sci_arttext&amp;pid=S2177-093X2013000100003\">Doen\u00e7a de Alzheimer: o que muda na vida do familiar cuidador?<\/a>\u201d procurou elucidar melhor esse tema. De acordo com os relatos obtidos, percebeu-se uma sobrecarga f\u00edsica e emocional nos cuidadores, principalmente porque eles n\u00e3o contam com outras membros da fam\u00edlia para dividir as responsabilidades.<\/p>\n<p>\u201cDestaca-se tamb\u00e9m que, como conseq\u00fc\u00eancia de assumir essa fun\u00e7\u00e3o, v\u00e1rias \u00e1reas de sua vida foram afetadas (social, afetiva, profissional, sa\u00fade f\u00edsica e emocional), o que, muitas vezes, exigiu renunciar ou adiar seus pr\u00f3prios projetos de vida\u201d, relatou o estudo.<\/p>\n<p>Na mesma linha, o artigo \u201c<a href=\"https:\/\/www.ncbi.nlm.nih.gov\/pmc\/articles\/PMC3181916\/\">Cuidadores familiares de pessoas com dem\u00eancia<\/a>\u201d chegou em conclus\u00f5es semelhantes. \u201cOs efeitos (&#8230;) s\u00e3o geralmente negativos, com altas taxas de sobrecarga e morbidade psicol\u00f3gica, bem como isolamento social, problemas f\u00edsicos e dificuldades financeiras\u201d.<\/p>\n<p>Entretanto, a pesquisa tamb\u00e9m procurou solucionar a quest\u00e3o. Segundo os autores, interven\u00e7\u00f5es psicossociais t\u00eam demonstrado reduzir a sobrecarga e depress\u00e3o do cuidador familiar. Al\u00e9m disso, essa medida foi respons\u00e1vel por adiar a interna\u00e7\u00e3o em lares de idosos.<\/p>\n<p>Nesse sentido, a Associa\u00e7\u00e3o Brit\u00e2nica de Psicologia levantou alguns n\u00fameros sobre a rela\u00e7\u00e3o da fam\u00edlia de <strong>pessoas com dem\u00eancia<\/strong>:<\/p>\n<p>&#8211; 61% dos cuidadores relataram que sua sa\u00fade piorou;<\/p>\n<p>&#8211; Cerca de metade dos cuidadores prim\u00e1rios experimentam altos n\u00edveis de sobrecarga;<\/p>\n<p>&#8211; De 22 a 33% dos cuidadores relatam n\u00edveis significativos de depress\u00e3o;<\/p>\n<p>&#8211; Quase tr\u00eas quartos dos cuidadores relatam luto por perdas, incluindo perda de intimidade e perda de pap\u00e9is passados com a pessoa com dem\u00eancia.<\/p>\n<p>Leia tamb\u00e9m em nosso blog: <a href=\"https:\/\/www.telavita.com.br\/blog\/sintomas-de-demencia\/\">os sintomas de dem\u00eancia<\/a><\/p>\n<h2>Import\u00e2ncia do acompanhamento psicol\u00f3gico para a fam\u00edlia de pessoas com dem\u00eancia<\/h2>\n<p>Compreender <strong>o que \u00e9 dem\u00eancia<\/strong> n\u00e3o \u00e9 f\u00e1cil. As mudan\u00e7as, como vimos, geralmente, trazem consequ\u00eancias negativas para a fam\u00edlia. Por\u00e9m, isso significa que \u00e9 necess\u00e1rio compreender o que est\u00e1 acontecendo para poder lidar melhor com a situa\u00e7\u00e3o. Por estarmos tratando de v\u00e1rios problemas de ordem mental, o acompanhamento psicol\u00f3gico \u00e9 recomendado.<\/p>\n<p>A Associa\u00e7\u00e3o Brit\u00e2nica de Psicologia, ent\u00e3o, realizou um levantamento sobre o tema. Nele, apontou que interven\u00e7\u00f5es psicol\u00f3gicas para cuidadores podem ser eficazes na produ\u00e7\u00e3o de resultados positivos.<\/p>\n<p>\u201cProgramas psicoeducacionais, treinamento de habilidades, aconselhamento individual e familiar, terapias comportamentais cognitivas e programas de m\u00faltiplos componentes podem reduzir o estresse do cuidador\u201d, complementa o levantamento.<\/p>\n<p>Contudo, \u00e9 necess\u00e1rio compreender o papel do psic\u00f3logo na quest\u00e3o. Ele ajudar\u00e1 a fam\u00edlia a compreender o novo papel dela em rela\u00e7\u00e3o a pessoa com dem\u00eancia. \u00c9 necess\u00e1rio trabalhar essa resignifica\u00e7\u00e3o para poder lidar corretamente com o indiv\u00edduo.<\/p>\n<p>A terapia \u00e9 um local importante para entender mais sobre a pr\u00f3pria s\u00edndrome e as limita\u00e7\u00f5es que dela incorrem. Al\u00e9m disso, funciona como um espa\u00e7o em que as pessoas podem falar sobre as frustra\u00e7\u00f5es e ocorr\u00eancias que as afligem.<\/p>\n<p>O acompanhamento psicol\u00f3gico tamb\u00e9m atua no desenvolvimento das faculdades mentais. A paci\u00eancia \u00e9 importante no trato de pessoas com dem\u00eancia. Ent\u00e3o, por mais dif\u00edcil que seja a situa\u00e7\u00e3o, ela ajudar\u00e1 a pessoa a entender o que est\u00e1 acontecendo e como lidar melhor com ela.<\/p>\n<p>O trabalho com o psic\u00f3logo ser\u00e1 respons\u00e1vel por ajudar os familiares na adapta\u00e7\u00e3o da nova rotina. Ainda, \u00e9 importante que as pessoas n\u00e3o tratem o indiv\u00edduo com dem\u00eancia como inv\u00e1lido. N\u00e3o \u00e9 preciso apagar os bons momentos da mem\u00f3ria por conta dessa situa\u00e7\u00e3o.<\/p>\n","protected":false},"excerpt":{"rendered":"<p>No come\u00e7o, ela esquecia uma coisa ou outra: chaves, dire\u00e7\u00f5es, anivers\u00e1rios&#8230; Ach\u00e1vamos at\u00e9 engra\u00e7ado. \u201cAfinal, quem nunca fez isso?\u201d. Depois, surgiram os problemas na fala. Nem conseguia manter direito uma conversa. \u201c\u00c9 a idade chegando\u201d, pens\u00e1vamos. No final, n\u00e3o lembrava nem quem \u00e9ramos e n\u00e3o podia sair sozinha de casa. \u201cAh, mas ela estava t\u00e3o [&hellip;]<\/p>\n","protected":false},"author":11,"featured_media":5823,"comment_status":"open","ping_status":"open","sticky":false,"template":"","format":"standard","meta":{"_lmt_disableupdate":"","_lmt_disable":"","footnotes":""},"categories":[272],"tags":[],"yoast_head":"<!-- This site is optimized with the Yoast SEO plugin v19.8 - https:\/\/yoast.com\/wordpress\/plugins\/seo\/ -->\n<title>Benef\u00edcios da Terapia para a Fam\u00edlia de pessoas com Dem\u00eancia l Telavita<\/title>\n<meta name=\"description\" content=\"A dem\u00eancia \u00e9 uma s\u00edndrome que afeta toda a rotina da fam\u00edlia. Ent\u00e3o, \u00e9 importante entend\u00ea-la e procurar ajudatamb\u00e9m para a fam\u00edlia de pessoas com dem\u00eancia.\" \/>\n<meta name=\"robots\" content=\"index, follow, max-snippet:-1, max-image-preview:large, max-video-preview:-1\" \/>\n<link rel=\"canonical\" href=\"https:\/\/www.telavita.com.br\/blog\/familia-de-pessoas-com-demencia\/\" \/>\n<meta property=\"og:locale\" content=\"pt_BR\" \/>\n<meta property=\"og:type\" content=\"article\" \/>\n<meta property=\"og:title\" content=\"Benef\u00edcios da Terapia para a Fam\u00edlia de pessoas com Dem\u00eancia l Telavita\" \/>\n<meta property=\"og:description\" content=\"A dem\u00eancia \u00e9 uma s\u00edndrome que afeta toda a rotina da fam\u00edlia. Ent\u00e3o, \u00e9 importante entend\u00ea-la e procurar ajudatamb\u00e9m para a fam\u00edlia de pessoas com dem\u00eancia.\" \/>\n<meta property=\"og:url\" content=\"https:\/\/www.telavita.com.br\/blog\/familia-de-pessoas-com-demencia\/\" \/>\n<meta property=\"og:site_name\" content=\"Telavita\" \/>\n<meta property=\"article:publisher\" content=\"https:\/\/www.facebook.com\/Telavita\" \/>\n<meta property=\"article:published_time\" content=\"2019-07-31T11:45:48+00:00\" \/>\n<meta property=\"article:modified_time\" content=\"2024-04-24T16:15:59+00:00\" \/>\n<meta property=\"og:image\" content=\"https:\/\/www.telavita.com.br\/blog\/wp-content\/uploads\/2019\/08\/familia-de-pessoas-com-demencia.jpg\" \/>\n\t<meta property=\"og:image:width\" content=\"900\" \/>\n\t<meta property=\"og:image:height\" content=\"560\" \/>\n\t<meta property=\"og:image:type\" content=\"image\/jpeg\" \/>\n<meta name=\"author\" content=\"Telavita\" \/>\n<meta name=\"twitter:card\" content=\"summary_large_image\" \/>\n<meta name=\"twitter:label1\" content=\"Escrito por\" \/>\n\t<meta name=\"twitter:data1\" content=\"Telavita\" \/>\n\t<meta name=\"twitter:label2\" content=\"Est. tempo de leitura\" \/>\n\t<meta name=\"twitter:data2\" content=\"5 minutos\" \/>\n<!-- \/ Yoast SEO plugin. -->","yoast_head_json":{"title":"Benef\u00edcios da Terapia para a Fam\u00edlia de pessoas com Dem\u00eancia l Telavita","description":"A dem\u00eancia \u00e9 uma s\u00edndrome que afeta toda a rotina da fam\u00edlia. Ent\u00e3o, \u00e9 importante entend\u00ea-la e procurar ajudatamb\u00e9m para a fam\u00edlia de pessoas com dem\u00eancia.","robots":{"index":"index","follow":"follow","max-snippet":"max-snippet:-1","max-image-preview":"max-image-preview:large","max-video-preview":"max-video-preview:-1"},"canonical":"https:\/\/www.telavita.com.br\/blog\/familia-de-pessoas-com-demencia\/","og_locale":"pt_BR","og_type":"article","og_title":"Benef\u00edcios da Terapia para a Fam\u00edlia de pessoas com Dem\u00eancia l Telavita","og_description":"A dem\u00eancia \u00e9 uma s\u00edndrome que afeta toda a rotina da fam\u00edlia. Ent\u00e3o, \u00e9 importante entend\u00ea-la e procurar ajudatamb\u00e9m para a fam\u00edlia de pessoas com dem\u00eancia.","og_url":"https:\/\/www.telavita.com.br\/blog\/familia-de-pessoas-com-demencia\/","og_site_name":"Telavita","article_publisher":"https:\/\/www.facebook.com\/Telavita","article_published_time":"2019-07-31T11:45:48+00:00","article_modified_time":"2024-04-24T16:15:59+00:00","og_image":[{"width":900,"height":560,"url":"https:\/\/www.telavita.com.br\/blog\/wp-content\/uploads\/2019\/08\/familia-de-pessoas-com-demencia.jpg","type":"image\/jpeg"}],"author":"Telavita","twitter_card":"summary_large_image","twitter_misc":{"Escrito por":"Telavita","Est. tempo de leitura":"5 minutos"},"schema":{"@context":"https:\/\/schema.org","@graph":[{"@type":"Article","@id":"https:\/\/www.telavita.com.br\/blog\/familia-de-pessoas-com-demencia\/#article","isPartOf":{"@id":"https:\/\/www.telavita.com.br\/blog\/familia-de-pessoas-com-demencia\/"},"author":{"name":"Telavita","@id":"https:\/\/www.telavita.com.br\/blog\/#\/schema\/person\/365e554815ae72366924ab1f2b06fdaa"},"headline":"Os benef\u00edcios do acompanhamento psicol\u00f3gico para a fam\u00edlia de pessoas com dem\u00eancia","datePublished":"2019-07-31T11:45:48+00:00","dateModified":"2024-04-24T16:15:59+00:00","mainEntityOfPage":{"@id":"https:\/\/www.telavita.com.br\/blog\/familia-de-pessoas-com-demencia\/"},"wordCount":886,"commentCount":0,"publisher":{"@id":"https:\/\/www.telavita.com.br\/blog\/#organization"},"articleSection":["Doen\u00e7as"],"inLanguage":"pt-BR","potentialAction":[{"@type":"CommentAction","name":"Comment","target":["https:\/\/www.telavita.com.br\/blog\/familia-de-pessoas-com-demencia\/#respond"]}]},{"@type":"WebPage","@id":"https:\/\/www.telavita.com.br\/blog\/familia-de-pessoas-com-demencia\/","url":"https:\/\/www.telavita.com.br\/blog\/familia-de-pessoas-com-demencia\/","name":"Benef\u00edcios da Terapia para a Fam\u00edlia de pessoas com Dem\u00eancia l Telavita","isPartOf":{"@id":"https:\/\/www.telavita.com.br\/blog\/#website"},"datePublished":"2019-07-31T11:45:48+00:00","dateModified":"2024-04-24T16:15:59+00:00","description":"A dem\u00eancia \u00e9 uma s\u00edndrome que afeta toda a rotina da fam\u00edlia. Ent\u00e3o, \u00e9 importante entend\u00ea-la e procurar ajudatamb\u00e9m para a fam\u00edlia de pessoas com dem\u00eancia.","breadcrumb":{"@id":"https:\/\/www.telavita.com.br\/blog\/familia-de-pessoas-com-demencia\/#breadcrumb"},"inLanguage":"pt-BR","potentialAction":[{"@type":"ReadAction","target":["https:\/\/www.telavita.com.br\/blog\/familia-de-pessoas-com-demencia\/"]}]},{"@type":"BreadcrumbList","@id":"https:\/\/www.telavita.com.br\/blog\/familia-de-pessoas-com-demencia\/#breadcrumb","itemListElement":[{"@type":"ListItem","position":1,"name":"In\u00edcio","item":"https:\/\/www.telavita.com.br\/blog\/"},{"@type":"ListItem","position":2,"name":"Os benef\u00edcios do acompanhamento psicol\u00f3gico para a fam\u00edlia de pessoas com dem\u00eancia"}]},{"@type":"WebSite","@id":"https:\/\/www.telavita.com.br\/blog\/#website","url":"https:\/\/www.telavita.com.br\/blog\/","name":"Telavita","description":"Conte\u00fados especializados sobre sa\u00fade mental e bem-estar","publisher":{"@id":"https:\/\/www.telavita.com.br\/blog\/#organization"},"potentialAction":[{"@type":"SearchAction","target":{"@type":"EntryPoint","urlTemplate":"https:\/\/www.telavita.com.br\/blog\/?s={search_term_string}"},"query-input":"required name=search_term_string"}],"inLanguage":"pt-BR"},{"@type":"Organization","@id":"https:\/\/www.telavita.com.br\/blog\/#organization","name":"Telavita","url":"https:\/\/www.telavita.com.br\/blog\/","sameAs":["https:\/\/www.linkedin.com\/company\/telavita\/mycompany\/verification\/","https:\/\/www.instagram.com\/telavita\/","https:\/\/www.facebook.com\/Telavita"],"logo":{"@type":"ImageObject","inLanguage":"pt-BR","@id":"https:\/\/www.telavita.com.br\/blog\/#\/schema\/logo\/image\/","url":"https:\/\/www.telavita.com.br\/blog\/wp-content\/uploads\/2021\/05\/telavita.jpg","contentUrl":"https:\/\/www.telavita.com.br\/blog\/wp-content\/uploads\/2021\/05\/telavita.jpg","width":200,"height":200,"caption":"Telavita"},"image":{"@id":"https:\/\/www.telavita.com.br\/blog\/#\/schema\/logo\/image\/"}},{"@type":"Person","@id":"https:\/\/www.telavita.com.br\/blog\/#\/schema\/person\/365e554815ae72366924ab1f2b06fdaa","name":"Telavita","image":{"@type":"ImageObject","inLanguage":"pt-BR","@id":"https:\/\/www.telavita.com.br\/blog\/#\/schema\/person\/image\/","url":"https:\/\/secure.gravatar.com\/avatar\/ac2e61ce00e3238eb646b649fdcae5e4?s=96&d=mm&r=g","contentUrl":"https:\/\/secure.gravatar.com\/avatar\/ac2e61ce00e3238eb646b649fdcae5e4?s=96&d=mm&r=g","caption":"Telavita"},"url":"https:\/\/www.telavita.com.br\/blog\/author\/telavita\/"}]}},"modified_by":null,"_links":{"self":[{"href":"https:\/\/www.telavita.com.br\/blog\/wp-json\/wp\/v2\/posts\/5758"}],"collection":[{"href":"https:\/\/www.telavita.com.br\/blog\/wp-json\/wp\/v2\/posts"}],"about":[{"href":"https:\/\/www.telavita.com.br\/blog\/wp-json\/wp\/v2\/types\/post"}],"author":[{"embeddable":true,"href":"https:\/\/www.telavita.com.br\/blog\/wp-json\/wp\/v2\/users\/11"}],"replies":[{"embeddable":true,"href":"https:\/\/www.telavita.com.br\/blog\/wp-json\/wp\/v2\/comments?post=5758"}],"version-history":[{"count":4,"href":"https:\/\/www.telavita.com.br\/blog\/wp-json\/wp\/v2\/posts\/5758\/revisions"}],"predecessor-version":[{"id":9436,"href":"https:\/\/www.telavita.com.br\/blog\/wp-json\/wp\/v2\/posts\/5758\/revisions\/9436"}],"wp:featuredmedia":[{"embeddable":true,"href":"https:\/\/www.telavita.com.br\/blog\/wp-json\/wp\/v2\/media\/5823"}],"wp:attachment":[{"href":"https:\/\/www.telavita.com.br\/blog\/wp-json\/wp\/v2\/media?parent=5758"}],"wp:term":[{"taxonomy":"category","embeddable":true,"href":"https:\/\/www.telavita.com.br\/blog\/wp-json\/wp\/v2\/categories?post=5758"},{"taxonomy":"post_tag","embeddable":true,"href":"https:\/\/www.telavita.com.br\/blog\/wp-json\/wp\/v2\/tags?post=5758"}],"curies":[{"name":"wp","href":"https:\/\/api.w.org\/{rel}","templated":true}]}}