{"id":5836,"date":"2019-08-26T12:00:17","date_gmt":"2019-08-26T15:00:17","guid":{"rendered":"https:\/\/www.telavita.com.br\/blog\/?p=5836"},"modified":"2024-07-04T14:23:57","modified_gmt":"2024-07-04T17:23:57","slug":"violencia-psicologica-infantil","status":"publish","type":"post","link":"https:\/\/www.telavita.com.br\/blog\/violencia-psicologica-infantil\/","title":{"rendered":"Viol\u00eancia infantil: os impactos da viol\u00eancia psicol\u00f3gica infantil"},"content":{"rendered":"<p>Se uma crian\u00e7a aparece constantemente com roxos pelo corpo, \u00e9 de se preocupar. A <strong>viol\u00eancia infantil<\/strong> existe e n\u00e3o pode ser negligenciada, precisa ser combatida. Por\u00e9m, quando se fala em <strong>viol\u00eancia contra a crian\u00e7a<\/strong>, associa-se imediatamente a algo f\u00edsico, mas n\u00e3o podemos esquecer de que a <strong>viol\u00eancia psicol\u00f3gica infantil<\/strong> pode acontecer com frequ\u00eancia e bem debaixo do nosso nariz. Os danos na mente podem ser extremamente perigosos para o futuro, pois afetam o desenvolvimento pleno cognitivo e comportamental da crian\u00e7a e que n\u00e3o s\u00e3o resolvidos facilmente.<\/p>\n<p>O assunto \u00e9 urgente pois, na maioria dos casos, \u00e9 a <strong>viol\u00eancia infantil dom\u00e9stica <\/strong>que impera. Dessa forma, como nesse <strong>tipo de viol\u00eancia infantil <\/strong>os pr\u00f3prios familiares quem praticam a viol\u00eancia, \u00e9 importante sabermos identificar quando o abuso psicol\u00f3gico d\u00e1 as caras.<\/p>\n<p>A <strong>viol\u00eancia dom\u00e9stica contra menor<\/strong>, ent\u00e3o, precisa ser observada de perto. Os danos n\u00e3o s\u00e3o aparentes, mas sutis. O comportamento da crian\u00e7a \u00e9 um bom indicador do fato. Aprender sobre o seu significado e a consequente manifesta\u00e7\u00e3o podem fazer a diferen\u00e7a para revelar um rela\u00e7\u00e3o abusiva.<\/p>\n<h2>O que \u00e9 viol\u00eancia psicol\u00f3gica infantil?<\/h2>\n<p>Ao definir determinadas situa\u00e7\u00f5es, fazemos uma distin\u00e7\u00e3o do que \u00e9 real ou n\u00e3o. Dar significado \u00e0 algo permite compreendermos o que est\u00e1 acontecendo. Por conta disso, dar nome retifica e valida a ocorr\u00eancia, principalmente quando tratamos de assuntos mais delicados.<\/p>\n<p>Nesse sentido, a <a href=\"https:\/\/www.who.int\/news-room\/fact-sheets\/detail\/violence-against-children\">Organiza\u00e7\u00e3o Mundial da Sa\u00fade<\/a> (OMS), definiu <strong>a viol\u00eancia infantil<\/strong> sob a \u00f3tica psicol\u00f3gica. De acordo com o \u00f3rg\u00e3o internacional, \u201ca viol\u00eancia emocional ou psicol\u00f3gica inclui a restri\u00e7\u00e3o de movimentos, denigra\u00e7\u00e3o, rid\u00edculo, amea\u00e7as e intimida\u00e7\u00e3o, discrimina\u00e7\u00e3o, rejei\u00e7\u00e3o e outras formas n\u00e3o-f\u00edsicas de tratamento hostil\u201d.<\/p>\n<p>As den\u00fancias de viola\u00e7\u00f5es de direitos humanos coletadas nos canais da <a href=\"https:\/\/www.mdh.gov.br\/informacao-ao-cidadao\/ouvidoria\/balanco-disque-100\">Ouvidoria Nacional de Direitos Humanos<\/a> d\u00e3o uma certa dimens\u00e3o do problema no Brasil: A viol\u00eancia psicol\u00f3gica se mostrou presente em 48,76% dos casos averiguados com pessoas de at\u00e9 17 anos.<\/p>\n<p>Vale ressaltar que numa mesma situa\u00e7\u00e3o podem incorrer variados <strong>tipos de viol\u00eancia contra crian\u00e7a e adolescente<\/strong>. Segundo os dados, os problemas psicol\u00f3gicos somente perdem para os casos de neglig\u00eancia, que correspondem a 72,66% dos eventos.<\/p>\n<h2>Agress\u00e3o contra crian\u00e7a: consequ\u00eancias para o psicol\u00f3gico<\/h2>\n<p>A <strong>viol\u00eancia infantil<\/strong> produz diversos reflexos na crian\u00e7a. Uma agress\u00e3o gera consequ\u00eancias. Quando tratamos do abuso psicol\u00f3gico, a mente \u00e9 a mais afetada. Diversas \u00e1reas do desenvolvimento sofrem com essas a\u00e7\u00f5es.<\/p>\n<p>\u201cPrecisamente porque interfere na trajet\u00f3ria de desenvolvimento de uma crian\u00e7a, os maus-tratos psicol\u00f3gicos t\u00eam sido associados a dist\u00farbios de apego, problemas de desenvolvimento e educa\u00e7\u00e3o, problemas de socializa\u00e7\u00e3o e comportamento perturbador\u201d, enfatizaram os pesquisadores do artigo \u201c<a href=\"https:\/\/pediatrics.aappublications.org\/content\/130\/2\/372.full\">Psychological Maltreatment<\/a>\u201d, publicado na revista <strong>Pediatrics.<\/strong><\/p>\n<p>Nesse sentido, procurando compreender o peso da viol\u00eancia psicol\u00f3gica nos jovens, um estudo publicado na \u201cPsychological Trauma: Theory, Research, Practice, and Policy\u201d analisou 5.616 crian\u00e7as e adolescentes com hist\u00f3rico de abuso psicol\u00f3gico, f\u00edsico e sexual.<\/p>\n<p>A pesquisa \u201c<a href=\"https:\/\/www.apa.org\/pubs\/journals\/releases\/tra-a0037766.pdf\">Unseen Wounds: The Contribution of Psychological Maltreatment to Child and Adolescent Mental Health and Risk Outcomes<\/a>\u201d destacou que &#8216;os perfis cl\u00ednicos de jovens maltratados psicologicamente se sobrepunham a, ainda que distintos, daqueles de jovens v\u00edtimas de abuso f\u00edsico e\/ou sexual\u201d.<\/p>\n<p>No caso das pessoas que sofreram <strong>viol\u00eancia psicol\u00f3gica,<\/strong> o artigo apontou uma tend\u00eancia maior delas apresentarem os sintomas de <strong>ansiedade, depress\u00e3o, transtorno de estresse p\u00f3s-traum\u00e1tico e baixa auto-estima.<\/strong><\/p>\n<p>Sendo assim, fica evidente os danos causados pelo abuso psicol\u00f3gico na inf\u00e2ncia. Todas as a\u00e7\u00f5es causam impactos na vida das crian\u00e7as e, sendo uma atitude negativa, os traumas t\u00eam grande chance de existirem. \u00c9 preciso lutar <strong>contra a viol\u00eancia infantil<\/strong>. Seja a <strong>viol\u00eancia dom\u00e9stica infantil<\/strong> ou n\u00e3o. Caso presencie algo do tipo, denuncie imediatamente para a pol\u00edcia.<\/p>\n","protected":false},"excerpt":{"rendered":"<p>Se uma crian\u00e7a aparece constantemente com roxos pelo corpo, \u00e9 de se preocupar. A viol\u00eancia infantil existe e n\u00e3o pode ser negligenciada, precisa ser combatida. Por\u00e9m, quando se fala em viol\u00eancia contra a crian\u00e7a, associa-se imediatamente a algo f\u00edsico, mas n\u00e3o podemos esquecer de que a viol\u00eancia psicol\u00f3gica infantil pode acontecer com frequ\u00eancia e bem [&hellip;]<\/p>\n","protected":false},"author":11,"featured_media":5862,"comment_status":"open","ping_status":"open","sticky":false,"template":"","format":"standard","meta":{"_lmt_disableupdate":"","_lmt_disable":"","footnotes":""},"categories":[269],"tags":[],"yoast_head":"<!-- This site is optimized with the Yoast SEO plugin v19.8 - https:\/\/yoast.com\/wordpress\/plugins\/seo\/ -->\n<title>Os impactos da viol\u00eancia psicol\u00f3gica infantil | Telavita<\/title>\n<meta name=\"description\" content=\"Precisamos falar sobre viol\u00eancia infantil. N\u00e3o somente das agress\u00f5es f\u00edsicas, mas daquelas de ordem psicol\u00f3gica. Ali\u00e1s, estas podem ser mais danoso.\" \/>\n<meta name=\"robots\" content=\"index, follow, max-snippet:-1, max-image-preview:large, max-video-preview:-1\" \/>\n<link rel=\"canonical\" href=\"https:\/\/www.telavita.com.br\/blog\/violencia-psicologica-infantil\/\" \/>\n<meta property=\"og:locale\" content=\"pt_BR\" \/>\n<meta property=\"og:type\" content=\"article\" \/>\n<meta property=\"og:title\" content=\"Os impactos da viol\u00eancia psicol\u00f3gica infantil | Telavita\" \/>\n<meta property=\"og:description\" content=\"Precisamos falar sobre viol\u00eancia infantil. N\u00e3o somente das agress\u00f5es f\u00edsicas, mas daquelas de ordem psicol\u00f3gica. Ali\u00e1s, estas podem ser mais danoso.\" \/>\n<meta property=\"og:url\" content=\"https:\/\/www.telavita.com.br\/blog\/violencia-psicologica-infantil\/\" \/>\n<meta property=\"og:site_name\" content=\"Telavita\" \/>\n<meta property=\"article:publisher\" content=\"https:\/\/www.facebook.com\/Telavita\" \/>\n<meta property=\"article:published_time\" content=\"2019-08-26T15:00:17+00:00\" \/>\n<meta property=\"article:modified_time\" content=\"2024-07-04T17:23:57+00:00\" \/>\n<meta property=\"og:image\" content=\"https:\/\/www.telavita.com.br\/blog\/wp-content\/uploads\/2019\/08\/violencia-infantil.jpg\" \/>\n\t<meta property=\"og:image:width\" content=\"900\" \/>\n\t<meta property=\"og:image:height\" content=\"560\" \/>\n\t<meta property=\"og:image:type\" content=\"image\/jpeg\" \/>\n<meta name=\"author\" content=\"Telavita\" \/>\n<meta name=\"twitter:card\" content=\"summary_large_image\" \/>\n<meta name=\"twitter:label1\" content=\"Escrito por\" \/>\n\t<meta name=\"twitter:data1\" content=\"Telavita\" \/>\n\t<meta name=\"twitter:label2\" content=\"Est. tempo de leitura\" \/>\n\t<meta name=\"twitter:data2\" content=\"3 minutos\" \/>\n<!-- \/ Yoast SEO plugin. -->","yoast_head_json":{"title":"Os impactos da viol\u00eancia psicol\u00f3gica infantil | Telavita","description":"Precisamos falar sobre viol\u00eancia infantil. N\u00e3o somente das agress\u00f5es f\u00edsicas, mas daquelas de ordem psicol\u00f3gica. Ali\u00e1s, estas podem ser mais danoso.","robots":{"index":"index","follow":"follow","max-snippet":"max-snippet:-1","max-image-preview":"max-image-preview:large","max-video-preview":"max-video-preview:-1"},"canonical":"https:\/\/www.telavita.com.br\/blog\/violencia-psicologica-infantil\/","og_locale":"pt_BR","og_type":"article","og_title":"Os impactos da viol\u00eancia psicol\u00f3gica infantil | Telavita","og_description":"Precisamos falar sobre viol\u00eancia infantil. N\u00e3o somente das agress\u00f5es f\u00edsicas, mas daquelas de ordem psicol\u00f3gica. Ali\u00e1s, estas podem ser mais danoso.","og_url":"https:\/\/www.telavita.com.br\/blog\/violencia-psicologica-infantil\/","og_site_name":"Telavita","article_publisher":"https:\/\/www.facebook.com\/Telavita","article_published_time":"2019-08-26T15:00:17+00:00","article_modified_time":"2024-07-04T17:23:57+00:00","og_image":[{"width":900,"height":560,"url":"https:\/\/www.telavita.com.br\/blog\/wp-content\/uploads\/2019\/08\/violencia-infantil.jpg","type":"image\/jpeg"}],"author":"Telavita","twitter_card":"summary_large_image","twitter_misc":{"Escrito por":"Telavita","Est. tempo de leitura":"3 minutos"},"schema":{"@context":"https:\/\/schema.org","@graph":[{"@type":"Article","@id":"https:\/\/www.telavita.com.br\/blog\/violencia-psicologica-infantil\/#article","isPartOf":{"@id":"https:\/\/www.telavita.com.br\/blog\/violencia-psicologica-infantil\/"},"author":{"name":"Telavita","@id":"https:\/\/www.telavita.com.br\/blog\/#\/schema\/person\/365e554815ae72366924ab1f2b06fdaa"},"headline":"Viol\u00eancia infantil: os impactos da viol\u00eancia psicol\u00f3gica infantil","datePublished":"2019-08-26T15:00:17+00:00","dateModified":"2024-07-04T17:23:57+00:00","mainEntityOfPage":{"@id":"https:\/\/www.telavita.com.br\/blog\/violencia-psicologica-infantil\/"},"wordCount":686,"commentCount":0,"publisher":{"@id":"https:\/\/www.telavita.com.br\/blog\/#organization"},"articleSection":["Inf\u00e2ncia e Adolesc\u00eancia"],"inLanguage":"pt-BR","potentialAction":[{"@type":"CommentAction","name":"Comment","target":["https:\/\/www.telavita.com.br\/blog\/violencia-psicologica-infantil\/#respond"]}]},{"@type":"WebPage","@id":"https:\/\/www.telavita.com.br\/blog\/violencia-psicologica-infantil\/","url":"https:\/\/www.telavita.com.br\/blog\/violencia-psicologica-infantil\/","name":"Os impactos da viol\u00eancia psicol\u00f3gica infantil | Telavita","isPartOf":{"@id":"https:\/\/www.telavita.com.br\/blog\/#website"},"datePublished":"2019-08-26T15:00:17+00:00","dateModified":"2024-07-04T17:23:57+00:00","description":"Precisamos falar sobre viol\u00eancia infantil. N\u00e3o somente das agress\u00f5es f\u00edsicas, mas daquelas de ordem psicol\u00f3gica. Ali\u00e1s, estas podem ser mais danoso.","breadcrumb":{"@id":"https:\/\/www.telavita.com.br\/blog\/violencia-psicologica-infantil\/#breadcrumb"},"inLanguage":"pt-BR","potentialAction":[{"@type":"ReadAction","target":["https:\/\/www.telavita.com.br\/blog\/violencia-psicologica-infantil\/"]}]},{"@type":"BreadcrumbList","@id":"https:\/\/www.telavita.com.br\/blog\/violencia-psicologica-infantil\/#breadcrumb","itemListElement":[{"@type":"ListItem","position":1,"name":"In\u00edcio","item":"https:\/\/www.telavita.com.br\/blog\/"},{"@type":"ListItem","position":2,"name":"Viol\u00eancia infantil: os impactos da viol\u00eancia psicol\u00f3gica infantil"}]},{"@type":"WebSite","@id":"https:\/\/www.telavita.com.br\/blog\/#website","url":"https:\/\/www.telavita.com.br\/blog\/","name":"Telavita","description":"Conte\u00fados especializados sobre sa\u00fade mental e bem-estar","publisher":{"@id":"https:\/\/www.telavita.com.br\/blog\/#organization"},"potentialAction":[{"@type":"SearchAction","target":{"@type":"EntryPoint","urlTemplate":"https:\/\/www.telavita.com.br\/blog\/?s={search_term_string}"},"query-input":"required name=search_term_string"}],"inLanguage":"pt-BR"},{"@type":"Organization","@id":"https:\/\/www.telavita.com.br\/blog\/#organization","name":"Telavita","url":"https:\/\/www.telavita.com.br\/blog\/","sameAs":["https:\/\/www.linkedin.com\/company\/telavita\/mycompany\/verification\/","https:\/\/www.instagram.com\/telavita\/","https:\/\/www.facebook.com\/Telavita"],"logo":{"@type":"ImageObject","inLanguage":"pt-BR","@id":"https:\/\/www.telavita.com.br\/blog\/#\/schema\/logo\/image\/","url":"https:\/\/www.telavita.com.br\/blog\/wp-content\/uploads\/2021\/05\/telavita.jpg","contentUrl":"https:\/\/www.telavita.com.br\/blog\/wp-content\/uploads\/2021\/05\/telavita.jpg","width":200,"height":200,"caption":"Telavita"},"image":{"@id":"https:\/\/www.telavita.com.br\/blog\/#\/schema\/logo\/image\/"}},{"@type":"Person","@id":"https:\/\/www.telavita.com.br\/blog\/#\/schema\/person\/365e554815ae72366924ab1f2b06fdaa","name":"Telavita","image":{"@type":"ImageObject","inLanguage":"pt-BR","@id":"https:\/\/www.telavita.com.br\/blog\/#\/schema\/person\/image\/","url":"https:\/\/secure.gravatar.com\/avatar\/ac2e61ce00e3238eb646b649fdcae5e4?s=96&d=mm&r=g","contentUrl":"https:\/\/secure.gravatar.com\/avatar\/ac2e61ce00e3238eb646b649fdcae5e4?s=96&d=mm&r=g","caption":"Telavita"},"url":"https:\/\/www.telavita.com.br\/blog\/author\/telavita\/"}]}},"modified_by":null,"_links":{"self":[{"href":"https:\/\/www.telavita.com.br\/blog\/wp-json\/wp\/v2\/posts\/5836"}],"collection":[{"href":"https:\/\/www.telavita.com.br\/blog\/wp-json\/wp\/v2\/posts"}],"about":[{"href":"https:\/\/www.telavita.com.br\/blog\/wp-json\/wp\/v2\/types\/post"}],"author":[{"embeddable":true,"href":"https:\/\/www.telavita.com.br\/blog\/wp-json\/wp\/v2\/users\/11"}],"replies":[{"embeddable":true,"href":"https:\/\/www.telavita.com.br\/blog\/wp-json\/wp\/v2\/comments?post=5836"}],"version-history":[{"count":3,"href":"https:\/\/www.telavita.com.br\/blog\/wp-json\/wp\/v2\/posts\/5836\/revisions"}],"predecessor-version":[{"id":5858,"href":"https:\/\/www.telavita.com.br\/blog\/wp-json\/wp\/v2\/posts\/5836\/revisions\/5858"}],"wp:featuredmedia":[{"embeddable":true,"href":"https:\/\/www.telavita.com.br\/blog\/wp-json\/wp\/v2\/media\/5862"}],"wp:attachment":[{"href":"https:\/\/www.telavita.com.br\/blog\/wp-json\/wp\/v2\/media?parent=5836"}],"wp:term":[{"taxonomy":"category","embeddable":true,"href":"https:\/\/www.telavita.com.br\/blog\/wp-json\/wp\/v2\/categories?post=5836"},{"taxonomy":"post_tag","embeddable":true,"href":"https:\/\/www.telavita.com.br\/blog\/wp-json\/wp\/v2\/tags?post=5836"}],"curies":[{"name":"wp","href":"https:\/\/api.w.org\/{rel}","templated":true}]}}