{"id":5852,"date":"2019-08-15T09:28:30","date_gmt":"2019-08-15T12:28:30","guid":{"rendered":"https:\/\/www.telavita.com.br\/blog\/?p=5852"},"modified":"2019-10-16T17:48:05","modified_gmt":"2019-10-16T20:48:05","slug":"comportamentos-primeira-infancia","status":"publish","type":"post","link":"https:\/\/www.telavita.com.br\/blog\/comportamentos-primeira-infancia\/","title":{"rendered":"Desenvolvimento e comportamentos comuns na primeira inf\u00e2ncia"},"content":{"rendered":"<p>A partir do momento que voc\u00ea descobre que ter\u00e1 um filho, tudo muda. Parece at\u00e9 que existe uma pequena chave no nosso c\u00e9rebro que, assim que ligada, muda toda a percep\u00e7\u00e3o sobre o mundo, assim como as preocupa\u00e7\u00f5es. Sim, preocupa\u00e7\u00f5es, no plural mesmo. Elas s\u00e3o muitas e parecem n\u00e3o ter fim. Afinal, a cada pesquisa realizada voc\u00ea descobre mais e mais termos para aprender. E um dos primeiros deles, provavelmente, deve ser <strong>a primeira inf\u00e2ncia<\/strong>.<\/p>\n<h2>Conceito de primeira inf\u00e2ncia<\/h2>\n<p>\u201c<strong>O que \u00e9 a primeira inf\u00e2ncia?<\/strong>\u201d, \u201c<strong>qual a idade da primeira inf\u00e2ncia?<\/strong>\u201d e \u201c<strong>quais s\u00e3o os cuidados na primeira inf\u00e2ncia?<\/strong>\u201d s\u00e3o algumas perguntas que surgem naturalmente, afinal, os pais de primeira viagem t\u00eam muito o que aprender.<\/p>\n<p><strong>A primeira inf\u00e2ncia<\/strong> nada mais \u00e9 do que um per\u00edodo de tempo que demarca uma fase do desenvolvimento infantil. Ela come\u00e7a no nascimento e vai at\u00e9 os 6 anos de idade, ou seja, marca o in\u00edcio da vida.<\/p>\n<p>A <strong>import\u00e2ncia da primeira inf\u00e2ncia<\/strong> \u00e9 t\u00e3o grande que, em 2016, foi criada a <a href=\"http:\/\/www.planalto.gov.br\/ccivil_03\/_Ato2015-2018\/2016\/Lei\/L13257.htm\">Lei 13.257<\/a>, tamb\u00e9m conhecida como o <strong>marco legal da primeira inf\u00e2ncia<\/strong>. A legisla\u00e7\u00e3o surgiu para proteger as crian\u00e7as e implementar pol\u00edticas p\u00fablicas para o bem dos filhos pequenos.<\/p>\n<h2>Desenvolvimento na primeira inf\u00e2ncia<\/h2>\n<p>A crian\u00e7a passa por diversas transforma\u00e7\u00f5es independentemente <strong>da <\/strong><strong>idade da primeira inf\u00e2ncia<\/strong>. S\u00e3o mudan\u00e7as f\u00edsicas e cognitivas que moldam algumas caracter\u00edsticas do indiv\u00edduo para o resto da vida.<\/p>\n<p>No s\u00e9culo XX, o psic\u00f3logo su\u00ed\u00e7o<strong> Jean Piaget<\/strong> realizou estudos com crian\u00e7as e elaborou uma teoria sobre o desenvolvimento intelectual humano. \u00a0Ao tratar da <strong>primeira inf\u00e2ncia<\/strong>, \u00e9 poss\u00edvel observar a divis\u00e3o em dois est\u00e1gios: <strong>o per\u00edodo sens\u00f3rio-motor e o per\u00edodo pr\u00e9-operat\u00f3rio.<\/strong><\/p>\n<h3>Per\u00edodo sens\u00f3rio-motor (0 a 2 anos)<\/h3>\n<p>No in\u00edcio da vida, os beb\u00eas s\u00f3 est\u00e3o cientes do que est\u00e1 acontecendo \u00e0 frente deles. Desse modo, eles se concentram no seu campo de vis\u00e3o e nas intera\u00e7\u00f5es f\u00edsicas com o ambiente pr\u00f3ximo.<\/p>\n<p>O <a href=\"https:\/\/www.telavita.com.br\/blog\/primeira-infancia\/\"><strong>desenvolvimento da primeira inf\u00e2ncia<\/strong><\/a>, logo nesse come\u00e7o, ocorre pela experimenta\u00e7\u00e3o. Sendo assim, \u00e9 comum v\u00ea-los jogando objetos e colocando coisas em suas bocas. \u00c9 uma fase de tentativa e erro.<\/p>\n<p>Por volta dos 7 meses, a crian\u00e7a j\u00e1 adquire o sentido de que um objeto pode existir de fato, mesmo que ele n\u00e3o seja visto. Tamb\u00e9m \u00e9 nesse per\u00edodo que ocorre um importante <strong>desenvolvimento motor na primeira inf\u00e2ncia<\/strong>. Os pequenos come\u00e7am a engatinhar e, consequentemente, ficam em p\u00e9 e, em alguns casos, at\u00e9 andam.<\/p>\n<p>A fala \u00e9 um aspecto relevante mais para o final dessa \u00e9poca. Aos 12 meses, a crian\u00e7a j\u00e1 compreende e responde a uma ordem dos pais. E j\u00e1 com 2 anos de vida, ela j\u00e1 possui um vocabul\u00e1rio de cerca de 50 palavras e consegue formar frases como \u201cnen\u00e9m quer &#8230;\u201d.<\/p>\n<h3>Per\u00edodo pr\u00e9-operat\u00f3rio (2 a 7 anos)<\/h3>\n<p>O que marca a transi\u00e7\u00e3o entre os dois per\u00edodos \u00e9, de fato, a emerg\u00eancia da linguagem. Dessa forma, a crian\u00e7a passa a realizar mais intera\u00e7\u00f5es interindividuais e consegue atribuir significado para representa\u00e7\u00f5es da realidade, isto \u00e9, atribuir significado a objetos.<\/p>\n<p>Essa fase \u00e9 marcada pelo desenvolvimento da mem\u00f3ria e da imagina\u00e7\u00e3o. Sendo assim, os pequenos consegue entender a diferen\u00e7a entre o passado e o futuro e at\u00e9 compreender brincadeiras de faz-de-conta. Entretanto, tamb\u00e9m \u00e9 um est\u00e1gio em que eles s\u00e3o egoc\u00eantricos e possuem dificuldade em construir frases fora da sua pr\u00f3pria realidade.<\/p>\n<p>O per\u00edodo tamb\u00e9m demonstra situa\u00e7\u00f5es de certas autonomias, pois agora conseguem realizar atividades sozinhas. As crian\u00e7as passam a comer, se vestir, ir ao banheiro e tomar banho de forma independente.<\/p>\n<p>O entendimento de todas as<strong> fases da primeira inf\u00e2ncia<\/strong> \u00e9 vital para compreender os desejos e aprendizados que o seu filho est\u00e1 tentando comunicar, al\u00e9m de se preocupar com o exemplo que ele est\u00e1 copiando, afinal, as crian\u00e7as tendem a captar o que est\u00e1 ao seu redor. Para saber mais, \u00e9 importante ler bastante sobre o assunto e, se as d\u00favidas persistirem, o aconselhamento psicol\u00f3gico \u00e9 essencial. A <a href=\"https:\/\/www.telavita.com.br\/\">Telavita<\/a> pode te auxiliar nesse processo. Saiba mais sobre a nossa plataforma de psicologia online<a href=\"https:\/\/www.telavita.com.br\/\"> aqui!<\/a><\/p>\n","protected":false},"excerpt":{"rendered":"<p>A partir do momento que voc\u00ea descobre que ter\u00e1 um filho, tudo muda. Parece at\u00e9 que existe uma pequena chave no nosso c\u00e9rebro que, assim que ligada, muda toda a percep\u00e7\u00e3o sobre o mundo, assim como as preocupa\u00e7\u00f5es. Sim, preocupa\u00e7\u00f5es, no plural mesmo. Elas s\u00e3o muitas e parecem n\u00e3o ter fim. Afinal, a cada pesquisa [&hellip;]<\/p>\n","protected":false},"author":11,"featured_media":5879,"comment_status":"open","ping_status":"open","sticky":false,"template":"","format":"standard","meta":{"_lmt_disableupdate":"","_lmt_disable":"","footnotes":""},"categories":[269],"tags":[],"yoast_head":"<!-- This site is optimized with the Yoast SEO plugin v19.8 - https:\/\/yoast.com\/wordpress\/plugins\/seo\/ -->\n<title>Comportamentos Comuns Na Primeira Inf\u00e2ncia l Telavita<\/title>\n<meta name=\"description\" content=\"Como \u00e9 o desenvolvimento da crian\u00e7a na primeira inf\u00e2ncia? E quais s\u00e3o os seus comportamentos mais comuns? Venha descobrir isso e um pouco mais!\" \/>\n<meta name=\"robots\" content=\"index, follow, max-snippet:-1, max-image-preview:large, max-video-preview:-1\" \/>\n<link rel=\"canonical\" href=\"https:\/\/www.telavita.com.br\/blog\/comportamentos-primeira-infancia\/\" \/>\n<meta property=\"og:locale\" content=\"pt_BR\" \/>\n<meta property=\"og:type\" content=\"article\" \/>\n<meta property=\"og:title\" content=\"Comportamentos Comuns Na Primeira Inf\u00e2ncia l Telavita\" \/>\n<meta property=\"og:description\" content=\"Como \u00e9 o desenvolvimento da crian\u00e7a na primeira inf\u00e2ncia? E quais s\u00e3o os seus comportamentos mais comuns? Venha descobrir isso e um pouco mais!\" \/>\n<meta property=\"og:url\" content=\"https:\/\/www.telavita.com.br\/blog\/comportamentos-primeira-infancia\/\" \/>\n<meta property=\"og:site_name\" content=\"Telavita\" \/>\n<meta property=\"article:publisher\" content=\"https:\/\/www.facebook.com\/Telavita\" \/>\n<meta property=\"article:published_time\" content=\"2019-08-15T12:28:30+00:00\" \/>\n<meta property=\"article:modified_time\" content=\"2019-10-16T20:48:05+00:00\" \/>\n<meta property=\"og:image\" content=\"https:\/\/www.telavita.com.br\/blog\/wp-content\/uploads\/2019\/08\/comportamentos-comuns-na-primeira-infancia.jpg\" \/>\n\t<meta property=\"og:image:width\" content=\"900\" \/>\n\t<meta property=\"og:image:height\" content=\"560\" \/>\n\t<meta property=\"og:image:type\" content=\"image\/jpeg\" \/>\n<meta name=\"author\" content=\"Telavita\" \/>\n<meta name=\"twitter:card\" content=\"summary_large_image\" \/>\n<meta name=\"twitter:label1\" content=\"Escrito por\" \/>\n\t<meta name=\"twitter:data1\" content=\"Telavita\" \/>\n\t<meta name=\"twitter:label2\" content=\"Est. tempo de leitura\" \/>\n\t<meta name=\"twitter:data2\" content=\"4 minutos\" \/>\n<!-- \/ Yoast SEO plugin. -->","yoast_head_json":{"title":"Comportamentos Comuns Na Primeira Inf\u00e2ncia l Telavita","description":"Como \u00e9 o desenvolvimento da crian\u00e7a na primeira inf\u00e2ncia? E quais s\u00e3o os seus comportamentos mais comuns? Venha descobrir isso e um pouco mais!","robots":{"index":"index","follow":"follow","max-snippet":"max-snippet:-1","max-image-preview":"max-image-preview:large","max-video-preview":"max-video-preview:-1"},"canonical":"https:\/\/www.telavita.com.br\/blog\/comportamentos-primeira-infancia\/","og_locale":"pt_BR","og_type":"article","og_title":"Comportamentos Comuns Na Primeira Inf\u00e2ncia l Telavita","og_description":"Como \u00e9 o desenvolvimento da crian\u00e7a na primeira inf\u00e2ncia? E quais s\u00e3o os seus comportamentos mais comuns? Venha descobrir isso e um pouco mais!","og_url":"https:\/\/www.telavita.com.br\/blog\/comportamentos-primeira-infancia\/","og_site_name":"Telavita","article_publisher":"https:\/\/www.facebook.com\/Telavita","article_published_time":"2019-08-15T12:28:30+00:00","article_modified_time":"2019-10-16T20:48:05+00:00","og_image":[{"width":900,"height":560,"url":"https:\/\/www.telavita.com.br\/blog\/wp-content\/uploads\/2019\/08\/comportamentos-comuns-na-primeira-infancia.jpg","type":"image\/jpeg"}],"author":"Telavita","twitter_card":"summary_large_image","twitter_misc":{"Escrito por":"Telavita","Est. tempo de leitura":"4 minutos"},"schema":{"@context":"https:\/\/schema.org","@graph":[{"@type":"Article","@id":"https:\/\/www.telavita.com.br\/blog\/comportamentos-primeira-infancia\/#article","isPartOf":{"@id":"https:\/\/www.telavita.com.br\/blog\/comportamentos-primeira-infancia\/"},"author":{"name":"Telavita","@id":"https:\/\/www.telavita.com.br\/blog\/#\/schema\/person\/365e554815ae72366924ab1f2b06fdaa"},"headline":"Desenvolvimento e comportamentos comuns na primeira inf\u00e2ncia","datePublished":"2019-08-15T12:28:30+00:00","dateModified":"2019-10-16T20:48:05+00:00","mainEntityOfPage":{"@id":"https:\/\/www.telavita.com.br\/blog\/comportamentos-primeira-infancia\/"},"wordCount":734,"commentCount":0,"publisher":{"@id":"https:\/\/www.telavita.com.br\/blog\/#organization"},"articleSection":["Inf\u00e2ncia e Adolesc\u00eancia"],"inLanguage":"pt-BR","potentialAction":[{"@type":"CommentAction","name":"Comment","target":["https:\/\/www.telavita.com.br\/blog\/comportamentos-primeira-infancia\/#respond"]}]},{"@type":"WebPage","@id":"https:\/\/www.telavita.com.br\/blog\/comportamentos-primeira-infancia\/","url":"https:\/\/www.telavita.com.br\/blog\/comportamentos-primeira-infancia\/","name":"Comportamentos Comuns Na Primeira Inf\u00e2ncia l Telavita","isPartOf":{"@id":"https:\/\/www.telavita.com.br\/blog\/#website"},"datePublished":"2019-08-15T12:28:30+00:00","dateModified":"2019-10-16T20:48:05+00:00","description":"Como \u00e9 o desenvolvimento da crian\u00e7a na primeira inf\u00e2ncia? E quais s\u00e3o os seus comportamentos mais comuns? Venha descobrir isso e um pouco mais!","breadcrumb":{"@id":"https:\/\/www.telavita.com.br\/blog\/comportamentos-primeira-infancia\/#breadcrumb"},"inLanguage":"pt-BR","potentialAction":[{"@type":"ReadAction","target":["https:\/\/www.telavita.com.br\/blog\/comportamentos-primeira-infancia\/"]}]},{"@type":"BreadcrumbList","@id":"https:\/\/www.telavita.com.br\/blog\/comportamentos-primeira-infancia\/#breadcrumb","itemListElement":[{"@type":"ListItem","position":1,"name":"In\u00edcio","item":"https:\/\/www.telavita.com.br\/blog\/"},{"@type":"ListItem","position":2,"name":"Desenvolvimento e comportamentos comuns na primeira inf\u00e2ncia"}]},{"@type":"WebSite","@id":"https:\/\/www.telavita.com.br\/blog\/#website","url":"https:\/\/www.telavita.com.br\/blog\/","name":"Telavita","description":"Conte\u00fados especializados sobre sa\u00fade mental e bem-estar","publisher":{"@id":"https:\/\/www.telavita.com.br\/blog\/#organization"},"potentialAction":[{"@type":"SearchAction","target":{"@type":"EntryPoint","urlTemplate":"https:\/\/www.telavita.com.br\/blog\/?s={search_term_string}"},"query-input":"required name=search_term_string"}],"inLanguage":"pt-BR"},{"@type":"Organization","@id":"https:\/\/www.telavita.com.br\/blog\/#organization","name":"Telavita","url":"https:\/\/www.telavita.com.br\/blog\/","sameAs":["https:\/\/www.linkedin.com\/company\/telavita\/mycompany\/verification\/","https:\/\/www.instagram.com\/telavita\/","https:\/\/www.facebook.com\/Telavita"],"logo":{"@type":"ImageObject","inLanguage":"pt-BR","@id":"https:\/\/www.telavita.com.br\/blog\/#\/schema\/logo\/image\/","url":"https:\/\/www.telavita.com.br\/blog\/wp-content\/uploads\/2021\/05\/telavita.jpg","contentUrl":"https:\/\/www.telavita.com.br\/blog\/wp-content\/uploads\/2021\/05\/telavita.jpg","width":200,"height":200,"caption":"Telavita"},"image":{"@id":"https:\/\/www.telavita.com.br\/blog\/#\/schema\/logo\/image\/"}},{"@type":"Person","@id":"https:\/\/www.telavita.com.br\/blog\/#\/schema\/person\/365e554815ae72366924ab1f2b06fdaa","name":"Telavita","image":{"@type":"ImageObject","inLanguage":"pt-BR","@id":"https:\/\/www.telavita.com.br\/blog\/#\/schema\/person\/image\/","url":"https:\/\/secure.gravatar.com\/avatar\/ac2e61ce00e3238eb646b649fdcae5e4?s=96&d=mm&r=g","contentUrl":"https:\/\/secure.gravatar.com\/avatar\/ac2e61ce00e3238eb646b649fdcae5e4?s=96&d=mm&r=g","caption":"Telavita"},"url":"https:\/\/www.telavita.com.br\/blog\/author\/telavita\/"}]}},"modified_by":"Juliana Sonsin","_links":{"self":[{"href":"https:\/\/www.telavita.com.br\/blog\/wp-json\/wp\/v2\/posts\/5852"}],"collection":[{"href":"https:\/\/www.telavita.com.br\/blog\/wp-json\/wp\/v2\/posts"}],"about":[{"href":"https:\/\/www.telavita.com.br\/blog\/wp-json\/wp\/v2\/types\/post"}],"author":[{"embeddable":true,"href":"https:\/\/www.telavita.com.br\/blog\/wp-json\/wp\/v2\/users\/11"}],"replies":[{"embeddable":true,"href":"https:\/\/www.telavita.com.br\/blog\/wp-json\/wp\/v2\/comments?post=5852"}],"version-history":[{"count":6,"href":"https:\/\/www.telavita.com.br\/blog\/wp-json\/wp\/v2\/posts\/5852\/revisions"}],"predecessor-version":[{"id":5880,"href":"https:\/\/www.telavita.com.br\/blog\/wp-json\/wp\/v2\/posts\/5852\/revisions\/5880"}],"wp:featuredmedia":[{"embeddable":true,"href":"https:\/\/www.telavita.com.br\/blog\/wp-json\/wp\/v2\/media\/5879"}],"wp:attachment":[{"href":"https:\/\/www.telavita.com.br\/blog\/wp-json\/wp\/v2\/media?parent=5852"}],"wp:term":[{"taxonomy":"category","embeddable":true,"href":"https:\/\/www.telavita.com.br\/blog\/wp-json\/wp\/v2\/categories?post=5852"},{"taxonomy":"post_tag","embeddable":true,"href":"https:\/\/www.telavita.com.br\/blog\/wp-json\/wp\/v2\/tags?post=5852"}],"curies":[{"name":"wp","href":"https:\/\/api.w.org\/{rel}","templated":true}]}}