{"id":5856,"date":"2019-08-19T10:41:05","date_gmt":"2019-08-19T13:41:05","guid":{"rendered":"https:\/\/www.telavita.com.br\/blog\/?p=5856"},"modified":"2025-12-08T19:01:42","modified_gmt":"2025-12-08T21:01:42","slug":"conscientizacao-sobre-transtornos-mentais","status":"publish","type":"post","link":"https:\/\/www.telavita.com.br\/blog\/conscientizacao-sobre-transtornos-mentais\/","title":{"rendered":"A falta de conscientiza\u00e7\u00e3o sobre transtornos mentais dificulta ainda mais a vida de quem sofre com eles"},"content":{"rendered":"<p>Voc\u00ea conhece algu\u00e9m com <strong>transtornos mentais<\/strong>? Bem, a chance \u00e9 muito alta. De acordo com o <a href=\"https:\/\/www.msdmanuals.com\/pt\/casa\/dist%C3%BArbios-de-sa%C3%BAde-mental\/considera%C3%A7%C3%B5es-gerais-sobre-cuidados-com-a-sa%C3%BAde-mental\/considera%C3%A7%C3%B5es-gerais-sobre-a-doen%C3%A7a-mental\">Manual MSD<\/a>, cerca de 50% dos adultos tendem a sofrer com <strong>transtornos da mente<\/strong> em algum ponto da vida. E mesmo assim n\u00e3o falamos disso no dia a dia.<\/p>\n<p>Ali\u00e1s, no cotidiano esses problemas n\u00e3o s\u00e3o tratados como deveriam. <strong>A <\/strong><strong>depress\u00e3o \u00e9 um transtorno mental<\/strong>, por exemplo. E, com certeza, j\u00e1 ouvimos frases como \u201cAs coisas n\u00e3o est\u00e3o t\u00e3o ruins assim\u201d ou \u201cVoc\u00ea precisa se animar\u201d para essa situa\u00e7\u00e3o.<\/p>\n<p>O pior \u00e9 quando enxergam o pr\u00f3ximo como \u201clouco\u201d. A forma como as diferentes m\u00eddias abordam o assunto, corrobora com essa vis\u00e3o. Mas, a <strong>depress\u00e3o \u00e9 transtorno mental<\/strong>, lembra? Sob esse ponto de vista, o Brasil seria um hosp\u00edcio. <a href=\"https:\/\/saude.abril.com.br\/mente-saudavel\/brasil-e-o-pais-mais-deprimido-e-ansioso-da-america-latina\/\">A cada 20 indiv\u00edduos, um sofre com a doen\u00e7a<\/a>.<\/p>\n<p>Os efeitos desse comportamento s\u00e3o devastadores. Infelizmente, essa cultura colabora com apenas cerca de 20% das <strong>pessoas com transtorno mental <\/strong>procurarem assist\u00eancia m\u00e9dica. E o pior: v\u00e1rios <strong>transtornos mentais tem cura<\/strong>. Ou seja, somente cria estigmas e atrapalha na sa\u00fade da popula\u00e7\u00e3o.<\/p>\n<h2>O estigma de todos os transtornos mentais<\/h2>\n<p>Compreender o que ocorre, ent\u00e3o, torna-se fundamental. N\u00e3o somente tratar do vi\u00e9s do preconceito, mas saber como essas atitudes refletem nas pessoas que s\u00e3o agredidas. Procurando entender isso, o estudo \u201c<a href=\"https:\/\/www.ncbi.nlm.nih.gov\/pmc\/articles\/PMC1489832\/\">Understanding the impact of stigma on people with mental illness<\/a>\u201d, publicado no \u201cWorld Psychiatry\u201d, busca compreender o impacto causado pelo estigma da sociedade em pessoas com <strong>transtorno psicossocial<\/strong>.<\/p>\n<p>O interessante, nesse sentido, \u00e9 que os autores apontam duas formas de estigma. O primeiro, estigma p\u00fablico, \u00e9 a rea\u00e7\u00e3o que a popula\u00e7\u00e3o no geral possui desses indiv\u00edduos. O segundo, \u00e9 o \u201cauto-estigma\u201d, que, em decorr\u00eancia do anterior, provoca um preconceito da pr\u00f3pria pessoa com <strong>transtorno mental<\/strong> que se volta contra si.<\/p>\n<p>\u201cMuitas pessoas com doen\u00e7a mental grave s\u00e3o desafiadas duplamente. Por um lado, eles lutam com os sintomas e defici\u00eancias que resultam da doen\u00e7a. Por outro lado, eles s\u00e3o desafiados pelos estere\u00f3tipos e preconceitos que resultam de equ\u00edvocos sobre doen\u00e7as mentais\u201d, afirma o estudo.<\/p>\n<p>Por conta disso, o artigo revela, tais indiv\u00edduos acabam sendo privados de oportunidades que caracterizam uma boa <a href=\"https:\/\/www.telavita.com.br\/blog\/qualidade-de-vida\/\">qualidade de vida<\/a>. Eles n\u00e3o conseguem bons empregos, tem um acesso mais dif\u00edcil a melhores moradias e n\u00e3o realizam o <strong>tratamento para transtornos mentais<\/strong>.<\/p>\n<h2>Psicofobia: o que \u00e9?<\/h2>\n<p>Voc\u00ea pode at\u00e9 n\u00e3o conhecer a palavra \u201cpsicofobia\u201d, mas o seu significado, com certeza. Afinal, estamos tratando do preconceito contra <strong>pessoas com transtornos mentais<\/strong>. E \u00e9 fundamental existir uma designa\u00e7\u00e3o espec\u00edfica para isso.<\/p>\n<p>&#8220;A palavra \u2018psicofobia\u2019 \u00e9 fruto de um contexto em que as pessoas s\u00e3o diagnosticadas e t\u00eam vergonha de se tratar. Foi preciso classificar o preconceito que essas pessoas sofrem, na mesma linha da homofobia e xenofobia\u201d, afirma <a href=\"https:\/\/www.huffpostbrasil.com\/2018\/01\/26\/psicofobia-o-preconceito-com-transtornos-mentais-que-afasta-pessoas-do-convivio-social_a_23344542\/\">Ant\u00f4nio Geraldo da Silva<\/a>, presidente da APAL (Associa\u00e7\u00e3o Psiqui\u00e1trica da Am\u00e9rica Latina).<\/p>\n<p>A luta contra o preconceito \u00e9 dif\u00edcil, mas nomear problemas j\u00e1 \u00e9 um grande avan\u00e7o. Conscientizar as pessoas, ent\u00e3o, torna-se fundamental para evitar a propaga\u00e7\u00e3o de ideias nocivas e err\u00f4neas.<\/p>\n<p>Nessa linha, foi criado o Dia Nacional de Enfrentamento \u00e0 Psicofobia, comemorado em 12 de abril. A data foi idealizada pela Associa\u00e7\u00e3o Brasileira de Psiquiatria (ABP) e pretende dar visibilidade para o tema. Combatendo o preconceito e informando corretamente a popula\u00e7\u00e3o com o objetivo de conscientizar: <strong>transtorno mental tem cura<\/strong>, preconceito n\u00e3o.<\/p>\n","protected":false},"excerpt":{"rendered":"<p>Voc\u00ea conhece algu\u00e9m com transtornos mentais? Bem, a chance \u00e9 muito alta. De acordo com o Manual MSD, cerca de 50% dos adultos tendem a sofrer com transtornos da mente em algum ponto da vida. E mesmo assim n\u00e3o falamos disso no dia a dia. Ali\u00e1s, no cotidiano esses problemas n\u00e3o s\u00e3o tratados como deveriam. [&hellip;]<\/p>\n","protected":false},"author":11,"featured_media":5917,"comment_status":"open","ping_status":"open","sticky":false,"template":"","format":"standard","meta":{"_lmt_disableupdate":"no","_lmt_disable":"no","footnotes":""},"categories":[32],"tags":[],"yoast_head":"<!-- This site is optimized with the Yoast SEO plugin v19.8 - https:\/\/yoast.com\/wordpress\/plugins\/seo\/ -->\n<title>A falta De Conscientiza\u00e7\u00e3o Sobre Transtornos Mentais l Telavita<\/title>\n<meta name=\"description\" content=\"A falta de consci\u00eancia atrapalha e muito a vida das pessoas que precisam viver com transtornos mentais. Confira mais neste artigo em nosso blog!\" \/>\n<meta name=\"robots\" content=\"index, follow, max-snippet:-1, max-image-preview:large, max-video-preview:-1\" \/>\n<link rel=\"canonical\" href=\"https:\/\/www.telavita.com.br\/blog\/conscientizacao-sobre-transtornos-mentais\/\" \/>\n<meta property=\"og:locale\" content=\"pt_BR\" \/>\n<meta property=\"og:type\" content=\"article\" \/>\n<meta property=\"og:title\" content=\"A falta De Conscientiza\u00e7\u00e3o Sobre Transtornos Mentais l Telavita\" \/>\n<meta property=\"og:description\" content=\"A falta de consci\u00eancia atrapalha e muito a vida das pessoas que precisam viver com transtornos mentais. Confira mais neste artigo em nosso blog!\" \/>\n<meta property=\"og:url\" content=\"https:\/\/www.telavita.com.br\/blog\/conscientizacao-sobre-transtornos-mentais\/\" \/>\n<meta property=\"og:site_name\" content=\"Telavita\" \/>\n<meta property=\"article:publisher\" content=\"https:\/\/www.facebook.com\/Telavita\" \/>\n<meta property=\"article:published_time\" content=\"2019-08-19T13:41:05+00:00\" \/>\n<meta property=\"article:modified_time\" content=\"2025-12-08T21:01:42+00:00\" \/>\n<meta property=\"og:image\" content=\"https:\/\/www.telavita.com.br\/blog\/wp-content\/uploads\/2019\/09\/transtornos-mentais.jpg\" \/>\n\t<meta property=\"og:image:width\" content=\"900\" \/>\n\t<meta property=\"og:image:height\" content=\"560\" \/>\n\t<meta property=\"og:image:type\" content=\"image\/jpeg\" \/>\n<meta name=\"author\" content=\"Telavita\" \/>\n<meta name=\"twitter:card\" content=\"summary_large_image\" \/>\n<meta name=\"twitter:label1\" content=\"Escrito por\" \/>\n\t<meta name=\"twitter:data1\" content=\"Telavita\" \/>\n\t<meta name=\"twitter:label2\" content=\"Est. tempo de leitura\" \/>\n\t<meta name=\"twitter:data2\" content=\"3 minutos\" \/>\n<!-- \/ Yoast SEO plugin. -->","yoast_head_json":{"title":"A falta De Conscientiza\u00e7\u00e3o Sobre Transtornos Mentais l Telavita","description":"A falta de consci\u00eancia atrapalha e muito a vida das pessoas que precisam viver com transtornos mentais. Confira mais neste artigo em nosso blog!","robots":{"index":"index","follow":"follow","max-snippet":"max-snippet:-1","max-image-preview":"max-image-preview:large","max-video-preview":"max-video-preview:-1"},"canonical":"https:\/\/www.telavita.com.br\/blog\/conscientizacao-sobre-transtornos-mentais\/","og_locale":"pt_BR","og_type":"article","og_title":"A falta De Conscientiza\u00e7\u00e3o Sobre Transtornos Mentais l Telavita","og_description":"A falta de consci\u00eancia atrapalha e muito a vida das pessoas que precisam viver com transtornos mentais. Confira mais neste artigo em nosso blog!","og_url":"https:\/\/www.telavita.com.br\/blog\/conscientizacao-sobre-transtornos-mentais\/","og_site_name":"Telavita","article_publisher":"https:\/\/www.facebook.com\/Telavita","article_published_time":"2019-08-19T13:41:05+00:00","article_modified_time":"2025-12-08T21:01:42+00:00","og_image":[{"width":900,"height":560,"url":"https:\/\/www.telavita.com.br\/blog\/wp-content\/uploads\/2019\/09\/transtornos-mentais.jpg","type":"image\/jpeg"}],"author":"Telavita","twitter_card":"summary_large_image","twitter_misc":{"Escrito por":"Telavita","Est. tempo de leitura":"3 minutos"},"schema":{"@context":"https:\/\/schema.org","@graph":[{"@type":"Article","@id":"https:\/\/www.telavita.com.br\/blog\/conscientizacao-sobre-transtornos-mentais\/#article","isPartOf":{"@id":"https:\/\/www.telavita.com.br\/blog\/conscientizacao-sobre-transtornos-mentais\/"},"author":{"name":"Telavita","@id":"https:\/\/www.telavita.com.br\/blog\/#\/schema\/person\/365e554815ae72366924ab1f2b06fdaa"},"headline":"A falta de conscientiza\u00e7\u00e3o sobre transtornos mentais dificulta ainda mais a vida de quem sofre com eles","datePublished":"2019-08-19T13:41:05+00:00","dateModified":"2025-12-08T21:01:42+00:00","mainEntityOfPage":{"@id":"https:\/\/www.telavita.com.br\/blog\/conscientizacao-sobre-transtornos-mentais\/"},"wordCount":607,"commentCount":0,"publisher":{"@id":"https:\/\/www.telavita.com.br\/blog\/#organization"},"articleSection":["Transtornos Psicol\u00f3gicos"],"inLanguage":"pt-BR","potentialAction":[{"@type":"CommentAction","name":"Comment","target":["https:\/\/www.telavita.com.br\/blog\/conscientizacao-sobre-transtornos-mentais\/#respond"]}]},{"@type":"WebPage","@id":"https:\/\/www.telavita.com.br\/blog\/conscientizacao-sobre-transtornos-mentais\/","url":"https:\/\/www.telavita.com.br\/blog\/conscientizacao-sobre-transtornos-mentais\/","name":"A falta De Conscientiza\u00e7\u00e3o Sobre Transtornos Mentais l Telavita","isPartOf":{"@id":"https:\/\/www.telavita.com.br\/blog\/#website"},"datePublished":"2019-08-19T13:41:05+00:00","dateModified":"2025-12-08T21:01:42+00:00","description":"A falta de consci\u00eancia atrapalha e muito a vida das pessoas que precisam viver com transtornos mentais. Confira mais neste artigo em nosso blog!","breadcrumb":{"@id":"https:\/\/www.telavita.com.br\/blog\/conscientizacao-sobre-transtornos-mentais\/#breadcrumb"},"inLanguage":"pt-BR","potentialAction":[{"@type":"ReadAction","target":["https:\/\/www.telavita.com.br\/blog\/conscientizacao-sobre-transtornos-mentais\/"]}]},{"@type":"BreadcrumbList","@id":"https:\/\/www.telavita.com.br\/blog\/conscientizacao-sobre-transtornos-mentais\/#breadcrumb","itemListElement":[{"@type":"ListItem","position":1,"name":"In\u00edcio","item":"https:\/\/www.telavita.com.br\/blog\/"},{"@type":"ListItem","position":2,"name":"A falta de conscientiza\u00e7\u00e3o sobre transtornos mentais dificulta ainda mais a vida de quem sofre com eles"}]},{"@type":"WebSite","@id":"https:\/\/www.telavita.com.br\/blog\/#website","url":"https:\/\/www.telavita.com.br\/blog\/","name":"Telavita","description":"Conte\u00fados especializados sobre sa\u00fade mental e bem-estar","publisher":{"@id":"https:\/\/www.telavita.com.br\/blog\/#organization"},"potentialAction":[{"@type":"SearchAction","target":{"@type":"EntryPoint","urlTemplate":"https:\/\/www.telavita.com.br\/blog\/?s={search_term_string}"},"query-input":"required name=search_term_string"}],"inLanguage":"pt-BR"},{"@type":"Organization","@id":"https:\/\/www.telavita.com.br\/blog\/#organization","name":"Telavita","url":"https:\/\/www.telavita.com.br\/blog\/","sameAs":["https:\/\/www.linkedin.com\/company\/telavita\/mycompany\/verification\/","https:\/\/www.instagram.com\/telavita\/","https:\/\/www.facebook.com\/Telavita"],"logo":{"@type":"ImageObject","inLanguage":"pt-BR","@id":"https:\/\/www.telavita.com.br\/blog\/#\/schema\/logo\/image\/","url":"https:\/\/www.telavita.com.br\/blog\/wp-content\/uploads\/2021\/05\/telavita.jpg","contentUrl":"https:\/\/www.telavita.com.br\/blog\/wp-content\/uploads\/2021\/05\/telavita.jpg","width":200,"height":200,"caption":"Telavita"},"image":{"@id":"https:\/\/www.telavita.com.br\/blog\/#\/schema\/logo\/image\/"}},{"@type":"Person","@id":"https:\/\/www.telavita.com.br\/blog\/#\/schema\/person\/365e554815ae72366924ab1f2b06fdaa","name":"Telavita","image":{"@type":"ImageObject","inLanguage":"pt-BR","@id":"https:\/\/www.telavita.com.br\/blog\/#\/schema\/person\/image\/","url":"https:\/\/secure.gravatar.com\/avatar\/ac2e61ce00e3238eb646b649fdcae5e4?s=96&d=mm&r=g","contentUrl":"https:\/\/secure.gravatar.com\/avatar\/ac2e61ce00e3238eb646b649fdcae5e4?s=96&d=mm&r=g","caption":"Telavita"},"url":"https:\/\/www.telavita.com.br\/blog\/author\/telavita\/"}]}},"modified_by":"Marcelo Vilas Boas","_links":{"self":[{"href":"https:\/\/www.telavita.com.br\/blog\/wp-json\/wp\/v2\/posts\/5856"}],"collection":[{"href":"https:\/\/www.telavita.com.br\/blog\/wp-json\/wp\/v2\/posts"}],"about":[{"href":"https:\/\/www.telavita.com.br\/blog\/wp-json\/wp\/v2\/types\/post"}],"author":[{"embeddable":true,"href":"https:\/\/www.telavita.com.br\/blog\/wp-json\/wp\/v2\/users\/11"}],"replies":[{"embeddable":true,"href":"https:\/\/www.telavita.com.br\/blog\/wp-json\/wp\/v2\/comments?post=5856"}],"version-history":[{"count":2,"href":"https:\/\/www.telavita.com.br\/blog\/wp-json\/wp\/v2\/posts\/5856\/revisions"}],"predecessor-version":[{"id":9683,"href":"https:\/\/www.telavita.com.br\/blog\/wp-json\/wp\/v2\/posts\/5856\/revisions\/9683"}],"wp:featuredmedia":[{"embeddable":true,"href":"https:\/\/www.telavita.com.br\/blog\/wp-json\/wp\/v2\/media\/5917"}],"wp:attachment":[{"href":"https:\/\/www.telavita.com.br\/blog\/wp-json\/wp\/v2\/media?parent=5856"}],"wp:term":[{"taxonomy":"category","embeddable":true,"href":"https:\/\/www.telavita.com.br\/blog\/wp-json\/wp\/v2\/categories?post=5856"},{"taxonomy":"post_tag","embeddable":true,"href":"https:\/\/www.telavita.com.br\/blog\/wp-json\/wp\/v2\/tags?post=5856"}],"curies":[{"name":"wp","href":"https:\/\/api.w.org\/{rel}","templated":true}]}}