{"id":5882,"date":"2019-09-03T10:07:19","date_gmt":"2019-09-03T13:07:19","guid":{"rendered":"https:\/\/www.telavita.com.br\/blog\/?p=5882"},"modified":"2024-04-19T15:43:23","modified_gmt":"2024-04-19T18:43:23","slug":"profissionais-com-deficiencia","status":"publish","type":"post","link":"https:\/\/www.telavita.com.br\/blog\/profissionais-com-deficiencia\/","title":{"rendered":"PCD no mercado de trabalho: a inclus\u00e3o de profissionais com defici\u00eancia"},"content":{"rendered":"<p><span style=\"font-weight: 400;\">A <\/span><b>inclus\u00e3o de PCD no mercado de trabalho<\/b><span style=\"font-weight: 400;\"> \u00e9 um tema que tem gerado bastante debate. No entanto, n\u00e3o se trata apenas de dar emprego para os profissionais com defici\u00eancia. Aspectos como acessibilidade, condutas adequadas no ambiente de trabalho, cargos e sal\u00e1rios compat\u00edveis precisam de<\/span><b> maior aten\u00e7\u00e3o das empresas contratantes.<\/b><\/p>\n<p><span style=\"font-weight: 400;\">O Brasil possui<\/span> <a href=\"https:\/\/bvsms.saude.gov.br\/11-10-dia-da-pessoa-com-deficiencia-fisica\/#:~:text=O%20Brasil%20possui%20mais%20de,13%20milh%C3%B5es%20s%C3%A3o%20deficientes%20f%C3%ADsicos.\"><b>45 milh\u00f5es de pessoas com alguma defici\u00eancia diagnosticada<\/b><\/a><b>. <\/b><span style=\"font-weight: 400;\">Desses n\u00fameros <\/span><b>menos de 1% s\u00e3o empregados<\/b><span style=\"font-weight: 400;\">, dados que por sua vez, refletem na disparidade de oportunidades que essas pessoas recebem.<\/span><\/p>\n<p><span style=\"font-weight: 400;\">A inclus\u00e3o de pessoas com defici\u00eancia nas empresas faz parte da <\/span><a href=\"http:\/\/www.planalto.gov.br\/ccivil_03\/leis\/L8213cons.htm\"><b>Lei de Cotas<\/b><\/a><span style=\"font-weight: 400;\">, sendo obrigat\u00f3ria caso a empresa tenha entre 100 a 200 empregados.Contudo, mesmo que as corpora\u00e7\u00f5es desejem inserir essa popula\u00e7\u00e3o dentro de seu corpo empresarial, <\/span><b>muitas n\u00e3o sabem como fazer.<\/b><\/p>\n<h2><b>As contrata\u00e7\u00f5es de profissionais com defici\u00eancia<\/b><\/h2>\n<p><span style=\"font-weight: 400;\">Apesar do marco importante da Lei de Cotas, a insatisfa\u00e7\u00e3o continua evidente. De acordo com a psic\u00f3loga e int\u00e9rprete de <\/span><b>Libras (L\u00edngua Brasileira de Sinais), Amanda Ribeiro<\/b><span style=\"font-weight: 400;\">, a inser\u00e7\u00e3o no mercado de trabalho por parte dos deficientes ocorre principalmente \u2013 e quase que exclusivamente &#8211; por conta da Lei de Cotas.<\/span><\/p>\n<p><span style=\"font-weight: 400;\">Entretanto, a contrata\u00e7\u00e3o de <\/span><b>pessoas com defici\u00eancia <\/b><span style=\"font-weight: 400;\">por uma empresa \u00e9 de grande import\u00e2ncia tanto para a economia brasileira, quanto para a inclus\u00e3o dessas pessoas no mercado de trabalho.<\/span><\/p>\n<p><span style=\"font-weight: 400;\">Possibilitar vagas para portadores de defici\u00eancia contribui para <\/span><b>trazer dignidade, democracia, reabilita\u00e7\u00e3o social e psicol\u00f3gica <\/b><span style=\"font-weight: 400;\">para eles. Logo, o colaborador que tem defici\u00eancia tem a oportunidade de interagir com outras pessoas, <\/span><a href=\"https:\/\/www.telavita.com.br\/blog\/aumentar-a-produtividade\/\"><b>se sentir \u00fatil e produtivo<\/b><\/a><span style=\"font-weight: 400;\">, contribuindo tamb\u00e9m com vis\u00f5es e experi\u00eancias diversificadas que agregar\u00e3o valor \u00e0 empresa.<\/span><\/p>\n<h2><b>O papel do RH na inclus\u00e3o de profissionais com\u00a0 defici\u00eancia<\/b><\/h2>\n<p><span style=\"font-weight: 400;\">Antes de tudo, precisamos<\/span><b> entender a diferen\u00e7a entre os termos \u201dintegra\u00e7\u00e3o\u201d e \u201cinclus\u00e3o&#8221;.<\/b><span style=\"font-weight: 400;\"> No primeiro, a<\/span> <span style=\"font-weight: 400;\">pessoa com defici\u00eancia precisa se adaptar a sociedade, com as caracter\u00edsticas e costumes que j\u00e1 possui. J\u00e1 no segundo, com a inclus\u00e3o, entende-se que <\/span><b>os dois lados precisam se modificar e adaptar simultaneamente.<\/b><\/p>\n<p><span style=\"font-weight: 400;\">A <\/span><b>inclus\u00e3o de deficientes<\/b><span style=\"font-weight: 400;\"> no quadro de funcion\u00e1rios n\u00e3o \u00e9 um favor que a empresa faz, afinal, essa pessoa \u00e9 <\/span><b>t\u00e3o capacitada quanto qualquer outra para desempenhar uma fun\u00e7\u00e3o. <\/b><span style=\"font-weight: 400;\">Portanto, \u00e9 preciso se\u00a0 libertar do estigma que o estere\u00f3tipo induz para depois aderir a disponibiliza\u00e7\u00e3o de vagas para pessoas com defici\u00eancia.<\/span><\/p>\n<p><span style=\"font-weight: 400;\">A <\/span><a href=\"https:\/\/www.telavita.com.br\/blog\/bons-profissionais-para-contratar\/\"><b>contrata\u00e7\u00e3o envolve responsabilidade social, respeito, empatia e conhecimento<\/b><\/a> <span style=\"font-weight: 400;\">perante as informa\u00e7\u00f5es necess\u00e1rias. Por isso, \u00e9 dever do RH evitar que a admiss\u00e3o seja feita somente para <\/span><b>cumprir os termos da lei e deixar a inclus\u00e3o como segundo plano.<\/b><\/p>\n<p><span style=\"font-weight: 400;\">No cen\u00e1rio perfeito, a obrigatoriedade de uma lei para assegurar a inser\u00e7\u00e3o desse profissional no mercado de trabalho n\u00e3o seria necess\u00e1ria, pois <\/span><b>o ideal \u00e9 que essa fosse uma atitude natural. <\/b><span style=\"font-weight: 400;\">Logo, a falta de informa\u00e7\u00e3o e o preconceito s\u00e3o os maiores impedimentos na hora de contratar profissionais com defici\u00eancia.\u00a0<\/span><\/p>\n<h2><b>Como lidar com os profissionais com defici\u00eancia?<\/b><\/h2>\n<p><span style=\"font-weight: 400;\">Ap\u00f3s a contrata\u00e7\u00e3o de pessoas com defici\u00eancia, \u00e9 normal se sentir confuso e com medo de ferir os sentimentos dos novos colaboradores <\/span><b>sem inten\u00e7\u00e3o.<\/b><span style=\"font-weight: 400;\"> Deste modo, uma dica importante \u00e9 <\/span><b>o cuidado com a utiliza\u00e7\u00e3o de termos pejorativos<\/b><span style=\"font-weight: 400;\"> para se referir \u00e0s pessoas portadoras de defici\u00eancia.<\/span><\/p>\n<p><span style=\"font-weight: 400;\">N\u00e3o devemos usar palavras que denigrem, humilhem ou inferiorizem, <\/span><b>mesmo que na brincadeira.<\/b><span style=\"font-weight: 400;\"> Termos como \u201caleijado\u201d,\u201dinv\u00e1lido\u201d,\u201dmongol\u201d, \u201cexcepcional\u201d, \u201cretardado\u201d, \u201cincapaz\u201d s\u00e3o maliciosos e carregam uma conduta negativa em seus significados.<\/span><\/p>\n<p><span style=\"font-weight: 400;\">Muitas s\u00e3o as adversidades que o <\/span><b>portador de defici\u00eancia<\/b><span style=\"font-weight: 400;\"> enfrenta todos os dias, como no caso dos <\/span><b>deficientes f\u00edsicos<\/b><span style=\"font-weight: 400;\">, a falta de <\/span><b>acessibilidade<\/b><span style=\"font-weight: 400;\">, por exemplo. A resili\u00eancia, portanto, \u00e9 um de seus maiores tra\u00e7os, ou seja, s\u00e3o pessoas mais preparadas para lidar com situa\u00e7\u00f5es de cr\u00edticas ou desentendimentos, e a se adaptarem melhor \u00e0s situa\u00e7\u00f5es.<\/span><\/p>\n<h2><b>A import\u00e2ncia do apoio psicol\u00f3gico dentro das empresas<\/b><\/h2>\n<p><span style=\"font-weight: 400;\">A <\/span><a href=\"https:\/\/www.telavita.com.br\/blog\/saude-mental-colaboradores\/\"><b>sa\u00fade emocional dos colaboradores<\/b><\/a><span style=\"font-weight: 400;\"> \u00e9 um elemento importante a ser monitorado pois aumenta a produtividade, aumenta o engajamento e diminui os gastos decorrentes da rotatividade de funcion\u00e1rios.<\/span><\/p>\n<p><span style=\"font-weight: 400;\">Quando um profissional com defici\u00eancia \u00e9 contratado, pelas dificuldades que podem ser encontradas quanto a preconceitos, desafios e novas responsabilidades, \u00e9 interessante que haja um <\/span><b>acompanhamento para que possam se sentir inclu\u00eddos<\/b><span style=\"font-weight: 400;\">.<\/span><\/p>\n<p><span style=\"font-weight: 400;\"> O ambiente de trabalho deve ser acolhedor, respeitoso e acess\u00edvel para todas as pessoas, <\/span><b>independente de cor, ra\u00e7a, doen\u00e7as, defici\u00eancias ou orienta\u00e7\u00e3o sexual. <\/b>Logo, a mudan\u00e7a come\u00e7a por voc\u00ea.<\/p>\n<p><a href=\"https:\/\/conteudo.telavita.com.br\/e-book-alem-do-beneficio\" target=\"_blank\" rel=\"noopener\"><img loading=\"lazy\" decoding=\"async\" class=\"aligncenter wp-image-8341 size-full\" src=\"https:\/\/www.telavita.com.br\/blog\/wp-content\/uploads\/2019\/05\/Banner_Blog_E-book.png\" alt=\"ebook-saude-mental-nas-empresas\" width=\"693\" height=\"193\" srcset=\"https:\/\/www.telavita.com.br\/blog\/wp-content\/uploads\/2019\/05\/Banner_Blog_E-book.png 693w, https:\/\/www.telavita.com.br\/blog\/wp-content\/uploads\/2019\/05\/Banner_Blog_E-book-300x84.png 300w\" sizes=\"(max-width: 693px) 100vw, 693px\" \/><\/a><\/p>\n<h2><b>Dicas para lidar com PCD no trabalho<\/b><\/h2>\n<p><span style=\"font-weight: 400;\">Boas pr\u00e1ticas sempre s\u00e3o bem-vindas. Lembre-se que todos devem ser tratados igualmente com respeito e busque ser sua melhor vers\u00e3o sempre. Conhecer universos diferentes do nosso favorece na <\/span><b>constru\u00e7\u00e3o de uma sociedade mais inclusiva <\/b><span style=\"font-weight: 400;\">e no bom relacionamento com as pessoas.\u00a0<\/span><\/p>\n<p><span style=\"font-weight: 400;\">Confira as melhores pr\u00e1ticas de conv\u00edvio para aderir no dia a dia com uma pessoa com defici\u00eancia:<\/span><\/p>\n<h3><b>Boas pr\u00e1ticas para lidar com pessoas com defici\u00eancia f\u00edsica<\/b><\/h3>\n<ul>\n<li style=\"font-weight: 400;\" aria-level=\"1\"><span style=\"font-weight: 400;\">Ao conversar com um profissional que utiliza cadeira de rodas, sente-se, para que fiquem com os olhos no mesmo n\u00edvel do outro;<\/span><\/li>\n<li style=\"font-weight: 400;\" aria-level=\"1\"><span style=\"font-weight: 400;\">N\u00e3o se apoie bengala ou cadeira de rodas;<\/span><\/li>\n<li style=\"font-weight: 400;\" aria-level=\"1\"><span style=\"font-weight: 400;\">Empurre a pessoa em cadeira de rodas com cuidado;<\/span><\/li>\n<li style=\"font-weight: 400;\" aria-level=\"1\"><span style=\"font-weight: 400;\">Sempre que for oferecer ajuda, perguntar como voc\u00ea deve proceder;<\/span><\/li>\n<li style=\"font-weight: 400;\" aria-level=\"1\"><span style=\"font-weight: 400;\">N\u00e3o se ofender se a ajuda for recusada;<\/span><\/li>\n<li style=\"font-weight: 400;\" aria-level=\"1\"><span style=\"font-weight: 400;\">Atentar-se \u00e0s barreiras que existem quando for escolher locais para encontros como reuni\u00f5es ou comemora\u00e7\u00f5es.<\/span><\/li>\n<\/ul>\n<h3><b>Lidando com pessoas com defici\u00eancia visual<\/b><\/h3>\n<ul>\n<li style=\"font-weight: 400;\" aria-level=\"1\"><span style=\"font-weight: 400;\">Ao gui\u00e1-los, coloque sempre a m\u00e3o da pessoa no seu cotovelo, que deve estar dobrado. Se estiverem em algum lugar apertado, colocar as m\u00e3os para tr\u00e1s;<\/span><\/li>\n<li style=\"font-weight: 400;\" aria-level=\"1\"><span style=\"font-weight: 400;\">Avisar com anteced\u00eancia a exist\u00eancia de degraus, buracos, etc;<\/span><\/li>\n<li style=\"font-weight: 400;\" aria-level=\"1\"><span style=\"font-weight: 400;\">Falar em tom de voz normal, a menos que a pessoa tamb\u00e9m possua defici\u00eancia auditiva;<\/span><\/li>\n<\/ul>\n<h3><b>Pessoas com defici\u00eancia auditiva<\/b><\/h3>\n<ul>\n<li style=\"font-weight: 400;\" aria-level=\"1\"><span style=\"font-weight: 400;\">Quando for falar com uma pessoa surda, se posicione \u00e0 frente da mesma, para que ela possa visualizar os movimentos labiais;<\/span><\/li>\n<li style=\"font-weight: 400;\" aria-level=\"1\"><span style=\"font-weight: 400;\">Seja sempre expressivo;<\/span><\/li>\n<li style=\"font-weight: 400;\" aria-level=\"1\"><span style=\"font-weight: 400;\">Mantenha sempre o contato visual;<\/span><\/li>\n<li style=\"font-weight: 400;\" aria-level=\"1\"><span style=\"font-weight: 400;\">Mesmo que estejam acompanhadas por um int\u00e9rprete, dirija-se ao indiv\u00edduo;<\/span><\/li>\n<li style=\"font-weight: 400;\" aria-level=\"1\"><span style=\"font-weight: 400;\">De prefer\u00eancia, pergunte sempre se a pessoa prefere a comunica\u00e7\u00e3o escrita.<\/span><\/li>\n<\/ul>\n<p><span style=\"font-weight: 400;\">\u00c9 importante lembrar de que existem outros tipos de defici\u00eancia, n\u00e3o se limitando somente a essas. A<\/span><b> inclus\u00e3o no Brasil ainda \u00e9 um grande problema <\/b><span style=\"font-weight: 400;\">e \u00e9 essencial que os direitos das pessoas com defici\u00eancia sejam respeitados.\u00a0<\/span><\/p>\n<span class='mb-center maxbutton-2-center'><span class='maxbutton-2-container mb-container'><a class=\"maxbutton-2 maxbutton maxbutton-home-telavita\" href=\"https:\/\/www.telavita.com.br\"><span class='mb-text'>Conhe\u00e7a a Telavita<\/span><\/a><\/span><\/span>\n","protected":false},"excerpt":{"rendered":"<p>A inclus\u00e3o de PCD no mercado de trabalho \u00e9 um tema que tem gerado bastante debate. No entanto, n\u00e3o se trata apenas de dar emprego para os profissionais com defici\u00eancia. Aspectos como acessibilidade, condutas adequadas no ambiente de trabalho, cargos e sal\u00e1rios compat\u00edveis precisam de maior aten\u00e7\u00e3o das empresas contratantes. O Brasil possui 45 milh\u00f5es [&hellip;]<\/p>\n","protected":false},"author":11,"featured_media":8362,"comment_status":"open","ping_status":"open","sticky":false,"template":"","format":"standard","meta":{"_lmt_disableupdate":"","_lmt_disable":"","footnotes":""},"categories":[384],"tags":[],"yoast_head":"<!-- This site is optimized with the Yoast SEO plugin v19.8 - https:\/\/yoast.com\/wordpress\/plugins\/seo\/ -->\n<title>Como tratar um profissional com defici\u00eancia da forma correta?<\/title>\n<meta name=\"description\" content=\"Saiba boas pr\u00e1ticas para ser inclusivo, trate da maneira correta os profissionais com defici\u00eancia e seja uma pessoa respeitosa e emp\u00e1tica.\" \/>\n<meta name=\"robots\" content=\"index, follow, max-snippet:-1, max-image-preview:large, max-video-preview:-1\" \/>\n<link rel=\"canonical\" href=\"https:\/\/www.telavita.com.br\/blog\/profissionais-com-deficiencia\/\" \/>\n<meta property=\"og:locale\" content=\"pt_BR\" \/>\n<meta property=\"og:type\" content=\"article\" \/>\n<meta property=\"og:title\" content=\"Como tratar um profissional com defici\u00eancia da forma correta?\" \/>\n<meta property=\"og:description\" content=\"Saiba boas pr\u00e1ticas para ser inclusivo, trate da maneira correta os profissionais com defici\u00eancia e seja uma pessoa respeitosa e emp\u00e1tica.\" \/>\n<meta property=\"og:url\" content=\"https:\/\/www.telavita.com.br\/blog\/profissionais-com-deficiencia\/\" \/>\n<meta property=\"og:site_name\" content=\"Telavita\" \/>\n<meta property=\"article:publisher\" content=\"https:\/\/www.facebook.com\/Telavita\" \/>\n<meta property=\"article:published_time\" content=\"2019-09-03T13:07:19+00:00\" \/>\n<meta property=\"article:modified_time\" content=\"2024-04-19T18:43:23+00:00\" \/>\n<meta property=\"og:image\" content=\"https:\/\/www.telavita.com.br\/blog\/wp-content\/uploads\/2019\/09\/pessoa-com-deficiencia-no-trabalho.jpg\" \/>\n\t<meta property=\"og:image:width\" content=\"2559\" \/>\n\t<meta property=\"og:image:height\" content=\"1703\" \/>\n\t<meta property=\"og:image:type\" content=\"image\/jpeg\" \/>\n<meta name=\"author\" content=\"Telavita\" \/>\n<meta name=\"twitter:card\" content=\"summary_large_image\" \/>\n<meta name=\"twitter:label1\" content=\"Escrito por\" \/>\n\t<meta name=\"twitter:data1\" content=\"Telavita\" \/>\n\t<meta name=\"twitter:label2\" content=\"Est. tempo de leitura\" \/>\n\t<meta name=\"twitter:data2\" content=\"6 minutos\" \/>\n<!-- \/ Yoast SEO plugin. -->","yoast_head_json":{"title":"Como tratar um profissional com defici\u00eancia da forma correta?","description":"Saiba boas pr\u00e1ticas para ser inclusivo, trate da maneira correta os profissionais com defici\u00eancia e seja uma pessoa respeitosa e emp\u00e1tica.","robots":{"index":"index","follow":"follow","max-snippet":"max-snippet:-1","max-image-preview":"max-image-preview:large","max-video-preview":"max-video-preview:-1"},"canonical":"https:\/\/www.telavita.com.br\/blog\/profissionais-com-deficiencia\/","og_locale":"pt_BR","og_type":"article","og_title":"Como tratar um profissional com defici\u00eancia da forma correta?","og_description":"Saiba boas pr\u00e1ticas para ser inclusivo, trate da maneira correta os profissionais com defici\u00eancia e seja uma pessoa respeitosa e emp\u00e1tica.","og_url":"https:\/\/www.telavita.com.br\/blog\/profissionais-com-deficiencia\/","og_site_name":"Telavita","article_publisher":"https:\/\/www.facebook.com\/Telavita","article_published_time":"2019-09-03T13:07:19+00:00","article_modified_time":"2024-04-19T18:43:23+00:00","og_image":[{"width":2559,"height":1703,"url":"https:\/\/www.telavita.com.br\/blog\/wp-content\/uploads\/2019\/09\/pessoa-com-deficiencia-no-trabalho.jpg","type":"image\/jpeg"}],"author":"Telavita","twitter_card":"summary_large_image","twitter_misc":{"Escrito por":"Telavita","Est. tempo de leitura":"6 minutos"},"schema":{"@context":"https:\/\/schema.org","@graph":[{"@type":"Article","@id":"https:\/\/www.telavita.com.br\/blog\/profissionais-com-deficiencia\/#article","isPartOf":{"@id":"https:\/\/www.telavita.com.br\/blog\/profissionais-com-deficiencia\/"},"author":{"name":"Telavita","@id":"https:\/\/www.telavita.com.br\/blog\/#\/schema\/person\/365e554815ae72366924ab1f2b06fdaa"},"headline":"PCD no mercado de trabalho: a inclus\u00e3o de profissionais com defici\u00eancia","datePublished":"2019-09-03T13:07:19+00:00","dateModified":"2024-04-19T18:43:23+00:00","mainEntityOfPage":{"@id":"https:\/\/www.telavita.com.br\/blog\/profissionais-com-deficiencia\/"},"wordCount":1108,"commentCount":0,"publisher":{"@id":"https:\/\/www.telavita.com.br\/blog\/#organization"},"articleSection":["Recursos Humanos"],"inLanguage":"pt-BR","potentialAction":[{"@type":"CommentAction","name":"Comment","target":["https:\/\/www.telavita.com.br\/blog\/profissionais-com-deficiencia\/#respond"]}]},{"@type":"WebPage","@id":"https:\/\/www.telavita.com.br\/blog\/profissionais-com-deficiencia\/","url":"https:\/\/www.telavita.com.br\/blog\/profissionais-com-deficiencia\/","name":"Como tratar um profissional com defici\u00eancia da forma correta?","isPartOf":{"@id":"https:\/\/www.telavita.com.br\/blog\/#website"},"datePublished":"2019-09-03T13:07:19+00:00","dateModified":"2024-04-19T18:43:23+00:00","description":"Saiba boas pr\u00e1ticas para ser inclusivo, trate da maneira correta os profissionais com defici\u00eancia e seja uma pessoa respeitosa e emp\u00e1tica.","breadcrumb":{"@id":"https:\/\/www.telavita.com.br\/blog\/profissionais-com-deficiencia\/#breadcrumb"},"inLanguage":"pt-BR","potentialAction":[{"@type":"ReadAction","target":["https:\/\/www.telavita.com.br\/blog\/profissionais-com-deficiencia\/"]}]},{"@type":"BreadcrumbList","@id":"https:\/\/www.telavita.com.br\/blog\/profissionais-com-deficiencia\/#breadcrumb","itemListElement":[{"@type":"ListItem","position":1,"name":"In\u00edcio","item":"https:\/\/www.telavita.com.br\/blog\/"},{"@type":"ListItem","position":2,"name":"PCD no mercado de trabalho: a inclus\u00e3o de profissionais com defici\u00eancia"}]},{"@type":"WebSite","@id":"https:\/\/www.telavita.com.br\/blog\/#website","url":"https:\/\/www.telavita.com.br\/blog\/","name":"Telavita","description":"Conte\u00fados especializados sobre sa\u00fade mental e bem-estar","publisher":{"@id":"https:\/\/www.telavita.com.br\/blog\/#organization"},"potentialAction":[{"@type":"SearchAction","target":{"@type":"EntryPoint","urlTemplate":"https:\/\/www.telavita.com.br\/blog\/?s={search_term_string}"},"query-input":"required name=search_term_string"}],"inLanguage":"pt-BR"},{"@type":"Organization","@id":"https:\/\/www.telavita.com.br\/blog\/#organization","name":"Telavita","url":"https:\/\/www.telavita.com.br\/blog\/","sameAs":["https:\/\/www.linkedin.com\/company\/telavita\/mycompany\/verification\/","https:\/\/www.instagram.com\/telavita\/","https:\/\/www.facebook.com\/Telavita"],"logo":{"@type":"ImageObject","inLanguage":"pt-BR","@id":"https:\/\/www.telavita.com.br\/blog\/#\/schema\/logo\/image\/","url":"https:\/\/www.telavita.com.br\/blog\/wp-content\/uploads\/2021\/05\/telavita.jpg","contentUrl":"https:\/\/www.telavita.com.br\/blog\/wp-content\/uploads\/2021\/05\/telavita.jpg","width":200,"height":200,"caption":"Telavita"},"image":{"@id":"https:\/\/www.telavita.com.br\/blog\/#\/schema\/logo\/image\/"}},{"@type":"Person","@id":"https:\/\/www.telavita.com.br\/blog\/#\/schema\/person\/365e554815ae72366924ab1f2b06fdaa","name":"Telavita","image":{"@type":"ImageObject","inLanguage":"pt-BR","@id":"https:\/\/www.telavita.com.br\/blog\/#\/schema\/person\/image\/","url":"https:\/\/secure.gravatar.com\/avatar\/ac2e61ce00e3238eb646b649fdcae5e4?s=96&d=mm&r=g","contentUrl":"https:\/\/secure.gravatar.com\/avatar\/ac2e61ce00e3238eb646b649fdcae5e4?s=96&d=mm&r=g","caption":"Telavita"},"url":"https:\/\/www.telavita.com.br\/blog\/author\/telavita\/"}]}},"modified_by":null,"_links":{"self":[{"href":"https:\/\/www.telavita.com.br\/blog\/wp-json\/wp\/v2\/posts\/5882"}],"collection":[{"href":"https:\/\/www.telavita.com.br\/blog\/wp-json\/wp\/v2\/posts"}],"about":[{"href":"https:\/\/www.telavita.com.br\/blog\/wp-json\/wp\/v2\/types\/post"}],"author":[{"embeddable":true,"href":"https:\/\/www.telavita.com.br\/blog\/wp-json\/wp\/v2\/users\/11"}],"replies":[{"embeddable":true,"href":"https:\/\/www.telavita.com.br\/blog\/wp-json\/wp\/v2\/comments?post=5882"}],"version-history":[{"count":5,"href":"https:\/\/www.telavita.com.br\/blog\/wp-json\/wp\/v2\/posts\/5882\/revisions"}],"predecessor-version":[{"id":8361,"href":"https:\/\/www.telavita.com.br\/blog\/wp-json\/wp\/v2\/posts\/5882\/revisions\/8361"}],"wp:featuredmedia":[{"embeddable":true,"href":"https:\/\/www.telavita.com.br\/blog\/wp-json\/wp\/v2\/media\/8362"}],"wp:attachment":[{"href":"https:\/\/www.telavita.com.br\/blog\/wp-json\/wp\/v2\/media?parent=5882"}],"wp:term":[{"taxonomy":"category","embeddable":true,"href":"https:\/\/www.telavita.com.br\/blog\/wp-json\/wp\/v2\/categories?post=5882"},{"taxonomy":"post_tag","embeddable":true,"href":"https:\/\/www.telavita.com.br\/blog\/wp-json\/wp\/v2\/tags?post=5882"}],"curies":[{"name":"wp","href":"https:\/\/api.w.org\/{rel}","templated":true}]}}