{"id":5900,"date":"2019-09-06T14:54:19","date_gmt":"2019-09-06T17:54:19","guid":{"rendered":"https:\/\/www.telavita.com.br\/blog\/?p=5900"},"modified":"2022-09-28T14:48:11","modified_gmt":"2022-09-28T17:48:11","slug":"transtorno-ansiedade-separacao","status":"publish","type":"post","link":"https:\/\/www.telavita.com.br\/blog\/transtorno-ansiedade-separacao\/","title":{"rendered":"O que \u00e9 o transtorno de ansiedade de separa\u00e7\u00e3o?"},"content":{"rendered":"<p><b>Voc\u00ea j\u00e1 ouviu falar do transtorno da ansiedade de separa\u00e7\u00e3o?<\/b><span style=\"font-weight: 400;\"> Bem, talvez esse nome seja um pouco complicado, mas, com certeza, \u00e9 algo bem conhecido. Para isso, um exerc\u00edcio mental \u00e9 interessante.<\/span><\/p>\n<p><span style=\"font-weight: 400;\">Pense no primeiro dia de aula da vida de uma pequena crian\u00e7a. Pode ser o seu primeiro dia, o do seu filho, ou at\u00e9 mesmo de algu\u00e9m que viu em algum filme. Lembra-se daquela crian\u00e7a que <\/span><b>chorava copiosamente porque n\u00e3o queria ficar longe dos pais?<\/b><span style=\"font-weight: 400;\"> Pois \u00e9, pode ser que ela estava passando por um transtorno da ansiedade de separa\u00e7\u00e3o.<\/span><\/p>\n<p><span style=\"font-weight: 400;\">Apesar de estar geralmente associado a crian\u00e7as, \u00e9 poss\u00edvel observar tamb\u00e9m a ansiedade de separa\u00e7\u00e3o em adultos. Geralmente, essas situa\u00e7\u00f5es n\u00e3o foram tratadas na inf\u00e2ncia e <\/span><b>progrediram para a vida adulta. <\/b><span style=\"font-weight: 400;\">Ent\u00e3o, para evitar tais situa\u00e7\u00f5es, que tal conhecer um pouco mais sobre isso?<\/span><\/p>\n<h2><b>O que \u00e9 o transtorno de ansiedade de separa\u00e7\u00e3o?<\/b><\/h2>\n<p><span style=\"font-weight: 400;\">A <\/span><b>ansiedade de\u00a0 separa\u00e7\u00e3o<\/b><span style=\"font-weight: 400;\"> est\u00e1 classificada no <\/span><b>CID (Classifica\u00e7\u00e3o Estat\u00edstica Internacional de Doen\u00e7as e Problemas Relacionados com a Sa\u00fade)<\/b><span style=\"font-weight: 400;\"> como parte dos \u201ctranstornos emocionais com in\u00edcio especificamente na inf\u00e2ncia\u201d.\u00a0<\/span><\/p>\n<p><span style=\"font-weight: 400;\">A <\/span><a href=\"https:\/\/www.telavita.com.br\/blog\/5-maneiras-combater-angustia\/\"><b>ang\u00fastia ao ter que ficar s\u00f3<\/b><\/a><span style=\"font-weight: 400;\">, as crises de choro insistentes e o que chamamos de \u201cbirra\u201d pode ser um dos sinais do aparecimento do transtorno. Nele, a ansiedade \u00e9 focalizada sobre o temor relacionado com a separa\u00e7\u00e3o, ocorrendo pela primeira vez <\/span><b>durante os<\/b> <b>primeiros anos da inf\u00e2ncia.<\/b><\/p>\n<p><span style=\"font-weight: 400;\">Neste dist\u00farbio o apego \u00e9 intenso, e estar sem a presen\u00e7a f\u00edsica das pessoas que amam <\/span><b>podem fazer o indiv\u00edduo sentir um enorme desamparo<\/b><span style=\"font-weight: 400;\">, afinal, quem os acompanha diariamente n\u00e3o estar\u00e1 presente. \u00c9 normal despedidas desencadearem a <\/span><a href=\"https:\/\/www.telavita.com.br\/blog\/dependencia-emocional-psicologia\/\"><b>sensa\u00e7\u00e3o de falta<\/b><\/a><span style=\"font-weight: 400;\">, contudo, \u00e9 preciso observar o tempo em que elas permanecem e como o indiv\u00edduo lida com esse sentimento.<\/span><\/p>\n<h2><b>Quais s\u00e3o as causas?<\/b><\/h2>\n<p><span style=\"font-weight: 400;\">O <\/span><b>transtorno de ansiedade por separa\u00e7\u00e3o<\/b><span style=\"font-weight: 400;\"> ainda n\u00e3o possui causas exatas que o identificam. Mesmo assim, existem certos fatores que podem ser apontados para o desenvolvimento do dist\u00farbio.<\/span><\/p>\n<p><span style=\"font-weight: 400;\">Dessa forma, o primeiro aspecto a ser observado \u00e9 a <\/span><b>superprote\u00e7\u00e3o dos pais.<\/b><span style=\"font-weight: 400;\"> Viver em um ambiente de muita prote\u00e7\u00e3o pode ser prejudicial. Nesse sentido, pais e filhos alimentam esses desejos e sentimentos uns dos outros.<\/span><\/p>\n<p><span style=\"font-weight: 400;\">Outra possibilidade \u00e9 <\/span><b>o advento de algum evento traum\u00e1tico ou estressante.<\/b><span style=\"font-weight: 400;\"> A morte de um ente querido ou at\u00e9 de um animal de estima\u00e7\u00e3o pode ser o suficiente para desencadear os sintomas.<\/span><\/p>\n<p><span style=\"font-weight: 400;\">Al\u00e9m disso, n\u00e3o \u00e9 poss\u00edvel descartar o fator gen\u00e9tico envolvido. Mesmo ainda sem comprova\u00e7\u00f5es cient\u00edficas, existem certos ind\u00edcios de que a hereditariedade consegue <\/span><b>aumentar a vulnerabilidade ao transtorno.<\/b><\/p>\n<p><a href=\"https:\/\/www.telavita.com.br\/blog\/o-que-e-ansiedade\/\"><b>LEIA MAIS: O que \u00e9 a ansiedade? Descubra como enfrentar o mal do s\u00e9culo<\/b><\/a><\/p>\n<h2><b>Sintomas do transtorno de ansiedade de separa\u00e7\u00e3o<\/b><\/h2>\n<p><span style=\"font-weight: 400;\">A identifica\u00e7\u00e3o \u00e9 essencial. Ela permite dar pistas do que est\u00e1 acontecendo com a pessoa e a necessidade de procurar ajuda m\u00e9dica. Dessa forma, \u00e9 preciso conhecer quais s\u00e3o os sintomas presentes no <\/span><b>transtorno de ansiedade da separa\u00e7\u00e3o.<\/b><\/p>\n<ul>\n<li style=\"font-weight: 400;\" aria-level=\"1\"><span style=\"font-weight: 400;\">Ang\u00fastia exagerada no momento de separa\u00e7\u00e3o das figuras de apego;<\/span><\/li>\n<li style=\"font-weight: 400;\" aria-level=\"1\"><span style=\"font-weight: 400;\">Preocupa\u00e7\u00e3o excessiva de perder um ente querido;<\/span><\/li>\n<li style=\"font-weight: 400;\" aria-level=\"1\"><span style=\"font-weight: 400;\">Medo de vivenciar algum evento negativo inesperado que leva \u00e0 separa\u00e7\u00e3o. Por exemplo: adoecer;<\/span><\/li>\n<li style=\"font-weight: 400;\" aria-level=\"1\"><span style=\"font-weight: 400;\">Recusa em sair de casa, escola, trabalho ou outro lugar por medo de separa\u00e7\u00e3o;<\/span><\/li>\n<li style=\"font-weight: 400;\" aria-level=\"1\"><span style=\"font-weight: 400;\">Ang\u00fastia persistente de ficar sozinho ou sem os entes queridos em casa ou em outros lugares;<\/span><\/li>\n<li style=\"font-weight: 400;\" aria-level=\"1\"><span style=\"font-weight: 400;\">Relut\u00e2ncia em dormir longe de casa ou ir dormir sem as figuras de apego perto;<\/span><\/li>\n<li style=\"font-weight: 400;\" aria-level=\"1\"><span style=\"font-weight: 400;\">Pesadelos que envolvem temas de separa\u00e7\u00e3o;<\/span><\/li>\n<li style=\"font-weight: 400;\" aria-level=\"1\"><span style=\"font-weight: 400;\">Dores f\u00edsicas repetidas, como dor de cabe\u00e7a e n\u00e1usea, de forma antecipada ou no momento da separa\u00e7\u00e3o.<\/span><\/li>\n<\/ul>\n<h2><b>Como \u00e9 feito o diagn\u00f3stico?<\/b><\/h2>\n<p><span style=\"font-weight: 400;\">O diagn\u00f3stico \u00e9 realizado por um <\/span><a href=\"https:\/\/www.telavita.com.br\/blog\/psiquiatra\/\"><b>m\u00e9dico psiquiatra.<\/b><\/a> <span style=\"font-weight: 400;\">Assim \u00e9 realizado uma an\u00e1lise do hist\u00f3rico m\u00e9dico do paciente, al\u00e9m de <\/span><b>observar os cen\u00e1rios em que ocorreram as separa\u00e7\u00f5es.<\/b><\/p>\n<p><span style=\"font-weight: 400;\">Para ser considerado transtorno, \u00e9 necess\u00e1rio que as manifesta\u00e7\u00f5es estejam presentes h\u00e1 mais de 4 semanas. Ainda, o sofrimento deve ser significativo e prejudicar o funcionamento comum das atividades. Nesses casos, a pessoa n\u00e3o consegue participar de atividades sociais regulares, por exemplo.<\/span><\/p>\n<p><b>LEIA MAIS: <\/b><a href=\"https:\/\/www.telavita.com.br\/blog\/a-importancia-da-psiquiatria\/\"><b>A import\u00e2ncia da psiquiatria<\/b><\/a><\/p>\n<h2><b>Tratamentos\u00a0<\/b><\/h2>\n<p><span style=\"font-weight: 400;\">O tratamento do <\/span><b>transtorno de ansiedade e separa\u00e7\u00e3o<\/b><span style=\"font-weight: 400;\"> tem como objetivo capacitar novamente a pessoa a realizar as atividades usuais. O <\/span><a href=\"https:\/\/www.telavita.com.br\/blog\/terapia-online-para-transtorno-psicologico\/\"><b>acompanhamento psicol\u00f3gico<\/b><\/a><span style=\"font-weight: 400;\"> \u00e9 importante tanto para o paciente, quanto para os entes pr\u00f3ximos. Nesse sentido, ajudar\u00e1 a pessoa a lidar com esses sentimentos e dar\u00e1 instru\u00e7\u00f5es para as figuras de apego.\u00a0<\/span><\/p>\n<p><span style=\"font-weight: 400;\">No entanto, as cenas de despedida devem ser curtas e<\/span><b> \u00e9 necess\u00e1rio treinar as pessoas pr\u00f3ximas para reagir \u00e0 lamenta\u00e7\u00e3o de maneira sensata.<\/b><span style=\"font-weight: 400;\"> Medicamentos tamb\u00e9m podem ser utilizados, por\u00e9m, somente em casos graves.\u00a0<\/span><\/p>\n<p><b>LEIA MAIS: <\/b><a href=\"https:\/\/www.telavita.com.br\/blog\/tratamentos-transtorno-ansiedade\/\"><b>Os melhores tratamentos para os transtornos de ansiedade<\/b><\/a><\/p>\n<h3><b>Como \u00e9 a terapia para o transtorno de ansiedade de separa\u00e7\u00e3o?<\/b><\/h3>\n<p><span style=\"font-weight: 400;\">O papel do psic\u00f3logo \u00e9<\/span><b> auxiliar o paciente a identificar os gatilhos que disparam os sintomas f\u00edsicos do transtorno.<\/b><span style=\"font-weight: 400;\"> Sendo assim, o primeiro passo para aprofundar o acompanhamento psicol\u00f3gico \u00e9 compreender estes gatilhos e os sentimentos da pessoa.<\/span><\/p>\n<p><span style=\"font-weight: 400;\">A terapia, ent\u00e3o, procura conscientizar o paciente sobre o dist\u00farbio e como ele afeta as diferentes \u00e1reas de sua vida. A ideia \u00e9 promover uma percep\u00e7\u00e3o maior sobre si e, assim, <\/span><a href=\"https:\/\/www.telavita.com.br\/blog\/autoconhecimento\/\"><b>levar ao autoconhecimento.<\/b><\/a><\/p>\n<p><span style=\"font-weight: 400;\">A partir disso, o psic\u00f3logo oferece recursos e t\u00e9cnicas para que o paciente utilize durante as crises. Assim, ser\u00e1 poss\u00edvel conseguir ter um maior controle durante o cotidiano e nos momentos dif\u00edceis de desamparo.<\/span><\/p>\n<p style=\"text-align: center;\"><b>Conhece algu\u00e9m ou est\u00e1 passando por isso?<\/b><\/p>\n<span class='mb-center maxbutton-2-center'><span class='maxbutton-2-container mb-container'><a class=\"maxbutton-2 maxbutton maxbutton-home-telavita\" href=\"https:\/\/www.telavita.com.br\"><span class='mb-text'>Conhe\u00e7a a Telavita<\/span><\/a><\/span><\/span>\n","protected":false},"excerpt":{"rendered":"<p>Voc\u00ea j\u00e1 ouviu falar do transtorno da ansiedade de separa\u00e7\u00e3o? Bem, talvez esse nome seja um pouco complicado, mas, com certeza, \u00e9 algo bem conhecido. Para isso, um exerc\u00edcio mental \u00e9 interessante. Pense no primeiro dia de aula da vida de uma pequena crian\u00e7a. Pode ser o seu primeiro dia, o do seu filho, ou [&hellip;]<\/p>\n","protected":false},"author":11,"featured_media":5914,"comment_status":"open","ping_status":"open","sticky":false,"template":"","format":"standard","meta":{"_lmt_disableupdate":"","_lmt_disable":"","footnotes":""},"categories":[34,253],"tags":[],"yoast_head":"<!-- This site is optimized with the Yoast SEO plugin v19.8 - https:\/\/yoast.com\/wordpress\/plugins\/seo\/ -->\n<title>Transtorno de Ansiedade de Separa\u00e7\u00e3o: o que \u00e9, e como tratar?<\/title>\n<meta name=\"description\" content=\"O transtorno de ansiedade de separa\u00e7\u00e3o \u00e9 um dos f\u00eanomenos que acontecem durante o desenvolvimento infantil. Conhe\u00e7a suas particularidades e tratamento.\" \/>\n<meta name=\"robots\" content=\"index, follow, max-snippet:-1, max-image-preview:large, max-video-preview:-1\" \/>\n<link rel=\"canonical\" href=\"https:\/\/www.telavita.com.br\/blog\/transtorno-ansiedade-separacao\/\" \/>\n<meta property=\"og:locale\" content=\"pt_BR\" \/>\n<meta property=\"og:type\" content=\"article\" \/>\n<meta property=\"og:title\" content=\"Transtorno de Ansiedade de Separa\u00e7\u00e3o: o que \u00e9, e como tratar?\" \/>\n<meta property=\"og:description\" content=\"O transtorno de ansiedade de separa\u00e7\u00e3o \u00e9 um dos f\u00eanomenos que acontecem durante o desenvolvimento infantil. Conhe\u00e7a suas particularidades e tratamento.\" \/>\n<meta property=\"og:url\" content=\"https:\/\/www.telavita.com.br\/blog\/transtorno-ansiedade-separacao\/\" \/>\n<meta property=\"og:site_name\" content=\"Telavita\" \/>\n<meta property=\"article:publisher\" content=\"https:\/\/www.facebook.com\/Telavita\" \/>\n<meta property=\"article:published_time\" content=\"2019-09-06T17:54:19+00:00\" \/>\n<meta property=\"article:modified_time\" content=\"2022-09-28T17:48:11+00:00\" \/>\n<meta property=\"og:image\" content=\"https:\/\/www.telavita.com.br\/blog\/wp-content\/uploads\/2019\/09\/transtorno-de-ansiedade-de-separacao.jpg\" \/>\n\t<meta property=\"og:image:width\" content=\"900\" \/>\n\t<meta property=\"og:image:height\" content=\"560\" \/>\n\t<meta property=\"og:image:type\" content=\"image\/jpeg\" \/>\n<meta name=\"author\" content=\"Telavita\" \/>\n<meta name=\"twitter:card\" content=\"summary_large_image\" \/>\n<meta name=\"twitter:label1\" content=\"Escrito por\" \/>\n\t<meta name=\"twitter:data1\" content=\"Telavita\" \/>\n\t<meta name=\"twitter:label2\" content=\"Est. tempo de leitura\" \/>\n\t<meta name=\"twitter:data2\" content=\"5 minutos\" \/>\n<!-- \/ Yoast SEO plugin. -->","yoast_head_json":{"title":"Transtorno de Ansiedade de Separa\u00e7\u00e3o: o que \u00e9, e como tratar?","description":"O transtorno de ansiedade de separa\u00e7\u00e3o \u00e9 um dos f\u00eanomenos que acontecem durante o desenvolvimento infantil. Conhe\u00e7a suas particularidades e tratamento.","robots":{"index":"index","follow":"follow","max-snippet":"max-snippet:-1","max-image-preview":"max-image-preview:large","max-video-preview":"max-video-preview:-1"},"canonical":"https:\/\/www.telavita.com.br\/blog\/transtorno-ansiedade-separacao\/","og_locale":"pt_BR","og_type":"article","og_title":"Transtorno de Ansiedade de Separa\u00e7\u00e3o: o que \u00e9, e como tratar?","og_description":"O transtorno de ansiedade de separa\u00e7\u00e3o \u00e9 um dos f\u00eanomenos que acontecem durante o desenvolvimento infantil. Conhe\u00e7a suas particularidades e tratamento.","og_url":"https:\/\/www.telavita.com.br\/blog\/transtorno-ansiedade-separacao\/","og_site_name":"Telavita","article_publisher":"https:\/\/www.facebook.com\/Telavita","article_published_time":"2019-09-06T17:54:19+00:00","article_modified_time":"2022-09-28T17:48:11+00:00","og_image":[{"width":900,"height":560,"url":"https:\/\/www.telavita.com.br\/blog\/wp-content\/uploads\/2019\/09\/transtorno-de-ansiedade-de-separacao.jpg","type":"image\/jpeg"}],"author":"Telavita","twitter_card":"summary_large_image","twitter_misc":{"Escrito por":"Telavita","Est. tempo de leitura":"5 minutos"},"schema":{"@context":"https:\/\/schema.org","@graph":[{"@type":"Article","@id":"https:\/\/www.telavita.com.br\/blog\/transtorno-ansiedade-separacao\/#article","isPartOf":{"@id":"https:\/\/www.telavita.com.br\/blog\/transtorno-ansiedade-separacao\/"},"author":{"name":"Telavita","@id":"https:\/\/www.telavita.com.br\/blog\/#\/schema\/person\/365e554815ae72366924ab1f2b06fdaa"},"headline":"O que \u00e9 o transtorno de ansiedade de separa\u00e7\u00e3o?","datePublished":"2019-09-06T17:54:19+00:00","dateModified":"2022-09-28T17:48:11+00:00","mainEntityOfPage":{"@id":"https:\/\/www.telavita.com.br\/blog\/transtorno-ansiedade-separacao\/"},"wordCount":952,"commentCount":0,"publisher":{"@id":"https:\/\/www.telavita.com.br\/blog\/#organization"},"articleSection":["Ansiedade","Fam\u00edlia"],"inLanguage":"pt-BR","potentialAction":[{"@type":"CommentAction","name":"Comment","target":["https:\/\/www.telavita.com.br\/blog\/transtorno-ansiedade-separacao\/#respond"]}]},{"@type":"WebPage","@id":"https:\/\/www.telavita.com.br\/blog\/transtorno-ansiedade-separacao\/","url":"https:\/\/www.telavita.com.br\/blog\/transtorno-ansiedade-separacao\/","name":"Transtorno de Ansiedade de Separa\u00e7\u00e3o: o que \u00e9, e como tratar?","isPartOf":{"@id":"https:\/\/www.telavita.com.br\/blog\/#website"},"datePublished":"2019-09-06T17:54:19+00:00","dateModified":"2022-09-28T17:48:11+00:00","description":"O transtorno de ansiedade de separa\u00e7\u00e3o \u00e9 um dos f\u00eanomenos que acontecem durante o desenvolvimento infantil. Conhe\u00e7a suas particularidades e tratamento.","breadcrumb":{"@id":"https:\/\/www.telavita.com.br\/blog\/transtorno-ansiedade-separacao\/#breadcrumb"},"inLanguage":"pt-BR","potentialAction":[{"@type":"ReadAction","target":["https:\/\/www.telavita.com.br\/blog\/transtorno-ansiedade-separacao\/"]}]},{"@type":"BreadcrumbList","@id":"https:\/\/www.telavita.com.br\/blog\/transtorno-ansiedade-separacao\/#breadcrumb","itemListElement":[{"@type":"ListItem","position":1,"name":"In\u00edcio","item":"https:\/\/www.telavita.com.br\/blog\/"},{"@type":"ListItem","position":2,"name":"O que \u00e9 o transtorno de ansiedade de separa\u00e7\u00e3o?"}]},{"@type":"WebSite","@id":"https:\/\/www.telavita.com.br\/blog\/#website","url":"https:\/\/www.telavita.com.br\/blog\/","name":"Telavita","description":"Conte\u00fados especializados sobre sa\u00fade mental e bem-estar","publisher":{"@id":"https:\/\/www.telavita.com.br\/blog\/#organization"},"potentialAction":[{"@type":"SearchAction","target":{"@type":"EntryPoint","urlTemplate":"https:\/\/www.telavita.com.br\/blog\/?s={search_term_string}"},"query-input":"required name=search_term_string"}],"inLanguage":"pt-BR"},{"@type":"Organization","@id":"https:\/\/www.telavita.com.br\/blog\/#organization","name":"Telavita","url":"https:\/\/www.telavita.com.br\/blog\/","sameAs":["https:\/\/www.linkedin.com\/company\/telavita\/mycompany\/verification\/","https:\/\/www.instagram.com\/telavita\/","https:\/\/www.facebook.com\/Telavita"],"logo":{"@type":"ImageObject","inLanguage":"pt-BR","@id":"https:\/\/www.telavita.com.br\/blog\/#\/schema\/logo\/image\/","url":"https:\/\/www.telavita.com.br\/blog\/wp-content\/uploads\/2021\/05\/telavita.jpg","contentUrl":"https:\/\/www.telavita.com.br\/blog\/wp-content\/uploads\/2021\/05\/telavita.jpg","width":200,"height":200,"caption":"Telavita"},"image":{"@id":"https:\/\/www.telavita.com.br\/blog\/#\/schema\/logo\/image\/"}},{"@type":"Person","@id":"https:\/\/www.telavita.com.br\/blog\/#\/schema\/person\/365e554815ae72366924ab1f2b06fdaa","name":"Telavita","image":{"@type":"ImageObject","inLanguage":"pt-BR","@id":"https:\/\/www.telavita.com.br\/blog\/#\/schema\/person\/image\/","url":"https:\/\/secure.gravatar.com\/avatar\/ac2e61ce00e3238eb646b649fdcae5e4?s=96&d=mm&r=g","contentUrl":"https:\/\/secure.gravatar.com\/avatar\/ac2e61ce00e3238eb646b649fdcae5e4?s=96&d=mm&r=g","caption":"Telavita"},"url":"https:\/\/www.telavita.com.br\/blog\/author\/telavita\/"}]}},"modified_by":null,"_links":{"self":[{"href":"https:\/\/www.telavita.com.br\/blog\/wp-json\/wp\/v2\/posts\/5900"}],"collection":[{"href":"https:\/\/www.telavita.com.br\/blog\/wp-json\/wp\/v2\/posts"}],"about":[{"href":"https:\/\/www.telavita.com.br\/blog\/wp-json\/wp\/v2\/types\/post"}],"author":[{"embeddable":true,"href":"https:\/\/www.telavita.com.br\/blog\/wp-json\/wp\/v2\/users\/11"}],"replies":[{"embeddable":true,"href":"https:\/\/www.telavita.com.br\/blog\/wp-json\/wp\/v2\/comments?post=5900"}],"version-history":[{"count":8,"href":"https:\/\/www.telavita.com.br\/blog\/wp-json\/wp\/v2\/posts\/5900\/revisions"}],"predecessor-version":[{"id":8078,"href":"https:\/\/www.telavita.com.br\/blog\/wp-json\/wp\/v2\/posts\/5900\/revisions\/8078"}],"wp:featuredmedia":[{"embeddable":true,"href":"https:\/\/www.telavita.com.br\/blog\/wp-json\/wp\/v2\/media\/5914"}],"wp:attachment":[{"href":"https:\/\/www.telavita.com.br\/blog\/wp-json\/wp\/v2\/media?parent=5900"}],"wp:term":[{"taxonomy":"category","embeddable":true,"href":"https:\/\/www.telavita.com.br\/blog\/wp-json\/wp\/v2\/categories?post=5900"},{"taxonomy":"post_tag","embeddable":true,"href":"https:\/\/www.telavita.com.br\/blog\/wp-json\/wp\/v2\/tags?post=5900"}],"curies":[{"name":"wp","href":"https:\/\/api.w.org\/{rel}","templated":true}]}}