{"id":5995,"date":"2019-09-17T11:55:37","date_gmt":"2019-09-17T14:55:37","guid":{"rendered":"https:\/\/www.telavita.com.br\/blog\/?p=5995"},"modified":"2022-10-28T17:28:30","modified_gmt":"2022-10-28T20:28:30","slug":"sintomas-da-depressao","status":"publish","type":"post","link":"https:\/\/www.telavita.com.br\/blog\/sintomas-da-depressao\/","title":{"rendered":"Saiba quais os principais sintomas da depress\u00e3o"},"content":{"rendered":"<p><span style=\"font-weight: 400;\">A <\/span><a href=\"https:\/\/www.telavita.com.br\/blog\/depressao\/\"><b>depress\u00e3o<\/b><\/a><span style=\"font-weight: 400;\"> \u00e9 uma doen\u00e7a grav\u00edssima, tanto \u00e9 que a <\/span><b>Organiza\u00e7\u00e3o Mundial da Sa\u00fade (OMS) <\/b><span style=\"font-weight: 400;\">a considera como o \u201cmal do s\u00e9culo\u201d. Logo, inevitavelmente, a quest\u00e3o passa a ser cada vez mais debatida pela sociedade e a melhor forma de identific\u00e1-la \u00e9 sabendo os seus principais sintomas.<\/span><\/p>\n<p><span style=\"font-weight: 400;\">Apesar do anseio geral, o transtorno depressivo \u00e9 um problema cr\u00f4nico e que n\u00e3o pode ser solucionado permanentemente. Entretanto, existe tratamento para tal, que<\/span><b> diminui os efeitos dos sintomas da depress\u00e3o e possibilita uma vida plena e sadia para a pessoa.<\/b><\/p>\n<p><span style=\"font-weight: 400;\">No entanto, s\u00e3o v\u00e1rios os <\/span><b>ind\u00edcios do aparecimento do transtorno<\/b><span style=\"font-weight: 400;\">, por\u00e9m para o seu diagn\u00f3stico \u00e9 importante apresentar alguns deles de forma frequente para ser considerado algu\u00e9m que tem depress\u00e3o.<\/span><\/p>\n<h2><b>Sintomas psicol\u00f3gicos da depress\u00e3o<\/b><\/h2>\n<p><span style=\"font-weight: 400;\">Contudo, os <\/span><b>primeiros sintomas de depress\u00e3o<\/b><span style=\"font-weight: 400;\"> mais claros s\u00e3o aqueles de ordem mental. Dessa forma, a pessoa passa por algumas mudan\u00e7as de comportamento e pode apresentar dificuldade em assimilar o que est\u00e1 acontecendo. Sendo assim, os principais <\/span><b>sintomas de uma pessoa com depress\u00e3o<\/b><span style=\"font-weight: 400;\"> na \u00e1rea psicol\u00f3gica s\u00e3o.<\/span><\/p>\n<h3><b>Irritabilidade<\/b><\/h3>\n<p><span style=\"font-weight: 400;\">O menor dos problemas pode desencadear<\/span><b> irrita\u00e7\u00e3o no indiv\u00edduo. <\/b>Logo, p<span style=\"font-weight: 400;\">ercebe-se tamb\u00e9m <\/span><a href=\"https:\/\/www.telavita.com.br\/blog\/como-lidar-com-a-ansiedade\/\"><b>ansiedade na realiza\u00e7\u00e3o das atividades<\/b><\/a><span style=\"font-weight: 400;\"> e certa ang\u00fastia com o que est\u00e1 ocorrendo. Logo, conflitos externos podem ser frequentes.<\/span><\/p>\n<h3><b>Incapacidade de sentir felicidade<\/b><\/h3>\n<p><span style=\"font-weight: 400;\">Esse \u00e9 um sinal complicado de notar. Entretanto, a pessoa acha que <\/span><b>n\u00e3o consegue mais ser feliz ou alcan\u00e7ar o prazer com alguma coisa. <\/b><span style=\"font-weight: 400;\">\u00c9 comum escutar frases mais negativas quando o assunto \u00e9 abordado.<\/span><\/p>\n<h3><b>Pessimismo<\/b><\/h3>\n<p><span style=\"font-weight: 400;\">Esse \u00e9 um dos\u00a0 sintomas da depress\u00e3o que \u00e9 o mais caracter\u00edstico. O pessimismo toma conta dos pensamentos da pessoa, al\u00e9m de serem frequentes as proposi\u00e7\u00f5es de culpa pr\u00f3pria pelo o que est\u00e1 acontecendo. Dessa forma, a <\/span><b>baixa autoestima<\/b><span style=\"font-weight: 400;\"> tamb\u00e9m \u00e9 um aspecto presente nesse momento.<\/span><\/p>\n<h3><b>Desinteresse<\/b><\/h3>\n<p><span style=\"font-weight: 400;\">\u00c9 percept\u00edvel nessas ocasi\u00f5es um <\/span><b>desinteresse geral pelo o que est\u00e1 acontecendo ao seu redor. <\/b>Sendo assim, o<span style=\"font-weight: 400;\">\u00a0indiv\u00edduo perde o fasc\u00ednio pelas atividades que lhe traziam gosto, o que pode refletir em certa<\/span><b> apatia e falta de motiva\u00e7\u00e3o.<\/b><\/p>\n<h3><b>Inseguran\u00e7a<\/b><\/h3>\n<p><span style=\"font-weight: 400;\">Os sentimentos de medo e desespero tomam conta. Desta maneira, a doen\u00e7a n\u00e3o permite mais que a pessoa se sinta confort\u00e1vel com ela mesma, o que pode levar <\/span><b>a sensa\u00e7\u00e3o de desamparo e falta de seguran\u00e7a pr\u00f3pria.<\/b><\/p>\n<h3><b>Dificuldade de concentra\u00e7\u00e3o<\/b><\/h3>\n<p><span style=\"font-weight: 400;\">O preju\u00edzo ocorre nas mais variadas atividades e, por algum motivo que a pessoa n\u00e3o consegue explicar, ela<\/span> <a href=\"https:\/\/www.telavita.com.br\/blog\/sintomas-deficit-de-atencao\/\"><b>n\u00e3o consegue se concentrar.<\/b><\/a><span style=\"font-weight: 400;\"> No entanto, mesmo com esfor\u00e7o, \u00e9 dif\u00edcil. O racioc\u00ednio fica mais lento e <\/span><b>o esquecimento se torna frequente.<\/b><\/p>\n<h3><b>Sensa\u00e7\u00e3o de inutilidade<\/b><\/h3>\n<p><span style=\"font-weight: 400;\">A <\/span><b>dor da depress\u00e3o<\/b><span style=\"font-weight: 400;\"> tamb\u00e9m aparece na sensa\u00e7\u00e3o de inutilidade que a pessoa possui. Al\u00e9m disso, geralmente ocorre uma interpreta\u00e7\u00e3o distorcida e negativa da realidade. A ideia de fracasso em rela\u00e7\u00e3o aos demais aparece.<\/span><\/p>\n<p><strong>LEIA MAIS: <a href=\"https:\/\/www.telavita.com.br\/blog\/causas-da-depressao\/\">Causas da depress\u00e3o: existem motivos?<\/a><\/strong><\/p>\n<h2><b>Sintomas f\u00edsicos da depress\u00e3o<\/b><\/h2>\n<p><span style=\"font-weight: 400;\">Os <\/span><b>sintomas f\u00edsicos da depress\u00e3o<\/b><span style=\"font-weight: 400;\"> est\u00e3o presentes, por\u00e9m raramente s\u00e3o associados com a doen\u00e7a. Por conta disso, \u00e9 fundamental estar atento para o que est\u00e1 acontecendo no corpo, pois, pode ser o caso de depress\u00e3o. Dessa forma, vamos conferir quais os sintomas<\/span> <span style=\"font-weight: 400;\">de car\u00e1ter f\u00edsico:<\/span><\/p>\n<h3><b>Fraqueza<\/b><\/h3>\n<p><span style=\"font-weight: 400;\">O primeiro dos sintomas da depress\u00e3o pode ser <\/span><b>a fraqueza do corpo.<\/b><span style=\"font-weight: 400;\"> A manifesta\u00e7\u00e3o ocorre, principalmente, nas pernas. Sendo assim, a sensa\u00e7\u00e3o de incapacidade tamb\u00e9m est\u00e1 presente. Logo, a fadiga \u00e9 resultado de um des\u00e2nimo geral. Dessa forma, <\/span><b>qualquer atividade j\u00e1 \u00e9 capaz de deixar a pessoa cansada.<\/b><\/p>\n<h3><b>Altera\u00e7\u00e3o no apetite e peso<\/b><\/h3>\n<p><span style=\"font-weight: 400;\">Isso pode acontecer em qualquer um dos sentidos. Dessa forma, a pessoa pode passar a ter mais ou menos apetite, o que colabora com <\/span><b>a varia\u00e7\u00e3o do peso<\/b><span style=\"font-weight: 400;\">. \u00c9 importante estar atento para a mudan\u00e7a do padr\u00e3o de alimenta\u00e7\u00e3o.<\/span><\/p>\n<h3><b>Ins\u00f4nia<\/b><\/h3>\n<p><span style=\"font-weight: 400;\">Um dos reflexos mais eminentes da doen\u00e7a \u00e9 <\/span><a href=\"https:\/\/www.telavita.com.br\/blog\/diferenca-insonia-e-hipersonia\/\"><b>no sono. <\/b><\/a><span style=\"font-weight: 400;\">Por conta disso, o indiv\u00edduo possui mais dificuldade em adormecer e em permanecer em estado de sono. Tamb\u00e9m \u00e9 comum nesses casos um <\/span><b>despertar matinal precoce.<\/b><\/p>\n<h3><b>Diminui\u00e7\u00e3o do desempenho sexual<\/b><\/h3>\n<p><span style=\"font-weight: 400;\">A depress\u00e3o pode influenciar no<\/span><b> comportamento sexual. <\/b>Portanto, a <span style=\"font-weight: 400;\">pessoa passa a estar com menos vontade de sexo e, consequentemente, <\/span><a href=\"https:\/\/www.telavita.com.br\/blog\/5-sinais-de-impotencia\/\"><b>o desempenho fica prejudicado.<\/b><\/a><span style=\"font-weight: 400;\"> Isso acontece pois h\u00e1 a diminui\u00e7\u00e3o da libido.<\/span><\/p>\n<h3><b>Dor no corpo<\/b><\/h3>\n<p><span style=\"font-weight: 400;\">Pode at\u00e9 ser dif\u00edcil de acreditar, mas a depress\u00e3o causa dor no corpo. Todavia, saber disso \u00e9 fundamental, porque possibilita que problemas f\u00edsicos n\u00e3o justificados tenham uma resposta. Logo, <\/span><b>dores no corpo podem representar um sinal de alerta para o transtorno.<\/b><\/p>\n<h3><b>Dor de cabe\u00e7a<\/b><\/h3>\n<p><span style=\"font-weight: 400;\">A depress\u00e3o tamb\u00e9m pode causar <\/span><b>fortes dores de cabe\u00e7a e at\u00e9 mesmo enxaqueca. <\/b>Todavia, i<span style=\"font-weight: 400;\">sso acontece como efeito da somatiza\u00e7\u00e3o, em que o estresse acumulado \u00e9 manifestado no corpo. Sendo assim, <\/span><b>as dores podem acontecer como um reflexo dos sintomas emocionais.<\/b><\/p>\n<p><b>LEIA MAIS: <\/b><a href=\"https:\/\/www.telavita.com.br\/blog\/depressao-as-7-duvidas-mais-comuns-sobre-a-doenca\/\"><b>7 d\u00favidas comuns sobre a depress\u00e3o<\/b><\/a><\/p>\n<h2><b>A import\u00e2ncia de identificar os sinais e procurar ajuda\u00a0<\/b><\/h2>\n<p><span style=\"font-weight: 400;\">Ao identificar os principais sintomas da depress\u00e3o, \u00e9 indicado que um profissional especializado seja acionado para <\/span><b>o in\u00edcio de um tratamento qualificado.<\/b><span style=\"font-weight: 400;\"> Ou seja, conhecer sobre os seus sinais \u00e9 o primeiro passo para voltar ao normal.\u00a0<\/span><\/p>\n<p><span style=\"font-weight: 400;\">A terapia \u00e9 uma das mais importantes formas de tratamento. A <\/span><b>Telavita<\/b><span style=\"font-weight: 400;\"> pode te ajudar nessa luta. A plataforma online possui um leque de op\u00e7\u00f5es de profissionais capacitados e especializados. Agende uma consulta com um de nossos psic\u00f3logos e <\/span><b>d\u00ea um passo para o in\u00edcio de seu tratamento.<\/b><\/p>\n<span class='mb-center maxbutton-4-center'><span class='maxbutton-4-container mb-container'><a class=\"maxbutton-4 maxbutton maxbutton-manda-para-o-catalogo-de-psicologos\" href=\"https:\/\/app.telavita.com.br\/psicologia-online\/encontre-seu-psicologo\"><span class='mb-text'>Encontre seu psic\u00f3logo online<\/span><\/a><\/span><\/span>\n","protected":false},"excerpt":{"rendered":"<p>A depress\u00e3o \u00e9 uma doen\u00e7a grav\u00edssima, tanto \u00e9 que a Organiza\u00e7\u00e3o Mundial da Sa\u00fade (OMS) a considera como o \u201cmal do s\u00e9culo\u201d. Logo, inevitavelmente, a quest\u00e3o passa a ser cada vez mais debatida pela sociedade e a melhor forma de identific\u00e1-la \u00e9 sabendo os seus principais sintomas. Apesar do anseio geral, o transtorno depressivo \u00e9 [&hellip;]<\/p>\n","protected":false},"author":11,"featured_media":6000,"comment_status":"open","ping_status":"open","sticky":false,"template":"","format":"standard","meta":{"_lmt_disableupdate":"","_lmt_disable":"","footnotes":""},"categories":[33],"tags":[],"yoast_head":"<!-- This site is optimized with the Yoast SEO plugin v19.8 - https:\/\/yoast.com\/wordpress\/plugins\/seo\/ -->\n<title>Descubra os principais sintomas da depress\u00e3o | Telavita<\/title>\n<meta name=\"description\" content=\"Os sintomas da depress\u00e3o s\u00e3o variados e, por isso, devem ser conhecidos. Fique sabendo quais s\u00e3o os sinais f\u00edsicos e psicol\u00f3gicos da doen\u00e7a.\" \/>\n<meta name=\"robots\" content=\"index, follow, max-snippet:-1, max-image-preview:large, max-video-preview:-1\" \/>\n<link rel=\"canonical\" href=\"https:\/\/www.telavita.com.br\/blog\/sintomas-da-depressao\/\" \/>\n<meta property=\"og:locale\" content=\"pt_BR\" \/>\n<meta property=\"og:type\" content=\"article\" \/>\n<meta property=\"og:title\" content=\"Descubra os principais sintomas da depress\u00e3o | Telavita\" \/>\n<meta property=\"og:description\" content=\"Os sintomas da depress\u00e3o s\u00e3o variados e, por isso, devem ser conhecidos. Fique sabendo quais s\u00e3o os sinais f\u00edsicos e psicol\u00f3gicos da doen\u00e7a.\" \/>\n<meta property=\"og:url\" content=\"https:\/\/www.telavita.com.br\/blog\/sintomas-da-depressao\/\" \/>\n<meta property=\"og:site_name\" content=\"Telavita\" \/>\n<meta property=\"article:publisher\" content=\"https:\/\/www.facebook.com\/Telavita\" \/>\n<meta property=\"article:published_time\" content=\"2019-09-17T14:55:37+00:00\" \/>\n<meta property=\"article:modified_time\" content=\"2022-10-28T20:28:30+00:00\" \/>\n<meta property=\"og:image\" content=\"https:\/\/www.telavita.com.br\/blog\/wp-content\/uploads\/2019\/09\/sintomas-de-depressao.jpg\" \/>\n\t<meta property=\"og:image:width\" content=\"900\" \/>\n\t<meta property=\"og:image:height\" content=\"560\" \/>\n\t<meta property=\"og:image:type\" content=\"image\/jpeg\" \/>\n<meta name=\"author\" content=\"Telavita\" \/>\n<meta name=\"twitter:card\" content=\"summary_large_image\" \/>\n<meta name=\"twitter:label1\" content=\"Escrito por\" \/>\n\t<meta name=\"twitter:data1\" content=\"Telavita\" \/>\n\t<meta name=\"twitter:label2\" content=\"Est. tempo de leitura\" \/>\n\t<meta name=\"twitter:data2\" content=\"5 minutos\" \/>\n<!-- \/ Yoast SEO plugin. -->","yoast_head_json":{"title":"Descubra os principais sintomas da depress\u00e3o | Telavita","description":"Os sintomas da depress\u00e3o s\u00e3o variados e, por isso, devem ser conhecidos. Fique sabendo quais s\u00e3o os sinais f\u00edsicos e psicol\u00f3gicos da doen\u00e7a.","robots":{"index":"index","follow":"follow","max-snippet":"max-snippet:-1","max-image-preview":"max-image-preview:large","max-video-preview":"max-video-preview:-1"},"canonical":"https:\/\/www.telavita.com.br\/blog\/sintomas-da-depressao\/","og_locale":"pt_BR","og_type":"article","og_title":"Descubra os principais sintomas da depress\u00e3o | Telavita","og_description":"Os sintomas da depress\u00e3o s\u00e3o variados e, por isso, devem ser conhecidos. Fique sabendo quais s\u00e3o os sinais f\u00edsicos e psicol\u00f3gicos da doen\u00e7a.","og_url":"https:\/\/www.telavita.com.br\/blog\/sintomas-da-depressao\/","og_site_name":"Telavita","article_publisher":"https:\/\/www.facebook.com\/Telavita","article_published_time":"2019-09-17T14:55:37+00:00","article_modified_time":"2022-10-28T20:28:30+00:00","og_image":[{"width":900,"height":560,"url":"https:\/\/www.telavita.com.br\/blog\/wp-content\/uploads\/2019\/09\/sintomas-de-depressao.jpg","type":"image\/jpeg"}],"author":"Telavita","twitter_card":"summary_large_image","twitter_misc":{"Escrito por":"Telavita","Est. tempo de leitura":"5 minutos"},"schema":{"@context":"https:\/\/schema.org","@graph":[{"@type":"Article","@id":"https:\/\/www.telavita.com.br\/blog\/sintomas-da-depressao\/#article","isPartOf":{"@id":"https:\/\/www.telavita.com.br\/blog\/sintomas-da-depressao\/"},"author":{"name":"Telavita","@id":"https:\/\/www.telavita.com.br\/blog\/#\/schema\/person\/365e554815ae72366924ab1f2b06fdaa"},"headline":"Saiba quais os principais sintomas da depress\u00e3o","datePublished":"2019-09-17T14:55:37+00:00","dateModified":"2022-10-28T20:28:30+00:00","mainEntityOfPage":{"@id":"https:\/\/www.telavita.com.br\/blog\/sintomas-da-depressao\/"},"wordCount":953,"commentCount":0,"publisher":{"@id":"https:\/\/www.telavita.com.br\/blog\/#organization"},"articleSection":["Depress\u00e3o"],"inLanguage":"pt-BR","potentialAction":[{"@type":"CommentAction","name":"Comment","target":["https:\/\/www.telavita.com.br\/blog\/sintomas-da-depressao\/#respond"]}]},{"@type":"WebPage","@id":"https:\/\/www.telavita.com.br\/blog\/sintomas-da-depressao\/","url":"https:\/\/www.telavita.com.br\/blog\/sintomas-da-depressao\/","name":"Descubra os principais sintomas da depress\u00e3o | Telavita","isPartOf":{"@id":"https:\/\/www.telavita.com.br\/blog\/#website"},"datePublished":"2019-09-17T14:55:37+00:00","dateModified":"2022-10-28T20:28:30+00:00","description":"Os sintomas da depress\u00e3o s\u00e3o variados e, por isso, devem ser conhecidos. Fique sabendo quais s\u00e3o os sinais f\u00edsicos e psicol\u00f3gicos da doen\u00e7a.","breadcrumb":{"@id":"https:\/\/www.telavita.com.br\/blog\/sintomas-da-depressao\/#breadcrumb"},"inLanguage":"pt-BR","potentialAction":[{"@type":"ReadAction","target":["https:\/\/www.telavita.com.br\/blog\/sintomas-da-depressao\/"]}]},{"@type":"BreadcrumbList","@id":"https:\/\/www.telavita.com.br\/blog\/sintomas-da-depressao\/#breadcrumb","itemListElement":[{"@type":"ListItem","position":1,"name":"In\u00edcio","item":"https:\/\/www.telavita.com.br\/blog\/"},{"@type":"ListItem","position":2,"name":"Saiba quais os principais sintomas da depress\u00e3o"}]},{"@type":"WebSite","@id":"https:\/\/www.telavita.com.br\/blog\/#website","url":"https:\/\/www.telavita.com.br\/blog\/","name":"Telavita","description":"Conte\u00fados especializados sobre sa\u00fade mental e bem-estar","publisher":{"@id":"https:\/\/www.telavita.com.br\/blog\/#organization"},"potentialAction":[{"@type":"SearchAction","target":{"@type":"EntryPoint","urlTemplate":"https:\/\/www.telavita.com.br\/blog\/?s={search_term_string}"},"query-input":"required name=search_term_string"}],"inLanguage":"pt-BR"},{"@type":"Organization","@id":"https:\/\/www.telavita.com.br\/blog\/#organization","name":"Telavita","url":"https:\/\/www.telavita.com.br\/blog\/","sameAs":["https:\/\/www.linkedin.com\/company\/telavita\/mycompany\/verification\/","https:\/\/www.instagram.com\/telavita\/","https:\/\/www.facebook.com\/Telavita"],"logo":{"@type":"ImageObject","inLanguage":"pt-BR","@id":"https:\/\/www.telavita.com.br\/blog\/#\/schema\/logo\/image\/","url":"https:\/\/www.telavita.com.br\/blog\/wp-content\/uploads\/2021\/05\/telavita.jpg","contentUrl":"https:\/\/www.telavita.com.br\/blog\/wp-content\/uploads\/2021\/05\/telavita.jpg","width":200,"height":200,"caption":"Telavita"},"image":{"@id":"https:\/\/www.telavita.com.br\/blog\/#\/schema\/logo\/image\/"}},{"@type":"Person","@id":"https:\/\/www.telavita.com.br\/blog\/#\/schema\/person\/365e554815ae72366924ab1f2b06fdaa","name":"Telavita","image":{"@type":"ImageObject","inLanguage":"pt-BR","@id":"https:\/\/www.telavita.com.br\/blog\/#\/schema\/person\/image\/","url":"https:\/\/secure.gravatar.com\/avatar\/ac2e61ce00e3238eb646b649fdcae5e4?s=96&d=mm&r=g","contentUrl":"https:\/\/secure.gravatar.com\/avatar\/ac2e61ce00e3238eb646b649fdcae5e4?s=96&d=mm&r=g","caption":"Telavita"},"url":"https:\/\/www.telavita.com.br\/blog\/author\/telavita\/"}]}},"modified_by":null,"_links":{"self":[{"href":"https:\/\/www.telavita.com.br\/blog\/wp-json\/wp\/v2\/posts\/5995"}],"collection":[{"href":"https:\/\/www.telavita.com.br\/blog\/wp-json\/wp\/v2\/posts"}],"about":[{"href":"https:\/\/www.telavita.com.br\/blog\/wp-json\/wp\/v2\/types\/post"}],"author":[{"embeddable":true,"href":"https:\/\/www.telavita.com.br\/blog\/wp-json\/wp\/v2\/users\/11"}],"replies":[{"embeddable":true,"href":"https:\/\/www.telavita.com.br\/blog\/wp-json\/wp\/v2\/comments?post=5995"}],"version-history":[{"count":8,"href":"https:\/\/www.telavita.com.br\/blog\/wp-json\/wp\/v2\/posts\/5995\/revisions"}],"predecessor-version":[{"id":8235,"href":"https:\/\/www.telavita.com.br\/blog\/wp-json\/wp\/v2\/posts\/5995\/revisions\/8235"}],"wp:featuredmedia":[{"embeddable":true,"href":"https:\/\/www.telavita.com.br\/blog\/wp-json\/wp\/v2\/media\/6000"}],"wp:attachment":[{"href":"https:\/\/www.telavita.com.br\/blog\/wp-json\/wp\/v2\/media?parent=5995"}],"wp:term":[{"taxonomy":"category","embeddable":true,"href":"https:\/\/www.telavita.com.br\/blog\/wp-json\/wp\/v2\/categories?post=5995"},{"taxonomy":"post_tag","embeddable":true,"href":"https:\/\/www.telavita.com.br\/blog\/wp-json\/wp\/v2\/tags?post=5995"}],"curies":[{"name":"wp","href":"https:\/\/api.w.org\/{rel}","templated":true}]}}