{"id":6001,"date":"2019-09-18T12:29:12","date_gmt":"2019-09-18T15:29:12","guid":{"rendered":"https:\/\/www.telavita.com.br\/blog\/?p=6001"},"modified":"2022-10-31T14:00:36","modified_gmt":"2022-10-31T17:00:36","slug":"depressao-na-adolescencia","status":"publish","type":"post","link":"https:\/\/www.telavita.com.br\/blog\/depressao-na-adolescencia\/","title":{"rendered":"Depress\u00e3o na adolesc\u00eancia: um alerta sobre a sa\u00fade mental entre jovens"},"content":{"rendered":"<h1><b>Depress\u00e3o na adolesc\u00eancia: um alerta sobre a sa\u00fade mental entre jovens<\/b><\/h1>\n<p><span style=\"font-weight: 400;\">A <\/span><b>puberdade<\/b><span style=\"font-weight: 400;\"> \u00e9 um per\u00edodo bastante complicado na vida de um jovem. Logo, s\u00e3o diversos questionamentos, experi\u00eancias e inseguran\u00e7as que surgem neste per\u00edodo. No entanto, \u00e9 nessa fase que as doen\u00e7as psicol\u00f3gicas podem dar as caras. A<\/span><b> depress\u00e3o na adolesc\u00eancia acontece mais do que imaginamos.<\/b><\/p>\n<p><span style=\"font-weight: 400;\">Segundo a <\/span><b>Organiza\u00e7\u00e3o Mundial da Sa\u00fade (OMS)<\/b><span style=\"font-weight: 400;\">, de <\/span><a href=\"https:\/\/saude.abril.com.br\/bem-estar\/sabia-que-de-10-a-20-dos-adolescentes-do-mundo-tem-depressao\/\"><b>10 a 20% dos adolescentes vivenciam condi\u00e7\u00f5es de sa\u00fade mental<\/b><\/a><span style=\"font-weight: 400;\"> e s\u00e3o continuamente subdiagnosticadas e subtratadas.<\/span><\/p>\n<p><span style=\"font-weight: 400;\">Ainda, de acordo com o \u00f3rg\u00e3o internacional, a depress\u00e3o juvenil \u00e9 a nona principal causa de doen\u00e7a e incapacidade entre todos os adolescentes no mundo e assim,\u00a0 a tend\u00eancia \u00e9 de que <\/span><b>a posi\u00e7\u00e3o s\u00f3 aumente ao longo dos anos.<\/b><\/p>\n<h2><b>Dados estat\u00edsticos<\/b><\/h2>\n<p><span style=\"font-weight: 400;\">Um<\/span><a href=\"https:\/\/hub.jhu.edu\/2016\/11\/16\/adolescent-depression-study\/\"> <b>estudo conduzido pela Universidade Johns Hopkins<\/b><\/a><span style=\"font-weight: 400;\">, nos Estados Unidos, procurou compreender a gravidade da situa\u00e7\u00e3o para os jovens. Sendo assim, para esta pesquisa, foram submetidas um total de<\/span><b> 176.245 pessoas de 12 a 17 anos entre 2004 e 2015.<\/b><span style=\"font-weight: 400;\"> Os resultados foram baseados nos auto-relatos.<\/span><\/p>\n<p><span style=\"font-weight: 400;\">Dessa forma, no \u00faltimo ano de pesquisa a taxa de depress\u00e3o entre jovens se mostrou de 11,3%, enquanto que <\/span><b>em 2005 apenas 8,7% apresentavam sinais de depress\u00e3o na adolesc\u00eancia.<\/b><span style=\"font-weight: 400;\"> A mudan\u00e7a representa <\/span><b>um acr\u00e9scimo de 37% durante o per\u00edodo.<\/b><\/p>\n<p><span style=\"font-weight: 400;\">Por\u00e9m, quais s\u00e3o as causas da depress\u00e3o na adolesc\u00eancia? Explicar o fen\u00f4meno n\u00e3o \u00e9 t\u00e3o simples, pois <\/span><b>s\u00e3o diversos fatores que inferem na quest\u00e3o.<\/b><span style=\"font-weight: 400;\"> Mesmo assim, \u00e9 poss\u00edvel tra\u00e7ar algumas possibilidades da depress\u00e3o em jovens.<\/span><\/p>\n<p><b>LEIA MAIS: <\/b><a href=\"https:\/\/www.telavita.com.br\/blog\/5-sinais-de-depressao\/\"><b>5 sinais de depress\u00e3o<\/b><\/a><\/p>\n<h2><b>Depress\u00e3o, adolesc\u00eancia e \u201caborrecentes\u201d<\/b><\/h2>\n<p><b>\u201cAborrecentes\u201d<\/b><span style=\"font-weight: 400;\">. Esse \u00e9 um termo muito utilizado para se referir aos jovens que passam pelo per\u00edodo de puberdade. No entanto, lidar com eles pode ser complicado e por isso o uso da palavra. Por\u00e9m, o termo depreciativo pode ocultar os <\/span><b>sintomas de depress\u00e3o na adolesc\u00eancia<\/b><span style=\"font-weight: 400;\">.\u00a0<\/span><\/p>\n<p><span style=\"font-weight: 400;\">Nem sempre o comportamento dos adolescentes \u00e9 \u201cdrama\u201d. \u00c9 sabido que, nesse per\u00edodo, os conflitos tornam-se mais intensos, por\u00e9m, por tr\u00e1s de cada inseguran\u00e7a e rebeldia pode morar <\/span><b>a origem de problemas psicol\u00f3gicos.<\/b><\/p>\n<p><span style=\"font-weight: 400;\">\u201cA gente tem a ideia de que o adolescente \u00e9 \u2018aborrecente\u2019 porque est\u00e1 passando por mudan\u00e7as hormonais, por\u00e9m, ficamos com uma vis\u00e3o estereotipada de que esse comportamento \u00e9 normal da fase. Mas ele pode estar com depress\u00e3o sem que ningu\u00e9m perceba\u201d, comenta a psic\u00f3loga, <\/span><b>Josie Conti<\/b><span style=\"font-weight: 400;\">, em <\/span><a href=\"https:\/\/emais.estadao.com.br\/noticias\/comportamento,depressao-adolescente-nao-e-drama-e-voce-pode-sim-ajudar,70001746081\"><b>entrevista ao jornal O Estado de S\u00e3o Paulo.<\/b><\/a><\/p>\n<h2><b>Qual as causas do aparecimento da depress\u00e3o nos jovens?<\/b><\/h2>\n<p><span style=\"font-weight: 400;\">A <\/span><b>depress\u00e3o nos jovens<\/b><span style=\"font-weight: 400;\"> \u00e9 o resultado de diferentes conflu\u00eancias. Aspectos familiares, escolares e at\u00e9 biol\u00f3gicos podem influenciar na condi\u00e7\u00e3o. Por conta disso, \u00e9 fundamental estar atento aos diversos aspectos da vida dos jovens.<\/span><\/p>\n<p><span style=\"font-weight: 400;\">Sendo assim, <\/span><b>compreender as diversas mudan\u00e7as na vida desse indiv\u00edduo<\/b><span style=\"font-weight: 400;\"> \u00e9 importante para n\u00e3o cair em fal\u00e1cias e reproduzir certos estere\u00f3tipos. Dessa forma, \u00e9 poss\u00edvel afirmar que depress\u00e3o na adolesc\u00eancia est\u00e1 aumentando, ent\u00e3o, tomar cuidado com determinadas situa\u00e7\u00f5es pode ser o diferencial na cria\u00e7\u00e3o de um problema.<\/span><\/p>\n<p><span style=\"font-weight: 400;\">Essa fase da vida \u00e9 regada de fortes emo\u00e7\u00f5es e ainda, \u00e9 o momento em que o indiv\u00edduo <\/span><b>buscar\u00e1 entender mais sobre si e sobre o que acredita,<\/b><span style=\"font-weight: 400;\"> podendo haver um conflito interno entre o senso comum da sociedade e o que se \u00e9, e acredita. No entanto, essas for\u00e7as internas podem ser poderosas e criar <\/span><a href=\"https:\/\/www.telavita.com.br\/blog\/5-maneiras-combater-angustia\/\"><b>ang\u00fastias significativas.<\/b><\/a><b>\u00a0<\/b><\/p>\n<p><b>LEIA MAIS: <\/b><a href=\"https:\/\/www.telavita.com.br\/blog\/causas-da-depressao\/\"><b>Quais as causas da depress\u00e3o?<\/b><\/a><\/p>\n<h2><b>Como \u00e9 ser adolescente<\/b><\/h2>\n<p><span style=\"font-weight: 400;\">Tratar sobre jovens com depress\u00e3o n\u00e3o \u00e9 algo f\u00e1cil, principalmente, porque existem <\/span><b>in\u00fameros estigmas perpetuados ao longo do tempo. <\/b><span style=\"font-weight: 400;\">Portanto, a transforma\u00e7\u00e3o vivida nessa fase \u00e9 dif\u00edcil e falar sobre as adversidades desse per\u00edodo ainda \u00e9 um tabu.<\/span><\/p>\n<p><span style=\"font-weight: 400;\">A <\/span><a href=\"https:\/\/www.telavita.com.br\/blog\/adolescencia-conflito-geracoes\/\"><b>adolesc\u00eancia<\/b><\/a> <span style=\"font-weight: 400;\">\u00e9 vista por muitos como u<\/span><b>ma fase que deve ser vivida ao m\u00e1ximo e que carrega uma alegria pura dentro de seu processo.<\/b><span style=\"font-weight: 400;\"> Afinal, a juventude n\u00e3o volta nunca mais. Contudo, para o adolescente que a vive em quest\u00e3o, s\u00e3o<\/span><b> in\u00fameras quest\u00f5es que trazem mais ang\u00fastia do que felicidade.<\/b><\/p>\n<p><span style=\"font-weight: 400;\">As mudan\u00e7as corporais, as rela\u00e7\u00f5es sociais, a percep\u00e7\u00e3o dos desejos, a descoberta do mundo. Nada disso \u00e9 f\u00e1cil para quem est\u00e1 descobrindo esses aspectos. No entanto, os adolescentes ainda precisam lidar com <\/span><b>a perda dos privil\u00e9gios da inf\u00e2ncia.\u00a0<\/b><\/p>\n<p><span style=\"font-weight: 400;\">Sendo assim, essa fase \u00e9 considerada <\/span><b>um per\u00edodo de prepara\u00e7\u00e3o para a vida adulta<\/b><span style=\"font-weight: 400;\">, ent\u00e3o \u00e9 comum os pais delegarem mais responsabilidades para os filhos, que assim,\u00a0 precisam lidar tamb\u00e9m com esse tipo de press\u00e3o <\/span><b>pela primeira vez.<\/b><\/p>\n<p><b>LEIA MAIS: <\/b><a href=\"https:\/\/www.telavita.com.br\/blog\/depressao-as-7-duvidas-mais-comuns-sobre-a-doenca\/\"><b>7 d\u00favidas acerca da depress\u00e3o<\/b><\/a><\/p>\n<h2><b>Sinais que podem indicar depress\u00e3o na adolesc\u00eancia<\/b><\/h2>\n<p><span style=\"font-weight: 400;\">Considerando os fatos expostos ainda neste artigo, podemos dizer que a adolesc\u00eancia \u00e9 uma fase em que os pais devem ter mais compreens\u00e3o e estarem em alerta. No entanto, alguns sinais da depress\u00e3o podem ser confundidos com comportamentos predominantes nos jovens, no entanto, <\/span><b>fique em alerta caso o adolescente:<\/b><\/p>\n<ul>\n<li style=\"font-weight: 400;\" aria-level=\"1\"><span style=\"font-weight: 400;\">Se isole socialmente e apresente falta de interesse em sair de casa;<\/span><\/li>\n<li style=\"font-weight: 400;\" aria-level=\"1\"><span style=\"font-weight: 400;\">Durma demais, ou durma de menos, passando noites em claro;<\/span><\/li>\n<li style=\"font-weight: 400;\" aria-level=\"1\"><span style=\"font-weight: 400;\">Tenha vergonha do seu corpo;<\/span><\/li>\n<li style=\"font-weight: 400;\" aria-level=\"1\"><span style=\"font-weight: 400;\">Possua comportamentos compulsivos, como ingest\u00e3o excessiva de alimentos;<\/span><\/li>\n<li style=\"font-weight: 400;\" aria-level=\"1\"><span style=\"font-weight: 400;\">Tenha falta de apetite, n\u00e3o conseguindo comer muito;<\/span><\/li>\n<li style=\"font-weight: 400;\" aria-level=\"1\"><span style=\"font-weight: 400;\">Apresente dificuldades para se arrumar ou tomar banho.<\/span><\/li>\n<\/ul>\n<p><span style=\"font-weight: 400;\">Caso sinais como estes persistirem, ou ainda, <\/span><b>mais de um sintomas sejam frequentes<\/b><span style=\"font-weight: 400;\">, \u00e9 necess\u00e1rio procurar ajuda psicol\u00f3gica para uma avalia\u00e7\u00e3o clara e a opini\u00e3o de um profissional qualificado e especialista no assunto. Aqui na <\/span><b>Telavita<\/b><span style=\"font-weight: 400;\"> voc\u00ea tem acesso a psic\u00f3logos e psiquiatras online. Veja s\u00f3!<\/span><\/p>\n<span class='mb-center maxbutton-2-center'><span class='maxbutton-2-container mb-container'><a class=\"maxbutton-2 maxbutton maxbutton-home-telavita\" href=\"https:\/\/www.telavita.com.br\"><span class='mb-text'>Conhe\u00e7a a Telavita<\/span><\/a><\/span><\/span>\n","protected":false},"excerpt":{"rendered":"<p>Depress\u00e3o na adolesc\u00eancia: um alerta sobre a sa\u00fade mental entre jovens A puberdade \u00e9 um per\u00edodo bastante complicado na vida de um jovem. Logo, s\u00e3o diversos questionamentos, experi\u00eancias e inseguran\u00e7as que surgem neste per\u00edodo. No entanto, \u00e9 nessa fase que as doen\u00e7as psicol\u00f3gicas podem dar as caras. A depress\u00e3o na adolesc\u00eancia acontece mais do que [&hellip;]<\/p>\n","protected":false},"author":11,"featured_media":6008,"comment_status":"open","ping_status":"open","sticky":false,"template":"","format":"standard","meta":{"_lmt_disableupdate":"","_lmt_disable":"","footnotes":""},"categories":[33],"tags":[],"yoast_head":"<!-- This site is optimized with the Yoast SEO plugin v19.8 - https:\/\/yoast.com\/wordpress\/plugins\/seo\/ -->\n<title>Como \u00e9 a depress\u00e3o na adolesc\u00eancia? | Telavita<\/title>\n<meta name=\"description\" content=\"A depress\u00e3o na adolesc\u00eancia atinge boa parte dos jovens. Saiba mais sobre os sintomas e sinais de alerta que indicam a possibilidade do transtorno.\" \/>\n<meta name=\"robots\" content=\"index, follow, max-snippet:-1, max-image-preview:large, max-video-preview:-1\" \/>\n<link rel=\"canonical\" href=\"https:\/\/www.telavita.com.br\/blog\/depressao-na-adolescencia\/\" \/>\n<meta property=\"og:locale\" content=\"pt_BR\" \/>\n<meta property=\"og:type\" content=\"article\" \/>\n<meta property=\"og:title\" content=\"Como \u00e9 a depress\u00e3o na adolesc\u00eancia? | Telavita\" \/>\n<meta property=\"og:description\" content=\"A depress\u00e3o na adolesc\u00eancia atinge boa parte dos jovens. Saiba mais sobre os sintomas e sinais de alerta que indicam a possibilidade do transtorno.\" \/>\n<meta property=\"og:url\" content=\"https:\/\/www.telavita.com.br\/blog\/depressao-na-adolescencia\/\" \/>\n<meta property=\"og:site_name\" content=\"Telavita\" \/>\n<meta property=\"article:publisher\" content=\"https:\/\/www.facebook.com\/Telavita\" \/>\n<meta property=\"article:published_time\" content=\"2019-09-18T15:29:12+00:00\" \/>\n<meta property=\"article:modified_time\" content=\"2022-10-31T17:00:36+00:00\" \/>\n<meta property=\"og:image\" content=\"https:\/\/www.telavita.com.br\/blog\/wp-content\/uploads\/2019\/09\/depressao-na-adolescencia.jpg\" \/>\n\t<meta property=\"og:image:width\" content=\"900\" \/>\n\t<meta property=\"og:image:height\" content=\"560\" \/>\n\t<meta property=\"og:image:type\" content=\"image\/jpeg\" \/>\n<meta name=\"author\" content=\"Telavita\" \/>\n<meta name=\"twitter:card\" content=\"summary_large_image\" \/>\n<meta name=\"twitter:label1\" content=\"Escrito por\" \/>\n\t<meta name=\"twitter:data1\" content=\"Telavita\" \/>\n\t<meta name=\"twitter:label2\" content=\"Est. tempo de leitura\" \/>\n\t<meta name=\"twitter:data2\" content=\"5 minutos\" \/>\n<!-- \/ Yoast SEO plugin. -->","yoast_head_json":{"title":"Como \u00e9 a depress\u00e3o na adolesc\u00eancia? | Telavita","description":"A depress\u00e3o na adolesc\u00eancia atinge boa parte dos jovens. Saiba mais sobre os sintomas e sinais de alerta que indicam a possibilidade do transtorno.","robots":{"index":"index","follow":"follow","max-snippet":"max-snippet:-1","max-image-preview":"max-image-preview:large","max-video-preview":"max-video-preview:-1"},"canonical":"https:\/\/www.telavita.com.br\/blog\/depressao-na-adolescencia\/","og_locale":"pt_BR","og_type":"article","og_title":"Como \u00e9 a depress\u00e3o na adolesc\u00eancia? | Telavita","og_description":"A depress\u00e3o na adolesc\u00eancia atinge boa parte dos jovens. Saiba mais sobre os sintomas e sinais de alerta que indicam a possibilidade do transtorno.","og_url":"https:\/\/www.telavita.com.br\/blog\/depressao-na-adolescencia\/","og_site_name":"Telavita","article_publisher":"https:\/\/www.facebook.com\/Telavita","article_published_time":"2019-09-18T15:29:12+00:00","article_modified_time":"2022-10-31T17:00:36+00:00","og_image":[{"width":900,"height":560,"url":"https:\/\/www.telavita.com.br\/blog\/wp-content\/uploads\/2019\/09\/depressao-na-adolescencia.jpg","type":"image\/jpeg"}],"author":"Telavita","twitter_card":"summary_large_image","twitter_misc":{"Escrito por":"Telavita","Est. tempo de leitura":"5 minutos"},"schema":{"@context":"https:\/\/schema.org","@graph":[{"@type":"Article","@id":"https:\/\/www.telavita.com.br\/blog\/depressao-na-adolescencia\/#article","isPartOf":{"@id":"https:\/\/www.telavita.com.br\/blog\/depressao-na-adolescencia\/"},"author":{"name":"Telavita","@id":"https:\/\/www.telavita.com.br\/blog\/#\/schema\/person\/365e554815ae72366924ab1f2b06fdaa"},"headline":"Depress\u00e3o na adolesc\u00eancia: um alerta sobre a sa\u00fade mental entre jovens","datePublished":"2019-09-18T15:29:12+00:00","dateModified":"2022-10-31T17:00:36+00:00","mainEntityOfPage":{"@id":"https:\/\/www.telavita.com.br\/blog\/depressao-na-adolescencia\/"},"wordCount":966,"commentCount":0,"publisher":{"@id":"https:\/\/www.telavita.com.br\/blog\/#organization"},"articleSection":["Depress\u00e3o"],"inLanguage":"pt-BR","potentialAction":[{"@type":"CommentAction","name":"Comment","target":["https:\/\/www.telavita.com.br\/blog\/depressao-na-adolescencia\/#respond"]}]},{"@type":"WebPage","@id":"https:\/\/www.telavita.com.br\/blog\/depressao-na-adolescencia\/","url":"https:\/\/www.telavita.com.br\/blog\/depressao-na-adolescencia\/","name":"Como \u00e9 a depress\u00e3o na adolesc\u00eancia? | Telavita","isPartOf":{"@id":"https:\/\/www.telavita.com.br\/blog\/#website"},"datePublished":"2019-09-18T15:29:12+00:00","dateModified":"2022-10-31T17:00:36+00:00","description":"A depress\u00e3o na adolesc\u00eancia atinge boa parte dos jovens. Saiba mais sobre os sintomas e sinais de alerta que indicam a possibilidade do transtorno.","breadcrumb":{"@id":"https:\/\/www.telavita.com.br\/blog\/depressao-na-adolescencia\/#breadcrumb"},"inLanguage":"pt-BR","potentialAction":[{"@type":"ReadAction","target":["https:\/\/www.telavita.com.br\/blog\/depressao-na-adolescencia\/"]}]},{"@type":"BreadcrumbList","@id":"https:\/\/www.telavita.com.br\/blog\/depressao-na-adolescencia\/#breadcrumb","itemListElement":[{"@type":"ListItem","position":1,"name":"In\u00edcio","item":"https:\/\/www.telavita.com.br\/blog\/"},{"@type":"ListItem","position":2,"name":"Depress\u00e3o na adolesc\u00eancia: um alerta sobre a sa\u00fade mental entre jovens"}]},{"@type":"WebSite","@id":"https:\/\/www.telavita.com.br\/blog\/#website","url":"https:\/\/www.telavita.com.br\/blog\/","name":"Telavita","description":"Conte\u00fados especializados sobre sa\u00fade mental e bem-estar","publisher":{"@id":"https:\/\/www.telavita.com.br\/blog\/#organization"},"potentialAction":[{"@type":"SearchAction","target":{"@type":"EntryPoint","urlTemplate":"https:\/\/www.telavita.com.br\/blog\/?s={search_term_string}"},"query-input":"required name=search_term_string"}],"inLanguage":"pt-BR"},{"@type":"Organization","@id":"https:\/\/www.telavita.com.br\/blog\/#organization","name":"Telavita","url":"https:\/\/www.telavita.com.br\/blog\/","sameAs":["https:\/\/www.linkedin.com\/company\/telavita\/mycompany\/verification\/","https:\/\/www.instagram.com\/telavita\/","https:\/\/www.facebook.com\/Telavita"],"logo":{"@type":"ImageObject","inLanguage":"pt-BR","@id":"https:\/\/www.telavita.com.br\/blog\/#\/schema\/logo\/image\/","url":"https:\/\/www.telavita.com.br\/blog\/wp-content\/uploads\/2021\/05\/telavita.jpg","contentUrl":"https:\/\/www.telavita.com.br\/blog\/wp-content\/uploads\/2021\/05\/telavita.jpg","width":200,"height":200,"caption":"Telavita"},"image":{"@id":"https:\/\/www.telavita.com.br\/blog\/#\/schema\/logo\/image\/"}},{"@type":"Person","@id":"https:\/\/www.telavita.com.br\/blog\/#\/schema\/person\/365e554815ae72366924ab1f2b06fdaa","name":"Telavita","image":{"@type":"ImageObject","inLanguage":"pt-BR","@id":"https:\/\/www.telavita.com.br\/blog\/#\/schema\/person\/image\/","url":"https:\/\/secure.gravatar.com\/avatar\/ac2e61ce00e3238eb646b649fdcae5e4?s=96&d=mm&r=g","contentUrl":"https:\/\/secure.gravatar.com\/avatar\/ac2e61ce00e3238eb646b649fdcae5e4?s=96&d=mm&r=g","caption":"Telavita"},"url":"https:\/\/www.telavita.com.br\/blog\/author\/telavita\/"}]}},"modified_by":null,"_links":{"self":[{"href":"https:\/\/www.telavita.com.br\/blog\/wp-json\/wp\/v2\/posts\/6001"}],"collection":[{"href":"https:\/\/www.telavita.com.br\/blog\/wp-json\/wp\/v2\/posts"}],"about":[{"href":"https:\/\/www.telavita.com.br\/blog\/wp-json\/wp\/v2\/types\/post"}],"author":[{"embeddable":true,"href":"https:\/\/www.telavita.com.br\/blog\/wp-json\/wp\/v2\/users\/11"}],"replies":[{"embeddable":true,"href":"https:\/\/www.telavita.com.br\/blog\/wp-json\/wp\/v2\/comments?post=6001"}],"version-history":[{"count":8,"href":"https:\/\/www.telavita.com.br\/blog\/wp-json\/wp\/v2\/posts\/6001\/revisions"}],"predecessor-version":[{"id":8238,"href":"https:\/\/www.telavita.com.br\/blog\/wp-json\/wp\/v2\/posts\/6001\/revisions\/8238"}],"wp:featuredmedia":[{"embeddable":true,"href":"https:\/\/www.telavita.com.br\/blog\/wp-json\/wp\/v2\/media\/6008"}],"wp:attachment":[{"href":"https:\/\/www.telavita.com.br\/blog\/wp-json\/wp\/v2\/media?parent=6001"}],"wp:term":[{"taxonomy":"category","embeddable":true,"href":"https:\/\/www.telavita.com.br\/blog\/wp-json\/wp\/v2\/categories?post=6001"},{"taxonomy":"post_tag","embeddable":true,"href":"https:\/\/www.telavita.com.br\/blog\/wp-json\/wp\/v2\/tags?post=6001"}],"curies":[{"name":"wp","href":"https:\/\/api.w.org\/{rel}","templated":true}]}}