{"id":6004,"date":"2019-09-19T11:02:40","date_gmt":"2019-09-19T14:02:40","guid":{"rendered":"https:\/\/www.telavita.com.br\/blog\/?p=6004"},"modified":"2022-10-31T14:38:29","modified_gmt":"2022-10-31T17:38:29","slug":"causas-da-depressao","status":"publish","type":"post","link":"https:\/\/www.telavita.com.br\/blog\/causas-da-depressao\/","title":{"rendered":"Saiba quais as causas da depress\u00e3o"},"content":{"rendered":"<p><span style=\"font-weight: 400;\">Existe depress\u00e3o sem motivo? \u00c9 poss\u00edvel isso? Ou depress\u00e3o tem motivo? Existem <\/span><b>diversas causas do aparecimento do transtorno,<\/b><span style=\"font-weight: 400;\"> por\u00e9m ainda n\u00e3o foi poss\u00edvel identificar qual componente exato \u00e9 respons\u00e1vel pelo desenvolvimento dela. Por conta da complexidade do problema, \u00e9 poss\u00edvel apontar diversos agentes.<\/span><\/p>\n<p><span style=\"font-weight: 400;\">No entanto, compreender as diferentes abordagens do assunto permite uma melhor identifica\u00e7\u00e3o da quest\u00e3o. Ainda, de acordo com o <\/span><b>Minist\u00e9rio da Sa\u00fade<\/b><span style=\"font-weight: 400;\">, os motivos de depress\u00e3o<\/span> <span style=\"font-weight: 400;\">podem ser divididos em tr\u00eas grupos: biol\u00f3gicos, gen\u00e9ticos e eventos vitais.<\/span><\/p>\n<p><span style=\"font-weight: 400;\">Ent\u00e3o, <\/span><b>que tal conhecer quais as causas da depress\u00e3o?<\/b><\/p>\n<h2><b>Causas biol\u00f3gicas<\/b><\/h2>\n<p><span style=\"font-weight: 400;\">As <\/span><b>causas da depress\u00e3o<\/b><span style=\"font-weight: 400;\"> de ordem biol\u00f3gica podem variar. Entretanto, as principais evid\u00eancias apontam para a <\/span><b>bioqu\u00edmica cerebral<\/b><span style=\"font-weight: 400;\">. Logo, a doen\u00e7a seria o resultado de uma defici\u00eancia de neurotransmissores no c\u00e9rebro.\u00a0<\/span><\/p>\n<p><span style=\"font-weight: 400;\">No entanto, a principal fun\u00e7\u00e3o dos neurotransmissores \u00e9 <\/span><b>servir como mensageiros qu\u00edmicos dentro do organismo.<\/b><span style=\"font-weight: 400;\"> Dessa forma, as c\u00e9lulas nervosas os utilizam para realizar a comunica\u00e7\u00e3o entre eles.\u00a0<\/span><\/p>\n<p><span style=\"font-weight: 400;\">As mensagens que, por sua vez, s\u00e3o enviadas, s\u00e3o respons\u00e1veis por desempenhar um efeito importante na regula\u00e7\u00e3o do humor. Todavia, por se tratar de um problema qu\u00edmico, \u00e9 poss\u00edvel assim, realizar o tratamento com medicamentos. Ent\u00e3o, <\/span><a href=\"https:\/\/www.telavita.com.br\/blog\/antidepressivos\/\"><b>a utiliza\u00e7\u00e3o de antidepressivos<\/b><\/a><span style=\"font-weight: 400;\"> ocorre com o <\/span><b>objetivo de regular essa disfun\u00e7\u00e3o que ocorre no c\u00e9rebro.<\/b><\/p>\n<p><span style=\"font-weight: 400;\">Uma<\/span><a href=\"https:\/\/www.sciencedaily.com\/releases\/2018\/08\/180809112438.htm\"> <b>pesquisa recente<\/b><\/a><span style=\"font-weight: 400;\">, por\u00e9m, apontou outra possibilidade para a quest\u00e3o. A <\/span><b>depress\u00e3o e suas causas<\/b><span style=\"font-weight: 400;\"> teriam origem num dist\u00farbio da mitoc\u00f4ndria, a principal fonte de energia para as c\u00e9lulas. Mesmo assim, os pr\u00f3prios pesquisadores apontam que ser\u00e3o necess\u00e1rios diversos outros estudos para comprovar os seus achados.<\/span><\/p>\n<p><b>LEIA MAIS: <\/b><a href=\"https:\/\/www.telavita.com.br\/blog\/depressao\/\"><b>O que \u00e9 a depress\u00e3o?<\/b><\/a><\/p>\n<h2><b>Causas gen\u00e9ticas<\/b><\/h2>\n<p><span style=\"font-weight: 400;\">Uma das principais<\/span><b> causas da depress\u00e3o<\/b><span style=\"font-weight: 400;\"> pode ter influ\u00eancia gen\u00e9tica. Tudo o que somos \u00e9 em decorr\u00eancia dos genes: O corpo, o c\u00e9rebro e at\u00e9 o cabelo possuem <\/span><b>correspond\u00eancia com nosso componente gen\u00e9tico.<\/b><\/p>\n<p><span style=\"font-weight: 400;\">Vale ressaltar que ningu\u00e9m &#8220;herda&#8221; a depress\u00e3o da m\u00e3e ou do pai. Ent\u00e3o, caso exista uma predisposi\u00e7\u00e3o gen\u00e9tica para a doen\u00e7a, a pessoa estar\u00e1 <\/span><b>mais suscet\u00edvel a desenvolv\u00ea-la em algum momento da vida.<\/b><span style=\"font-weight: 400;\"> Nesse sentido, existem estudos que procuram descobrir os motivos da depress\u00e3o e a sua probabilidade na sucess\u00e3o biol\u00f3gica.<\/span><\/p>\n<p><span style=\"font-weight: 400;\">Ao realizar uma<\/span><a href=\"https:\/\/www.ncbi.nlm.nih.gov\/pubmed\/11007705\"> <b>pesquisa com g\u00eameos<\/b><\/a><span style=\"font-weight: 400;\">, uma metan\u00e1lise de dados identificou que a taxa de herdabilidade para depress\u00e3o \u00e9 de <\/span><b>37%<\/b><span style=\"font-weight: 400;\">. Al\u00e9m disso, <\/span><a href=\"https:\/\/jamanetwork.com\/journals\/jamapsychiatry\/fullarticle\/2542680\"><b>os dados de outro estudo<\/b><\/a> <span style=\"font-weight: 400;\">apontam um aumento de duas a tr\u00eas vezes no risco de depress\u00e3o se a fam\u00edlia possui hist\u00f3rico com a doen\u00e7a.<\/span><\/p>\n<p><b>LEIA MAIS: <\/b><a href=\"https:\/\/www.telavita.com.br\/blog\/5-sinais-de-depressao\/\"><b>5 sinais de depress\u00e3o<\/b><\/a><\/p>\n<h2><b>Causas advindas de eventos vitais<\/b><\/h2>\n<p><span style=\"font-weight: 400;\">E <\/span><b>quais os motivos da depress\u00e3o<\/b><span style=\"font-weight: 400;\"> quando nenhum dos fatores anteriores estiverem envolvidos? Bom, \u00e9 poss\u00edvel que certos <\/span><b>eventos traum\u00e1ticos e estressantes <\/b><span style=\"font-weight: 400;\">podem desencadear problemas depressivos em pessoas com predisposi\u00e7\u00e3o gen\u00e9tica.<\/span><\/p>\n<p><span style=\"font-weight: 400;\">Um artigo publicado na<\/span><a href=\"https:\/\/www.health.harvard.edu\/mind-and-mood\/what-causes-depression\"> <b>Harvard Health<\/b><\/a><span style=\"font-weight: 400;\"> aponta como ocorre o funcionamento do estresse no corpo e na mente. \u201cO estresse tem suas pr\u00f3prias consequ\u00eancias fisiol\u00f3gicas. Provoca uma cadeia de rea\u00e7\u00f5es qu\u00edmicas e respostas no corpo. Se o estresse \u00e9 de curta dura\u00e7\u00e3o, o corpo geralmente volta ao normal\u201d.<\/span><\/p>\n<p><span style=\"font-weight: 400;\">O problema ocorre, de acordo com a publica\u00e7\u00e3o, quando <\/span><a href=\"https:\/\/www.telavita.com.br\/blog\/sintomas-de-estresse\/\"><b>o estresse \u00e9 cr\u00f4nico.<\/b><\/a><span style=\"font-weight: 400;\"> Dessa forma, o sistema acaba ficando sobrecarregado e as mudan\u00e7as no organismo podem durar muito tempo \u2013 possibilitando <\/span><b>o desenvolvimento da depress\u00e3o.<\/b><\/p>\n<p><strong>LEIA MAIS: <a href=\"https:\/\/www.telavita.com.br\/blog\/depressao-as-7-duvidas-mais-comuns-sobre-a-doenca\/\">7 d\u00favidas sobre a depress\u00e3o<\/a><\/strong><\/p>\n<h2><b>Quando procurar ajuda psicol\u00f3gica?<\/b><\/h2>\n<p><span style=\"font-weight: 400;\">Para saber se tem depress\u00e3o, \u00e9 necess\u00e1rio<\/span><b> ficar atento aos principais sintomas<\/b><span style=\"font-weight: 400;\"> e, caso eles persistam por mais de duas semanas, o recomendado \u00e9 <\/span><b>marcar uma consulta psicol\u00f3gica para avaliar o caso.<\/b><\/p>\n<p><span style=\"font-weight: 400;\">A terapia \u00e9 uma das mais importantes <\/span><b>formas de tratamento.<\/b><span style=\"font-weight: 400;\"> Logo,a<\/span><b> Telavita<\/b><span style=\"font-weight: 400;\"> pode te ajudar nessa luta. Nossa\u00a0 plataforma online possui um leque de op\u00e7\u00f5es de profissionais capacitados e especializados.<\/span><\/p>\n<span class='mb-center maxbutton-4-center'><span class='maxbutton-4-container mb-container'><a class=\"maxbutton-4 maxbutton maxbutton-manda-para-o-catalogo-de-psicologos\" href=\"https:\/\/app.telavita.com.br\/psicologia-online\/encontre-seu-psicologo\"><span class='mb-text'>Encontre seu psic\u00f3logo online<\/span><\/a><\/span><\/span>\n","protected":false},"excerpt":{"rendered":"<p>Existe depress\u00e3o sem motivo? \u00c9 poss\u00edvel isso? Ou depress\u00e3o tem motivo? Existem diversas causas do aparecimento do transtorno, por\u00e9m ainda n\u00e3o foi poss\u00edvel identificar qual componente exato \u00e9 respons\u00e1vel pelo desenvolvimento dela. Por conta da complexidade do problema, \u00e9 poss\u00edvel apontar diversos agentes. No entanto, compreender as diferentes abordagens do assunto permite uma melhor identifica\u00e7\u00e3o [&hellip;]<\/p>\n","protected":false},"author":11,"featured_media":6009,"comment_status":"open","ping_status":"open","sticky":false,"template":"","format":"standard","meta":{"_lmt_disableupdate":"","_lmt_disable":"","footnotes":""},"categories":[33],"tags":[],"yoast_head":"<!-- This site is optimized with the Yoast SEO plugin v19.8 - https:\/\/yoast.com\/wordpress\/plugins\/seo\/ -->\n<title>Quais as principais causas da depress\u00e3o? l Telavita<\/title>\n<meta name=\"description\" content=\"A depress\u00e3o \u00e9 um mal que assola boa parte das pessoas mundialmente. Saiba quais s\u00e3o as causas do aparecimento desse transtorno.\" \/>\n<meta name=\"robots\" content=\"index, follow, max-snippet:-1, max-image-preview:large, max-video-preview:-1\" \/>\n<link rel=\"canonical\" href=\"https:\/\/www.telavita.com.br\/blog\/causas-da-depressao\/\" \/>\n<meta property=\"og:locale\" content=\"pt_BR\" \/>\n<meta property=\"og:type\" content=\"article\" \/>\n<meta property=\"og:title\" content=\"Quais as principais causas da depress\u00e3o? l Telavita\" \/>\n<meta property=\"og:description\" content=\"A depress\u00e3o \u00e9 um mal que assola boa parte das pessoas mundialmente. Saiba quais s\u00e3o as causas do aparecimento desse transtorno.\" \/>\n<meta property=\"og:url\" content=\"https:\/\/www.telavita.com.br\/blog\/causas-da-depressao\/\" \/>\n<meta property=\"og:site_name\" content=\"Telavita\" \/>\n<meta property=\"article:publisher\" content=\"https:\/\/www.facebook.com\/Telavita\" \/>\n<meta property=\"article:published_time\" content=\"2019-09-19T14:02:40+00:00\" \/>\n<meta property=\"article:modified_time\" content=\"2022-10-31T17:38:29+00:00\" \/>\n<meta property=\"og:image\" content=\"https:\/\/www.telavita.com.br\/blog\/wp-content\/uploads\/2019\/09\/causas-da-depressao.jpg\" \/>\n\t<meta property=\"og:image:width\" content=\"900\" \/>\n\t<meta property=\"og:image:height\" content=\"560\" \/>\n\t<meta property=\"og:image:type\" content=\"image\/jpeg\" \/>\n<meta name=\"author\" content=\"Telavita\" \/>\n<meta name=\"twitter:card\" content=\"summary_large_image\" \/>\n<meta name=\"twitter:label1\" content=\"Escrito por\" \/>\n\t<meta name=\"twitter:data1\" content=\"Telavita\" \/>\n\t<meta name=\"twitter:label2\" content=\"Est. tempo de leitura\" \/>\n\t<meta name=\"twitter:data2\" content=\"4 minutos\" \/>\n<!-- \/ Yoast SEO plugin. -->","yoast_head_json":{"title":"Quais as principais causas da depress\u00e3o? l Telavita","description":"A depress\u00e3o \u00e9 um mal que assola boa parte das pessoas mundialmente. Saiba quais s\u00e3o as causas do aparecimento desse transtorno.","robots":{"index":"index","follow":"follow","max-snippet":"max-snippet:-1","max-image-preview":"max-image-preview:large","max-video-preview":"max-video-preview:-1"},"canonical":"https:\/\/www.telavita.com.br\/blog\/causas-da-depressao\/","og_locale":"pt_BR","og_type":"article","og_title":"Quais as principais causas da depress\u00e3o? l Telavita","og_description":"A depress\u00e3o \u00e9 um mal que assola boa parte das pessoas mundialmente. Saiba quais s\u00e3o as causas do aparecimento desse transtorno.","og_url":"https:\/\/www.telavita.com.br\/blog\/causas-da-depressao\/","og_site_name":"Telavita","article_publisher":"https:\/\/www.facebook.com\/Telavita","article_published_time":"2019-09-19T14:02:40+00:00","article_modified_time":"2022-10-31T17:38:29+00:00","og_image":[{"width":900,"height":560,"url":"https:\/\/www.telavita.com.br\/blog\/wp-content\/uploads\/2019\/09\/causas-da-depressao.jpg","type":"image\/jpeg"}],"author":"Telavita","twitter_card":"summary_large_image","twitter_misc":{"Escrito por":"Telavita","Est. tempo de leitura":"4 minutos"},"schema":{"@context":"https:\/\/schema.org","@graph":[{"@type":"Article","@id":"https:\/\/www.telavita.com.br\/blog\/causas-da-depressao\/#article","isPartOf":{"@id":"https:\/\/www.telavita.com.br\/blog\/causas-da-depressao\/"},"author":{"name":"Telavita","@id":"https:\/\/www.telavita.com.br\/blog\/#\/schema\/person\/365e554815ae72366924ab1f2b06fdaa"},"headline":"Saiba quais as causas da depress\u00e3o","datePublished":"2019-09-19T14:02:40+00:00","dateModified":"2022-10-31T17:38:29+00:00","mainEntityOfPage":{"@id":"https:\/\/www.telavita.com.br\/blog\/causas-da-depressao\/"},"wordCount":681,"commentCount":0,"publisher":{"@id":"https:\/\/www.telavita.com.br\/blog\/#organization"},"articleSection":["Depress\u00e3o"],"inLanguage":"pt-BR","potentialAction":[{"@type":"CommentAction","name":"Comment","target":["https:\/\/www.telavita.com.br\/blog\/causas-da-depressao\/#respond"]}]},{"@type":"WebPage","@id":"https:\/\/www.telavita.com.br\/blog\/causas-da-depressao\/","url":"https:\/\/www.telavita.com.br\/blog\/causas-da-depressao\/","name":"Quais as principais causas da depress\u00e3o? l Telavita","isPartOf":{"@id":"https:\/\/www.telavita.com.br\/blog\/#website"},"datePublished":"2019-09-19T14:02:40+00:00","dateModified":"2022-10-31T17:38:29+00:00","description":"A depress\u00e3o \u00e9 um mal que assola boa parte das pessoas mundialmente. Saiba quais s\u00e3o as causas do aparecimento desse transtorno.","breadcrumb":{"@id":"https:\/\/www.telavita.com.br\/blog\/causas-da-depressao\/#breadcrumb"},"inLanguage":"pt-BR","potentialAction":[{"@type":"ReadAction","target":["https:\/\/www.telavita.com.br\/blog\/causas-da-depressao\/"]}]},{"@type":"BreadcrumbList","@id":"https:\/\/www.telavita.com.br\/blog\/causas-da-depressao\/#breadcrumb","itemListElement":[{"@type":"ListItem","position":1,"name":"In\u00edcio","item":"https:\/\/www.telavita.com.br\/blog\/"},{"@type":"ListItem","position":2,"name":"Saiba quais as causas da depress\u00e3o"}]},{"@type":"WebSite","@id":"https:\/\/www.telavita.com.br\/blog\/#website","url":"https:\/\/www.telavita.com.br\/blog\/","name":"Telavita","description":"Conte\u00fados especializados sobre sa\u00fade mental e bem-estar","publisher":{"@id":"https:\/\/www.telavita.com.br\/blog\/#organization"},"potentialAction":[{"@type":"SearchAction","target":{"@type":"EntryPoint","urlTemplate":"https:\/\/www.telavita.com.br\/blog\/?s={search_term_string}"},"query-input":"required name=search_term_string"}],"inLanguage":"pt-BR"},{"@type":"Organization","@id":"https:\/\/www.telavita.com.br\/blog\/#organization","name":"Telavita","url":"https:\/\/www.telavita.com.br\/blog\/","sameAs":["https:\/\/www.linkedin.com\/company\/telavita\/mycompany\/verification\/","https:\/\/www.instagram.com\/telavita\/","https:\/\/www.facebook.com\/Telavita"],"logo":{"@type":"ImageObject","inLanguage":"pt-BR","@id":"https:\/\/www.telavita.com.br\/blog\/#\/schema\/logo\/image\/","url":"https:\/\/www.telavita.com.br\/blog\/wp-content\/uploads\/2021\/05\/telavita.jpg","contentUrl":"https:\/\/www.telavita.com.br\/blog\/wp-content\/uploads\/2021\/05\/telavita.jpg","width":200,"height":200,"caption":"Telavita"},"image":{"@id":"https:\/\/www.telavita.com.br\/blog\/#\/schema\/logo\/image\/"}},{"@type":"Person","@id":"https:\/\/www.telavita.com.br\/blog\/#\/schema\/person\/365e554815ae72366924ab1f2b06fdaa","name":"Telavita","image":{"@type":"ImageObject","inLanguage":"pt-BR","@id":"https:\/\/www.telavita.com.br\/blog\/#\/schema\/person\/image\/","url":"https:\/\/secure.gravatar.com\/avatar\/ac2e61ce00e3238eb646b649fdcae5e4?s=96&d=mm&r=g","contentUrl":"https:\/\/secure.gravatar.com\/avatar\/ac2e61ce00e3238eb646b649fdcae5e4?s=96&d=mm&r=g","caption":"Telavita"},"url":"https:\/\/www.telavita.com.br\/blog\/author\/telavita\/"}]}},"modified_by":null,"_links":{"self":[{"href":"https:\/\/www.telavita.com.br\/blog\/wp-json\/wp\/v2\/posts\/6004"}],"collection":[{"href":"https:\/\/www.telavita.com.br\/blog\/wp-json\/wp\/v2\/posts"}],"about":[{"href":"https:\/\/www.telavita.com.br\/blog\/wp-json\/wp\/v2\/types\/post"}],"author":[{"embeddable":true,"href":"https:\/\/www.telavita.com.br\/blog\/wp-json\/wp\/v2\/users\/11"}],"replies":[{"embeddable":true,"href":"https:\/\/www.telavita.com.br\/blog\/wp-json\/wp\/v2\/comments?post=6004"}],"version-history":[{"count":8,"href":"https:\/\/www.telavita.com.br\/blog\/wp-json\/wp\/v2\/posts\/6004\/revisions"}],"predecessor-version":[{"id":8239,"href":"https:\/\/www.telavita.com.br\/blog\/wp-json\/wp\/v2\/posts\/6004\/revisions\/8239"}],"wp:featuredmedia":[{"embeddable":true,"href":"https:\/\/www.telavita.com.br\/blog\/wp-json\/wp\/v2\/media\/6009"}],"wp:attachment":[{"href":"https:\/\/www.telavita.com.br\/blog\/wp-json\/wp\/v2\/media?parent=6004"}],"wp:term":[{"taxonomy":"category","embeddable":true,"href":"https:\/\/www.telavita.com.br\/blog\/wp-json\/wp\/v2\/categories?post=6004"},{"taxonomy":"post_tag","embeddable":true,"href":"https:\/\/www.telavita.com.br\/blog\/wp-json\/wp\/v2\/tags?post=6004"}],"curies":[{"name":"wp","href":"https:\/\/api.w.org\/{rel}","templated":true}]}}