{"id":6031,"date":"2019-09-20T11:11:09","date_gmt":"2019-09-20T14:11:09","guid":{"rendered":"https:\/\/www.telavita.com.br\/blog\/?p=6031"},"modified":"2023-08-11T14:06:28","modified_gmt":"2023-08-11T17:06:28","slug":"depressao-psicotica","status":"publish","type":"post","link":"https:\/\/www.telavita.com.br\/blog\/depressao-psicotica\/","title":{"rendered":"Descubra o que \u00e9 a depress\u00e3o psic\u00f3tica e saiba seus sintomas"},"content":{"rendered":"<p><span style=\"font-weight: 400;\">O termo <\/span><b>\u201cpsic\u00f3tico\u201d<\/b><span style=\"font-weight: 400;\"> causa calafrios em diversas pessoas. \u00c9 que, geralmente, a express\u00e3o \u00e9 utilizada como sin\u00f4nimo de loucura e veiculada a not\u00edcias de crimes. Entretanto, ao falarmos de depress\u00e3o psic\u00f3tica, continuar utilizando a palavra nesse sentido \u00e9 err\u00f4neo.<\/span><\/p>\n<p><span style=\"font-weight: 400;\">A depress\u00e3o pode ter manifesta\u00e7\u00f5es psic\u00f3ticas e,\u00a0 n\u00e3o \u00e9 necess\u00e1rio ter medo sobre o assunto, mas sim, conhec\u00ea-lo. Afinal, se trata de uma condi\u00e7\u00e3o cl\u00ednica e n\u00e3o algo a temer. Existem diversos tipos de depress\u00e3o, e a psic\u00f3tica \u00e9 um deles.<\/span><\/p>\n<p><span style=\"font-weight: 400;\">Conforme estudos, a depress\u00e3o psic\u00f3tica j\u00e1 afeta <\/span><a href=\"http:\/\/www.scielo.br\/scielo.php?script=sci_arttext&amp;pid=S1516-44461999000500003\"><b>15% dos casos depressivos.<\/b><\/a><span style=\"font-weight: 400;\"> Al\u00e9m disso, suas caracter\u00edsticas n\u00e3o fogem do lugar comum da doen\u00e7a. O que ocorre, na verdade, s\u00e3o <\/span><b>ocasi\u00f5es de del\u00edrios e alucina\u00e7\u00f5es em conjunto com os sintomas dos quadros depressivos. <\/b><span style=\"font-weight: 400;\">Ent\u00e3o, que tal conhecer mais sobre o assunto?<\/span><\/p>\n<h2><b>Depress\u00e3o psic\u00f3tica: o que \u00e9?<\/b><\/h2>\n<p><span style=\"font-weight: 400;\">A depress\u00e3o psic\u00f3tica \u00e9 uma forma intensa de transtorno depressivo que envolve a presen\u00e7a de sintomas psic\u00f3ticos durante os epis\u00f3dios depressivos. No entanto, o <\/span><b>DATASUS (Departamento de Inform\u00e1tica do SUS) <\/b><span style=\"font-weight: 400;\">define a depress\u00e3o grave com sintomas psic\u00f3ticos como \u201cTranstorno Depressivo Recorrente\u201d.<\/span><\/p>\n<p>O <strong>Transtorno Depressivo Recorrente<\/strong> <span style=\"font-weight: 400;\">s\u00e3o\u00a0 aqueles de ocorr\u00eancia repetida de <strong><a href=\"https:\/\/www.telavita.com.br\/blog\/tipos-de-depressao\/\">epis\u00f3dios depressivos<\/a><\/strong> independentes de exalta\u00e7\u00e3o de humor e de aumento de energia (mania).<\/span><\/p>\n<p><span style=\"font-weight: 400;\">Todavia, a <\/span><b>depress\u00e3o psic\u00f3tica<\/b><span style=\"font-weight: 400;\"> em si, \u00e9 definida pela ocorr\u00eancia repetida de epis\u00f3dios depressivos, sendo o epis\u00f3dio atual grave, com sintomas psic\u00f3ticos na aus\u00eancia de qualquer antecedente de mania.<\/span><\/p>\n<h2><b>Depress\u00e3o psic\u00f3tica: causas<\/b><\/h2>\n<p><span style=\"font-weight: 400;\">Apesar de alguns indicativos, ainda n\u00e3o \u00e9 poss\u00edvel apontar qual \u00e9 a causa principal da <\/span><b>depress\u00e3o psic\u00f3tica.<\/b><span style=\"font-weight: 400;\"> No entanto, fatores heredit\u00e1rios, biol\u00f3gicos e de ambiente s\u00e3o alguns fatores que influenciam a condi\u00e7\u00e3o.<\/span><\/p>\n<p><span style=\"font-weight: 400;\">Em rela\u00e7\u00e3o \u00e0 quest\u00e3o heredit\u00e1ria, pessoas com hist\u00f3rico familiar de transtornos mentais possuem <\/span><b>mais chances de desenvolver a doen\u00e7a.<\/b><span style=\"font-weight: 400;\"> Do lado biol\u00f3gico, o problema pode ser o resultado de altera\u00e7\u00f5es do equil\u00edbrio hormonal no corpo.<\/span><\/p>\n<p><span style=\"font-weight: 400;\">Al\u00e9m disso,<\/span> os genes em combina\u00e7\u00e3o com <strong><a href=\"https:\/\/www.telavita.com.br\/blog\/traumas-emocionais\/\">situa\u00e7\u00f5es de trauma e grande estresse<\/a><\/strong> <span style=\"font-weight: 400;\">podem desencadear um dist\u00farbio na produ\u00e7\u00e3o de subst\u00e2ncias qu\u00edmicas no c\u00e9rebro<strong> \u2013 o que explicaria a condi\u00e7\u00e3o.<\/strong><\/span><\/p>\n<h2><b>Sintomas da depress\u00e3o psic\u00f3tica<\/b><\/h2>\n<p><span style=\"font-weight: 400;\">Conhecer os <\/span><b>sintomas de depress\u00e3o psic\u00f3tica<\/b><span style=\"font-weight: 400;\"> \u00e9 imprescind\u00edvel. A suspeita da doen\u00e7a e a consequente busca de ajuda m\u00e9dica, somente podem ser realizadas com o m\u00ednimo de conhecimento sobre o que est\u00e1 acontecendo. Ent\u00e3o, identificar os sintomas \u00e9 crucial.<\/span><\/p>\n<p><span style=\"font-weight: 400;\">Veja abaixo <\/span><b>quais os sintomas da depress\u00e3o psic\u00f3tica<\/b><span style=\"font-weight: 400;\">:<\/span><\/p>\n<ul>\n<li style=\"font-weight: 400;\" aria-level=\"1\"><span style=\"font-weight: 400;\">Tristeza profunda;<\/span><\/li>\n<li style=\"font-weight: 400;\" aria-level=\"1\"><span style=\"font-weight: 400;\">Humor deprimido;<\/span><\/li>\n<li style=\"font-weight: 400;\" aria-level=\"1\"><span style=\"font-weight: 400;\">Falta de interesse;<\/span><\/li>\n<li style=\"font-weight: 400;\" aria-level=\"1\"><span style=\"font-weight: 400;\">Baixos n\u00edveis de energia;<\/span><\/li>\n<li style=\"font-weight: 400;\" aria-level=\"1\"><span style=\"font-weight: 400;\">Dificuldade de concentra\u00e7\u00e3o;<\/span><\/li>\n<li style=\"font-weight: 400;\" aria-level=\"1\"><span style=\"font-weight: 400;\">Ins\u00f4nia;<\/span><\/li>\n<li style=\"font-weight: 400;\" aria-level=\"1\"><span style=\"font-weight: 400;\">Altera\u00e7\u00f5es no apetite ou peso;<\/span><\/li>\n<li style=\"font-weight: 400;\" aria-level=\"1\"><span style=\"font-weight: 400;\">Pensamentos de morte ou suic\u00eddio;<\/span><\/li>\n<li style=\"font-weight: 400;\" aria-level=\"1\"><span style=\"font-weight: 400;\">Agita\u00e7\u00e3o;<\/span><\/li>\n<li style=\"font-weight: 400;\" aria-level=\"1\"><span style=\"font-weight: 400;\">Del\u00edrios e alucina\u00e7\u00f5es;<\/span><\/li>\n<li aria-level=\"1\"><strong><a href=\"https:\/\/www.telavita.com.br\/blog\/automutilacao\/\">Comportamento autolesivo;<\/a><\/strong><\/li>\n<li aria-level=\"1\">Despersonaliza\u00e7\u00e3o;<\/li>\n<\/ul>\n<h2><b>Como \u00e9 feito o diagn\u00f3stico?<\/b><\/h2>\n<p><span style=\"font-weight: 400;\">O diagn\u00f3stico da <\/span><b>depress\u00e3o psic\u00f3tica <\/b><span style=\"font-weight: 400;\">\u00e9 realizado, geralmente, pelo <strong><a href=\"https:\/\/www.telavita.com.br\/blog\/psiquiatra\/\">m\u00e9dico psiquiatra.<\/a><\/strong> Sendo assim, o profissional ir\u00e1 levantar o hist\u00f3rico de sa\u00fade da pessoa para compreender o que est\u00e1 acontecendo e o motivo disso.<\/span><\/p>\n<p><span style=\"font-weight: 400;\">Para realmente compreender a doen\u00e7a, \u00e9 imprescind\u00edvel notar os sintomas tanto de depress\u00e3o, quanto aqueles psic\u00f3ticos. Ou seja, <\/span><b>a pessoa apresentar\u00e1 ind\u00edcios de tristeza profunda com sinais de alucina\u00e7\u00f5es e del\u00edrios.<\/b><\/p>\n<p><span style=\"font-weight: 400;\">No entanto, o profissional capacitado <\/span><span style=\"font-weight: 400;\">poder\u00e1 solicitar exames, verificar os sintomas e diagnosticar o indiv\u00edduo com base nos seus relatos comportamentais. A base para o diagn\u00f3stico \u00e9 feita no<strong> DSM-V, manual dos transtornos mentais.<\/strong><\/span><\/p>\n<h2><b>Depress\u00e3o psic\u00f3tica tem cura?<\/b><\/h2>\n<div class=\"flex-1 overflow-hidden\">\n<div class=\"react-scroll-to-bottom--css-bzwha-79elbk h-full dark:bg-gray-800\">\n<div class=\"react-scroll-to-bottom--css-bzwha-1n7m0yu\">\n<div class=\"flex flex-col text-sm dark:bg-gray-800\">\n<div class=\"group w-full text-token-text-primary border-b border-black\/10 dark:border-gray-900\/50 bg-gray-50 dark:bg-[#444654]\">\n<div class=\"flex p-4 gap-4 text-base md:gap-6 md:max-w-2xl lg:max-w-[38rem] xl:max-w-3xl md:py-6 lg:px-0 m-auto\">\n<div class=\"relative flex w-[calc(100%-50px)] flex-col gap-1 md:gap-3 lg:w-[calc(100%-115px)]\">\n<div class=\"flex flex-grow flex-col gap-3\">\n<div class=\"min-h-[20px] flex flex-col items-start gap-3 overflow-x-auto whitespace-pre-wrap break-words\">\n<div class=\"markdown prose w-full break-words dark:prose-invert light\">\n<p>Muitas pessoas que recebem tratamento eficaz experimentam uma <strong>melhoria substancial nos sintomas depressivos e psic\u00f3ticos.<\/strong> Isso pode levar \u00e0 remiss\u00e3o, onde os sintomas desaparecem ou diminuem significativamente a ponto de n\u00e3o causarem mais impacto significativo na vida di\u00e1ria.<\/p>\n<p><span style=\"font-weight: 400;\">Apesar do anseio pela resposta, a pergunta n\u00e3o \u00e9 t\u00e3o simples de ser respondida. A depress\u00e3o, de um modo geral, <\/span><b>n\u00e3o possui cura.<\/b><span style=\"font-weight: 400;\"> Por\u00e9m, \u00e9 poss\u00edvel controlar os sintomas e levar uma vida normal sob tratamento.<\/span><\/p>\n<p>\u00c9 importante lembrar que <strong>a resposta ao tratamento varia de pessoa para pessoa.<\/strong> Algumas\u00a0 podem responder bem ao tratamento e alcan\u00e7ar uma recupera\u00e7\u00e3o significativa, enquanto outras podem precisar de acompanhamento cont\u00ednuo e ajustes no <strong><a href=\"https:\/\/www.telavita.com.br\/blog\/doencas-psiquiatricas\/\">tratamento da doen\u00e7a ps\u00edquica.<\/a><\/strong><\/p>\n<p>O acompanhamento m\u00e9dico regular e a colabora\u00e7\u00e3o com profissionais de sa\u00fade mental s\u00e3o f<strong>undamentais para gerenciar a depress\u00e3o psic\u00f3tica de forma eficaz.<\/strong><\/p>\n<\/div>\n<\/div>\n<\/div>\n<\/div>\n<\/div>\n<\/div>\n<\/div>\n<\/div>\n<\/div>\n<\/div>\n<h2><b>Tratamento para depress\u00e3o psic\u00f3tica<\/b><\/h2>\n<p>O tratamento para a depress\u00e3o psic\u00f3tica \u00e9 geralmente abrangente e pode envolver uma combina\u00e7\u00e3o de interven\u00e7\u00f5es m\u00e9dicas, terapias psicol\u00f3gicas e apoio psicossocial. Aqui est\u00e3o as principais abordagens utilizadas no tratamento da depress\u00e3o psic\u00f3tica:<\/p>\n<h3><strong>Medicamentos<\/strong><\/h3>\n<p><strong>Antidepressivos: <a href=\"https:\/\/www.telavita.com.br\/blog\/antidepressivos\/\">Medicamentos antidepressivos<\/a><\/strong>, como inibidores seletivos de recapta\u00e7\u00e3o de serotonina (ISRS) ou outros tipos de antidepressivos, podem ser prescritos para <strong>tratar os sintomas depressivos.<\/strong><\/p>\n<p><strong>Antipsic\u00f3ticos:<\/strong> Em casos de sintomas psic\u00f3ticos, antipsic\u00f3ticos podem ser usados para <strong>tratar alucina\u00e7\u00f5es, del\u00edrios e outros sintomas relacionados \u00e0 psicose.<\/strong><\/p>\n<h3><strong>Psicoterapia<\/strong><\/h3>\n<p><strong>Terapia Cognitivo-Comportamental (TCC):<\/strong> A <strong><a href=\"https:\/\/www.telavita.com.br\/blog\/terapia-cognitiva-comportamental\/\">TCC<\/a><\/strong> pode ajudar a pessoa a identificar padr\u00f5es de pensamento negativos e desenvolver habilidades para lidar com eles de maneira mais eficaz.<\/p>\n<p><strong>Terapia de Apoio:<\/strong> Fornecer um ambiente seguro para a pessoa discutir seus sentimentos e preocupa\u00e7\u00f5es pode ser ben\u00e9fico, e<strong>specialmente para lidar com emo\u00e7\u00f5es intensas.<\/strong><\/p>\n<h3><strong>Hospitaliza\u00e7\u00e3o<\/strong><\/h3>\n<p>Em casos graves, onde a seguran\u00e7a da pessoa est\u00e1 em risco ou os sintomas s\u00e3o muito debilitantes, a hospitaliza\u00e7\u00e3o pode ser necess\u00e1ria para <strong>monitorar e tratar os sintomas de forma intensiva.<\/strong><\/p>\n<h3><strong>Gest\u00e3o de estresse e estilos de vida saud\u00e1veis<\/strong><\/h3>\n<p>Adotar um estilo de vida saud\u00e1vel, incluindo exerc\u00edcios regulares, <strong><a href=\"https:\/\/www.telavita.com.br\/blog\/alimentacao-saudavel-na-saude-mental\/\">alimenta\u00e7\u00e3o balanceada<\/a><\/strong> e pr\u00e1ticas de redu\u00e7\u00e3o de estresse, pode c<strong>omplementar o tratamento m\u00e9dico e melhorar a recupera\u00e7\u00e3o.<\/strong><\/p>\n<h3><strong>Suporte psicossocial<\/strong><\/h3>\n<p>Participar de grupos de apoio, interagir com amigos e familiares e<strong> buscar atividades que proporcionem prazer<\/strong> podem ajudar a reduzir o isolamento social e melhorar o estado de \u00e2nimo.<\/p>\n<h2><b>Como \u00e9 a terapia da depress\u00e3o com surto psic\u00f3tico?<\/b><\/h2>\n<p><span style=\"font-weight: 400;\">O<\/span><b> papel do psic\u00f3logo <\/b><span style=\"font-weight: 400;\">\u00e9 fundamental, pois ele ir\u00e1 auxiliar o paciente na retomada de uma vida plena. Sendo assim, o tratamento procura <\/span><b>entender quais s\u00e3o os gatilhos que despertam a doen\u00e7a.<\/b><span style=\"font-weight: 400;\"> Al\u00e9m disso, a terapia \u00e9 um momento para a pessoa compreender os pr\u00f3prios sentimentos em rela\u00e7\u00e3o \u00e0 situa\u00e7\u00e3o.\u00a0<\/span><\/p>\n<p><span style=\"font-weight: 400;\">O acompanhamento psicol\u00f3gico para pessoas com surtos psic\u00f3ticos, ent\u00e3o, visa <\/span><b>conscientizar o indiv\u00edduo sobre os efeitos que o transtorno gera nas diversas \u00e1reas da vida. <\/b><span style=\"font-weight: 400;\">Somente assim, a pessoa conseguir\u00e1 realizar uma maior reflex\u00e3o e promover o autoconhecimento.<\/span><\/p>\n<p><span style=\"font-weight: 400;\">A partir disso, o psic\u00f3logo apresentar\u00e1 <\/span><b>recursos e t\u00e9cnicas necess\u00e1rias para que o paciente consiga suportar os momentos de crise.<\/b><span style=\"font-weight: 400;\"> Dessa forma, ser\u00e1 poss\u00edvel que a pessoa tenha um maior controle sobre o que acontece no cotidiano e nos momentos dif\u00edceis.<\/span><\/p>\n<span class='mb-center maxbutton-4-center'><span class='maxbutton-4-container mb-container'><a class=\"maxbutton-4 maxbutton maxbutton-manda-para-o-catalogo-de-psicologos\" href=\"https:\/\/app.telavita.com.br\/psicologia-online\/encontre-seu-psicologo\"><span class='mb-text'>Encontre seu psic\u00f3logo online<\/span><\/a><\/span><\/span>\n","protected":false},"excerpt":{"rendered":"<p>O termo \u201cpsic\u00f3tico\u201d causa calafrios em diversas pessoas. \u00c9 que, geralmente, a express\u00e3o \u00e9 utilizada como sin\u00f4nimo de loucura e veiculada a not\u00edcias de crimes. Entretanto, ao falarmos de depress\u00e3o psic\u00f3tica, continuar utilizando a palavra nesse sentido \u00e9 err\u00f4neo. A depress\u00e3o pode ter manifesta\u00e7\u00f5es psic\u00f3ticas e,\u00a0 n\u00e3o \u00e9 necess\u00e1rio ter medo sobre o assunto, mas [&hellip;]<\/p>\n","protected":false},"author":11,"featured_media":8242,"comment_status":"open","ping_status":"open","sticky":false,"template":"","format":"standard","meta":{"_lmt_disableupdate":"","_lmt_disable":"","footnotes":""},"categories":[33],"tags":[],"yoast_head":"<!-- This site is optimized with the Yoast SEO plugin v19.8 - https:\/\/yoast.com\/wordpress\/plugins\/seo\/ -->\n<title>Depress\u00e3o psic\u00f3tica: sintomas e tratamento | Telavita<\/title>\n<meta name=\"description\" content=\"Saiba como a depress\u00e3o psic\u00f3tica pode ser tratada e entenda mais sobre esse tipo de transtorno depressivo.\" \/>\n<meta name=\"robots\" content=\"index, follow, max-snippet:-1, max-image-preview:large, max-video-preview:-1\" \/>\n<link rel=\"canonical\" href=\"https:\/\/www.telavita.com.br\/blog\/depressao-psicotica\/\" \/>\n<meta property=\"og:locale\" content=\"pt_BR\" \/>\n<meta property=\"og:type\" content=\"article\" \/>\n<meta property=\"og:title\" content=\"Depress\u00e3o psic\u00f3tica: sintomas e tratamento | Telavita\" \/>\n<meta property=\"og:description\" content=\"Saiba como a depress\u00e3o psic\u00f3tica pode ser tratada e entenda mais sobre esse tipo de transtorno depressivo.\" \/>\n<meta property=\"og:url\" content=\"https:\/\/www.telavita.com.br\/blog\/depressao-psicotica\/\" \/>\n<meta property=\"og:site_name\" content=\"Telavita\" \/>\n<meta property=\"article:publisher\" content=\"https:\/\/www.facebook.com\/Telavita\" \/>\n<meta property=\"article:published_time\" content=\"2019-09-20T14:11:09+00:00\" \/>\n<meta property=\"article:modified_time\" content=\"2023-08-11T17:06:28+00:00\" \/>\n<meta property=\"og:image\" content=\"https:\/\/www.telavita.com.br\/blog\/wp-content\/uploads\/2019\/09\/homem-adulto-com-depressao-psicotica-1-scaled.jpg\" \/>\n\t<meta property=\"og:image:width\" content=\"2560\" \/>\n\t<meta property=\"og:image:height\" content=\"1706\" \/>\n\t<meta property=\"og:image:type\" content=\"image\/jpeg\" \/>\n<meta name=\"author\" content=\"Telavita\" \/>\n<meta name=\"twitter:card\" content=\"summary_large_image\" \/>\n<meta name=\"twitter:label1\" content=\"Escrito por\" \/>\n\t<meta name=\"twitter:data1\" content=\"Telavita\" \/>\n\t<meta name=\"twitter:label2\" content=\"Est. tempo de leitura\" \/>\n\t<meta name=\"twitter:data2\" content=\"6 minutos\" \/>\n<!-- \/ Yoast SEO plugin. -->","yoast_head_json":{"title":"Depress\u00e3o psic\u00f3tica: sintomas e tratamento | Telavita","description":"Saiba como a depress\u00e3o psic\u00f3tica pode ser tratada e entenda mais sobre esse tipo de transtorno depressivo.","robots":{"index":"index","follow":"follow","max-snippet":"max-snippet:-1","max-image-preview":"max-image-preview:large","max-video-preview":"max-video-preview:-1"},"canonical":"https:\/\/www.telavita.com.br\/blog\/depressao-psicotica\/","og_locale":"pt_BR","og_type":"article","og_title":"Depress\u00e3o psic\u00f3tica: sintomas e tratamento | Telavita","og_description":"Saiba como a depress\u00e3o psic\u00f3tica pode ser tratada e entenda mais sobre esse tipo de transtorno depressivo.","og_url":"https:\/\/www.telavita.com.br\/blog\/depressao-psicotica\/","og_site_name":"Telavita","article_publisher":"https:\/\/www.facebook.com\/Telavita","article_published_time":"2019-09-20T14:11:09+00:00","article_modified_time":"2023-08-11T17:06:28+00:00","og_image":[{"width":2560,"height":1706,"url":"https:\/\/www.telavita.com.br\/blog\/wp-content\/uploads\/2019\/09\/homem-adulto-com-depressao-psicotica-1-scaled.jpg","type":"image\/jpeg"}],"author":"Telavita","twitter_card":"summary_large_image","twitter_misc":{"Escrito por":"Telavita","Est. tempo de leitura":"6 minutos"},"schema":{"@context":"https:\/\/schema.org","@graph":[{"@type":"Article","@id":"https:\/\/www.telavita.com.br\/blog\/depressao-psicotica\/#article","isPartOf":{"@id":"https:\/\/www.telavita.com.br\/blog\/depressao-psicotica\/"},"author":{"name":"Telavita","@id":"https:\/\/www.telavita.com.br\/blog\/#\/schema\/person\/365e554815ae72366924ab1f2b06fdaa"},"headline":"Descubra o que \u00e9 a depress\u00e3o psic\u00f3tica e saiba seus sintomas","datePublished":"2019-09-20T14:11:09+00:00","dateModified":"2023-08-11T17:06:28+00:00","mainEntityOfPage":{"@id":"https:\/\/www.telavita.com.br\/blog\/depressao-psicotica\/"},"wordCount":1194,"commentCount":3,"publisher":{"@id":"https:\/\/www.telavita.com.br\/blog\/#organization"},"articleSection":["Depress\u00e3o"],"inLanguage":"pt-BR","potentialAction":[{"@type":"CommentAction","name":"Comment","target":["https:\/\/www.telavita.com.br\/blog\/depressao-psicotica\/#respond"]}]},{"@type":"WebPage","@id":"https:\/\/www.telavita.com.br\/blog\/depressao-psicotica\/","url":"https:\/\/www.telavita.com.br\/blog\/depressao-psicotica\/","name":"Depress\u00e3o psic\u00f3tica: sintomas e tratamento | Telavita","isPartOf":{"@id":"https:\/\/www.telavita.com.br\/blog\/#website"},"datePublished":"2019-09-20T14:11:09+00:00","dateModified":"2023-08-11T17:06:28+00:00","description":"Saiba como a depress\u00e3o psic\u00f3tica pode ser tratada e entenda mais sobre esse tipo de transtorno depressivo.","breadcrumb":{"@id":"https:\/\/www.telavita.com.br\/blog\/depressao-psicotica\/#breadcrumb"},"inLanguage":"pt-BR","potentialAction":[{"@type":"ReadAction","target":["https:\/\/www.telavita.com.br\/blog\/depressao-psicotica\/"]}]},{"@type":"BreadcrumbList","@id":"https:\/\/www.telavita.com.br\/blog\/depressao-psicotica\/#breadcrumb","itemListElement":[{"@type":"ListItem","position":1,"name":"In\u00edcio","item":"https:\/\/www.telavita.com.br\/blog\/"},{"@type":"ListItem","position":2,"name":"Descubra o que \u00e9 a depress\u00e3o psic\u00f3tica e saiba seus sintomas"}]},{"@type":"WebSite","@id":"https:\/\/www.telavita.com.br\/blog\/#website","url":"https:\/\/www.telavita.com.br\/blog\/","name":"Telavita","description":"Conte\u00fados especializados sobre sa\u00fade mental e bem-estar","publisher":{"@id":"https:\/\/www.telavita.com.br\/blog\/#organization"},"potentialAction":[{"@type":"SearchAction","target":{"@type":"EntryPoint","urlTemplate":"https:\/\/www.telavita.com.br\/blog\/?s={search_term_string}"},"query-input":"required name=search_term_string"}],"inLanguage":"pt-BR"},{"@type":"Organization","@id":"https:\/\/www.telavita.com.br\/blog\/#organization","name":"Telavita","url":"https:\/\/www.telavita.com.br\/blog\/","sameAs":["https:\/\/www.linkedin.com\/company\/telavita\/mycompany\/verification\/","https:\/\/www.instagram.com\/telavita\/","https:\/\/www.facebook.com\/Telavita"],"logo":{"@type":"ImageObject","inLanguage":"pt-BR","@id":"https:\/\/www.telavita.com.br\/blog\/#\/schema\/logo\/image\/","url":"https:\/\/www.telavita.com.br\/blog\/wp-content\/uploads\/2021\/05\/telavita.jpg","contentUrl":"https:\/\/www.telavita.com.br\/blog\/wp-content\/uploads\/2021\/05\/telavita.jpg","width":200,"height":200,"caption":"Telavita"},"image":{"@id":"https:\/\/www.telavita.com.br\/blog\/#\/schema\/logo\/image\/"}},{"@type":"Person","@id":"https:\/\/www.telavita.com.br\/blog\/#\/schema\/person\/365e554815ae72366924ab1f2b06fdaa","name":"Telavita","image":{"@type":"ImageObject","inLanguage":"pt-BR","@id":"https:\/\/www.telavita.com.br\/blog\/#\/schema\/person\/image\/","url":"https:\/\/secure.gravatar.com\/avatar\/ac2e61ce00e3238eb646b649fdcae5e4?s=96&d=mm&r=g","contentUrl":"https:\/\/secure.gravatar.com\/avatar\/ac2e61ce00e3238eb646b649fdcae5e4?s=96&d=mm&r=g","caption":"Telavita"},"url":"https:\/\/www.telavita.com.br\/blog\/author\/telavita\/"}]}},"modified_by":null,"_links":{"self":[{"href":"https:\/\/www.telavita.com.br\/blog\/wp-json\/wp\/v2\/posts\/6031"}],"collection":[{"href":"https:\/\/www.telavita.com.br\/blog\/wp-json\/wp\/v2\/posts"}],"about":[{"href":"https:\/\/www.telavita.com.br\/blog\/wp-json\/wp\/v2\/types\/post"}],"author":[{"embeddable":true,"href":"https:\/\/www.telavita.com.br\/blog\/wp-json\/wp\/v2\/users\/11"}],"replies":[{"embeddable":true,"href":"https:\/\/www.telavita.com.br\/blog\/wp-json\/wp\/v2\/comments?post=6031"}],"version-history":[{"count":10,"href":"https:\/\/www.telavita.com.br\/blog\/wp-json\/wp\/v2\/posts\/6031\/revisions"}],"predecessor-version":[{"id":8919,"href":"https:\/\/www.telavita.com.br\/blog\/wp-json\/wp\/v2\/posts\/6031\/revisions\/8919"}],"wp:featuredmedia":[{"embeddable":true,"href":"https:\/\/www.telavita.com.br\/blog\/wp-json\/wp\/v2\/media\/8242"}],"wp:attachment":[{"href":"https:\/\/www.telavita.com.br\/blog\/wp-json\/wp\/v2\/media?parent=6031"}],"wp:term":[{"taxonomy":"category","embeddable":true,"href":"https:\/\/www.telavita.com.br\/blog\/wp-json\/wp\/v2\/categories?post=6031"},{"taxonomy":"post_tag","embeddable":true,"href":"https:\/\/www.telavita.com.br\/blog\/wp-json\/wp\/v2\/tags?post=6031"}],"curies":[{"name":"wp","href":"https:\/\/api.w.org\/{rel}","templated":true}]}}