{"id":6143,"date":"2019-10-22T11:07:22","date_gmt":"2019-10-22T14:07:22","guid":{"rendered":"https:\/\/www.telavita.com.br\/blog\/?p=6143"},"modified":"2025-12-08T19:00:08","modified_gmt":"2025-12-08T21:00:08","slug":"fluoxetina-emagrece","status":"publish","type":"post","link":"https:\/\/www.telavita.com.br\/blog\/fluoxetina-emagrece\/","title":{"rendered":"Fluoxetina e o controle do apetite: Ser\u00e1 que Fluoxetina emagrece?"},"content":{"rendered":"<p><em>In\u00fameras <strong>doen\u00e7as psicol\u00f3gicas<\/strong> ainda n\u00e3o s\u00e3o t\u00e3o familiares para o p\u00fablico.<\/em><\/p>\n<p><a href=\"https:\/\/www.telavita.com.br\/blog\/depressao\/\">Depress\u00e3o<\/a> e <a href=\"https:\/\/www.telavita.com.br\/blog\/o-que-e-ansiedade\/\">ansiedade<\/a>. Todos j\u00e1 ouviram falar delas. Ali\u00e1s, muitos j\u00e1 sabem do perigo que representam e at\u00e9 as maneiras como preveni-las, pois elas est\u00e3o entre as <strong>doen\u00e7as psicol\u00f3gicas mais comuns<\/strong>. Por\u00e9m, existe um amplo espectro que acaba passando desapercebido.<\/p>\n<p><strong>LEIA MAIS:\u00a0<a href=\"https:\/\/www.telavita.com.br\/blog\/o-que-e-ansiedade\/\">Ansiedade: o que \u00e9 e como enfrentar o mal do s\u00e9culo.<\/a><\/strong><\/p>\n<p>As <strong>doen\u00e7as do psicol\u00f3gico<\/strong> s\u00e3o in\u00fameras: Voc\u00ea sabia que existem <strong>doen\u00e7as psicol\u00f3gicas causadas pelo trabalho<\/strong>, e outras cuja origem pode ser gen\u00e9tica?\u00a0Nesse turbilh\u00e3o de possibilidades, muitos transtornos se destacam, como \u00e9 o caso da <strong>depress\u00e3o e ansiedade<\/strong>. Por\u00e9m, \u00e9 necess\u00e1rio prestar aten\u00e7\u00e3o naquelas que poucas pessoas notam e que influenciam demais o cotidiano de todos.<\/p>\n<p>Por conta disso, separamos uma <strong>lista de doen\u00e7as psicol\u00f3gicas<\/strong> que ainda n\u00e3o recebem muita import\u00e2ncia, mas que deveriam ser mais conhecidas.<\/p>\n<span class='mb-center maxbutton-4-center'><span class='maxbutton-4-container mb-container'><a class=\"maxbutton-4 maxbutton maxbutton-manda-para-o-catalogo-de-psicologos\" href=\"https:\/\/app.telavita.com.br\/psicologia-online\/encontre-seu-psicologo\"><span class='mb-text'>Encontre seu psic\u00f3logo online<\/span><\/a><\/span><\/span>\n<h2>Tipos de doen\u00e7as psicol\u00f3gicas que precisam de mais aten\u00e7\u00e3o<\/h2>\n<h3>S\u00edndrome de Burnout<\/h3>\n<p>De acordo com o <a href=\"http:\/\/www.saude.gov.br\/saude-de-a-z\/saude-mental\/sindrome-de-burnout\">Minist\u00e9rio da Sa\u00fade<\/a>,<strong> o Burnout<\/strong> \u00e9 \u201cum dist\u00farbio emocional com sintomas de exaust\u00e3o extrema, estresse e esgotamento f\u00edsico resultante de situa\u00e7\u00f5es de trabalho desgastante, que demandam muita competitividade ou responsabilidade\u201d.<\/p>\n<p>A s\u00edndrome \u00e9 uma das <strong>doen\u00e7as psicol\u00f3gicas do trabalho<\/strong> mais graves, pois deixa o indiv\u00edduo num estado de esgotamento. E o pior: 30% da popula\u00e7\u00e3o j\u00e1 sofre com esse problema, conforme uma <a href=\"https:\/\/www.terra.com.br\/noticias\/dino\/no-brasil-30-dos-profissionais-sofrem-da-sindrome-de-burnout-e-ela-pode-ser-evitada,f10ecfc775693e40fb41f54cb64c5901fcpv5osa.html\">pesquisa<\/a> da Internacional Stress Management Association (Isma).<\/p>\n<p>A gravidade dessa condi\u00e7\u00e3o \u00e9 a dificuldade em prever o acontecimento desses ataques de p\u00e2nico. Afinal, eles s\u00e3o comuns e afetam cerca de <a href=\"https:\/\/www.msdmanuals.com\/pt-br\/casa\/dist%C3%BArbios-de-sa%C3%BAde-mental\/ansiedade-e-transtornos-relacionados-ao-estresse\/ataques-de-p%C3%A2nico-e-s%C3%ADndrome-do-p%C3%A2nico?query=s%C3%ADndrome%20do%20p%C3%A2nico\">11%<\/a> dos adultos por ano. Por isso, \u00e9 necess\u00e1rio buscar tratamento o quanto antes.<\/p>\n<p><strong>LEIA MAIS:\u00a0<a href=\"https:\/\/www.telavita.com.br\/blog\/sindrome-do-panico\/\">As sufocantes crises de medo e desespero \u2013 Conhe\u00e7a o que \u00e9 a S\u00edndrome do P\u00e2nico<\/a><\/strong><\/p>\n<h3>Transtorno de Personalidade de Borderline<\/h3>\n<p>De acordo com o <a href=\"https:\/\/www.msdmanuals.com\/pt-br\/profissional\/transtornos-psiqui%C3%A1tricos\/transtornos-de-personalidade\/transtorno-de-personalidade-borderline-tpb?query=borderline\">Manual MSD<\/a>, o Borderline \u201c\u00e9 caracterizado por um padr\u00e3o generalizado de instabilidade e hipersensibilidade nos relacionamentos interpessoais, instabilidade na autoimagem, flutua\u00e7\u00f5es extremas de humor e impulsividade\u201d.<\/p>\n<p>Essa \u00e9 uma condi\u00e7\u00e3o que afeta muito a <a href=\"https:\/\/www.telavita.com.br\/blog\/qualidade-de-vida\/\">qualidade de vida<\/a> e o relacionamento do indiv\u00edduo, por isso, deve ser melhor compreendida. Na popula\u00e7\u00e3o em geral, <a href=\"http:\/\/www.usp.br\/rbtcc\/index.php\/RBTCC\/article\/download\/1068\/537\/\">estima-se<\/a> que entre 1,6% e 5,9% das pessoas possuem o transtorno.<\/p>\n<span class='mb-center maxbutton-2-center'><span class='maxbutton-2-container mb-container'><a class=\"maxbutton-2 maxbutton maxbutton-home-telavita\" href=\"https:\/\/www.telavita.com.br\"><span class='mb-text'>Conhe\u00e7a a Telavita<\/span><\/a><\/span><\/span>\n<h3>Transtornos alimentares<\/h3>\n<p>&#8220;Transtorno alimentar \u00e9 um padr\u00e3o de comportamentos alimentares disfuncionais prejudiciais ao sujeito&#8221;, elucida a coordenadora do Servi\u00e7o de Psicologia da UTI Cardiol\u00f3gica do <a href=\"https:\/\/www.hospitalsiriolibanes.org.br\/imprensa\/noticias\/Paginas\/Transtornos-alimentares-o-que-s%C3%A3o-e-como-identific%C3%A1-los.aspx\">Hospital S\u00edrio-Liban\u00eas<\/a>, Maristela Temer.<\/p>\n<p>Os transtornos alimentares possuem a maior <a href=\"https:\/\/link.springer.com\/article\/10.1007\/s11920-012-0282-y\">taxa de mortalidade<\/a> em compara\u00e7\u00e3o com qualquer doen\u00e7a mental. Sob esse quesito, existem v\u00e1rias <strong>doen\u00e7as psicol\u00f3gicas graves<\/strong>: anorexia, bulimia, transtorno compulsivo alimentar, etc.<\/p>\n<h3>Transtorno do Estresse P\u00f3s-Traum\u00e1tico (TEPT)<\/h3>\n<p>De acordo com o <a href=\"https:\/\/www.msdmanuals.com\/pt-br\/casa\/fatos-r%C3%A1pidos-dist%C3%BArbios-de-sa%C3%BAde-mental\/ansiedade-e-transtornos-relacionados-ao-estresse\/transtorno-de-estresse-p%C3%B3s-traum%C3%A1tico-tept?query=estresse%20p%C3%B3s%20traum%C3%A1tico\">Manual MSD<\/a>, estresse p\u00f3s-traum\u00e1tico \u201cocorre quando lembran\u00e7as de um evento extremamente perturbador ficam voltando repetidamente e invadem os pensamentos. Isso dura mais de um m\u00eas e pode durar muito mais tempo. Essas lembran\u00e7as podem ser muito assustadoras, realistas e perturbadoras\u201d.<\/p>\n<p><strong>LEIA MAIS:\u00a0<a href=\"https:\/\/www.telavita.com.br\/blog\/o-que-e-borderline\/\">Confira o que significa Borderline e saiba tudo sobre esse transtorno<\/a><\/strong><\/p>\n<p>Essa <strong>doen\u00e7a psicol\u00f3gica<\/strong> n\u00e3o \u00e9 de f\u00e1cil identifica\u00e7\u00e3o por terceiros, por conta disso, passa desapercebida diversas vezes. Sendo assim, \u00e9 importante compreender o que ela \u00e9 e como acontece para ajudar a pessoa que est\u00e1 nessa condi\u00e7\u00e3o.<\/p>\n<p>Caso suspeite que voc\u00ea ou algu\u00e9m pr\u00f3ximo possa ter algum desses transtornos procure um psic\u00f3logo ou psiquiatra de sua prefer\u00eancia para realizar o diagn\u00f3stico. A nossa plataforma online possui um leque de op\u00e7\u00f5es de profissionais capacitados e especializados.<\/p>\n<span class='mb-center maxbutton-4-center'><span class='maxbutton-4-container mb-container'><a class=\"maxbutton-4 maxbutton maxbutton-manda-para-o-catalogo-de-psicologos\" href=\"https:\/\/app.telavita.com.br\/psicologia-online\/encontre-seu-psicologo\"><span class='mb-text'>Encontre seu psic\u00f3logo online<\/span><\/a><\/span><\/span>\n<p><strong>LEIA MAIS:<\/strong><\/p>\n<ul>\n<li><strong><a href=\"https:\/\/www.telavita.com.br\/blog\/o-que-e-ansiedade\/\">Ansiedade: o que \u00e9 e como enfrentar o mal do s\u00e9culo<\/a><\/strong><\/li>\n<li><strong><a href=\"https:\/\/www.telavita.com.br\/blog\/burnout\/\">Burnout e o esgotamento psicol\u00f3gico no trabalho<\/a><\/strong><\/li>\n<li><strong><a href=\"https:\/\/www.telavita.com.br\/blog\/sindrome-do-panico\/\">Conhe\u00e7a o que \u00e9 a S\u00edndrome do P\u00e2nico<\/a><\/strong><\/li>\n<li><strong><a href=\"https:\/\/www.telavita.com.br\/blog\/o-que-e-borderline\/\">O que \u00e9 Borderline?<\/a><\/strong><\/li>\n<li><strong><a href=\"https:\/\/www.telavita.com.br\/blog\/como-funciona-a-telavita\/\">Como funciona a Telavita?<\/a><\/strong><\/li>\n<\/ul>\n","protected":false},"excerpt":{"rendered":"<p>In\u00fameras doen\u00e7as psicol\u00f3gicas ainda n\u00e3o s\u00e3o t\u00e3o familiares para o p\u00fablico. Depress\u00e3o e ansiedade. Todos j\u00e1 ouviram falar delas. Ali\u00e1s, muitos j\u00e1 sabem do perigo que representam e at\u00e9 as maneiras como preveni-las, pois elas est\u00e3o entre as doen\u00e7as psicol\u00f3gicas mais comuns. Por\u00e9m, existe um amplo espectro que acaba passando desapercebido. LEIA MAIS:\u00a0Ansiedade: o que [&hellip;]<\/p>\n","protected":false},"author":11,"featured_media":6211,"comment_status":"open","ping_status":"open","sticky":false,"template":"","format":"standard","meta":{"_lmt_disableupdate":"no","_lmt_disable":"no","footnotes":""},"categories":[281],"tags":[],"yoast_head":"<!-- This site is optimized with the Yoast SEO plugin v19.8 - https:\/\/yoast.com\/wordpress\/plugins\/seo\/ -->\n<title>Fluoxetina e controle do apetite: Ser\u00e1 que Fluoxetina emagrece? l Telavita<\/title>\n<meta name=\"description\" content=\"Voc\u00ea j\u00e1 ouviu falar da fluoxetina? Talvez voc\u00ea n\u00e3o conhe\u00e7a por esse nome, mas a palavra \u201cProzac\u201d desperta algo na mente? Descubra mais sobre ela aqui.\" \/>\n<meta name=\"robots\" content=\"index, follow, max-snippet:-1, max-image-preview:large, max-video-preview:-1\" \/>\n<link rel=\"canonical\" href=\"https:\/\/www.telavita.com.br\/blog\/fluoxetina-emagrece\/\" \/>\n<meta property=\"og:locale\" content=\"pt_BR\" \/>\n<meta property=\"og:type\" content=\"article\" \/>\n<meta property=\"og:title\" content=\"Fluoxetina e controle do apetite: Ser\u00e1 que Fluoxetina emagrece? l Telavita\" \/>\n<meta property=\"og:description\" content=\"Voc\u00ea j\u00e1 ouviu falar da fluoxetina? Talvez voc\u00ea n\u00e3o conhe\u00e7a por esse nome, mas a palavra \u201cProzac\u201d desperta algo na mente? Descubra mais sobre ela aqui.\" \/>\n<meta property=\"og:url\" content=\"https:\/\/www.telavita.com.br\/blog\/fluoxetina-emagrece\/\" \/>\n<meta property=\"og:site_name\" content=\"Telavita\" \/>\n<meta property=\"article:publisher\" content=\"https:\/\/www.facebook.com\/Telavita\" \/>\n<meta property=\"article:published_time\" content=\"2019-10-22T14:07:22+00:00\" \/>\n<meta property=\"article:modified_time\" content=\"2025-12-08T21:00:08+00:00\" \/>\n<meta property=\"og:image\" content=\"https:\/\/www.telavita.com.br\/blog\/wp-content\/uploads\/2019\/10\/11.jpg\" \/>\n\t<meta property=\"og:image:width\" content=\"900\" \/>\n\t<meta property=\"og:image:height\" content=\"560\" \/>\n\t<meta property=\"og:image:type\" content=\"image\/jpeg\" \/>\n<meta name=\"author\" content=\"Telavita\" \/>\n<meta name=\"twitter:card\" content=\"summary_large_image\" \/>\n<meta name=\"twitter:label1\" content=\"Escrito por\" \/>\n\t<meta name=\"twitter:data1\" content=\"Telavita\" \/>\n\t<meta name=\"twitter:label2\" content=\"Est. tempo de leitura\" \/>\n\t<meta name=\"twitter:data2\" content=\"3 minutos\" \/>\n<!-- \/ Yoast SEO plugin. -->","yoast_head_json":{"title":"Fluoxetina e controle do apetite: Ser\u00e1 que Fluoxetina emagrece? l Telavita","description":"Voc\u00ea j\u00e1 ouviu falar da fluoxetina? Talvez voc\u00ea n\u00e3o conhe\u00e7a por esse nome, mas a palavra \u201cProzac\u201d desperta algo na mente? Descubra mais sobre ela aqui.","robots":{"index":"index","follow":"follow","max-snippet":"max-snippet:-1","max-image-preview":"max-image-preview:large","max-video-preview":"max-video-preview:-1"},"canonical":"https:\/\/www.telavita.com.br\/blog\/fluoxetina-emagrece\/","og_locale":"pt_BR","og_type":"article","og_title":"Fluoxetina e controle do apetite: Ser\u00e1 que Fluoxetina emagrece? l Telavita","og_description":"Voc\u00ea j\u00e1 ouviu falar da fluoxetina? Talvez voc\u00ea n\u00e3o conhe\u00e7a por esse nome, mas a palavra \u201cProzac\u201d desperta algo na mente? Descubra mais sobre ela aqui.","og_url":"https:\/\/www.telavita.com.br\/blog\/fluoxetina-emagrece\/","og_site_name":"Telavita","article_publisher":"https:\/\/www.facebook.com\/Telavita","article_published_time":"2019-10-22T14:07:22+00:00","article_modified_time":"2025-12-08T21:00:08+00:00","og_image":[{"width":900,"height":560,"url":"https:\/\/www.telavita.com.br\/blog\/wp-content\/uploads\/2019\/10\/11.jpg","type":"image\/jpeg"}],"author":"Telavita","twitter_card":"summary_large_image","twitter_misc":{"Escrito por":"Telavita","Est. tempo de leitura":"3 minutos"},"schema":{"@context":"https:\/\/schema.org","@graph":[{"@type":"Article","@id":"https:\/\/www.telavita.com.br\/blog\/fluoxetina-emagrece\/#article","isPartOf":{"@id":"https:\/\/www.telavita.com.br\/blog\/fluoxetina-emagrece\/"},"author":{"name":"Telavita","@id":"https:\/\/www.telavita.com.br\/blog\/#\/schema\/person\/365e554815ae72366924ab1f2b06fdaa"},"headline":"Fluoxetina e o controle do apetite: Ser\u00e1 que Fluoxetina emagrece?","datePublished":"2019-10-22T14:07:22+00:00","dateModified":"2025-12-08T21:00:08+00:00","mainEntityOfPage":{"@id":"https:\/\/www.telavita.com.br\/blog\/fluoxetina-emagrece\/"},"wordCount":669,"commentCount":0,"publisher":{"@id":"https:\/\/www.telavita.com.br\/blog\/#organization"},"articleSection":["Psicologia"],"inLanguage":"pt-BR","potentialAction":[{"@type":"CommentAction","name":"Comment","target":["https:\/\/www.telavita.com.br\/blog\/fluoxetina-emagrece\/#respond"]}]},{"@type":"WebPage","@id":"https:\/\/www.telavita.com.br\/blog\/fluoxetina-emagrece\/","url":"https:\/\/www.telavita.com.br\/blog\/fluoxetina-emagrece\/","name":"Fluoxetina e controle do apetite: Ser\u00e1 que Fluoxetina emagrece? l Telavita","isPartOf":{"@id":"https:\/\/www.telavita.com.br\/blog\/#website"},"datePublished":"2019-10-22T14:07:22+00:00","dateModified":"2025-12-08T21:00:08+00:00","description":"Voc\u00ea j\u00e1 ouviu falar da fluoxetina? Talvez voc\u00ea n\u00e3o conhe\u00e7a por esse nome, mas a palavra \u201cProzac\u201d desperta algo na mente? Descubra mais sobre ela aqui.","breadcrumb":{"@id":"https:\/\/www.telavita.com.br\/blog\/fluoxetina-emagrece\/#breadcrumb"},"inLanguage":"pt-BR","potentialAction":[{"@type":"ReadAction","target":["https:\/\/www.telavita.com.br\/blog\/fluoxetina-emagrece\/"]}]},{"@type":"BreadcrumbList","@id":"https:\/\/www.telavita.com.br\/blog\/fluoxetina-emagrece\/#breadcrumb","itemListElement":[{"@type":"ListItem","position":1,"name":"In\u00edcio","item":"https:\/\/www.telavita.com.br\/blog\/"},{"@type":"ListItem","position":2,"name":"Fluoxetina e o controle do apetite: Ser\u00e1 que Fluoxetina emagrece?"}]},{"@type":"WebSite","@id":"https:\/\/www.telavita.com.br\/blog\/#website","url":"https:\/\/www.telavita.com.br\/blog\/","name":"Telavita","description":"Conte\u00fados especializados sobre sa\u00fade mental e bem-estar","publisher":{"@id":"https:\/\/www.telavita.com.br\/blog\/#organization"},"potentialAction":[{"@type":"SearchAction","target":{"@type":"EntryPoint","urlTemplate":"https:\/\/www.telavita.com.br\/blog\/?s={search_term_string}"},"query-input":"required name=search_term_string"}],"inLanguage":"pt-BR"},{"@type":"Organization","@id":"https:\/\/www.telavita.com.br\/blog\/#organization","name":"Telavita","url":"https:\/\/www.telavita.com.br\/blog\/","sameAs":["https:\/\/www.linkedin.com\/company\/telavita\/mycompany\/verification\/","https:\/\/www.instagram.com\/telavita\/","https:\/\/www.facebook.com\/Telavita"],"logo":{"@type":"ImageObject","inLanguage":"pt-BR","@id":"https:\/\/www.telavita.com.br\/blog\/#\/schema\/logo\/image\/","url":"https:\/\/www.telavita.com.br\/blog\/wp-content\/uploads\/2021\/05\/telavita.jpg","contentUrl":"https:\/\/www.telavita.com.br\/blog\/wp-content\/uploads\/2021\/05\/telavita.jpg","width":200,"height":200,"caption":"Telavita"},"image":{"@id":"https:\/\/www.telavita.com.br\/blog\/#\/schema\/logo\/image\/"}},{"@type":"Person","@id":"https:\/\/www.telavita.com.br\/blog\/#\/schema\/person\/365e554815ae72366924ab1f2b06fdaa","name":"Telavita","image":{"@type":"ImageObject","inLanguage":"pt-BR","@id":"https:\/\/www.telavita.com.br\/blog\/#\/schema\/person\/image\/","url":"https:\/\/secure.gravatar.com\/avatar\/ac2e61ce00e3238eb646b649fdcae5e4?s=96&d=mm&r=g","contentUrl":"https:\/\/secure.gravatar.com\/avatar\/ac2e61ce00e3238eb646b649fdcae5e4?s=96&d=mm&r=g","caption":"Telavita"},"url":"https:\/\/www.telavita.com.br\/blog\/author\/telavita\/"}]}},"modified_by":"Marcelo Vilas Boas","_links":{"self":[{"href":"https:\/\/www.telavita.com.br\/blog\/wp-json\/wp\/v2\/posts\/6143"}],"collection":[{"href":"https:\/\/www.telavita.com.br\/blog\/wp-json\/wp\/v2\/posts"}],"about":[{"href":"https:\/\/www.telavita.com.br\/blog\/wp-json\/wp\/v2\/types\/post"}],"author":[{"embeddable":true,"href":"https:\/\/www.telavita.com.br\/blog\/wp-json\/wp\/v2\/users\/11"}],"replies":[{"embeddable":true,"href":"https:\/\/www.telavita.com.br\/blog\/wp-json\/wp\/v2\/comments?post=6143"}],"version-history":[{"count":12,"href":"https:\/\/www.telavita.com.br\/blog\/wp-json\/wp\/v2\/posts\/6143\/revisions"}],"predecessor-version":[{"id":9677,"href":"https:\/\/www.telavita.com.br\/blog\/wp-json\/wp\/v2\/posts\/6143\/revisions\/9677"}],"wp:featuredmedia":[{"embeddable":true,"href":"https:\/\/www.telavita.com.br\/blog\/wp-json\/wp\/v2\/media\/6211"}],"wp:attachment":[{"href":"https:\/\/www.telavita.com.br\/blog\/wp-json\/wp\/v2\/media?parent=6143"}],"wp:term":[{"taxonomy":"category","embeddable":true,"href":"https:\/\/www.telavita.com.br\/blog\/wp-json\/wp\/v2\/categories?post=6143"},{"taxonomy":"post_tag","embeddable":true,"href":"https:\/\/www.telavita.com.br\/blog\/wp-json\/wp\/v2\/tags?post=6143"}],"curies":[{"name":"wp","href":"https:\/\/api.w.org\/{rel}","templated":true}]}}