{"id":6299,"date":"2019-11-07T16:58:09","date_gmt":"2019-11-07T18:58:09","guid":{"rendered":"https:\/\/www.telavita.com.br\/blog\/?p=6299"},"modified":"2024-04-19T15:42:54","modified_gmt":"2024-04-19T18:42:54","slug":"ansiedade-no-trabalho","status":"publish","type":"post","link":"https:\/\/www.telavita.com.br\/blog\/ansiedade-no-trabalho\/","title":{"rendered":"Como a ansiedade no trabalho pode atrapalhar no desempenho profissional dos colaboradores"},"content":{"rendered":"<p><span style=\"font-weight: 400;\">A ansiedade \u00e9 o transtorno psicol\u00f3gico mais comum no Brasil. S\u00e3o <\/span><a href=\"https:\/\/exame.abril.com.br\/ciencia\/brasil-e-o-pais-mais-ansioso-do-mundo-segundo-a-oms\/\" target=\"_blank\" rel=\"noopener\"><b>18,6 milh\u00f5es de brasileiros que convivem diariamente com essa condi\u00e7\u00e3o<\/b><\/a><span style=\"font-weight: 400;\">. No entanto, dependendo de sua gravidade, pode ser extremamente incapacitante para o indiv\u00edduo. A ansiedade no trabalho, por exemplo, \u00e9 uma das maiores causadoras de <\/span><a href=\"https:\/\/www.telavita.com.br\/blog\/afastamento-trabalho-questoes-psicologicas\/\" target=\"_blank\" rel=\"noopener\"><b>afastamento por quest\u00f5es emocionais.<\/b><\/a><\/p>\n<p><span style=\"font-weight: 400;\">A rotina di\u00e1ria e a correria do dia a dia podem ser situa\u00e7\u00f5es que s\u00e3o<\/span><b> gatilhos para o surgimento de transtornos psicol\u00f3gicos <\/b><span style=\"font-weight: 400;\">e atuam diretamente no aumento da ansiedade geral. Portanto, \u00e9 necess\u00e1rio compreender melhor como cuidar dessa situa\u00e7\u00e3o.<\/span><\/p>\n<p><span style=\"font-weight: 400;\">Nesse sentido, seus reflexos na rotina di\u00e1ria s\u00e3o ineg\u00e1veis. Quando a tristeza toma conta, a press\u00e3o deixa os ombros tensos e o estresse se faz presente,<\/span><b> \u00e9 poss\u00edvel que a ansiedade esteja se estabelecendo.<\/b><\/p>\n<h2><b>O que \u00e9 a ansiedade causada pelo trabalho?<\/b><\/h2>\n<p><span style=\"font-weight: 400;\">De acordo com o <\/span><b>Manual Diagn\u00f3stico e Estat\u00edstico de Transtornos Mentais,<\/b><span style=\"font-weight: 400;\"> \u201cos transtornos de ansiedade incluem dist\u00farbios que compartilham caracter\u00edsticas de medo, ansiedade excessiva e perturba\u00e7\u00f5es comportamentais relacionadas. O medo \u00e9 a resposta emocional \u00e0 amea\u00e7a iminente real ou percebida, enquanto ansiedade \u00e9 a antecipa\u00e7\u00e3o de amea\u00e7a futura\u201d.<\/span><\/p>\n<p><span style=\"font-weight: 400;\">A condi\u00e7\u00e3o surgida dentro do ambiente de trabalho \u00e9 decorr\u00eancia da press\u00e3o no ambiente corporativo e todos os fatores que o envolvem. Dessa forma, a <\/span><b>ansiedade e preocupa\u00e7\u00e3o excessiva <\/b><span style=\"font-weight: 400;\">aparecem por conta de condi\u00e7\u00f5es advindas de um <\/span><a href=\"https:\/\/www.telavita.com.br\/blog\/conflitos-ambiente-trabalho\/\" target=\"_blank\" rel=\"noopener\"><b>ambiente desfavor\u00e1vel dentro da empresa.<\/b><\/a><\/p>\n<h2><b>Causas da ansiedade e medo no trabalho<\/b><\/h2>\n<p><span style=\"font-weight: 400;\">Uma <\/span><a href=\"https:\/\/bmcpublichealth.biomedcentral.com\/articles\/10.1186\/s12889-015-1559-y\" target=\"_blank\" rel=\"noopener\"><b>pesquisa realizada com 4.717 trabalhadores franceses<\/b><\/a><span style=\"font-weight: 400;\"> procurou compreender as condi\u00e7\u00f5es de trabalho e o seu respectivo ambiente para determinar os casos de adoecimento por ansiedade.<\/span><\/p>\n<p><span style=\"font-weight: 400;\">Ao final, o estudo apontou o baixo n\u00edvel de sal\u00e1rio, os conflitos interpessoais, as tens\u00f5es com o p\u00fablico para o qual prestavam o atendimento final e <\/span><b>o desequil\u00edbrio entre lazer e trabalho como os fatores que elevam o risco de ansiedade.<\/b><\/p>\n<p><span style=\"font-weight: 400;\">Al\u00e9m disso, \u00e9 poss\u00edvel indicar outros fatores que aumentam a ansiedade. A <\/span><b>press\u00e3o de trabalho<\/b><span style=\"font-weight: 400;\">, a cobran\u00e7a excessiva, a busca por metas irrealistas, lidar com prazos curtos e o ac\u00famulo de fun\u00e7\u00f5es tamb\u00e9m podem ser apontados como motivos para desenvolver problemas psicol\u00f3gicos advindos do ambiente corporativo.<\/span><\/p>\n<p><a href=\"https:\/\/conteudo.telavita.com.br\/e-book-alem-do-beneficio?_ga=2.224186782.449344723.1671456459-1873535872.1666970294&amp;_gl=1*z83k01*_ga*MTg3MzUzNTg3Mi4xNjY2OTcwMjk0*_ga_2DZ1C7BK62*MTY3MTQ1NjQ1OS45LjEuMTY3MTQ1NjgzNS41Ny4wLjA.\"><img loading=\"lazy\" decoding=\"async\" class=\"size-full wp-image-8341 aligncenter\" src=\"https:\/\/www.telavita.com.br\/blog\/wp-content\/uploads\/2019\/05\/Banner_Blog_E-book.png\" alt=\"ebook-saude-mental-nas-empresas\" width=\"693\" height=\"193\" srcset=\"https:\/\/www.telavita.com.br\/blog\/wp-content\/uploads\/2019\/05\/Banner_Blog_E-book.png 693w, https:\/\/www.telavita.com.br\/blog\/wp-content\/uploads\/2019\/05\/Banner_Blog_E-book-300x84.png 300w\" sizes=\"(max-width: 693px) 100vw, 693px\" \/><\/a><\/p>\n<h2><b>Sintomas da ansiedade<\/b><\/h2>\n<p><span style=\"font-weight: 400;\">Conhecer os <\/span><a href=\"https:\/\/www.telavita.com.br\/blog\/5-sinais-de-ansiedade\/\" target=\"_blank\" rel=\"noopener\"><b>sinais que indicam a ansiedade<\/b><\/a><span style=\"font-weight: 400;\"> no trabalho <\/span><b>\u00e9 fundamental.<\/b><span style=\"font-weight: 400;\"> Somente assim \u00e9 poss\u00edve<\/span><b>l identificar potenciais problemas que nos afligem.<\/b><span style=\"font-weight: 400;\">\u00a0 Al\u00e9m disso, saber sobre os sintomas do transtorno permite que o indiv\u00edduo procure ajuda profissional de forma mais r\u00e1pida.<\/span><\/p>\n<p><span style=\"font-weight: 400;\">Confira abaixo alguns dos principais sinais da ansiedade:<\/span><\/p>\n<ul>\n<li style=\"font-weight: 400;\" aria-level=\"1\"><span style=\"font-weight: 400;\">Preocupa\u00e7\u00e3o excessiva;<\/span><\/li>\n<li style=\"font-weight: 400;\" aria-level=\"1\"><span style=\"font-weight: 400;\">Dificuldade na concentra\u00e7\u00e3o;<\/span><\/li>\n<li style=\"font-weight: 400;\" aria-level=\"1\"><span style=\"font-weight: 400;\">Cansa\u00e7o;<\/span><\/li>\n<li style=\"font-weight: 400;\" aria-level=\"1\"><span style=\"font-weight: 400;\">Problemas para dormir;<\/span><\/li>\n<li style=\"font-weight: 400;\" aria-level=\"1\"><span style=\"font-weight: 400;\">Problemas de mem\u00f3ria;<\/span><\/li>\n<li style=\"font-weight: 400;\" aria-level=\"1\"><span style=\"font-weight: 400;\">Irritabilidade;<\/span><\/li>\n<li style=\"font-weight: 400;\" aria-level=\"1\"><span style=\"font-weight: 400;\">Tens\u00e3o muscular.<\/span><\/li>\n<\/ul>\n<h2><b>Como a ansiedade no trabalho atrapalha o funcion\u00e1rio<\/b><\/h2>\n<p><span style=\"font-weight: 400;\">O trabalho tem ocupado um espa\u00e7o maior do que o normal em nossa vida e, quando as coisas n\u00e3o v\u00e3o bem, ficamos cada vez mais<\/span><b> doentes por conta da ansiedade gerada pela rotina.<\/b><span style=\"font-weight: 400;\"> Nos sentimos tensos, <\/span><a href=\"https:\/\/www.telavita.com.br\/blog\/como-controlar-estresse-no-trabalho\/\" target=\"_blank\" rel=\"noopener\"><b>estressados e sobrecarregados com as atividades a serem realizadas.<\/b><\/a><\/p>\n<p><span style=\"font-weight: 400;\">No entanto, quando a ansiedade come\u00e7a a nos prejudicar dentro do nosso desempenho pessoal e atividades di\u00e1rias, <\/span><b>\u00e9 necess\u00e1rio o tratamento para a sua diminui\u00e7\u00e3o efetiva.<\/b><span style=\"font-weight: 400;\"> Caso o tratamento para a ansiedade n\u00e3o seja realizado o quadro poder\u00e1 evoluir drasticamente limitando o indiv\u00edduo aos poucos.<\/span><\/p>\n<p><span style=\"font-weight: 400;\">Quando estamos ansiosos e preocupados, nossa produtividade cai, <\/span><a href=\"https:\/\/www.telavita.com.br\/blog\/pensamentos-acelerados\/\" target=\"_blank\" rel=\"noopener\"><b>n\u00e3o conseguimos prestar aten\u00e7\u00e3o nas reuni\u00f5es<\/b><\/a><b>,<\/b><span style=\"font-weight: 400;\"> nossas ideias j\u00e1 n\u00e3o soam mais como criativas e <\/span><b>perdemos nosso brilho e prazer nas atividades que devem ser efetivadas.<\/b><\/p>\n<h2><b>Como as empresas podem ajudar na preven\u00e7\u00e3o de quest\u00f5es emocionais<\/b><\/h2>\n<p><span style=\"font-weight: 400;\">Para evitar que as quest\u00f5es psicol\u00f3gicas surjam nos funcion\u00e1rios, as empresas precisam dar aten\u00e7\u00e3o \u00e0 sa\u00fade emocional dos colaboradores. Para isso, a <\/span><b>Telavita<\/b><span style=\"font-weight: 400;\"> criou o Programa de Sa\u00fade Emocional (PSE).<\/span><\/p>\n<p><span style=\"font-weight: 400;\">O <\/span><b>Programa de Sa\u00fade Emocional<\/b><span style=\"font-weight: 400;\"> auxilia a \u00e1rea de recursos humanos das empresas e, al\u00e9m de oferecer um monitoramento completo dos n\u00edveis de ansiedade, estresse e depress\u00e3o dos colaboradores, <\/span><b>oferece terapias online para cada vida composta pelo corpo empresarial.<\/b><\/p>\n<span class='mb-center maxbutton-6-center'><span class='maxbutton-6-container mb-container'><a class=\"maxbutton-6 maxbutton maxbutton-pse\" target=\"_blank\" rel=\"noopener\" href=\"https:\/\/conteudo.telavita.com.br\/telavitaempresas2022?_ga=2.92428570.665564727.1667953363-113301591.1659119672&amp;_gl=1*2kagbv*_ga*MTEzMzAxNTkxLjE2NTkxMTk2NzI.*_ga_2DZ1C7BK62*MTY2Nzk1MzM2Mi4xMjIuMS4xNjY3OTUzNTUxLjUwLjAuMA..\"><span class='mb-text'>Saiba mais sobre o Programa de Sa\u00fade Emocional<\/span><\/a><\/span><\/span>\n","protected":false},"excerpt":{"rendered":"<p>A ansiedade \u00e9 o transtorno psicol\u00f3gico mais comum no Brasil. S\u00e3o 18,6 milh\u00f5es de brasileiros que convivem diariamente com essa condi\u00e7\u00e3o. No entanto, dependendo de sua gravidade, pode ser extremamente incapacitante para o indiv\u00edduo. A ansiedade no trabalho, por exemplo, \u00e9 uma das maiores causadoras de afastamento por quest\u00f5es emocionais. A rotina di\u00e1ria e a [&hellip;]<\/p>\n","protected":false},"author":11,"featured_media":6313,"comment_status":"open","ping_status":"open","sticky":false,"template":"","format":"standard","meta":{"_lmt_disableupdate":"","_lmt_disable":"","footnotes":""},"categories":[384],"tags":[],"yoast_head":"<!-- This site is optimized with the Yoast SEO plugin v19.8 - https:\/\/yoast.com\/wordpress\/plugins\/seo\/ -->\n<title>Por que a ansiedade no trabalho prejudica empresa e colaborador?<\/title>\n<meta name=\"description\" content=\"N\u00e3o h\u00e1 como negar o fato de que a ansiedade no trabalho atrapalha tanto no aspecto pessoal, como no profissional. Saiba o por que isso acontece!\" \/>\n<meta name=\"robots\" content=\"index, follow, max-snippet:-1, max-image-preview:large, max-video-preview:-1\" \/>\n<link rel=\"canonical\" href=\"https:\/\/www.telavita.com.br\/blog\/ansiedade-no-trabalho\/\" \/>\n<meta property=\"og:locale\" content=\"pt_BR\" \/>\n<meta property=\"og:type\" content=\"article\" \/>\n<meta property=\"og:title\" content=\"Por que a ansiedade no trabalho prejudica empresa e colaborador?\" \/>\n<meta property=\"og:description\" content=\"N\u00e3o h\u00e1 como negar o fato de que a ansiedade no trabalho atrapalha tanto no aspecto pessoal, como no profissional. Saiba o por que isso acontece!\" \/>\n<meta property=\"og:url\" content=\"https:\/\/www.telavita.com.br\/blog\/ansiedade-no-trabalho\/\" \/>\n<meta property=\"og:site_name\" content=\"Telavita\" \/>\n<meta property=\"article:publisher\" content=\"https:\/\/www.facebook.com\/Telavita\" \/>\n<meta property=\"article:published_time\" content=\"2019-11-07T18:58:09+00:00\" \/>\n<meta property=\"article:modified_time\" content=\"2024-04-19T18:42:54+00:00\" \/>\n<meta property=\"og:image\" content=\"https:\/\/www.telavita.com.br\/blog\/wp-content\/uploads\/2019\/11\/22.jpg\" \/>\n\t<meta property=\"og:image:width\" content=\"900\" \/>\n\t<meta property=\"og:image:height\" content=\"560\" \/>\n\t<meta property=\"og:image:type\" content=\"image\/jpeg\" \/>\n<meta name=\"author\" content=\"Telavita\" \/>\n<meta name=\"twitter:card\" content=\"summary_large_image\" \/>\n<meta name=\"twitter:label1\" content=\"Escrito por\" \/>\n\t<meta name=\"twitter:data1\" content=\"Telavita\" \/>\n\t<meta name=\"twitter:label2\" content=\"Est. tempo de leitura\" \/>\n\t<meta name=\"twitter:data2\" content=\"4 minutos\" \/>\n<!-- \/ Yoast SEO plugin. -->","yoast_head_json":{"title":"Por que a ansiedade no trabalho prejudica empresa e colaborador?","description":"N\u00e3o h\u00e1 como negar o fato de que a ansiedade no trabalho atrapalha tanto no aspecto pessoal, como no profissional. Saiba o por que isso acontece!","robots":{"index":"index","follow":"follow","max-snippet":"max-snippet:-1","max-image-preview":"max-image-preview:large","max-video-preview":"max-video-preview:-1"},"canonical":"https:\/\/www.telavita.com.br\/blog\/ansiedade-no-trabalho\/","og_locale":"pt_BR","og_type":"article","og_title":"Por que a ansiedade no trabalho prejudica empresa e colaborador?","og_description":"N\u00e3o h\u00e1 como negar o fato de que a ansiedade no trabalho atrapalha tanto no aspecto pessoal, como no profissional. Saiba o por que isso acontece!","og_url":"https:\/\/www.telavita.com.br\/blog\/ansiedade-no-trabalho\/","og_site_name":"Telavita","article_publisher":"https:\/\/www.facebook.com\/Telavita","article_published_time":"2019-11-07T18:58:09+00:00","article_modified_time":"2024-04-19T18:42:54+00:00","og_image":[{"width":900,"height":560,"url":"https:\/\/www.telavita.com.br\/blog\/wp-content\/uploads\/2019\/11\/22.jpg","type":"image\/jpeg"}],"author":"Telavita","twitter_card":"summary_large_image","twitter_misc":{"Escrito por":"Telavita","Est. tempo de leitura":"4 minutos"},"schema":{"@context":"https:\/\/schema.org","@graph":[{"@type":"Article","@id":"https:\/\/www.telavita.com.br\/blog\/ansiedade-no-trabalho\/#article","isPartOf":{"@id":"https:\/\/www.telavita.com.br\/blog\/ansiedade-no-trabalho\/"},"author":{"name":"Telavita","@id":"https:\/\/www.telavita.com.br\/blog\/#\/schema\/person\/365e554815ae72366924ab1f2b06fdaa"},"headline":"Como a ansiedade no trabalho pode atrapalhar no desempenho profissional dos colaboradores","datePublished":"2019-11-07T18:58:09+00:00","dateModified":"2024-04-19T18:42:54+00:00","mainEntityOfPage":{"@id":"https:\/\/www.telavita.com.br\/blog\/ansiedade-no-trabalho\/"},"wordCount":696,"commentCount":0,"publisher":{"@id":"https:\/\/www.telavita.com.br\/blog\/#organization"},"articleSection":["Recursos Humanos"],"inLanguage":"pt-BR","potentialAction":[{"@type":"CommentAction","name":"Comment","target":["https:\/\/www.telavita.com.br\/blog\/ansiedade-no-trabalho\/#respond"]}]},{"@type":"WebPage","@id":"https:\/\/www.telavita.com.br\/blog\/ansiedade-no-trabalho\/","url":"https:\/\/www.telavita.com.br\/blog\/ansiedade-no-trabalho\/","name":"Por que a ansiedade no trabalho prejudica empresa e colaborador?","isPartOf":{"@id":"https:\/\/www.telavita.com.br\/blog\/#website"},"datePublished":"2019-11-07T18:58:09+00:00","dateModified":"2024-04-19T18:42:54+00:00","description":"N\u00e3o h\u00e1 como negar o fato de que a ansiedade no trabalho atrapalha tanto no aspecto pessoal, como no profissional. Saiba o por que isso acontece!","breadcrumb":{"@id":"https:\/\/www.telavita.com.br\/blog\/ansiedade-no-trabalho\/#breadcrumb"},"inLanguage":"pt-BR","potentialAction":[{"@type":"ReadAction","target":["https:\/\/www.telavita.com.br\/blog\/ansiedade-no-trabalho\/"]}]},{"@type":"BreadcrumbList","@id":"https:\/\/www.telavita.com.br\/blog\/ansiedade-no-trabalho\/#breadcrumb","itemListElement":[{"@type":"ListItem","position":1,"name":"In\u00edcio","item":"https:\/\/www.telavita.com.br\/blog\/"},{"@type":"ListItem","position":2,"name":"Como a ansiedade no trabalho pode atrapalhar no desempenho profissional dos colaboradores"}]},{"@type":"WebSite","@id":"https:\/\/www.telavita.com.br\/blog\/#website","url":"https:\/\/www.telavita.com.br\/blog\/","name":"Telavita","description":"Conte\u00fados especializados sobre sa\u00fade mental e bem-estar","publisher":{"@id":"https:\/\/www.telavita.com.br\/blog\/#organization"},"potentialAction":[{"@type":"SearchAction","target":{"@type":"EntryPoint","urlTemplate":"https:\/\/www.telavita.com.br\/blog\/?s={search_term_string}"},"query-input":"required name=search_term_string"}],"inLanguage":"pt-BR"},{"@type":"Organization","@id":"https:\/\/www.telavita.com.br\/blog\/#organization","name":"Telavita","url":"https:\/\/www.telavita.com.br\/blog\/","sameAs":["https:\/\/www.linkedin.com\/company\/telavita\/mycompany\/verification\/","https:\/\/www.instagram.com\/telavita\/","https:\/\/www.facebook.com\/Telavita"],"logo":{"@type":"ImageObject","inLanguage":"pt-BR","@id":"https:\/\/www.telavita.com.br\/blog\/#\/schema\/logo\/image\/","url":"https:\/\/www.telavita.com.br\/blog\/wp-content\/uploads\/2021\/05\/telavita.jpg","contentUrl":"https:\/\/www.telavita.com.br\/blog\/wp-content\/uploads\/2021\/05\/telavita.jpg","width":200,"height":200,"caption":"Telavita"},"image":{"@id":"https:\/\/www.telavita.com.br\/blog\/#\/schema\/logo\/image\/"}},{"@type":"Person","@id":"https:\/\/www.telavita.com.br\/blog\/#\/schema\/person\/365e554815ae72366924ab1f2b06fdaa","name":"Telavita","image":{"@type":"ImageObject","inLanguage":"pt-BR","@id":"https:\/\/www.telavita.com.br\/blog\/#\/schema\/person\/image\/","url":"https:\/\/secure.gravatar.com\/avatar\/ac2e61ce00e3238eb646b649fdcae5e4?s=96&d=mm&r=g","contentUrl":"https:\/\/secure.gravatar.com\/avatar\/ac2e61ce00e3238eb646b649fdcae5e4?s=96&d=mm&r=g","caption":"Telavita"},"url":"https:\/\/www.telavita.com.br\/blog\/author\/telavita\/"}]}},"modified_by":null,"_links":{"self":[{"href":"https:\/\/www.telavita.com.br\/blog\/wp-json\/wp\/v2\/posts\/6299"}],"collection":[{"href":"https:\/\/www.telavita.com.br\/blog\/wp-json\/wp\/v2\/posts"}],"about":[{"href":"https:\/\/www.telavita.com.br\/blog\/wp-json\/wp\/v2\/types\/post"}],"author":[{"embeddable":true,"href":"https:\/\/www.telavita.com.br\/blog\/wp-json\/wp\/v2\/users\/11"}],"replies":[{"embeddable":true,"href":"https:\/\/www.telavita.com.br\/blog\/wp-json\/wp\/v2\/comments?post=6299"}],"version-history":[{"count":9,"href":"https:\/\/www.telavita.com.br\/blog\/wp-json\/wp\/v2\/posts\/6299\/revisions"}],"predecessor-version":[{"id":8421,"href":"https:\/\/www.telavita.com.br\/blog\/wp-json\/wp\/v2\/posts\/6299\/revisions\/8421"}],"wp:featuredmedia":[{"embeddable":true,"href":"https:\/\/www.telavita.com.br\/blog\/wp-json\/wp\/v2\/media\/6313"}],"wp:attachment":[{"href":"https:\/\/www.telavita.com.br\/blog\/wp-json\/wp\/v2\/media?parent=6299"}],"wp:term":[{"taxonomy":"category","embeddable":true,"href":"https:\/\/www.telavita.com.br\/blog\/wp-json\/wp\/v2\/categories?post=6299"},{"taxonomy":"post_tag","embeddable":true,"href":"https:\/\/www.telavita.com.br\/blog\/wp-json\/wp\/v2\/tags?post=6299"}],"curies":[{"name":"wp","href":"https:\/\/api.w.org\/{rel}","templated":true}]}}