{"id":6402,"date":"2019-12-17T15:31:48","date_gmt":"2019-12-17T17:31:48","guid":{"rendered":"https:\/\/www.telavita.com.br\/blog\/?p=6402"},"modified":"2020-06-17T11:09:30","modified_gmt":"2020-06-17T14:09:30","slug":"transtorno-de-estresse-pos-traumatico","status":"publish","type":"post","link":"https:\/\/www.telavita.com.br\/blog\/transtorno-de-estresse-pos-traumatico\/","title":{"rendered":"A extens\u00e3o do Transtorno de Estresse P\u00f3s-Traum\u00e1tico"},"content":{"rendered":"<p>O Transtorno de Estresse P\u00f3s-Traum\u00e1tico (TEPT) \u00e9 um dist\u00farbio que se desenvolve como resposta a um elemento estressor traum\u00e1tico, seja ele real ou imagin\u00e1rio. Al\u00e9m disso, possui significado emocional exponencial para desencadear uma s\u00e9rie de efeitos psicol\u00f3gicos e neurobiol\u00f3gicos.<\/p>\n<p>Nesse sentido, quando a pessoa se recorda do fato, a revivesc\u00eancia tem as mesmas caracter\u00edsticas de estresse e de sofrimento que o agente estressor provocou. Na realidade, essa recorda\u00e7\u00e3o precipita as altera\u00e7\u00f5es neurol\u00f3gicas, f\u00edsicas e mentais, como se estivesse presenciando tudo de novo.<\/p>\n<p>No c\u00e9rebro, as altera\u00e7\u00f5es decorrentes do abalo emocional s\u00e3o uma tentativa de resposta de adapta\u00e7\u00e3o a ordem imposta pela desestrutura\u00e7\u00e3o causada pelos eventos traum\u00e1ticos. As mudan\u00e7as s\u00e3o sentidas na estrutura neural, nos efeitos funcionais, nas cogni\u00e7\u00f5es, nas impress\u00f5es afetivas, nos comportamentos e nas rea\u00e7\u00f5es fisiol\u00f3gicas.<\/p>\n<p>Inclusive, pesquisadores de universidades nacionais e internacionais levantam a hip\u00f3tese da causa estar no desequil\u00edbrio dos n\u00edveis de cortisol ou na redu\u00e7\u00e3o de 8 a 10% de c\u00f3rtex pr\u00e9-frontal e do hipocampo, que s\u00e3o \u00e1reas localizadas no c\u00e9rebro.<\/p>\n<h2>A extens\u00e3o do trauma<\/h2>\n<p>Trauma \u00e9 definido como uma situa\u00e7\u00e3o experimentada, testemunhada ou confrontada pelo indiv\u00edduo, na qual houve amea\u00e7a \u00e0 vida, a integridade f\u00edsica de si ou de pessoas ligadas a ele afetivamente.<\/p>\n<p>Sendo assim, situa\u00e7\u00f5es emocionais e essencialmente violentas podem causar traumas. Acidentes naturais (enchentes, inc\u00eandios, desabamentos), acidentes automobil\u00edsticos, assaltos, sequestros, estupros, guerras, atos terroristas e toda forma de viol\u00eancias urbanas s\u00e3o exemplos disso.<\/p>\n<p>Ali\u00e1s, quando ocorre esse pico de estresse no organismo de uma pessoa sadia, os horm\u00f4nios s\u00e3o ativados, ou seja, existe toda uma rea\u00e7\u00e3o neurofisiol\u00f3gica e ps\u00edquica. Por\u00e9m, quando a situa\u00e7\u00e3o normaliza, essas libera\u00e7\u00f5es org\u00e2nicas cessam e o ps\u00edquico tem o seu grau de ansiedade diminu\u00eddo e a pessoa segue adiante.<\/p>\n<p>Nas situa\u00e7\u00f5es de grande estresse, esse sistema sofre graves altera\u00e7\u00f5es de implica\u00e7\u00f5es variadas e tempo indeterminado. Dessa forma, quanto maior a hist\u00f3ria de vida pregressa da pessoa, quanto maior for a exposi\u00e7\u00e3o ao evento traum\u00e1tico e quanto mais intensa forem as formas de sofrimento ao longo da vida, mais grave ser\u00e1 a rea\u00e7\u00e3o ao estresse e maior ser\u00e1 a possibilidade do desenvolvimento de perturba\u00e7\u00e3o ps\u00edquica.<\/p>\n<h3>Consequ\u00eancias do trauma<\/h3>\n<p>Extensivo ao trauma vivido por v\u00edtimas, n\u00e3o podemos deixar de enquadrar as sequelas de graus variados e os efeitos adversos na fam\u00edlia. Ent\u00e3o, qual o custo social, econ\u00f4mico e educacional de uma crian\u00e7a que perde o pai ou a m\u00e3e num acidente de tr\u00e2nsito ou num assalto?<\/p>\n<p>Al\u00e9m disso, \u00e9 preciso pensar ainda nas consequ\u00eancias e sequelas desses eventos. Afinal, qual o custo social e econ\u00f4mico de uma defici\u00eancia grave, como uma paraplegia ou tetraplegia, por um alagamento ou um soterramento para um ajustamento pessoal, familiar e profissional?<\/p>\n<p>N\u00e3o obstante, h\u00e1 os custos com resgates, assist\u00eancia hospitalar, reabilita\u00e7\u00e3o, perda de capacidade produtiva, gastos previdenci\u00e1rios, danos a terceiros, administra\u00e7\u00e3o de seguros, etc&#8230;. Quais as sequelas invis\u00edveis que n\u00e3o s\u00e3o discutidas, amparadas ou resolvidas nas pol\u00edticas p\u00fablicas de uma sociedade?<\/p>\n<p>Essas s\u00e3o quest\u00f5es poucas discutidas e que precisam de maior aten\u00e7\u00e3o. Os traumas possuem consequ\u00eancias muitas vezes n\u00e3o vistas, mas que deixam reminisc\u00eancias e restos dif\u00edceis de lidar ao longo da vida.<\/p>\n<h2>Quadro cl\u00ednico e sintomatologia<\/h2>\n<h3>Reexperi\u00eancia traum\u00e1tica<\/h3>\n<p>Mesmo com o perigo afastado, o indiv\u00edduo revive o ocorrido continuadamente, ou seja, ele permanece vivenciando o trauma como uma experi\u00eancia presente. Nesse sentido, tal circunst\u00e2ncia Incapacita a pessoa de retomar o curso de vida.<\/p>\n<p>\u00c9 como se o trauma parasse no momento em que ocorreu. \u00a0As imagens, sons, odores, n\u00e1useas, tonturas, medos, pavor, terror, podem aparecer nos sonhos ou pesadelos e na revivesc\u00eancia do evento.<\/p>\n<h3>Esquiva e distanciamento emocional<\/h3>\n<p>A repeti\u00e7\u00e3o da experi\u00eancia traum\u00e1tica causa um sofrimento t\u00e3o grande na pessoa, que pode refletir num afastamento emocional. Dessa forma, o indiv\u00edduo busca se afastar de qualquer est\u00edmulo que possa desencadear o ciclo de lembran\u00e7as traum\u00e1ticas.<\/p>\n<p>A esquiva ativa de sentimentos, pensamentos, conversas, situa\u00e7\u00f5es e atividades associadas ao trauma, ent\u00e3o, s\u00e3o um mecanismo de defesa contra a ansiedade desencadeada. As estrat\u00e9gias da esquiva s\u00e3o: evitar falar, uso de bebidas alco\u00f3licas ou drogas, compuls\u00f5es como jogo, sexo, etc.<\/p>\n<p>Desse modo, o indiv\u00edduo tenta reorganizar sua vida, evitando situa\u00e7\u00f5es ou lembran\u00e7as que remetem ao trauma. Assim, a pessoa volta toda a sua energia ps\u00edquica para essa fuga e isso acarreta num \u201cn\u00e3o pensar\u201d, \u201cn\u00e3o sentir\u201d, \u201cn\u00e3o planejar\u201d. Tal a\u00e7\u00e3o restringe a express\u00e3o afetiva, o que causa uma anestesia nos sentimentos.<\/p>\n<h3>Hiperexcitabilidade ps\u00edquica<\/h3>\n<p>Humor ansioso, taquicardia, respira\u00e7\u00e3o curta, constri\u00e7\u00e3o precordial, formigamentos, parestesias, sudorese, extremidades frias, cefal\u00e9as, al\u00e9m da ins\u00f4nia, irritabilidade e explosividade. Esses s\u00e3o alguns dos sintomas da condi\u00e7\u00e3o.<\/p>\n<p>As pessoas nesse estado passam do est\u00edmulo \u00e0 a\u00e7\u00e3o sem passar pela reflex\u00e3o ou avalia\u00e7\u00e3o do est\u00edmulo provocador. Sendo assim, est\u00e3o sempre em estado de alerta, em vigil\u00e2ncia e sempre esperando o pior. H\u00e1 uma generaliza\u00e7\u00e3o do medo como percep\u00e7\u00e3o de um mundo inseguro e imprevis\u00edvel.<\/p>\n<h2>O diagn\u00f3stico do Transtorno de Estresse P\u00f3s-Traum\u00e1tico<\/h2>\n<p>\u00c9 muito importante um diagn\u00f3stico adequado e correto no reconhecimento dos sintomas do TEPT, tanto pela preval\u00eancia do transtorno, quanto pelo comprometimento que acarreta ao indiv\u00edduo, sua fam\u00edlia e, consequentemente, \u00e0 sociedade.<\/p>\n<p>O bom diagn\u00f3stico tem que reconhecer e legitimar a condi\u00e7\u00e3o cl\u00ednica derivada do trauma psicol\u00f3gico. Ent\u00e3o, deve fundamentar-se nos sintomas intrusivos, na ativa\u00e7\u00e3o aumentada e nos sintomas de embotamento e evita\u00e7\u00e3o.<\/p>\n<p>Ainda, \u00e9 necess\u00e1rio aten\u00e7\u00e3o quando o fator estressor \u00e9 transit\u00f3rio e pode ser aliviado, pois esses sintomas diminuem gradativamente entre 48 horas a quatro semanas. Ali\u00e1s, na cronicidade do transtorno, \u00e0s vezes, ele vai \u201cmutando\u201d com o tempo, e demora de 24 a 48 meses ap\u00f3s o trauma para apresentar a remiss\u00e3o desses tra\u00e7os.<\/p>\n<p>Al\u00e9m disso, \u00e9 preciso ter aten\u00e7\u00e3o com as comorbidades, pois 80% das pessoas com TEPT j\u00e1 sofrem com depress\u00e3o, perturba\u00e7\u00f5es de p\u00e2nico e uso de subst\u00e2ncias qu\u00edmicas em quadros compulsivos.<\/p>\n<p>As equipes de sa\u00fade, por ser esse um quadro relativamente recente, n\u00e3o est\u00e3o treinadas para o diagn\u00f3stico diferencial do Transtorno de Estresse P\u00f3s-Traum\u00e1tico, o que acarreta num tratamento medicamentoso e ps\u00edquico n\u00e3o adequado.<\/p>\n<h2>Como lidar com o TEPT<\/h2>\n<p>O TEPT pode gerar diversas implica\u00e7\u00f5es na qualidade de vida do indiv\u00edduo. Por conta disso, \u00e9 fundamental procurar alternativas para lidar com ele. Inclusive, segue abaixo algumas dicas de como minimizar e amenizar o Transtorno de Estresse P\u00f3s-Traum\u00e1tico:<\/p>\n<p>&#8211; lidar melhor com as experi\u00eancias negativas;<\/p>\n<p>&#8211; boa autoestima;<\/p>\n<p>&#8211; sentimentos de autoefic\u00e1cia;<\/p>\n<p>&#8211; a\u00e7\u00f5es positivas em rela\u00e7\u00e3o \u00e0 vida;<\/p>\n<p>&#8211; capacidade de ressignificar situa\u00e7\u00f5es;<\/p>\n<p>&#8211; <a href=\"https:\/\/www.telavita.com.br\/blog\/resiliencia-inteligencia-emocional\/\">resili\u00eancia<\/a>.<\/p>\n<p>Al\u00e9m disso, procurar tratamento \u00e9 imprescind\u00edvel. Ele deve ser m\u00e9dico com introdu\u00e7\u00e3o de medicamentos, na maioria das vezes, e principalmente, psicoter\u00e1pico. Ali\u00e1s, \u00e9 fundamental frisar a atua\u00e7\u00e3o concomitante desses dois procedimentos.<\/p>\n<p>\u00c9 importante lembrar que quando bem conduzido o tratamento, m\u00e9dica e psicologicamente, o TEPT pode gerar crescimento. Assim, \u00e9 poss\u00edvel ocorrer mudan\u00e7as de valores e atitudes, possibilitando um significado maior na dimens\u00e3o do existir humano.<\/p>\n","protected":false},"excerpt":{"rendered":"<p>O Transtorno de Estresse P\u00f3s-Traum\u00e1tico (TEPT) \u00e9 um dist\u00farbio que se desenvolve como resposta a um elemento estressor traum\u00e1tico, seja ele real ou imagin\u00e1rio. Al\u00e9m disso, possui significado emocional exponencial para desencadear uma s\u00e9rie de efeitos psicol\u00f3gicos e neurobiol\u00f3gicos. Nesse sentido, quando a pessoa se recorda do fato, a revivesc\u00eancia tem as mesmas caracter\u00edsticas de [&hellip;]<\/p>\n","protected":false},"author":16,"featured_media":6404,"comment_status":"open","ping_status":"open","sticky":false,"template":"","format":"standard","meta":{"_lmt_disableupdate":"","_lmt_disable":"","footnotes":""},"categories":[44],"tags":[],"yoast_head":"<!-- This site is optimized with the Yoast SEO plugin v19.8 - https:\/\/yoast.com\/wordpress\/plugins\/seo\/ -->\n<title>A extens\u00e3o do Transtorno de Estresse P\u00f3s-Traum\u00e1tico l Telavita<\/title>\n<meta name=\"description\" content=\"O Transtorno de Estresse P\u00f3s-Traum\u00e1tico (TEPT) \u00e9 um dist\u00farbio que se desenvolve como resposta a um elemento estressor traum\u00e1tico.\" \/>\n<meta name=\"robots\" content=\"index, follow, max-snippet:-1, max-image-preview:large, max-video-preview:-1\" \/>\n<link rel=\"canonical\" href=\"https:\/\/www.telavita.com.br\/blog\/transtorno-de-estresse-pos-traumatico\/\" \/>\n<meta property=\"og:locale\" content=\"pt_BR\" \/>\n<meta property=\"og:type\" content=\"article\" \/>\n<meta property=\"og:title\" content=\"A extens\u00e3o do Transtorno de Estresse P\u00f3s-Traum\u00e1tico l Telavita\" \/>\n<meta property=\"og:description\" content=\"O Transtorno de Estresse P\u00f3s-Traum\u00e1tico (TEPT) \u00e9 um dist\u00farbio que se desenvolve como resposta a um elemento estressor traum\u00e1tico.\" \/>\n<meta property=\"og:url\" content=\"https:\/\/www.telavita.com.br\/blog\/transtorno-de-estresse-pos-traumatico\/\" \/>\n<meta property=\"og:site_name\" content=\"Telavita\" \/>\n<meta property=\"article:publisher\" content=\"https:\/\/www.facebook.com\/Telavita\" \/>\n<meta property=\"article:published_time\" content=\"2019-12-17T17:31:48+00:00\" \/>\n<meta property=\"article:modified_time\" content=\"2020-06-17T14:09:30+00:00\" \/>\n<meta property=\"og:image\" content=\"https:\/\/www.telavita.com.br\/blog\/wp-content\/uploads\/2019\/12\/Transtorno-de-Estresse-P\u00f3s-Traum\u00e1tico.jpg\" \/>\n\t<meta property=\"og:image:width\" content=\"900\" \/>\n\t<meta property=\"og:image:height\" content=\"560\" \/>\n\t<meta property=\"og:image:type\" content=\"image\/jpeg\" \/>\n<meta name=\"author\" content=\"Psic\u00f3loga Sonia Pittigliani - CRP 06\/14188\" \/>\n<meta name=\"twitter:card\" content=\"summary_large_image\" \/>\n<meta name=\"twitter:label1\" content=\"Escrito por\" \/>\n\t<meta name=\"twitter:data1\" content=\"Psic\u00f3loga Sonia Pittigliani - CRP 06\/14188\" \/>\n\t<meta name=\"twitter:label2\" content=\"Est. tempo de leitura\" \/>\n\t<meta name=\"twitter:data2\" content=\"6 minutos\" \/>\n<!-- \/ Yoast SEO plugin. -->","yoast_head_json":{"title":"A extens\u00e3o do Transtorno de Estresse P\u00f3s-Traum\u00e1tico l Telavita","description":"O Transtorno de Estresse P\u00f3s-Traum\u00e1tico (TEPT) \u00e9 um dist\u00farbio que se desenvolve como resposta a um elemento estressor traum\u00e1tico.","robots":{"index":"index","follow":"follow","max-snippet":"max-snippet:-1","max-image-preview":"max-image-preview:large","max-video-preview":"max-video-preview:-1"},"canonical":"https:\/\/www.telavita.com.br\/blog\/transtorno-de-estresse-pos-traumatico\/","og_locale":"pt_BR","og_type":"article","og_title":"A extens\u00e3o do Transtorno de Estresse P\u00f3s-Traum\u00e1tico l Telavita","og_description":"O Transtorno de Estresse P\u00f3s-Traum\u00e1tico (TEPT) \u00e9 um dist\u00farbio que se desenvolve como resposta a um elemento estressor traum\u00e1tico.","og_url":"https:\/\/www.telavita.com.br\/blog\/transtorno-de-estresse-pos-traumatico\/","og_site_name":"Telavita","article_publisher":"https:\/\/www.facebook.com\/Telavita","article_published_time":"2019-12-17T17:31:48+00:00","article_modified_time":"2020-06-17T14:09:30+00:00","og_image":[{"width":900,"height":560,"url":"https:\/\/www.telavita.com.br\/blog\/wp-content\/uploads\/2019\/12\/Transtorno-de-Estresse-P\u00f3s-Traum\u00e1tico.jpg","type":"image\/jpeg"}],"author":"Psic\u00f3loga Sonia Pittigliani - CRP 06\/14188","twitter_card":"summary_large_image","twitter_misc":{"Escrito por":"Psic\u00f3loga Sonia Pittigliani - CRP 06\/14188","Est. tempo de leitura":"6 minutos"},"schema":{"@context":"https:\/\/schema.org","@graph":[{"@type":"Article","@id":"https:\/\/www.telavita.com.br\/blog\/transtorno-de-estresse-pos-traumatico\/#article","isPartOf":{"@id":"https:\/\/www.telavita.com.br\/blog\/transtorno-de-estresse-pos-traumatico\/"},"author":{"name":"Psic\u00f3loga Sonia Pittigliani - CRP 06\/14188","@id":"https:\/\/www.telavita.com.br\/blog\/#\/schema\/person\/6777de6ffaeacbd8a57a54c91b85c3c3"},"headline":"A extens\u00e3o do Transtorno de Estresse P\u00f3s-Traum\u00e1tico","datePublished":"2019-12-17T17:31:48+00:00","dateModified":"2020-06-17T14:09:30+00:00","mainEntityOfPage":{"@id":"https:\/\/www.telavita.com.br\/blog\/transtorno-de-estresse-pos-traumatico\/"},"wordCount":1301,"commentCount":0,"publisher":{"@id":"https:\/\/www.telavita.com.br\/blog\/#organization"},"articleSection":["Traumas Psicol\u00f3gicos"],"inLanguage":"pt-BR","potentialAction":[{"@type":"CommentAction","name":"Comment","target":["https:\/\/www.telavita.com.br\/blog\/transtorno-de-estresse-pos-traumatico\/#respond"]}]},{"@type":"WebPage","@id":"https:\/\/www.telavita.com.br\/blog\/transtorno-de-estresse-pos-traumatico\/","url":"https:\/\/www.telavita.com.br\/blog\/transtorno-de-estresse-pos-traumatico\/","name":"A extens\u00e3o do Transtorno de Estresse P\u00f3s-Traum\u00e1tico l Telavita","isPartOf":{"@id":"https:\/\/www.telavita.com.br\/blog\/#website"},"datePublished":"2019-12-17T17:31:48+00:00","dateModified":"2020-06-17T14:09:30+00:00","description":"O Transtorno de Estresse P\u00f3s-Traum\u00e1tico (TEPT) \u00e9 um dist\u00farbio que se desenvolve como resposta a um elemento estressor traum\u00e1tico.","breadcrumb":{"@id":"https:\/\/www.telavita.com.br\/blog\/transtorno-de-estresse-pos-traumatico\/#breadcrumb"},"inLanguage":"pt-BR","potentialAction":[{"@type":"ReadAction","target":["https:\/\/www.telavita.com.br\/blog\/transtorno-de-estresse-pos-traumatico\/"]}]},{"@type":"BreadcrumbList","@id":"https:\/\/www.telavita.com.br\/blog\/transtorno-de-estresse-pos-traumatico\/#breadcrumb","itemListElement":[{"@type":"ListItem","position":1,"name":"In\u00edcio","item":"https:\/\/www.telavita.com.br\/blog\/"},{"@type":"ListItem","position":2,"name":"A extens\u00e3o do Transtorno de Estresse P\u00f3s-Traum\u00e1tico"}]},{"@type":"WebSite","@id":"https:\/\/www.telavita.com.br\/blog\/#website","url":"https:\/\/www.telavita.com.br\/blog\/","name":"Telavita","description":"Conte\u00fados especializados sobre sa\u00fade mental e bem-estar","publisher":{"@id":"https:\/\/www.telavita.com.br\/blog\/#organization"},"potentialAction":[{"@type":"SearchAction","target":{"@type":"EntryPoint","urlTemplate":"https:\/\/www.telavita.com.br\/blog\/?s={search_term_string}"},"query-input":"required name=search_term_string"}],"inLanguage":"pt-BR"},{"@type":"Organization","@id":"https:\/\/www.telavita.com.br\/blog\/#organization","name":"Telavita","url":"https:\/\/www.telavita.com.br\/blog\/","sameAs":["https:\/\/www.linkedin.com\/company\/telavita\/mycompany\/verification\/","https:\/\/www.instagram.com\/telavita\/","https:\/\/www.facebook.com\/Telavita"],"logo":{"@type":"ImageObject","inLanguage":"pt-BR","@id":"https:\/\/www.telavita.com.br\/blog\/#\/schema\/logo\/image\/","url":"https:\/\/www.telavita.com.br\/blog\/wp-content\/uploads\/2021\/05\/telavita.jpg","contentUrl":"https:\/\/www.telavita.com.br\/blog\/wp-content\/uploads\/2021\/05\/telavita.jpg","width":200,"height":200,"caption":"Telavita"},"image":{"@id":"https:\/\/www.telavita.com.br\/blog\/#\/schema\/logo\/image\/"}},{"@type":"Person","@id":"https:\/\/www.telavita.com.br\/blog\/#\/schema\/person\/6777de6ffaeacbd8a57a54c91b85c3c3","name":"Psic\u00f3loga Sonia Pittigliani - CRP 06\/14188","image":{"@type":"ImageObject","inLanguage":"pt-BR","@id":"https:\/\/www.telavita.com.br\/blog\/#\/schema\/person\/image\/","url":"https:\/\/secure.gravatar.com\/avatar\/b0b9c286c6073d3dd8121d02e9b86d88?s=96&d=mm&r=g","contentUrl":"https:\/\/secure.gravatar.com\/avatar\/b0b9c286c6073d3dd8121d02e9b86d88?s=96&d=mm&r=g","caption":"Psic\u00f3loga Sonia Pittigliani - CRP 06\/14188"},"description":"Psic\u00f3loga formada em 1982, me especializei em Psicoterapia Breve e Psicologia Hospitalar, tendo feito mestrado em Psicologia da Sa\u00fade. Toda minha vida profissional foi fundamentada numa postura \u00e9tica humana, tendo trabalhado como psicoterapeuta (anal\u00edtica din\u00e2mica) em meu consult\u00f3rio, psicologia oncol\u00f3gica e psicologia hospitalar (UTI de adultos - politrauma, cardiologia e neurologia), sala de Emerg\u00eancia (atendendo tentativas de suic\u00eddio por intoxica\u00e7\u00e3o e depend\u00eancia qu\u00edmica) e tamb\u00e9m atuado como professora de Psicologia Educacional, em escolas estaduais no in\u00edcio de carreira, nas Faculdades Oswaldo Cruz (curso de especializa\u00e7\u00e3o em Oncologia) e na UNICID (mat\u00e9ria de toxicologia cl\u00ednica na Faculdade de Medicina e Psicologia Forense na Faculdade de Direito). No hospital fui Chefe da cl\u00ednica de Psicologia Hospitalar (por tr\u00eas anos) e na cl\u00ednica de oncologia coordenei a equipe multiprofissional. Atualmente atendo clinicamente, e desenvolvo um trabalho de mentoria.","url":"https:\/\/www.telavita.com.br\/blog\/author\/sonia-pittigliani\/"}]}},"modified_by":null,"_links":{"self":[{"href":"https:\/\/www.telavita.com.br\/blog\/wp-json\/wp\/v2\/posts\/6402"}],"collection":[{"href":"https:\/\/www.telavita.com.br\/blog\/wp-json\/wp\/v2\/posts"}],"about":[{"href":"https:\/\/www.telavita.com.br\/blog\/wp-json\/wp\/v2\/types\/post"}],"author":[{"embeddable":true,"href":"https:\/\/www.telavita.com.br\/blog\/wp-json\/wp\/v2\/users\/16"}],"replies":[{"embeddable":true,"href":"https:\/\/www.telavita.com.br\/blog\/wp-json\/wp\/v2\/comments?post=6402"}],"version-history":[{"count":2,"href":"https:\/\/www.telavita.com.br\/blog\/wp-json\/wp\/v2\/posts\/6402\/revisions"}],"predecessor-version":[{"id":6405,"href":"https:\/\/www.telavita.com.br\/blog\/wp-json\/wp\/v2\/posts\/6402\/revisions\/6405"}],"wp:featuredmedia":[{"embeddable":true,"href":"https:\/\/www.telavita.com.br\/blog\/wp-json\/wp\/v2\/media\/6404"}],"wp:attachment":[{"href":"https:\/\/www.telavita.com.br\/blog\/wp-json\/wp\/v2\/media?parent=6402"}],"wp:term":[{"taxonomy":"category","embeddable":true,"href":"https:\/\/www.telavita.com.br\/blog\/wp-json\/wp\/v2\/categories?post=6402"},{"taxonomy":"post_tag","embeddable":true,"href":"https:\/\/www.telavita.com.br\/blog\/wp-json\/wp\/v2\/tags?post=6402"}],"curies":[{"name":"wp","href":"https:\/\/api.w.org\/{rel}","templated":true}]}}