{"id":6485,"date":"2020-01-29T14:15:59","date_gmt":"2020-01-29T16:15:59","guid":{"rendered":"https:\/\/www.telavita.com.br\/blog\/?p=6485"},"modified":"2024-04-19T15:54:02","modified_gmt":"2024-04-19T18:54:02","slug":"funcionario-sindrome-do-panico","status":"publish","type":"post","link":"https:\/\/www.telavita.com.br\/blog\/funcionario-sindrome-do-panico\/","title":{"rendered":"Como apoiar um funcion\u00e1rio com s\u00edndrome do p\u00e2nico?"},"content":{"rendered":"<p><span style=\"font-weight: 400;\">A <\/span><b>S\u00edndrome do P\u00e2nico<\/b><span style=\"font-weight: 400;\"> pode deixar o indiv\u00edduo acometido em um estado constante de ang\u00fastia e medo. Logo, na maioria das vezes, ela aparece sorrateiramente. Para quem sofre com esta condi\u00e7\u00e3o, \u00e9 importante a compreens\u00e3o das pessoas ao redor. No entanto, um funcion\u00e1rio com s\u00edndrome do p\u00e2nico pode precisar de uma<\/span><b> aten\u00e7\u00e3o especial da gest\u00e3o empresarial.<\/b><\/p>\n<p><b>O cora\u00e7\u00e3o acelera, o corpo parece formigar e a respira\u00e7\u00e3o fica dif\u00edci<\/b><span style=\"font-weight: 400;\">l. Muitas vezes, o hospital surge como destino \u00f3bvio. Deste modo, \u00e9 comum achar que os sintomas f\u00edsicos s\u00e3o devidos a alguma doen\u00e7a mas, ao realizar exames, acaba se descobrindo que na verdade <\/span><b>\u00e9 ansiedade.<\/b><\/p>\n<p><span style=\"font-weight: 400;\">\u201cO que est\u00e1 acontecendo comigo?\u201d. \u201cQuando vou ter isso de novo?\u201d. \u201cComo posso evitar que ocorra novamente?&#8221;. Esses e v\u00e1rios outros pensamentos surgem e, nesse ponto, <\/span><b>come\u00e7a a aparecer o medo do medo.<\/b><\/p>\n<h2><b>O que \u00e9 a S\u00edndrome do P\u00e2nico?<\/b><\/h2>\n<p><span style=\"font-weight: 400;\">A <\/span><a href=\"https:\/\/www.telavita.com.br\/blog\/sindrome-do-panico\/\" target=\"_blank\" rel=\"noopener\"><b>s\u00edndrome ou transtorno do p\u00e2nico<\/b><\/a><span style=\"font-weight: 400;\"> \u00e9 uma condi\u00e7\u00e3o associada a crises repentinas de ansiedade aguda, marcada por muito medo e desespero, al\u00e9m da presen\u00e7a de sintomas f\u00edsicos e emocionais.\u00a0<\/span><\/p>\n<p><span style=\"font-weight: 400;\">Portanto, \u00e9 uma <\/span><a href=\"https:\/\/www.telavita.com.br\/blog\/doencas-psiquiatricas\/\" target=\"_blank\" rel=\"noopener\"><b>doen\u00e7a psiqui\u00e1trica<\/b><\/a><span style=\"font-weight: 400;\"> caracterizada pela ocorr\u00eancia s\u00fabita e inesperada de crises de ansiedade, que atingem sua <\/span><b>intensidade m\u00e1xima em at\u00e9 10 minutos.<\/b><span style=\"font-weight: 400;\"> Sendo asim, nesses casos, sintomas psicossom\u00e1ticos surgem fortemente, <\/span><b>misturando a ang\u00fastia com desconfortos f\u00edsicos de diversos tipos.<\/b><\/p>\n<p><span style=\"font-weight: 400;\">Um funcion\u00e1rio com S\u00edndrome do P\u00e2nico pode apresentar:<\/span><\/p>\n<ul>\n<li style=\"font-weight: 400;\" aria-level=\"1\"><span style=\"font-weight: 400;\">Falta de ar;<\/span><\/li>\n<li style=\"font-weight: 400;\" aria-level=\"1\"><span style=\"font-weight: 400;\">Suor excessivo;<\/span><\/li>\n<li style=\"font-weight: 400;\" aria-level=\"1\"><span style=\"font-weight: 400;\">Sensa\u00e7\u00e3o de desmaio;<\/span><\/li>\n<li style=\"font-weight: 400;\" aria-level=\"1\"><span style=\"font-weight: 400;\">V\u00f4mito;<\/span><\/li>\n<li style=\"font-weight: 400;\" aria-level=\"1\"><span style=\"font-weight: 400;\">N\u00e1useas;<\/span><\/li>\n<li style=\"font-weight: 400;\" aria-level=\"1\"><span style=\"font-weight: 400;\">Formigamento;<\/span><\/li>\n<li style=\"font-weight: 400;\" aria-level=\"1\"><span style=\"font-weight: 400;\">Arritmia Card\u00edaca;<\/span><\/li>\n<li style=\"font-weight: 400;\" aria-level=\"1\"><span style=\"font-weight: 400;\">Ins\u00f4nia e grande cansa\u00e7o ao trabalhar;<\/span><\/li>\n<li style=\"font-weight: 400;\" aria-level=\"1\"><span style=\"font-weight: 400;\">Enxaqueca;<\/span><\/li>\n<li style=\"font-weight: 400;\" aria-level=\"1\"><span style=\"font-weight: 400;\">Crises de choro e desespero.<\/span><\/li>\n<\/ul>\n<h2><b>O papel das empresas<\/b><\/h2>\n<p><span style=\"font-weight: 400;\">Os pacientes com s\u00edndrome do p\u00e2nico t\u00eam as <\/span><a href=\"https:\/\/www.telavita.com.br\/blog\/saude-mental-ausencia-funcionarios\/\" target=\"_blank\" rel=\"noopener\"><b>maiores taxas de absente\u00edsmo no trabalho<\/b><\/a><span style=\"font-weight: 400;\"> e de queda de produtividade. Logo, somado \u00e0s comorbidades, esse cen\u00e1rio aumenta a necessidade do uso de conv\u00eanios ou de servi\u00e7os p\u00fablicos. Isso sem contar nos <\/span><b>custos de procedimentos, testes laboratoriais e exames de imagem.<\/b><\/p>\n<p><span style=\"font-weight: 400;\">Nesse conjunto exposto, a atua\u00e7\u00e3o das empresas tem uma <\/span><b>caracter\u00edstica de impacto social, que pode ser determinante na sa\u00fade de seus funcion\u00e1rios. <\/b><span style=\"font-weight: 400;\">Elas podem atuar de forma a criar efetiva <\/span><b>acessibilidade aos tratamentos preventivos ou curativo<\/b><span style=\"font-weight: 400;\">s, e provocar a ader\u00eancia dos mesmos, atrav\u00e9s de processos educativos e elucidativos sobre as doen\u00e7as, de forma geral.<\/span><\/p>\n<p><span style=\"font-weight: 400;\">Essa postura \u00e9tica-humana resultar\u00e1, com certeza, em uma rela\u00e7\u00e3o de<\/span><b> custo-efetividade positiva. <\/b>Entretanto, e<span style=\"font-weight: 400;\">ssa atitude pode ser uma inova\u00e7\u00e3o desafiadora na vida das pessoas que trabalham em empresas, produzindo um novo paradigma em sa\u00fade corporativa com qualidade, <strong>gerando resultados socioecon\u00f4micos para ambos os lados em benef\u00edcio m\u00fatuo.<\/strong><\/span><\/p>\n<p><a href=\"https:\/\/conteudo.telavita.com.br\/e-book-alem-do-beneficio\" target=\"_blank\" rel=\"noopener\"><span style=\"font-weight: 400;\"> <img loading=\"lazy\" decoding=\"async\" class=\"size-full wp-image-8341 aligncenter\" src=\"https:\/\/www.telavita.com.br\/blog\/wp-content\/uploads\/2019\/05\/Banner_Blog_E-book.png\" alt=\"ebook-saude-mental-nas-empresas\" width=\"693\" height=\"193\" srcset=\"https:\/\/www.telavita.com.br\/blog\/wp-content\/uploads\/2019\/05\/Banner_Blog_E-book.png 693w, https:\/\/www.telavita.com.br\/blog\/wp-content\/uploads\/2019\/05\/Banner_Blog_E-book-300x84.png 300w\" sizes=\"(max-width: 693px) 100vw, 693px\" \/><\/span><\/a><\/p>\n<h2><b>Como uma cultura centrada no bem-estar impacta positivamente?<\/b><\/h2>\n<p><span style=\"font-weight: 400;\">S\u00e3o a\u00e7\u00f5es conjuntas, multidimensionais, inovadoras e de grande impacto social que produzem resultados duradouros. Uma cultura centrada no bem-estar do funcion\u00e1rio promove <\/span><b>menores taxas de reca\u00eddas e melhoria do clima interpessoal e organizacional.<\/b><\/p>\n<p><span style=\"font-weight: 400;\">As empresas modernas de nossa sociedade, que querem impactar verdadeiramente na vida de seus funcion\u00e1rios, protagonizam a preven\u00e7\u00e3o e a humaniza\u00e7\u00e3o do ato de cuidar. Dessa forma, os efeitos produzem <\/span><b>mudan\u00e7as positivas e resultados efetivos.<\/b><\/p>\n<p><span style=\"font-weight: 400;\">Em pesquisa realizada pelo <\/span><b>Person<\/b><span style=\"font-weight: 400;\">, <\/span><a href=\"https:\/\/medicinasa.com.br\/saude-mental-empresas\/#:~:text=71%25%20dos%20brasileiros%20querem%20que%20empresas%20disponibilizem%20programas%20de%20sa%C3%BAde%20mental,-Pesquisa&amp;text=Os%20brasileiros%20est%C3%A3o%20cada%20vez,pela%20Pearson%20%E2%80%93%20empresa%20de%20educa%C3%A7%C3%A3o.\" target=\"_blank\" rel=\"noopener\"><b>71% dos brasileiros dizem querer que as empresas adotem programas de sa\u00fade emocional<\/b><\/a><b>.<\/b><span style=\"font-weight: 400;\"> Contudo, n\u00e3o podemos perder de vista que os adoecimentos s\u00e3o in\u00fameros e aparecem, numa grande propor\u00e7\u00e3o, nas empresas, fazendo-se imprescind\u00edvel que provid\u00eancias sejam tomadas.<\/span><\/p>\n<h2><b>O funcion\u00e1rio com S\u00edndrome do P\u00e2nico<\/b><\/h2>\n<p><span style=\"font-weight: 400;\">Um funcion\u00e1rio com S\u00edndrome do P\u00e2nico precisa de um diagn\u00f3stico inicial. Isso pois, a partir da certeza do transtorno, os tratamentos adequados poder\u00e3o ser iniciados para <\/span><b>a diminui\u00e7\u00e3o dos sintomas e a retomada da vida normal.<\/b><\/p>\n<p><span style=\"font-weight: 400;\">O <\/span><b>diagn\u00f3stico <\/b><span style=\"font-weight: 400;\">\u00e9 fundamental para impedir que novas crises se avolumem e fiquem adensadas. Afinal, caso elas ocorram, podem provocar <\/span><a href=\"https:\/\/www.telavita.com.br\/blog\/afastamento-trabalho-questoes-psicologicas\/\" target=\"_blank\" rel=\"noopener\"><b>o afastamento do ambiente de trabalho<\/b><\/a><span style=\"font-weight: 400;\"> e enorme sofrimento no indiv\u00edduo e seus familiares.<\/span><\/p>\n<p><span style=\"font-weight: 400;\">Ali\u00e1s, a aus\u00eancia ou demora do tratamento adequado podem aumentar a idea\u00e7\u00e3o de comportamento suicida e o \u00edndice de depress\u00e3o e ansiedade, o que causa enormes<\/span><b> impactos sociais, familiares, laborais e econ\u00f4micos.<\/b><\/p>\n<h2><b>Como \u00e9 o tratamento?<\/b><\/h2>\n<p><span style=\"font-weight: 400;\">O<\/span><b> tratamento para a S\u00edndrome do P\u00e2nico <\/b><span style=\"font-weight: 400;\">baseia-se, principalmente, na tranquiliza\u00e7\u00e3o do paciente mediante informa\u00e7\u00f5es consistentes. Deve-se refor\u00e7ar o car\u00e1ter passageiro das crises, evitando o desespero. \u00c9 importante instruir o paciente a <\/span><b>respirar lentamente pelo nariz, e n\u00e3o pela boca<\/b><span style=\"font-weight: 400;\">, de forma pausada, para n\u00e3o provocar hiperventila\u00e7\u00e3o.<\/span><\/p>\n<p><span style=\"font-weight: 400;\">T\u00e9cnicas de relaxamento podem ser utilizadas e ainda, em crises muito intensas, de tempo prolongado e recorrentes, recomenda-se a introdu\u00e7\u00e3o de medica\u00e7\u00e3o, como <\/span><a href=\"https:\/\/www.telavita.com.br\/blog\/antidepressivos\/\" target=\"_blank\" rel=\"noopener\"><b>o uso de antidepressivos<\/b><\/a><span style=\"font-weight: 400;\"> e ansiol\u00edticos. No entanto, <\/span><b>o tratamento precoce \u00e9 essencial para reduzir o sofrimento e evitar comorbidades.<\/b><\/p>\n<p><span style=\"font-weight: 400;\">A psicoterapia \u00e9 fundamental enquanto tratamento. Processos psicoeducativos, palestras informativas, reestrutura\u00e7\u00e3o cognitiva e estimula\u00e7\u00e3o ao enfrentamento s\u00e3o <\/span><b>as melhores formas de tratar a s\u00edndrome do p\u00e2nico, principalmente no trabalho.<\/b><\/p>\n<h2><b>Como a Telavita pode te ajudar<\/b><\/h2>\n<p><span style=\"font-weight: 400;\">Sabendo da import\u00e2ncia de promover um ambiente corporativo saud\u00e1vel, criamos o <\/span><b>Programa de Sa\u00fade Emocional (PSE).<\/b><span style=\"font-weight: 400;\"> O projeto visa auxiliar as empresas para o caminho de uma cultura organizacional centrada no bem-estar do funcion\u00e1rio.<\/span><span style=\"font-weight: 400;\">O PSE oferece \u00e0s empresas um mapeamento completo de como est\u00e1 a sa\u00fade emocional dos colaboradores e ainda, oferece a solu\u00e7\u00e3o exata para o problema: <\/span><b>a psicoterapia. <\/b><span style=\"font-weight: 400;\">Dessa forma, s\u00e3o dezenas de<\/span><b> psic\u00f3logos disponibilizados para atender a sua equipe da melhor forma poss\u00edvel.<\/b><\/p>\n<span class='mb-center maxbutton-6-center'><span class='maxbutton-6-container mb-container'><a class=\"maxbutton-6 maxbutton maxbutton-pse\" target=\"_blank\" rel=\"noopener\" href=\"https:\/\/conteudo.telavita.com.br\/telavitaempresas2022?_ga=2.92428570.665564727.1667953363-113301591.1659119672&amp;_gl=1*2kagbv*_ga*MTEzMzAxNTkxLjE2NTkxMTk2NzI.*_ga_2DZ1C7BK62*MTY2Nzk1MzM2Mi4xMjIuMS4xNjY3OTUzNTUxLjUwLjAuMA..\"><span class='mb-text'>Saiba mais sobre o Programa de Sa\u00fade Emocional<\/span><\/a><\/span><\/span>\n<p>&nbsp;<\/p>\n","protected":false},"excerpt":{"rendered":"<p>A S\u00edndrome do P\u00e2nico pode deixar o indiv\u00edduo acometido em um estado constante de ang\u00fastia e medo. Logo, na maioria das vezes, ela aparece sorrateiramente. Para quem sofre com esta condi\u00e7\u00e3o, \u00e9 importante a compreens\u00e3o das pessoas ao redor. No entanto, um funcion\u00e1rio com s\u00edndrome do p\u00e2nico pode precisar de uma aten\u00e7\u00e3o especial da gest\u00e3o [&hellip;]<\/p>\n","protected":false},"author":16,"featured_media":8368,"comment_status":"open","ping_status":"open","sticky":false,"template":"","format":"standard","meta":{"_lmt_disableupdate":"","_lmt_disable":"","footnotes":""},"categories":[34],"tags":[],"yoast_head":"<!-- This site is optimized with the Yoast SEO plugin v19.8 - https:\/\/yoast.com\/wordpress\/plugins\/seo\/ -->\n<title>Como apoiar um funcion\u00e1rio com s\u00edndrome do p\u00e2nico? l Telavita<\/title>\n<meta name=\"description\" content=\"Uma empresa saud\u00e1vel \u00e9 aquela que valoriza al\u00e9m de si mesma, os seus colaboradores. Saiba como ajudar um funcion\u00e1rio com S\u00edndrome de P\u00e2nico.\" \/>\n<meta name=\"robots\" content=\"index, follow, max-snippet:-1, max-image-preview:large, max-video-preview:-1\" \/>\n<link rel=\"canonical\" href=\"https:\/\/www.telavita.com.br\/blog\/funcionario-sindrome-do-panico\/\" \/>\n<meta property=\"og:locale\" content=\"pt_BR\" \/>\n<meta property=\"og:type\" content=\"article\" \/>\n<meta property=\"og:title\" content=\"Como apoiar um funcion\u00e1rio com s\u00edndrome do p\u00e2nico? l Telavita\" \/>\n<meta property=\"og:description\" content=\"Uma empresa saud\u00e1vel \u00e9 aquela que valoriza al\u00e9m de si mesma, os seus colaboradores. Saiba como ajudar um funcion\u00e1rio com S\u00edndrome de P\u00e2nico.\" \/>\n<meta property=\"og:url\" content=\"https:\/\/www.telavita.com.br\/blog\/funcionario-sindrome-do-panico\/\" \/>\n<meta property=\"og:site_name\" content=\"Telavita\" \/>\n<meta property=\"article:publisher\" content=\"https:\/\/www.facebook.com\/Telavita\" \/>\n<meta property=\"article:published_time\" content=\"2020-01-29T16:15:59+00:00\" \/>\n<meta property=\"article:modified_time\" content=\"2024-04-19T18:54:02+00:00\" \/>\n<meta property=\"og:image\" content=\"https:\/\/www.telavita.com.br\/blog\/wp-content\/uploads\/2020\/01\/funcionario-com-sindrome-de-panico-na-empresa.jpg\" \/>\n\t<meta property=\"og:image:width\" content=\"2560\" \/>\n\t<meta property=\"og:image:height\" content=\"1707\" \/>\n\t<meta property=\"og:image:type\" content=\"image\/jpeg\" \/>\n<meta name=\"author\" content=\"Psic\u00f3loga Sonia Pittigliani - CRP 06\/14188\" \/>\n<meta name=\"twitter:card\" content=\"summary_large_image\" \/>\n<meta name=\"twitter:label1\" content=\"Escrito por\" \/>\n\t<meta name=\"twitter:data1\" content=\"Psic\u00f3loga Sonia Pittigliani - CRP 06\/14188\" \/>\n\t<meta name=\"twitter:label2\" content=\"Est. tempo de leitura\" \/>\n\t<meta name=\"twitter:data2\" content=\"5 minutos\" \/>\n<!-- \/ Yoast SEO plugin. -->","yoast_head_json":{"title":"Como apoiar um funcion\u00e1rio com s\u00edndrome do p\u00e2nico? l Telavita","description":"Uma empresa saud\u00e1vel \u00e9 aquela que valoriza al\u00e9m de si mesma, os seus colaboradores. Saiba como ajudar um funcion\u00e1rio com S\u00edndrome de P\u00e2nico.","robots":{"index":"index","follow":"follow","max-snippet":"max-snippet:-1","max-image-preview":"max-image-preview:large","max-video-preview":"max-video-preview:-1"},"canonical":"https:\/\/www.telavita.com.br\/blog\/funcionario-sindrome-do-panico\/","og_locale":"pt_BR","og_type":"article","og_title":"Como apoiar um funcion\u00e1rio com s\u00edndrome do p\u00e2nico? l Telavita","og_description":"Uma empresa saud\u00e1vel \u00e9 aquela que valoriza al\u00e9m de si mesma, os seus colaboradores. Saiba como ajudar um funcion\u00e1rio com S\u00edndrome de P\u00e2nico.","og_url":"https:\/\/www.telavita.com.br\/blog\/funcionario-sindrome-do-panico\/","og_site_name":"Telavita","article_publisher":"https:\/\/www.facebook.com\/Telavita","article_published_time":"2020-01-29T16:15:59+00:00","article_modified_time":"2024-04-19T18:54:02+00:00","og_image":[{"width":2560,"height":1707,"url":"https:\/\/www.telavita.com.br\/blog\/wp-content\/uploads\/2020\/01\/funcionario-com-sindrome-de-panico-na-empresa.jpg","type":"image\/jpeg"}],"author":"Psic\u00f3loga Sonia Pittigliani - CRP 06\/14188","twitter_card":"summary_large_image","twitter_misc":{"Escrito por":"Psic\u00f3loga Sonia Pittigliani - CRP 06\/14188","Est. tempo de leitura":"5 minutos"},"schema":{"@context":"https:\/\/schema.org","@graph":[{"@type":"Article","@id":"https:\/\/www.telavita.com.br\/blog\/funcionario-sindrome-do-panico\/#article","isPartOf":{"@id":"https:\/\/www.telavita.com.br\/blog\/funcionario-sindrome-do-panico\/"},"author":{"name":"Psic\u00f3loga Sonia Pittigliani - CRP 06\/14188","@id":"https:\/\/www.telavita.com.br\/blog\/#\/schema\/person\/6777de6ffaeacbd8a57a54c91b85c3c3"},"headline":"Como apoiar um funcion\u00e1rio com s\u00edndrome do p\u00e2nico?","datePublished":"2020-01-29T16:15:59+00:00","dateModified":"2024-04-19T18:54:02+00:00","mainEntityOfPage":{"@id":"https:\/\/www.telavita.com.br\/blog\/funcionario-sindrome-do-panico\/"},"wordCount":956,"commentCount":0,"publisher":{"@id":"https:\/\/www.telavita.com.br\/blog\/#organization"},"articleSection":["Ansiedade"],"inLanguage":"pt-BR","potentialAction":[{"@type":"CommentAction","name":"Comment","target":["https:\/\/www.telavita.com.br\/blog\/funcionario-sindrome-do-panico\/#respond"]}]},{"@type":"WebPage","@id":"https:\/\/www.telavita.com.br\/blog\/funcionario-sindrome-do-panico\/","url":"https:\/\/www.telavita.com.br\/blog\/funcionario-sindrome-do-panico\/","name":"Como apoiar um funcion\u00e1rio com s\u00edndrome do p\u00e2nico? l Telavita","isPartOf":{"@id":"https:\/\/www.telavita.com.br\/blog\/#website"},"datePublished":"2020-01-29T16:15:59+00:00","dateModified":"2024-04-19T18:54:02+00:00","description":"Uma empresa saud\u00e1vel \u00e9 aquela que valoriza al\u00e9m de si mesma, os seus colaboradores. Saiba como ajudar um funcion\u00e1rio com S\u00edndrome de P\u00e2nico.","breadcrumb":{"@id":"https:\/\/www.telavita.com.br\/blog\/funcionario-sindrome-do-panico\/#breadcrumb"},"inLanguage":"pt-BR","potentialAction":[{"@type":"ReadAction","target":["https:\/\/www.telavita.com.br\/blog\/funcionario-sindrome-do-panico\/"]}]},{"@type":"BreadcrumbList","@id":"https:\/\/www.telavita.com.br\/blog\/funcionario-sindrome-do-panico\/#breadcrumb","itemListElement":[{"@type":"ListItem","position":1,"name":"In\u00edcio","item":"https:\/\/www.telavita.com.br\/blog\/"},{"@type":"ListItem","position":2,"name":"Como apoiar um funcion\u00e1rio com s\u00edndrome do p\u00e2nico?"}]},{"@type":"WebSite","@id":"https:\/\/www.telavita.com.br\/blog\/#website","url":"https:\/\/www.telavita.com.br\/blog\/","name":"Telavita","description":"Conte\u00fados especializados sobre sa\u00fade mental e bem-estar","publisher":{"@id":"https:\/\/www.telavita.com.br\/blog\/#organization"},"potentialAction":[{"@type":"SearchAction","target":{"@type":"EntryPoint","urlTemplate":"https:\/\/www.telavita.com.br\/blog\/?s={search_term_string}"},"query-input":"required name=search_term_string"}],"inLanguage":"pt-BR"},{"@type":"Organization","@id":"https:\/\/www.telavita.com.br\/blog\/#organization","name":"Telavita","url":"https:\/\/www.telavita.com.br\/blog\/","sameAs":["https:\/\/www.linkedin.com\/company\/telavita\/mycompany\/verification\/","https:\/\/www.instagram.com\/telavita\/","https:\/\/www.facebook.com\/Telavita"],"logo":{"@type":"ImageObject","inLanguage":"pt-BR","@id":"https:\/\/www.telavita.com.br\/blog\/#\/schema\/logo\/image\/","url":"https:\/\/www.telavita.com.br\/blog\/wp-content\/uploads\/2021\/05\/telavita.jpg","contentUrl":"https:\/\/www.telavita.com.br\/blog\/wp-content\/uploads\/2021\/05\/telavita.jpg","width":200,"height":200,"caption":"Telavita"},"image":{"@id":"https:\/\/www.telavita.com.br\/blog\/#\/schema\/logo\/image\/"}},{"@type":"Person","@id":"https:\/\/www.telavita.com.br\/blog\/#\/schema\/person\/6777de6ffaeacbd8a57a54c91b85c3c3","name":"Psic\u00f3loga Sonia Pittigliani - CRP 06\/14188","image":{"@type":"ImageObject","inLanguage":"pt-BR","@id":"https:\/\/www.telavita.com.br\/blog\/#\/schema\/person\/image\/","url":"https:\/\/secure.gravatar.com\/avatar\/b0b9c286c6073d3dd8121d02e9b86d88?s=96&d=mm&r=g","contentUrl":"https:\/\/secure.gravatar.com\/avatar\/b0b9c286c6073d3dd8121d02e9b86d88?s=96&d=mm&r=g","caption":"Psic\u00f3loga Sonia Pittigliani - CRP 06\/14188"},"description":"Psic\u00f3loga formada em 1982, me especializei em Psicoterapia Breve e Psicologia Hospitalar, tendo feito mestrado em Psicologia da Sa\u00fade. Toda minha vida profissional foi fundamentada numa postura \u00e9tica humana, tendo trabalhado como psicoterapeuta (anal\u00edtica din\u00e2mica) em meu consult\u00f3rio, psicologia oncol\u00f3gica e psicologia hospitalar (UTI de adultos - politrauma, cardiologia e neurologia), sala de Emerg\u00eancia (atendendo tentativas de suic\u00eddio por intoxica\u00e7\u00e3o e depend\u00eancia qu\u00edmica) e tamb\u00e9m atuado como professora de Psicologia Educacional, em escolas estaduais no in\u00edcio de carreira, nas Faculdades Oswaldo Cruz (curso de especializa\u00e7\u00e3o em Oncologia) e na UNICID (mat\u00e9ria de toxicologia cl\u00ednica na Faculdade de Medicina e Psicologia Forense na Faculdade de Direito). No hospital fui Chefe da cl\u00ednica de Psicologia Hospitalar (por tr\u00eas anos) e na cl\u00ednica de oncologia coordenei a equipe multiprofissional. Atualmente atendo clinicamente, e desenvolvo um trabalho de mentoria.","url":"https:\/\/www.telavita.com.br\/blog\/author\/sonia-pittigliani\/"}]}},"modified_by":"Sarah Rocha","_links":{"self":[{"href":"https:\/\/www.telavita.com.br\/blog\/wp-json\/wp\/v2\/posts\/6485"}],"collection":[{"href":"https:\/\/www.telavita.com.br\/blog\/wp-json\/wp\/v2\/posts"}],"about":[{"href":"https:\/\/www.telavita.com.br\/blog\/wp-json\/wp\/v2\/types\/post"}],"author":[{"embeddable":true,"href":"https:\/\/www.telavita.com.br\/blog\/wp-json\/wp\/v2\/users\/16"}],"replies":[{"embeddable":true,"href":"https:\/\/www.telavita.com.br\/blog\/wp-json\/wp\/v2\/comments?post=6485"}],"version-history":[{"count":6,"href":"https:\/\/www.telavita.com.br\/blog\/wp-json\/wp\/v2\/posts\/6485\/revisions"}],"predecessor-version":[{"id":8367,"href":"https:\/\/www.telavita.com.br\/blog\/wp-json\/wp\/v2\/posts\/6485\/revisions\/8367"}],"wp:featuredmedia":[{"embeddable":true,"href":"https:\/\/www.telavita.com.br\/blog\/wp-json\/wp\/v2\/media\/8368"}],"wp:attachment":[{"href":"https:\/\/www.telavita.com.br\/blog\/wp-json\/wp\/v2\/media?parent=6485"}],"wp:term":[{"taxonomy":"category","embeddable":true,"href":"https:\/\/www.telavita.com.br\/blog\/wp-json\/wp\/v2\/categories?post=6485"},{"taxonomy":"post_tag","embeddable":true,"href":"https:\/\/www.telavita.com.br\/blog\/wp-json\/wp\/v2\/tags?post=6485"}],"curies":[{"name":"wp","href":"https:\/\/api.w.org\/{rel}","templated":true}]}}