{"id":6628,"date":"2020-03-25T16:51:05","date_gmt":"2020-03-25T19:51:05","guid":{"rendered":"https:\/\/www.telavita.com.br\/blog\/?p=6628"},"modified":"2020-06-17T11:06:39","modified_gmt":"2020-06-17T14:06:39","slug":"como-planejar-minha-carreira-coronavirus","status":"publish","type":"post","link":"https:\/\/www.telavita.com.br\/blog\/como-planejar-minha-carreira-coronavirus\/","title":{"rendered":"Como planejar minha carreira em tempos de coronav\u00edrus?"},"content":{"rendered":"<p>No atual cen\u00e1rio de caos mundial, tenho percebido, nas sess\u00f5es virtuais de atendimento psicol\u00f3gico, uma preocupa\u00e7\u00e3o intensa das pessoas sobre o futuro das organiza\u00e7\u00f5es e as correspondentes alternativas de carreiras dos profissionais. Muitos questionam sobre as possibilidades de desemprego, o desenvolvimento da carreira e os riscos que podem se submeter. Bem, essa poder\u00e1 ser uma poss\u00edvel realidade a curto prazo.<\/p>\n<p>Para alguns, o \u00f3cio pode estar sendo uma tortura. J\u00e1 outros est\u00e3o aproveitando para realizar um momento de reflex\u00e3o. Ainda, h\u00e1 aqueles que o trabalho remoto os mant\u00e9m interligados ao ritmo normal de comprometimento e produtividade.<\/p>\n<h2>O que pode mudar no mundo corporativo e no mercado de trabalho?<\/h2>\n<p>Estamos em um momento de divisor de \u00e1guas, ou melhor, uma Nova Era. Temos percebido uma necessidade de mudar os h\u00e1bitos e, talvez, realizar uma mudan\u00e7a de cultura definitiva em v\u00e1rios \u00e2mbitos de nossa vida cotidiana.<\/p>\n<p>Basta considerar o que temos assistido nas m\u00eddias. Os pol\u00edticos est\u00e3o realizando reuni\u00f5es e vota\u00e7\u00f5es no Congresso Nacional de forma virtual. Os shows musicais, programas televisivos ao vivo e atividades esportivas continuam, mas sem plateia presencial. E, ainda, existem os casais apaixonados que n\u00e3o conseguiram adiar a efetiva\u00e7\u00e3o da uni\u00e3o conjugal e est\u00e3o realizando o casamento de forma virtual.<\/p>\n<p><strong>LEIA MAIS: <a href=\"https:\/\/www.telavita.com.br\/blog\/saude-mental-no-trabalho\/\">5 iniciativas para promover sa\u00fade mental no trabalho<\/a><\/strong><\/p>\n<p>Al\u00e9m disso, o Conselho Federal de Medicina saiu da sua zona radical e abriu campo para o atendimento online (Telemedicina), integrando m\u00e9dicos e pacientes para a promo\u00e7\u00e3o da sa\u00fade. Os profissionais de v\u00e1rias \u00e1reas est\u00e3o ampliando e oferecendo cursos e estudos no formato virtual.<\/p>\n<h3>O que pode mais acontecer?<\/h3>\n<p>No contexto em que vivemos, s\u00e3o muitas vari\u00e1veis para considerar ao se fazer qualquer previs\u00e3o. At\u00e9 aquelas situa\u00e7\u00f5es que ach\u00e1vamos muito distantes, agora posam como possibilidades reais.<\/p>\n<p>Creio que os meios corporativos v\u00e3o intensificar ainda mais a modalidade home office. Muitas empresas poder\u00e3o deixar de ter escrit\u00f3rios f\u00edsicos e todas as estruturas se tornar\u00e3o virtuais definitivamente. Mesmo que o governo brasileiro colabore financeiramente com as pequenas e m\u00e9dias empresas, n\u00e3o estamos livres de desemprego em massa.<\/p>\n<h2>Como fica a minha carreira na Nova Era?<\/h2>\n<p>Se voc\u00ea est\u00e1 preocupado com sua carreira, o que est\u00e1 fazendo para se reinventar? Perceba que voc\u00ea precisa ser atuante e se mostrar imprescind\u00edvel para sua organiza\u00e7\u00e3o. Seja um colaborador que fa\u00e7a a diferen\u00e7a e mostre as suas habilidades e compet\u00eancias. Se antes do momento atual j\u00e1 era assim, imagine agora.<\/p>\n<p>O momento \u00e9 de se aperfei\u00e7oar e de buscar conhecimentos que agreguem valor para o cargo que voc\u00ea executa. Aproveite o \u00f3cio e reflita. Desenvolva-se e planeje novas a\u00e7\u00f5es para sua carreira. \u00c9 hora de criar, de achar solu\u00e7\u00f5es e de humanizar diante do caos econ\u00f4mico que est\u00e1 por vir.<\/p>\n<p><strong>LEIA MAIS: <a href=\"https:\/\/www.telavita.com.br\/blog\/inteligencia-emocional-no-trabalho\/\">7 comportamentos comuns de pessoas com intelig\u00eancia emocional no trabalho<\/a><\/strong><\/p>\n<p>Ent\u00e3o, n\u00e3o existe mais a frase \u201cn\u00e3o tenho tempo\u201d. Voc\u00ea tem todo o tempo do mundo para se autoconhecer, tra\u00e7ar metas e objetivos e se destacar a partir de agora. Todo o topo se atinge em passos, de degrau por degrau, de a\u00e7\u00e3o em a\u00e7\u00e3o.<\/p>\n<p>O que o mundo atual est\u00e1 precisando? Onde voc\u00ea deseja chegar para sua realiza\u00e7\u00e3o pessoal e profissional? Comece fazendo uma introspec\u00e7\u00e3o sobre seus reais sonhos no contexto atual. O autoconhecimento \u00e9 o primeiro passo.<\/p>\n<p>Depois, voc\u00ea precisa identificar as suas a\u00e7\u00f5es, perseverar em suas metas e avaliar cada etapa. Somente assim voc\u00ea conseguir\u00e1 medir se est\u00e1 realmente se aproximando do almejado sonho para brilhar em sua carreira.<\/p>\n<h2>O perfil \u00a0profissional da Nova Era<\/h2>\n<p>Em primeiro lugar, a Nova Era ser\u00e1 para os que possuem intelig\u00eancia emocional. Trata-se de uma \u00e9poca em que ser\u00e1 importante ter uma boa capacidade para lidar com os momentos de stress, al\u00e9m de conseguir buscar solu\u00e7\u00f5es de forma sensata.<\/p>\n<p>Tenho certeza de uma coisa: aqueles que se tornarem mais focados na quest\u00e3o humanit\u00e1ria e o bem-estar das pessoas, poder\u00e3o ser mais bem sucedidos. O contexto ca\u00f3tico mundial surgiu para mostrar que a humanidade precisa se tornar mais sens\u00edvel sobre a import\u00e2ncia da empatia, do amor, da benevol\u00eancia e da solidariedade.<\/p>\n<p>Desde pequenas crises at\u00e9 grandes trag\u00e9dias, elas servem para nos tirar da zona de conforto e nos conduzir para as mudan\u00e7as necess\u00e1rias. Portanto, aproveite esse momento para se reinventar e ser um verdadeiro profissional. Prepare-se para a Nova Era!<\/p>\n","protected":false},"excerpt":{"rendered":"<p>No atual cen\u00e1rio de caos mundial, tenho percebido, nas sess\u00f5es virtuais de atendimento psicol\u00f3gico, uma preocupa\u00e7\u00e3o intensa das pessoas sobre o futuro das organiza\u00e7\u00f5es e as correspondentes alternativas de carreiras dos profissionais. Muitos questionam sobre as possibilidades de desemprego, o desenvolvimento da carreira e os riscos que podem se submeter. Bem, essa poder\u00e1 ser uma [&hellip;]<\/p>\n","protected":false},"author":18,"featured_media":6630,"comment_status":"open","ping_status":"open","sticky":false,"template":"","format":"standard","meta":{"_lmt_disableupdate":"","_lmt_disable":"","footnotes":""},"categories":[19],"tags":[],"yoast_head":"<!-- This site is optimized with the Yoast SEO plugin v19.8 - https:\/\/yoast.com\/wordpress\/plugins\/seo\/ -->\n<title>Como planejar minha carreira em tempos de coronav\u00edrus? l Telavita<\/title>\n<meta name=\"description\" content=\"No atual cen\u00e1rio mundial, tenho percebido, uma preocupa\u00e7\u00e3o intensa sobre o futuro das organiza\u00e7\u00f5es e as alternativas de carreira. Confira o que fazer!\" \/>\n<meta name=\"robots\" content=\"index, follow, max-snippet:-1, max-image-preview:large, max-video-preview:-1\" \/>\n<link rel=\"canonical\" href=\"https:\/\/www.telavita.com.br\/blog\/como-planejar-minha-carreira-coronavirus\/\" \/>\n<meta property=\"og:locale\" content=\"pt_BR\" \/>\n<meta property=\"og:type\" content=\"article\" \/>\n<meta property=\"og:title\" content=\"Como planejar minha carreira em tempos de coronav\u00edrus? l Telavita\" \/>\n<meta property=\"og:description\" content=\"No atual cen\u00e1rio mundial, tenho percebido, uma preocupa\u00e7\u00e3o intensa sobre o futuro das organiza\u00e7\u00f5es e as alternativas de carreira. Confira o que fazer!\" \/>\n<meta property=\"og:url\" content=\"https:\/\/www.telavita.com.br\/blog\/como-planejar-minha-carreira-coronavirus\/\" \/>\n<meta property=\"og:site_name\" content=\"Telavita\" \/>\n<meta property=\"article:publisher\" content=\"https:\/\/www.facebook.com\/Telavita\" \/>\n<meta property=\"article:published_time\" content=\"2020-03-25T19:51:05+00:00\" \/>\n<meta property=\"article:modified_time\" content=\"2020-06-17T14:06:39+00:00\" \/>\n<meta property=\"og:image\" content=\"https:\/\/www.telavita.com.br\/blog\/wp-content\/uploads\/2020\/03\/carreira.jpg\" \/>\n\t<meta property=\"og:image:width\" content=\"900\" \/>\n\t<meta property=\"og:image:height\" content=\"560\" \/>\n\t<meta property=\"og:image:type\" content=\"image\/jpeg\" \/>\n<meta name=\"author\" content=\"Psic\u00f3loga Beatriz Campos - CRP 12\/04116\" \/>\n<meta name=\"twitter:card\" content=\"summary_large_image\" \/>\n<meta name=\"twitter:label1\" content=\"Escrito por\" \/>\n\t<meta name=\"twitter:data1\" content=\"Psic\u00f3loga Beatriz Campos - CRP 12\/04116\" \/>\n\t<meta name=\"twitter:label2\" content=\"Est. tempo de leitura\" \/>\n\t<meta name=\"twitter:data2\" content=\"4 minutos\" \/>\n<!-- \/ Yoast SEO plugin. -->","yoast_head_json":{"title":"Como planejar minha carreira em tempos de coronav\u00edrus? l Telavita","description":"No atual cen\u00e1rio mundial, tenho percebido, uma preocupa\u00e7\u00e3o intensa sobre o futuro das organiza\u00e7\u00f5es e as alternativas de carreira. Confira o que fazer!","robots":{"index":"index","follow":"follow","max-snippet":"max-snippet:-1","max-image-preview":"max-image-preview:large","max-video-preview":"max-video-preview:-1"},"canonical":"https:\/\/www.telavita.com.br\/blog\/como-planejar-minha-carreira-coronavirus\/","og_locale":"pt_BR","og_type":"article","og_title":"Como planejar minha carreira em tempos de coronav\u00edrus? l Telavita","og_description":"No atual cen\u00e1rio mundial, tenho percebido, uma preocupa\u00e7\u00e3o intensa sobre o futuro das organiza\u00e7\u00f5es e as alternativas de carreira. Confira o que fazer!","og_url":"https:\/\/www.telavita.com.br\/blog\/como-planejar-minha-carreira-coronavirus\/","og_site_name":"Telavita","article_publisher":"https:\/\/www.facebook.com\/Telavita","article_published_time":"2020-03-25T19:51:05+00:00","article_modified_time":"2020-06-17T14:06:39+00:00","og_image":[{"width":900,"height":560,"url":"https:\/\/www.telavita.com.br\/blog\/wp-content\/uploads\/2020\/03\/carreira.jpg","type":"image\/jpeg"}],"author":"Psic\u00f3loga Beatriz Campos - CRP 12\/04116","twitter_card":"summary_large_image","twitter_misc":{"Escrito por":"Psic\u00f3loga Beatriz Campos - CRP 12\/04116","Est. tempo de leitura":"4 minutos"},"schema":{"@context":"https:\/\/schema.org","@graph":[{"@type":"Article","@id":"https:\/\/www.telavita.com.br\/blog\/como-planejar-minha-carreira-coronavirus\/#article","isPartOf":{"@id":"https:\/\/www.telavita.com.br\/blog\/como-planejar-minha-carreira-coronavirus\/"},"author":{"name":"Psic\u00f3loga Beatriz Campos - CRP 12\/04116","@id":"https:\/\/www.telavita.com.br\/blog\/#\/schema\/person\/b48d0c82de94318a6ad14b62b75a55e4"},"headline":"Como planejar minha carreira em tempos de coronav\u00edrus?","datePublished":"2020-03-25T19:51:05+00:00","dateModified":"2020-06-17T14:06:39+00:00","mainEntityOfPage":{"@id":"https:\/\/www.telavita.com.br\/blog\/como-planejar-minha-carreira-coronavirus\/"},"wordCount":783,"commentCount":0,"publisher":{"@id":"https:\/\/www.telavita.com.br\/blog\/#organization"},"articleSection":["Trabalho"],"inLanguage":"pt-BR","potentialAction":[{"@type":"CommentAction","name":"Comment","target":["https:\/\/www.telavita.com.br\/blog\/como-planejar-minha-carreira-coronavirus\/#respond"]}]},{"@type":"WebPage","@id":"https:\/\/www.telavita.com.br\/blog\/como-planejar-minha-carreira-coronavirus\/","url":"https:\/\/www.telavita.com.br\/blog\/como-planejar-minha-carreira-coronavirus\/","name":"Como planejar minha carreira em tempos de coronav\u00edrus? l Telavita","isPartOf":{"@id":"https:\/\/www.telavita.com.br\/blog\/#website"},"datePublished":"2020-03-25T19:51:05+00:00","dateModified":"2020-06-17T14:06:39+00:00","description":"No atual cen\u00e1rio mundial, tenho percebido, uma preocupa\u00e7\u00e3o intensa sobre o futuro das organiza\u00e7\u00f5es e as alternativas de carreira. Confira o que fazer!","breadcrumb":{"@id":"https:\/\/www.telavita.com.br\/blog\/como-planejar-minha-carreira-coronavirus\/#breadcrumb"},"inLanguage":"pt-BR","potentialAction":[{"@type":"ReadAction","target":["https:\/\/www.telavita.com.br\/blog\/como-planejar-minha-carreira-coronavirus\/"]}]},{"@type":"BreadcrumbList","@id":"https:\/\/www.telavita.com.br\/blog\/como-planejar-minha-carreira-coronavirus\/#breadcrumb","itemListElement":[{"@type":"ListItem","position":1,"name":"In\u00edcio","item":"https:\/\/www.telavita.com.br\/blog\/"},{"@type":"ListItem","position":2,"name":"Como planejar minha carreira em tempos de coronav\u00edrus?"}]},{"@type":"WebSite","@id":"https:\/\/www.telavita.com.br\/blog\/#website","url":"https:\/\/www.telavita.com.br\/blog\/","name":"Telavita","description":"Conte\u00fados especializados sobre sa\u00fade mental e bem-estar","publisher":{"@id":"https:\/\/www.telavita.com.br\/blog\/#organization"},"potentialAction":[{"@type":"SearchAction","target":{"@type":"EntryPoint","urlTemplate":"https:\/\/www.telavita.com.br\/blog\/?s={search_term_string}"},"query-input":"required name=search_term_string"}],"inLanguage":"pt-BR"},{"@type":"Organization","@id":"https:\/\/www.telavita.com.br\/blog\/#organization","name":"Telavita","url":"https:\/\/www.telavita.com.br\/blog\/","sameAs":["https:\/\/www.linkedin.com\/company\/telavita\/mycompany\/verification\/","https:\/\/www.instagram.com\/telavita\/","https:\/\/www.facebook.com\/Telavita"],"logo":{"@type":"ImageObject","inLanguage":"pt-BR","@id":"https:\/\/www.telavita.com.br\/blog\/#\/schema\/logo\/image\/","url":"https:\/\/www.telavita.com.br\/blog\/wp-content\/uploads\/2021\/05\/telavita.jpg","contentUrl":"https:\/\/www.telavita.com.br\/blog\/wp-content\/uploads\/2021\/05\/telavita.jpg","width":200,"height":200,"caption":"Telavita"},"image":{"@id":"https:\/\/www.telavita.com.br\/blog\/#\/schema\/logo\/image\/"}},{"@type":"Person","@id":"https:\/\/www.telavita.com.br\/blog\/#\/schema\/person\/b48d0c82de94318a6ad14b62b75a55e4","name":"Psic\u00f3loga Beatriz Campos - CRP 12\/04116","image":{"@type":"ImageObject","inLanguage":"pt-BR","@id":"https:\/\/www.telavita.com.br\/blog\/#\/schema\/person\/image\/","url":"https:\/\/secure.gravatar.com\/avatar\/373d3c97a79535264ec70ececb3314e3?s=96&d=mm&r=g","contentUrl":"https:\/\/secure.gravatar.com\/avatar\/373d3c97a79535264ec70ececb3314e3?s=96&d=mm&r=g","caption":"Psic\u00f3loga Beatriz Campos - CRP 12\/04116"},"description":"Trabalho h\u00e1 mais de 30 anos nas \u00e1reas cl\u00ednica, escolar e empresarial. Durante toda essa trajet\u00f3ria fiz v\u00e1rios cursos em todas as \u00e1reas. Gosto muito do meu trabalho e me sinto apta para ajudar meus clientes e pacientes em qualquer setor da vida e facilitar para o encontro da realiza\u00e7\u00e3o pessoal ou profissional. Minha vida \u00e9 proporcionar felicidade para as pessoas. Por isso o meu nome, Beatriz, que significa \"a que tr\u00e1s felicidade\"!","url":"https:\/\/www.telavita.com.br\/blog\/author\/beatriz-consuelo\/"}]}},"modified_by":null,"_links":{"self":[{"href":"https:\/\/www.telavita.com.br\/blog\/wp-json\/wp\/v2\/posts\/6628"}],"collection":[{"href":"https:\/\/www.telavita.com.br\/blog\/wp-json\/wp\/v2\/posts"}],"about":[{"href":"https:\/\/www.telavita.com.br\/blog\/wp-json\/wp\/v2\/types\/post"}],"author":[{"embeddable":true,"href":"https:\/\/www.telavita.com.br\/blog\/wp-json\/wp\/v2\/users\/18"}],"replies":[{"embeddable":true,"href":"https:\/\/www.telavita.com.br\/blog\/wp-json\/wp\/v2\/comments?post=6628"}],"version-history":[{"count":3,"href":"https:\/\/www.telavita.com.br\/blog\/wp-json\/wp\/v2\/posts\/6628\/revisions"}],"predecessor-version":[{"id":6632,"href":"https:\/\/www.telavita.com.br\/blog\/wp-json\/wp\/v2\/posts\/6628\/revisions\/6632"}],"wp:featuredmedia":[{"embeddable":true,"href":"https:\/\/www.telavita.com.br\/blog\/wp-json\/wp\/v2\/media\/6630"}],"wp:attachment":[{"href":"https:\/\/www.telavita.com.br\/blog\/wp-json\/wp\/v2\/media?parent=6628"}],"wp:term":[{"taxonomy":"category","embeddable":true,"href":"https:\/\/www.telavita.com.br\/blog\/wp-json\/wp\/v2\/categories?post=6628"},{"taxonomy":"post_tag","embeddable":true,"href":"https:\/\/www.telavita.com.br\/blog\/wp-json\/wp\/v2\/tags?post=6628"}],"curies":[{"name":"wp","href":"https:\/\/api.w.org\/{rel}","templated":true}]}}