{"id":6640,"date":"2020-03-27T09:42:28","date_gmt":"2020-03-27T12:42:28","guid":{"rendered":"https:\/\/www.telavita.com.br\/blog\/?p=6640"},"modified":"2020-06-17T11:06:23","modified_gmt":"2020-06-17T14:06:23","slug":"saude-mental-pandemia","status":"publish","type":"post","link":"https:\/\/www.telavita.com.br\/blog\/saude-mental-pandemia\/","title":{"rendered":"Problemas de sa\u00fade mental mais comuns durante uma pandemia"},"content":{"rendered":"<p>No atual momento, as pessoas est\u00e3o assustadas e apreensivas com a pandemia. Esse n\u00edvel de estresse e medo \u00e9 ruim para a sa\u00fade mental da popula\u00e7\u00e3o, que pode apresentar diversos problemas em rela\u00e7\u00e3o a quest\u00e3o ps\u00edquica ou, at\u00e9 mesmo, agravar quadros j\u00e1 existentes.<\/p>\n<p>Quando falamos de sa\u00fade mental, nos referimos ao equil\u00edbrio das emo\u00e7\u00f5es das pessoas, o al\u00edvio de sofrimentos, o desenvolvimento das capacidades produtivas e intelectuais, como tamb\u00e9m, do uso adequado dos mecanismos de defesa do ego. <strong><em>\u00a0<\/em><\/strong><\/p>\n<p>Como nosso foco \u00e9 o momento da pandemia, \u00e9 fundamental saber identificar quando a nossa sa\u00fade mental est\u00e1 abalada. Entretanto, talvez o mais importante dessa situa\u00e7\u00e3o seja saber o que fazer quando reconhecer alguns desses sintomas. Por isso, trago algumas recomenda\u00e7\u00f5es.<\/p>\n<h2>Os problemas de sa\u00fade mental mais comuns durante uma pandemia<\/h2>\n<h3>Ansiedade<\/h3>\n<p>Muitas pessoas podem estar sentindo uma ansiedade exacerbada durante esse per\u00edodo. O caos psicol\u00f3gico instaurado causa esse efeito. Uma pessoa est\u00e1 ansiosa quando altera o n\u00edvel de toler\u00e2ncia para manter-se estabilizado. O nervosismo, a falta de paci\u00eancia e os sentimentos de medo e preocupa\u00e7\u00e3o se fazem presentes.<\/p>\n<p><strong>LEIA MAIS: <a href=\"https:\/\/www.telavita.com.br\/blog\/quarentena-olhar\/\">Quarentena: tudo \u00e9 uma quest\u00e3o do olhar<\/a><\/strong><\/p>\n<p>Dessa forma, a pessoa gasta muita energia com essas emo\u00e7\u00f5es e n\u00e3o tem disponibilidade emocional para lidar com sua rotina e compromissos a serem cumpridos. Mesmo assim, \u00e9 uma situa\u00e7\u00e3o que pode ser controlada.<\/p>\n<p>Ent\u00e3o, quando o indiv\u00edduo chegar nessa etapa, ele precisa buscar ajuda psicoterap\u00eautica para que a doen\u00e7a n\u00e3o se instale. Somente assim, ele conseguir\u00e1 retomar sua vida e administr\u00e1-la com propriedade.<\/p>\n<h3>Depress\u00e3o<\/h3>\n<p>Uma tend\u00eancia do isolamento \u00e9 precisar lidar com fortes sentimentos de ang\u00fastia e tristeza. Sendo assim, a depress\u00e3o pode se instalar nesses momentos. Nessa situa\u00e7\u00e3o, a pessoa fica imensamente focada no seu mundo interno e procura distanciamento das rela\u00e7\u00f5es com o mundo exterior.<\/p>\n<p>Nesse sentido, \u00e9 importante compreender os sentimentos desses indiv\u00edduos. Para eles, tudo na vida perde significado e mesmo as pessoas mais importantes, tamb\u00e9m perdem o real valor no relacionamento. Al\u00e9m disso, o choro ocorre de forma constante nessas situa\u00e7\u00f5es.<\/p>\n<p>Mesmo com esses sintomas, \u00e9 comum o indiv\u00edduo resistir a tratamentos psicoterap\u00eauticos. Nesses casos, a ajuda de familiares precisa ser firme e objetiva, envolvendo-se em conjunto no processo terap\u00eautico. Mais do que nunca, \u00e9 imprescind\u00edvel a presen\u00e7a das pessoas mais pr\u00f3ximas do paciente, atrav\u00e9s do psic\u00f3logo, pois h\u00e1 casos de risco de suic\u00eddio.<\/p>\n<h3>S\u00edndrome do p\u00e2nico<\/h3>\n<p>O surto do coronav\u00edrus pode ser um gatilho para a doen\u00e7a. A sensa\u00e7\u00e3o de perigo iminente \u00e9 uma caracter\u00edstica que costuma aparecer nos portadores dessa quest\u00e3o mental, independente de amea\u00e7as reais. Ent\u00e3o, imagine o efeito que a pandemia pode desencadear nesses indiv\u00edduos.<\/p>\n<p><strong>LEIA MAIS: <a href=\"https:\/\/www.telavita.com.br\/blog\/como-planejar-minha-carreira-coronavirus\/\">Como planejar minha carreira em tempos de coronav\u00edrus?<\/a><\/strong><\/p>\n<p>Na s\u00edndrome do p\u00e2nico, a pessoa apresenta sintomas como: medo de perder o controle, medo da morte, sensa\u00e7\u00e3o de estar fora da realidade, palpita\u00e7\u00f5es card\u00edacas e suor excessivo em algumas partes do corpo.<\/p>\n<p>Tamb\u00e9m, \u00e9 muito importante o apoio e a busca de atendimento psicoterap\u00eautico com iniciativa da fam\u00edlia. Fique atento, pois se a atual pandemia desencadeou essa s\u00edndrome, os ataques de p\u00e2nicos poder\u00e3o ocorrer em outros momentos da vida. Portanto, \u00e9 indicado o tratamento psicol\u00f3gico.<\/p>\n<h2>O psic\u00f3logo se faz presente<\/h2>\n<p>O psic\u00f3logo \u00e9 a figura principal para tratar desses problemas de sa\u00fade mental. Esse profissional est\u00e1 tecnicamente preparado para lidar com as adversidades da vida, al\u00e9m de cuidar do lado emocional das pessoas.<\/p>\n<p>Ele se faz presente por sua capacidade de ouvir e por entender voc\u00ea com toda a empatia. Com certeza, o tratamento ir\u00e1 ajud\u00e1-lo a sair de seus sintomas e far\u00e1 voc\u00ea prosperar em sua vida com toda a plenitude de seu ser.<\/p>\n<p>Ent\u00e3o, se voc\u00ea perceber que est\u00e1 precisando de ajuda psicoterap\u00eautica, conte com o psic\u00f3logo. Ele \u00e9 o profissional mais preparado para ajudar tecnicamente em momentos de pandemia ou nos momentos mais cruciais de sua vida.<\/p>\n","protected":false},"excerpt":{"rendered":"<p>No atual momento, as pessoas est\u00e3o assustadas e apreensivas com a pandemia. Esse n\u00edvel de estresse e medo \u00e9 ruim para a sa\u00fade mental da popula\u00e7\u00e3o, que pode apresentar diversos problemas em rela\u00e7\u00e3o a quest\u00e3o ps\u00edquica ou, at\u00e9 mesmo, agravar quadros j\u00e1 existentes. Quando falamos de sa\u00fade mental, nos referimos ao equil\u00edbrio das emo\u00e7\u00f5es das [&hellip;]<\/p>\n","protected":false},"author":18,"featured_media":6642,"comment_status":"open","ping_status":"open","sticky":false,"template":"","format":"standard","meta":{"_lmt_disableupdate":"","_lmt_disable":"","footnotes":""},"categories":[32],"tags":[],"yoast_head":"<!-- This site is optimized with the Yoast SEO plugin v19.8 - https:\/\/yoast.com\/wordpress\/plugins\/seo\/ -->\n<title>Problemas de sa\u00fade mental mais comuns durante uma pandemia l Telavita<\/title>\n<meta name=\"description\" content=\"A pandemia pode ser o gatilho para diversos problemas mentais ou at\u00e9 agravar os j\u00e1 existentes. Confira quais s\u00e3o os casos mais comuns e os seus sintomas.\" \/>\n<meta name=\"robots\" content=\"index, follow, max-snippet:-1, max-image-preview:large, max-video-preview:-1\" \/>\n<link rel=\"canonical\" href=\"https:\/\/www.telavita.com.br\/blog\/saude-mental-pandemia\/\" \/>\n<meta property=\"og:locale\" content=\"pt_BR\" \/>\n<meta property=\"og:type\" content=\"article\" \/>\n<meta property=\"og:title\" content=\"Problemas de sa\u00fade mental mais comuns durante uma pandemia l Telavita\" \/>\n<meta property=\"og:description\" content=\"A pandemia pode ser o gatilho para diversos problemas mentais ou at\u00e9 agravar os j\u00e1 existentes. Confira quais s\u00e3o os casos mais comuns e os seus sintomas.\" \/>\n<meta property=\"og:url\" content=\"https:\/\/www.telavita.com.br\/blog\/saude-mental-pandemia\/\" \/>\n<meta property=\"og:site_name\" content=\"Telavita\" \/>\n<meta property=\"article:publisher\" content=\"https:\/\/www.facebook.com\/Telavita\" \/>\n<meta property=\"article:published_time\" content=\"2020-03-27T12:42:28+00:00\" \/>\n<meta property=\"article:modified_time\" content=\"2020-06-17T14:06:23+00:00\" \/>\n<meta property=\"og:image\" content=\"https:\/\/www.telavita.com.br\/blog\/wp-content\/uploads\/2020\/03\/pandemia.jpg\" \/>\n\t<meta property=\"og:image:width\" content=\"1920\" \/>\n\t<meta property=\"og:image:height\" content=\"1303\" \/>\n\t<meta property=\"og:image:type\" content=\"image\/jpeg\" \/>\n<meta name=\"author\" content=\"Psic\u00f3loga Beatriz Campos - CRP 12\/04116\" \/>\n<meta name=\"twitter:card\" content=\"summary_large_image\" \/>\n<meta name=\"twitter:label1\" content=\"Escrito por\" \/>\n\t<meta name=\"twitter:data1\" content=\"Psic\u00f3loga Beatriz Campos - CRP 12\/04116\" \/>\n\t<meta name=\"twitter:label2\" content=\"Est. tempo de leitura\" \/>\n\t<meta name=\"twitter:data2\" content=\"4 minutos\" \/>\n<!-- \/ Yoast SEO plugin. -->","yoast_head_json":{"title":"Problemas de sa\u00fade mental mais comuns durante uma pandemia l Telavita","description":"A pandemia pode ser o gatilho para diversos problemas mentais ou at\u00e9 agravar os j\u00e1 existentes. Confira quais s\u00e3o os casos mais comuns e os seus sintomas.","robots":{"index":"index","follow":"follow","max-snippet":"max-snippet:-1","max-image-preview":"max-image-preview:large","max-video-preview":"max-video-preview:-1"},"canonical":"https:\/\/www.telavita.com.br\/blog\/saude-mental-pandemia\/","og_locale":"pt_BR","og_type":"article","og_title":"Problemas de sa\u00fade mental mais comuns durante uma pandemia l Telavita","og_description":"A pandemia pode ser o gatilho para diversos problemas mentais ou at\u00e9 agravar os j\u00e1 existentes. Confira quais s\u00e3o os casos mais comuns e os seus sintomas.","og_url":"https:\/\/www.telavita.com.br\/blog\/saude-mental-pandemia\/","og_site_name":"Telavita","article_publisher":"https:\/\/www.facebook.com\/Telavita","article_published_time":"2020-03-27T12:42:28+00:00","article_modified_time":"2020-06-17T14:06:23+00:00","og_image":[{"width":1920,"height":1303,"url":"https:\/\/www.telavita.com.br\/blog\/wp-content\/uploads\/2020\/03\/pandemia.jpg","type":"image\/jpeg"}],"author":"Psic\u00f3loga Beatriz Campos - CRP 12\/04116","twitter_card":"summary_large_image","twitter_misc":{"Escrito por":"Psic\u00f3loga Beatriz Campos - CRP 12\/04116","Est. tempo de leitura":"4 minutos"},"schema":{"@context":"https:\/\/schema.org","@graph":[{"@type":"Article","@id":"https:\/\/www.telavita.com.br\/blog\/saude-mental-pandemia\/#article","isPartOf":{"@id":"https:\/\/www.telavita.com.br\/blog\/saude-mental-pandemia\/"},"author":{"name":"Psic\u00f3loga Beatriz Campos - CRP 12\/04116","@id":"https:\/\/www.telavita.com.br\/blog\/#\/schema\/person\/b48d0c82de94318a6ad14b62b75a55e4"},"headline":"Problemas de sa\u00fade mental mais comuns durante uma pandemia","datePublished":"2020-03-27T12:42:28+00:00","dateModified":"2020-06-17T14:06:23+00:00","mainEntityOfPage":{"@id":"https:\/\/www.telavita.com.br\/blog\/saude-mental-pandemia\/"},"wordCount":710,"commentCount":0,"publisher":{"@id":"https:\/\/www.telavita.com.br\/blog\/#organization"},"articleSection":["Transtornos Psicol\u00f3gicos"],"inLanguage":"pt-BR","potentialAction":[{"@type":"CommentAction","name":"Comment","target":["https:\/\/www.telavita.com.br\/blog\/saude-mental-pandemia\/#respond"]}]},{"@type":"WebPage","@id":"https:\/\/www.telavita.com.br\/blog\/saude-mental-pandemia\/","url":"https:\/\/www.telavita.com.br\/blog\/saude-mental-pandemia\/","name":"Problemas de sa\u00fade mental mais comuns durante uma pandemia l Telavita","isPartOf":{"@id":"https:\/\/www.telavita.com.br\/blog\/#website"},"datePublished":"2020-03-27T12:42:28+00:00","dateModified":"2020-06-17T14:06:23+00:00","description":"A pandemia pode ser o gatilho para diversos problemas mentais ou at\u00e9 agravar os j\u00e1 existentes. Confira quais s\u00e3o os casos mais comuns e os seus sintomas.","breadcrumb":{"@id":"https:\/\/www.telavita.com.br\/blog\/saude-mental-pandemia\/#breadcrumb"},"inLanguage":"pt-BR","potentialAction":[{"@type":"ReadAction","target":["https:\/\/www.telavita.com.br\/blog\/saude-mental-pandemia\/"]}]},{"@type":"BreadcrumbList","@id":"https:\/\/www.telavita.com.br\/blog\/saude-mental-pandemia\/#breadcrumb","itemListElement":[{"@type":"ListItem","position":1,"name":"In\u00edcio","item":"https:\/\/www.telavita.com.br\/blog\/"},{"@type":"ListItem","position":2,"name":"Problemas de sa\u00fade mental mais comuns durante uma pandemia"}]},{"@type":"WebSite","@id":"https:\/\/www.telavita.com.br\/blog\/#website","url":"https:\/\/www.telavita.com.br\/blog\/","name":"Telavita","description":"Conte\u00fados especializados sobre sa\u00fade mental e bem-estar","publisher":{"@id":"https:\/\/www.telavita.com.br\/blog\/#organization"},"potentialAction":[{"@type":"SearchAction","target":{"@type":"EntryPoint","urlTemplate":"https:\/\/www.telavita.com.br\/blog\/?s={search_term_string}"},"query-input":"required name=search_term_string"}],"inLanguage":"pt-BR"},{"@type":"Organization","@id":"https:\/\/www.telavita.com.br\/blog\/#organization","name":"Telavita","url":"https:\/\/www.telavita.com.br\/blog\/","sameAs":["https:\/\/www.linkedin.com\/company\/telavita\/mycompany\/verification\/","https:\/\/www.instagram.com\/telavita\/","https:\/\/www.facebook.com\/Telavita"],"logo":{"@type":"ImageObject","inLanguage":"pt-BR","@id":"https:\/\/www.telavita.com.br\/blog\/#\/schema\/logo\/image\/","url":"https:\/\/www.telavita.com.br\/blog\/wp-content\/uploads\/2021\/05\/telavita.jpg","contentUrl":"https:\/\/www.telavita.com.br\/blog\/wp-content\/uploads\/2021\/05\/telavita.jpg","width":200,"height":200,"caption":"Telavita"},"image":{"@id":"https:\/\/www.telavita.com.br\/blog\/#\/schema\/logo\/image\/"}},{"@type":"Person","@id":"https:\/\/www.telavita.com.br\/blog\/#\/schema\/person\/b48d0c82de94318a6ad14b62b75a55e4","name":"Psic\u00f3loga Beatriz Campos - CRP 12\/04116","image":{"@type":"ImageObject","inLanguage":"pt-BR","@id":"https:\/\/www.telavita.com.br\/blog\/#\/schema\/person\/image\/","url":"https:\/\/secure.gravatar.com\/avatar\/373d3c97a79535264ec70ececb3314e3?s=96&d=mm&r=g","contentUrl":"https:\/\/secure.gravatar.com\/avatar\/373d3c97a79535264ec70ececb3314e3?s=96&d=mm&r=g","caption":"Psic\u00f3loga Beatriz Campos - CRP 12\/04116"},"description":"Trabalho h\u00e1 mais de 30 anos nas \u00e1reas cl\u00ednica, escolar e empresarial. Durante toda essa trajet\u00f3ria fiz v\u00e1rios cursos em todas as \u00e1reas. Gosto muito do meu trabalho e me sinto apta para ajudar meus clientes e pacientes em qualquer setor da vida e facilitar para o encontro da realiza\u00e7\u00e3o pessoal ou profissional. Minha vida \u00e9 proporcionar felicidade para as pessoas. Por isso o meu nome, Beatriz, que significa \"a que tr\u00e1s felicidade\"!","url":"https:\/\/www.telavita.com.br\/blog\/author\/beatriz-consuelo\/"}]}},"modified_by":null,"_links":{"self":[{"href":"https:\/\/www.telavita.com.br\/blog\/wp-json\/wp\/v2\/posts\/6640"}],"collection":[{"href":"https:\/\/www.telavita.com.br\/blog\/wp-json\/wp\/v2\/posts"}],"about":[{"href":"https:\/\/www.telavita.com.br\/blog\/wp-json\/wp\/v2\/types\/post"}],"author":[{"embeddable":true,"href":"https:\/\/www.telavita.com.br\/blog\/wp-json\/wp\/v2\/users\/18"}],"replies":[{"embeddable":true,"href":"https:\/\/www.telavita.com.br\/blog\/wp-json\/wp\/v2\/comments?post=6640"}],"version-history":[{"count":1,"href":"https:\/\/www.telavita.com.br\/blog\/wp-json\/wp\/v2\/posts\/6640\/revisions"}],"predecessor-version":[{"id":6641,"href":"https:\/\/www.telavita.com.br\/blog\/wp-json\/wp\/v2\/posts\/6640\/revisions\/6641"}],"wp:featuredmedia":[{"embeddable":true,"href":"https:\/\/www.telavita.com.br\/blog\/wp-json\/wp\/v2\/media\/6642"}],"wp:attachment":[{"href":"https:\/\/www.telavita.com.br\/blog\/wp-json\/wp\/v2\/media?parent=6640"}],"wp:term":[{"taxonomy":"category","embeddable":true,"href":"https:\/\/www.telavita.com.br\/blog\/wp-json\/wp\/v2\/categories?post=6640"},{"taxonomy":"post_tag","embeddable":true,"href":"https:\/\/www.telavita.com.br\/blog\/wp-json\/wp\/v2\/tags?post=6640"}],"curies":[{"name":"wp","href":"https:\/\/api.w.org\/{rel}","templated":true}]}}