{"id":6681,"date":"2020-04-16T12:18:53","date_gmt":"2020-04-16T15:18:53","guid":{"rendered":"https:\/\/www.telavita.com.br\/blog\/?p=6681"},"modified":"2020-06-16T11:10:42","modified_gmt":"2020-06-16T14:10:42","slug":"grupos-de-apoio","status":"publish","type":"post","link":"https:\/\/www.telavita.com.br\/blog\/grupos-de-apoio\/","title":{"rendered":"Grupos de apoio e os fatores terap\u00eauticos"},"content":{"rendered":"<p>Existem diversas maneiras de cuidar da sa\u00fade mental das pessoas. Sim, estamos mais acostumados a utilizar a terapia como o exemplo principal para tratar do lado emocional, entretanto, devemos ter em mente outras pr\u00e1ticas que tamb\u00e9m s\u00e3o muito eficientes.<\/p>\n<p>Nesse sentido, gostaria de destacar a atua\u00e7\u00e3o dos grupos de apoio. Voc\u00ea, provavelmente, j\u00e1 deve ter visto algo a respeito em filmes e s\u00e9ries. Afinal, encontros semelhantes e conhecidos acontecem no Neur\u00f3ticos An\u00f4nimos, Mulheres que Amam Demais An\u00f4nimas, Alco\u00f3licos An\u00f4nimos, dentre outros grupos.<\/p>\n<p>Bem, existe certa verdade no que \u00e9 demonstrado nessas m\u00eddias, pois eles realmente tratam de diferentes temas de sa\u00fade f\u00edsica e emocional. Dessa forma, tratam-se de espa\u00e7os para as pessoas se sentirem seguras para compartilhar as suas experi\u00eancias e crescer em conjunto.<\/p>\n<h2>A din\u00e2mica do grupo de apoio<\/h2>\n<p>Dentro desse universo, realizo grupos de apoio mediados por troca de experi\u00eancias sobre diversos temas em sa\u00fade mental. Conduzo as sess\u00f5es, mas, principalmente, observo as atitudes e benef\u00edcios dessa pr\u00e1tica.<\/p>\n<p>A troca de viv\u00eancias \u00e9 a principal ferramenta, o que permite um espelho e reflex\u00e3o para cada indiv\u00edduo. Entretanto, esse tamb\u00e9m \u00e9 um espa\u00e7o que pode ser utilizado para enfrentar a solid\u00e3o e isolamento social.<\/p>\n<p>Ao estar presente com pessoas semelhantes, falar sobre assuntos complicados torna-se mais f\u00e1cil, principalmente, quando todos os envolvidos buscam a melhora e atuam de forma que apoiam o pr\u00f3ximo.<\/p>\n<p><strong>LEIA MAIS: <a href=\"https:\/\/www.telavita.com.br\/blog\/ajudar-proximo-melhora-saude\/\">Ajudar o pr\u00f3ximo melhora nossa pr\u00f3pria sa\u00fade<\/a><\/strong><\/p>\n<p>Nesse sentido, a ajuda m\u00fatua entre os participantes \u00e9 algo constante e propicia o crescimento e enfrentamento de quest\u00f5es dif\u00edceis. Observo frequentemente aqueles que est\u00e3o mais fortalecidos acolherem os rec\u00e9m chegados com falas do tipo \u201cAqui temos este espa\u00e7o de aten\u00e7\u00e3o que alivia o nosso sofrimento\u201d.<\/p>\n<p>Al\u00e9m disso, em cada reuni\u00e3o observo o al\u00edvio de alguns ao percebem que n\u00e3o est\u00e3o sozinhos com os seus problemas. O sentimento de poder ajudar o pr\u00f3ximo tamb\u00e9m traz uma satisfa\u00e7\u00e3o pessoal e atenua\u00e7\u00e3o de ang\u00fastias internas. Dessa forma, vejo ambos os lados melhorarem a queixa e a autoestima.<\/p>\n<p>Sendo assim, a cada vivencia grupal tenho a sensa\u00e7\u00e3o de promover a valoriza\u00e7\u00e3o de experi\u00eancias humanas e troca de aprendizados. Cada encontro amplia a rede de apoio com poss\u00edveis novas amizades e la\u00e7os que s\u00e3o constru\u00eddos.<\/p>\n<h2>Fatores terap\u00eauticos dos grupos de apoio<\/h2>\n<p>Gostaria de aprofundar um pouco mais nesse assunto. Contribuindo com nosso aprendizado, Irvin Yalom fundamentou os fatores terap\u00eauticos que um grupo de apoio pode oferecer. Vejamos alguns:<\/p>\n<p>&#8211; Na \u201cuniversalidade\u201d o cliente experimenta a sensa\u00e7\u00e3o de al\u00edvio ao perceber que n\u00e3o est\u00e1 sozinho com seu problema, pois os mais experientes acolhem os rec\u00e9m chegados que observam diferentes n\u00edveis de problemas e solu\u00e7\u00f5es;<\/p>\n<p>&#8211; A \u201ccoes\u00e3o\u201d desenvolve o sentimento de pertencer a um grupo, de possuir afinidade com seus membros e de ser aceito pelos demais integrantes. Grupos coesos oferecem sensa\u00e7\u00e3o de afeto e amparo;<\/p>\n<p><strong>LEIA MAIS: <a href=\"https:\/\/www.telavita.com.br\/blog\/psicologo-psiquiatra-saude-mental\/\">Psic\u00f3logo e Psiquiatra: o papel de ambos para a sa\u00fade mental<\/a><\/strong><\/p>\n<p>&#8211; O \u201ccompartilhamento das informa\u00e7\u00f5es\u201d ocorre quando o terapeuta ou membros do grupo fornecem experi\u00eancias e estrat\u00e9gias para lidar com um problema expressado por algum integrante;<\/p>\n<p>&#8211; A \u201csocializa\u00e7\u00e3o\u201d se refere ao aprendizado de se relacionar com outras pessoas. O grupo \u00e9 um ambiente mais pr\u00f3ximo do mundo real do paciente, no qual ele pratica novas habilidades sociais que poder\u00e3o utilizadas no cotidiano;<\/p>\n<p>&#8211; O fator \u201ccatarse\u201d ocorre quando um membro expressa fortes emo\u00e7\u00f5es no grupo e \u00e9 acolhido em sua dificuldade com falas e reflex\u00f5es poss\u00edveis para aquela quest\u00e3o. Esta capacidade de expressar emo\u00e7\u00f5es sobre a pr\u00f3pria experi\u00eancia e refletir nela representa um processo para mudan\u00e7as emocionais;<\/p>\n<p>&#8211; A \u201cinstala\u00e7\u00e3o de esperan\u00e7a\u201d \u00e9 a observa\u00e7\u00e3o direta dos membros do grupo, que ao relatarem a sua melhora produzem expectativas semelhantes. Neste fator, ocorre uma vincula\u00e7\u00e3o maior diminuindo o risco de abando do tratamento.<\/p>\n<h2>A utiliza\u00e7\u00e3o do ambiente digital<\/h2>\n<p>Os exemplos de grupos citados s\u00e3o presenciais, por\u00e9m, alguns j\u00e1 se adaptaram para o ambiente das reuni\u00f5es virtuais contribuindo muito para a melhora das queixas e marcando as vidas dos participantes.<\/p>\n<p>Neste cen\u00e1rio digital, observo um campo crescente e um novo tipo de educa\u00e7\u00e3o para as sociedades modernas. A possibilidade de realizar videoconfer\u00eancias abre novos caminhos para a realiza\u00e7\u00e3o das sess\u00f5es dos grupos de apoio.<\/p>\n<p><strong>LEIA MAIS: <a href=\"https:\/\/www.telavita.com.br\/blog\/psicologia-online-e-saude-mental\/\">A psicologia online pode ajudar a mudar a forma que voc\u00ea pensa em sua sa\u00fade mental<\/a><\/strong><\/p>\n<p>Al\u00e9m disso, \u00e9 interessante observar o papel que as redes sociais desempenham. \u00c9 cada vez mais comum observar comunidades e f\u00f3runs discutindo temas da sa\u00fade como um todo. Ali\u00e1s, nesses espa\u00e7os s\u00e3o passados aprendizados e estrat\u00e9gias, assim como nos grupos presenciais.<\/p>\n<p>Enfim, diante de qualquer quest\u00e3o de sa\u00fade mental ou f\u00edsica, um grupo de apoio presencial ou online pode potencializar o acompanhamento individual e sua melhora conforme descrito nos fatores terap\u00eauticos aqui apresentados.<\/p>\n","protected":false},"excerpt":{"rendered":"<p>Existem diversas maneiras de cuidar da sa\u00fade mental das pessoas. Sim, estamos mais acostumados a utilizar a terapia como o exemplo principal para tratar do lado emocional, entretanto, devemos ter em mente outras pr\u00e1ticas que tamb\u00e9m s\u00e3o muito eficientes. Nesse sentido, gostaria de destacar a atua\u00e7\u00e3o dos grupos de apoio. Voc\u00ea, provavelmente, j\u00e1 deve ter [&hellip;]<\/p>\n","protected":false},"author":20,"featured_media":6682,"comment_status":"open","ping_status":"open","sticky":false,"template":"","format":"standard","meta":{"_lmt_disableupdate":"","_lmt_disable":"","footnotes":""},"categories":[266],"tags":[],"yoast_head":"<!-- This site is optimized with the Yoast SEO plugin v19.8 - https:\/\/yoast.com\/wordpress\/plugins\/seo\/ -->\n<title>Grupos de apoio e os fatores terap\u00eauticos l Telavita<\/title>\n<meta name=\"description\" content=\"Os grupos de apoio promovem a valoriza\u00e7\u00e3o de experi\u00eancias humanas e troca de aprendizados. Cada encontro \u00e9 importante e deve ser valorizado.\" \/>\n<meta name=\"robots\" content=\"index, follow, max-snippet:-1, max-image-preview:large, max-video-preview:-1\" \/>\n<link rel=\"canonical\" href=\"https:\/\/www.telavita.com.br\/blog\/grupos-de-apoio\/\" \/>\n<meta property=\"og:locale\" content=\"pt_BR\" \/>\n<meta property=\"og:type\" content=\"article\" \/>\n<meta property=\"og:title\" content=\"Grupos de apoio e os fatores terap\u00eauticos l Telavita\" \/>\n<meta property=\"og:description\" content=\"Os grupos de apoio promovem a valoriza\u00e7\u00e3o de experi\u00eancias humanas e troca de aprendizados. Cada encontro \u00e9 importante e deve ser valorizado.\" \/>\n<meta property=\"og:url\" content=\"https:\/\/www.telavita.com.br\/blog\/grupos-de-apoio\/\" \/>\n<meta property=\"og:site_name\" content=\"Telavita\" \/>\n<meta property=\"article:publisher\" content=\"https:\/\/www.facebook.com\/Telavita\" \/>\n<meta property=\"article:published_time\" content=\"2020-04-16T15:18:53+00:00\" \/>\n<meta property=\"article:modified_time\" content=\"2020-06-16T14:10:42+00:00\" \/>\n<meta property=\"og:image\" content=\"https:\/\/www.telavita.com.br\/blog\/wp-content\/uploads\/2020\/04\/Grupos-de-apoio.jpg\" \/>\n\t<meta property=\"og:image:width\" content=\"900\" \/>\n\t<meta property=\"og:image:height\" content=\"560\" \/>\n\t<meta property=\"og:image:type\" content=\"image\/jpeg\" \/>\n<meta name=\"author\" content=\"Psic\u00f3logo Arthur Andrade - CRP 06\/120588\" \/>\n<meta name=\"twitter:card\" content=\"summary_large_image\" \/>\n<meta name=\"twitter:label1\" content=\"Escrito por\" \/>\n\t<meta name=\"twitter:data1\" content=\"Psic\u00f3logo Arthur Andrade - CRP 06\/120588\" \/>\n\t<meta name=\"twitter:label2\" content=\"Est. tempo de leitura\" \/>\n\t<meta name=\"twitter:data2\" content=\"4 minutos\" \/>\n<!-- \/ Yoast SEO plugin. -->","yoast_head_json":{"title":"Grupos de apoio e os fatores terap\u00eauticos l Telavita","description":"Os grupos de apoio promovem a valoriza\u00e7\u00e3o de experi\u00eancias humanas e troca de aprendizados. Cada encontro \u00e9 importante e deve ser valorizado.","robots":{"index":"index","follow":"follow","max-snippet":"max-snippet:-1","max-image-preview":"max-image-preview:large","max-video-preview":"max-video-preview:-1"},"canonical":"https:\/\/www.telavita.com.br\/blog\/grupos-de-apoio\/","og_locale":"pt_BR","og_type":"article","og_title":"Grupos de apoio e os fatores terap\u00eauticos l Telavita","og_description":"Os grupos de apoio promovem a valoriza\u00e7\u00e3o de experi\u00eancias humanas e troca de aprendizados. Cada encontro \u00e9 importante e deve ser valorizado.","og_url":"https:\/\/www.telavita.com.br\/blog\/grupos-de-apoio\/","og_site_name":"Telavita","article_publisher":"https:\/\/www.facebook.com\/Telavita","article_published_time":"2020-04-16T15:18:53+00:00","article_modified_time":"2020-06-16T14:10:42+00:00","og_image":[{"width":900,"height":560,"url":"https:\/\/www.telavita.com.br\/blog\/wp-content\/uploads\/2020\/04\/Grupos-de-apoio.jpg","type":"image\/jpeg"}],"author":"Psic\u00f3logo Arthur Andrade - CRP 06\/120588","twitter_card":"summary_large_image","twitter_misc":{"Escrito por":"Psic\u00f3logo Arthur Andrade - CRP 06\/120588","Est. tempo de leitura":"4 minutos"},"schema":{"@context":"https:\/\/schema.org","@graph":[{"@type":"Article","@id":"https:\/\/www.telavita.com.br\/blog\/grupos-de-apoio\/#article","isPartOf":{"@id":"https:\/\/www.telavita.com.br\/blog\/grupos-de-apoio\/"},"author":{"name":"Psic\u00f3logo Arthur Andrade - CRP 06\/120588","@id":"https:\/\/www.telavita.com.br\/blog\/#\/schema\/person\/f2a3b625aca9e6743fcd85ac55b7d8af"},"headline":"Grupos de apoio e os fatores terap\u00eauticos","datePublished":"2020-04-16T15:18:53+00:00","dateModified":"2020-06-16T14:10:42+00:00","mainEntityOfPage":{"@id":"https:\/\/www.telavita.com.br\/blog\/grupos-de-apoio\/"},"wordCount":888,"commentCount":0,"publisher":{"@id":"https:\/\/www.telavita.com.br\/blog\/#organization"},"articleSection":["Autoconhecimento"],"inLanguage":"pt-BR","potentialAction":[{"@type":"CommentAction","name":"Comment","target":["https:\/\/www.telavita.com.br\/blog\/grupos-de-apoio\/#respond"]}]},{"@type":"WebPage","@id":"https:\/\/www.telavita.com.br\/blog\/grupos-de-apoio\/","url":"https:\/\/www.telavita.com.br\/blog\/grupos-de-apoio\/","name":"Grupos de apoio e os fatores terap\u00eauticos l Telavita","isPartOf":{"@id":"https:\/\/www.telavita.com.br\/blog\/#website"},"datePublished":"2020-04-16T15:18:53+00:00","dateModified":"2020-06-16T14:10:42+00:00","description":"Os grupos de apoio promovem a valoriza\u00e7\u00e3o de experi\u00eancias humanas e troca de aprendizados. Cada encontro \u00e9 importante e deve ser valorizado.","breadcrumb":{"@id":"https:\/\/www.telavita.com.br\/blog\/grupos-de-apoio\/#breadcrumb"},"inLanguage":"pt-BR","potentialAction":[{"@type":"ReadAction","target":["https:\/\/www.telavita.com.br\/blog\/grupos-de-apoio\/"]}]},{"@type":"BreadcrumbList","@id":"https:\/\/www.telavita.com.br\/blog\/grupos-de-apoio\/#breadcrumb","itemListElement":[{"@type":"ListItem","position":1,"name":"In\u00edcio","item":"https:\/\/www.telavita.com.br\/blog\/"},{"@type":"ListItem","position":2,"name":"Grupos de apoio e os fatores terap\u00eauticos"}]},{"@type":"WebSite","@id":"https:\/\/www.telavita.com.br\/blog\/#website","url":"https:\/\/www.telavita.com.br\/blog\/","name":"Telavita","description":"Conte\u00fados especializados sobre sa\u00fade mental e bem-estar","publisher":{"@id":"https:\/\/www.telavita.com.br\/blog\/#organization"},"potentialAction":[{"@type":"SearchAction","target":{"@type":"EntryPoint","urlTemplate":"https:\/\/www.telavita.com.br\/blog\/?s={search_term_string}"},"query-input":"required name=search_term_string"}],"inLanguage":"pt-BR"},{"@type":"Organization","@id":"https:\/\/www.telavita.com.br\/blog\/#organization","name":"Telavita","url":"https:\/\/www.telavita.com.br\/blog\/","sameAs":["https:\/\/www.linkedin.com\/company\/telavita\/mycompany\/verification\/","https:\/\/www.instagram.com\/telavita\/","https:\/\/www.facebook.com\/Telavita"],"logo":{"@type":"ImageObject","inLanguage":"pt-BR","@id":"https:\/\/www.telavita.com.br\/blog\/#\/schema\/logo\/image\/","url":"https:\/\/www.telavita.com.br\/blog\/wp-content\/uploads\/2021\/05\/telavita.jpg","contentUrl":"https:\/\/www.telavita.com.br\/blog\/wp-content\/uploads\/2021\/05\/telavita.jpg","width":200,"height":200,"caption":"Telavita"},"image":{"@id":"https:\/\/www.telavita.com.br\/blog\/#\/schema\/logo\/image\/"}},{"@type":"Person","@id":"https:\/\/www.telavita.com.br\/blog\/#\/schema\/person\/f2a3b625aca9e6743fcd85ac55b7d8af","name":"Psic\u00f3logo Arthur Andrade - CRP 06\/120588","image":{"@type":"ImageObject","inLanguage":"pt-BR","@id":"https:\/\/www.telavita.com.br\/blog\/#\/schema\/person\/image\/","url":"https:\/\/secure.gravatar.com\/avatar\/22c85d7c9d92cb4d936b183785699cfc?s=96&d=mm&r=g","contentUrl":"https:\/\/secure.gravatar.com\/avatar\/22c85d7c9d92cb4d936b183785699cfc?s=96&d=mm&r=g","caption":"Psic\u00f3logo Arthur Andrade - CRP 06\/120588"},"description":"Psic\u00f3logo especialista e atuante em cl\u00ednica de Sa\u00fade Mental Multiprofissional (CAPS). Atendimento com foco em psicoterapia breve para cuidar da sua sa\u00fade emocional, o publico \u00e9 destinado a jovens, adultos e idosos. Ap\u00f3s a escuta e a avalia\u00e7\u00e3o psicol\u00f3gica, ser\u00e1 indicado a\u00e7\u00f5es terap\u00eauticas e reflex\u00f5es personalizadas para o seu caso, visando a melhora das dificuldades e do bem-estar. Atuo com media\u00e7\u00e3o de conflitos familiares quando solicitado, casos de crise emocional, pensamentos acelerados ou destrutivos, inseguran\u00e7as, traumas, sexualidade. Atuo em casos de transtornos de ansiedade, depress\u00e3o, bipolaridade, borderline, p\u00e2nico, dentre outras patologias.","url":"https:\/\/www.telavita.com.br\/blog\/author\/arthur-andrade\/"}]}},"modified_by":null,"_links":{"self":[{"href":"https:\/\/www.telavita.com.br\/blog\/wp-json\/wp\/v2\/posts\/6681"}],"collection":[{"href":"https:\/\/www.telavita.com.br\/blog\/wp-json\/wp\/v2\/posts"}],"about":[{"href":"https:\/\/www.telavita.com.br\/blog\/wp-json\/wp\/v2\/types\/post"}],"author":[{"embeddable":true,"href":"https:\/\/www.telavita.com.br\/blog\/wp-json\/wp\/v2\/users\/20"}],"replies":[{"embeddable":true,"href":"https:\/\/www.telavita.com.br\/blog\/wp-json\/wp\/v2\/comments?post=6681"}],"version-history":[{"count":1,"href":"https:\/\/www.telavita.com.br\/blog\/wp-json\/wp\/v2\/posts\/6681\/revisions"}],"predecessor-version":[{"id":6683,"href":"https:\/\/www.telavita.com.br\/blog\/wp-json\/wp\/v2\/posts\/6681\/revisions\/6683"}],"wp:featuredmedia":[{"embeddable":true,"href":"https:\/\/www.telavita.com.br\/blog\/wp-json\/wp\/v2\/media\/6682"}],"wp:attachment":[{"href":"https:\/\/www.telavita.com.br\/blog\/wp-json\/wp\/v2\/media?parent=6681"}],"wp:term":[{"taxonomy":"category","embeddable":true,"href":"https:\/\/www.telavita.com.br\/blog\/wp-json\/wp\/v2\/categories?post=6681"},{"taxonomy":"post_tag","embeddable":true,"href":"https:\/\/www.telavita.com.br\/blog\/wp-json\/wp\/v2\/tags?post=6681"}],"curies":[{"name":"wp","href":"https:\/\/api.w.org\/{rel}","templated":true}]}}