{"id":676,"date":"2019-04-18T15:36:11","date_gmt":"2019-04-18T18:36:11","guid":{"rendered":"https:\/\/www.telavita.com.br\/blog\/?p=676"},"modified":"2023-08-07T17:09:57","modified_gmt":"2023-08-07T20:09:57","slug":"gravidez-psicologica","status":"publish","type":"post","link":"https:\/\/www.telavita.com.br\/blog\/gravidez-psicologica\/","title":{"rendered":"Gravidez psicol\u00f3gica: sintomas e tratamento"},"content":{"rendered":"<p><span style=\"font-weight: 400;\">A <\/span><b>gravidez psicol\u00f3gica<\/b><span style=\"font-weight: 400;\">, tamb\u00e9m conhecida como pseudociese ou gravidez imagin\u00e1ria, \u00e9 um fen\u00f4meno intrigante que revela a complexidade das conex\u00f5es entre o corpo e a mente. Embora n\u00e3o envolva uma gravidez f\u00edsica real, <\/span><b>seus efeitos e manifesta\u00e7\u00f5es emocionais podem ser profundos e impactantes.<\/b><\/p>\n<p><span style=\"font-weight: 400;\">Neste texto, exploraremos o que \u00e9 a gravidez psicol\u00f3gica, suas poss\u00edveis causas, sintomas caracter\u00edsticos e <\/span><b>os desafios emocionais que as pessoas podem enfrentar ao lidar com esse fen\u00f4meno.<\/b><\/p>\n<h2><b>O que \u00e9 gravidez psicol\u00f3gica?<\/b><\/h2>\n<p><span style=\"font-weight: 400;\">Muitas pessoas se perguntam se, de fato,<\/span><b> existe gravidez psicol\u00f3gica. <\/b><span style=\"font-weight: 400;\">A <\/span><b>gesta\u00e7\u00e3o psicol\u00f3gica<\/b><span style=\"font-weight: 400;\">, ou pseudociese, \u00e9 um dist\u00farbio psicol\u00f3gico no qual sintomas de gravidez e mudan\u00e7as hormonais ocorrem no corpo da mulher sem que ela esteja, de fato, gr\u00e1vida.\u00a0<\/span><\/p>\n<p><b>Como \u00e9 gravidez psicol\u00f3gica? <\/b><span style=\"font-weight: 400;\">H\u00e1 o mito de que a mulher que desenvolve a pseudociese nutre em si <\/span><a href=\"https:\/\/www.telavita.com.br\/blog\/mae\/\"><b>um desejo enorme de ser m\u00e3e<\/b><\/a><span style=\"font-weight: 400;\">, mas isso n\u00e3o \u00e9 uma regra, j\u00e1 que aquelas mulheres com grande medo de engravidar tamb\u00e9m podem desenvolver o dist\u00farbio.<\/span><\/p>\n<p><span style=\"font-weight: 400;\">A gravidez psicol\u00f3gica \u00e9 um exemplo not\u00e1vel de como <\/span><a href=\"https:\/\/www.telavita.com.br\/blog\/doencas-psicossomaticas\/\"><b>a mente e o corpo podem interagir de maneira complexa<\/b><\/a> <span style=\"font-weight: 400;\">e influenciar a sa\u00fade de uma pessoa. Embora n\u00e3o haja um feto em desenvolvimento,<\/span><b> os sintomas f\u00edsicos e emocionais podem ser muito reais para aqueles que a experimentam.<\/b><\/p>\n<h2><b>Causas da gravidez psicol\u00f3gica<\/b><\/h2>\n<p><span style=\"font-weight: 400;\">Acredita-se que uma combina\u00e7\u00e3o de fatores psicol\u00f3gicos, hormonais e sociais possa contribuir para o desenvolvimento da gravidez imagin\u00e1ria.<\/span><b> No entanto, aqui est\u00e3o algumas poss\u00edveis causas da gravidez psicol\u00f3gica<\/b><\/p>\n<h3><b>Desejo intenso de engravidar<\/b><\/h3>\n<p><span style=\"font-weight: 400;\">Mulheres com um desejo profundo e intenso de se tornarem m\u00e3es podem estar mais suscet\u00edveis a desenvolver uma gravidez psicol\u00f3gica. A <\/span><b>press\u00e3o social e cultural para ser m\u00e3e<\/b><span style=\"font-weight: 400;\"> tamb\u00e9m pode influenciar esse desejo.\u00a0<\/span><\/p>\n<h3><b>Fatores emocionais<\/b><\/h3>\n<p><span style=\"font-weight: 400;\">Traumas emocionais, estresse significativo, ansiedade, depress\u00e3o ou <\/span><a href=\"https:\/\/www.telavita.com.br\/blog\/traumas-emocionais\/\"><b>eventos traum\u00e1ticos<\/b><\/a> <span style=\"font-weight: 400;\">podem desempenhar um papel no desencadeamento da gravidez psicol\u00f3gica. A mente e o corpo est\u00e3o interligados, e <\/span><b>eventos emocionais podem afetar os processos hormonais e biol\u00f3gicos.<\/b><\/p>\n<h3><b>Desequil\u00edbrios hormonais<\/b><\/h3>\n<p><span style=\"font-weight: 400;\">Mudan\u00e7as nos n\u00edveis hormonais podem ocorrer em algumas mulheres, levando a sintomas semelhantes aos da gravidez, <\/span><b>mesmo na aus\u00eancia de uma gesta\u00e7\u00e3o real.<\/b><span style=\"font-weight: 400;\"> Essas flutua\u00e7\u00f5es hormonais<\/span><b> podem estar ligadas a condi\u00e7\u00f5es m\u00e9dicas subjacentes.\u00a0<\/b><\/p>\n<h3><b>Hiperfoco nos sintomas<\/b><\/h3>\n<p><span style=\"font-weight: 400;\">Uma pessoa que est\u00e1 extremamente consciente de seu corpo e de suas sensa\u00e7\u00f5es <\/span><b>pode interpretar sinais normais como sintomas de gravidez.<\/b><span style=\"font-weight: 400;\"> Isso pode ocorrer em conjunto com um <\/span><a href=\"https:\/\/www.telavita.com.br\/blog\/5dicas-gestacao-saudavel\/\"><b>forte desejo de engravidar.<\/b><\/a><\/p>\n<h3><b>Dist\u00farbios psicol\u00f3gicos<\/b><\/h3>\n<p><span style=\"font-weight: 400;\">Alguns dist\u00farbios psicol\u00f3gicos, como transtornos de ansiedade ou transtornos dissociativos, <\/span><b>podem estar associados \u00e0 gravidez imagin\u00e1ria. <\/b><span style=\"font-weight: 400;\">Esses dist\u00farbios podem afetar a percep\u00e7\u00e3o da pessoa sobre seu pr\u00f3prio corpo e desencadear sintomas de gravidez.<\/span><\/p>\n<h2><b>Sintomas da condi\u00e7\u00e3o<\/b><\/h2>\n<p><span style=\"font-weight: 400;\">Saber <\/span><b>como identificar uma gravidez psicol\u00f3gica<\/b><span style=\"font-weight: 400;\"> pode evitar com que procedimentos cir\u00fargicos desnecess\u00e1rios sejam realizados. Al\u00e9m disso, o diagn\u00f3stico pr\u00e9vio faz com que o tratamento para o dist\u00farbio seja conduzido antes que maiores danos tomem conta.<\/span><\/p>\n<p><span style=\"font-weight: 400;\">A <\/span><b>gravidez psicol\u00f3gica faz crescer a barriga<\/b><span style=\"font-weight: 400;\">? H\u00e1 a produ\u00e7\u00e3o de leite pelas gl\u00e2ndulas mam\u00e1rias? A resposta \u00e9 sim!\u00a0<\/span><\/p>\n<p><span style=\"font-weight: 400;\">O estado emocional inst\u00e1vel da mulher abala o corpo inteiro e faz com que as mudan\u00e7as hormonais de uma gesta\u00e7\u00e3o real apare\u00e7am. Entretanto, apesar da a\u00e7\u00e3o desses horm\u00f4nios, os <\/span><b>testes de gravidez de farm\u00e1cia e de sangue n\u00e3o s\u00e3o capazes de detectar a gravidez<\/b><span style=\"font-weight: 400;\">, ou seja, o teste n\u00e3o d\u00e1 positivo, isso porque o horm\u00f4nio beta HCG n\u00e3o \u00e9 ativado.<\/span><\/p>\n<p><span style=\"font-weight: 400;\">Nesses casos, a pessoa pode estar tendo uma gravidez psicol\u00f3gica. Logo,<\/span><b> os demais sintomas que podem aparecer s\u00e3o:<\/b><\/p>\n<ul>\n<li><span style=\"font-weight: 400;\">Atraso na menstrua\u00e7\u00e3o;<\/span><\/li>\n<li><span style=\"font-weight: 400;\">Sensa\u00e7\u00e3o de movimento na barriga;<\/span><\/li>\n<li><span style=\"font-weight: 400;\">Contra\u00e7\u00f5es, como no trabalho de parto real;<\/span><\/li>\n<li><a href=\"https:\/\/www.telavita.com.br\/blog\/mitos-e-verdades-amamentacao\/\"><b>Produ\u00e7\u00e3o de leite materno;<\/b><\/a><\/li>\n<li><span style=\"font-weight: 400;\">Enjoos;<\/span><\/li>\n<li><span style=\"font-weight: 400;\">Sonol\u00eancia;<\/span><\/li>\n<li><span style=\"font-weight: 400;\">Crescimento das mamas;<\/span><\/li>\n<li><span style=\"font-weight: 400;\">Testes de gravidez negativos;<\/span><\/li>\n<li><span style=\"font-weight: 400;\">Comorbidade de transtornos psicol\u00f3gicos;<\/span><\/li>\n<li><span style=\"font-weight: 400;\">Entre outros.<\/span><\/li>\n<\/ul>\n<h2><b>Gravidez psicol\u00f3gica e tratamento<\/b><\/h2>\n<p><span style=\"font-weight: 400;\">N\u00e3o \u00e9 nada f\u00e1cil convencer uma mulher de que ela n\u00e3o est\u00e1 gr\u00e1vida de verdade. Todas as expectativas, amor e transforma\u00e7\u00f5es pelas quais passou, s\u00e3o reais para ela. Ent\u00e3o, \u00e9 preciso muito tato e <\/span><a href=\"https:\/\/www.telavita.com.br\/blog\/terapia-online-para-gestantes\/\"><b>cuidados profissionais para tratar da mulher com pseudociese.<\/b><\/a><\/p>\n<p><span style=\"font-weight: 400;\">A <\/span><a href=\"https:\/\/www.telavita.com.br\/blog\/diferenca-entre-psicologo-psiquiatra\/\"><b>psicologia e a psiquiatria<\/b><\/a> <span style=\"font-weight: 400;\">s\u00e3o os caminhos indicados no primeiro momento, j\u00e1 que essas mulheres se encontram com um dist\u00farbio psicol\u00f3gico e <\/span><b>precisam de acompanhamento psicol\u00f3gico para tratar os sintomas e as poss\u00edveis causas.<\/b><\/p>\n<p><span style=\"font-weight: 400;\">A gravidez psicol\u00f3gica n\u00e3o \u00e9 algo premeditado pela mulher, e sim um dist\u00farbio que necessita <\/span><b>aten\u00e7\u00e3o dos familiares e equipe m\u00e9dica.<\/b><span style=\"font-weight: 400;\"> \u00c9 uma situa\u00e7\u00e3o delicada e, qualquer outro trauma advindo do quadro, pode prejudicar ainda mais o psicol\u00f3gico da mulher.<\/span><\/p>\n<h3><b>Curiosidade<\/b><\/h3>\n<p><span style=\"font-weight: 400;\">Os homens tamb\u00e9m podem desenvolver um quadro parecido, denominado S\u00edndrome de Couvade, popularmente conhecido como <\/span><b>gravidez simp\u00e1tica<\/b><span style=\"font-weight: 400;\">.<\/span><\/p>\n<p><span style=\"font-weight: 400;\">Ele ocorre quando o psicol\u00f3gico masculino fica abalado com a primeira gesta\u00e7\u00e3o de sua companheira e alguns sinais de gesta\u00e7\u00e3o passam a agir em seu organismo, como por exemplo \u00e2nsia e ins\u00f4nia. H\u00e1 tamb\u00e9m registro de rar\u00edssimos casos onde <\/span><b>eles chegaram a sentir tamb\u00e9m as dores do parto.<\/b><\/p>\n<p><span style=\"font-weight: 400;\">A gravidez psicol\u00f3gica \u00e9 um dist\u00farbio raro, onde<\/span><b> somente 1 a cada 20 mil gestantes podem desenvolver<\/b><span style=\"font-weight: 400;\">, mas mesmo assim \u00e9 algo que deve ser de conhecimento geral pois, \u00e9 necess\u00e1rio que essa pessoa afetada receba as orienta\u00e7\u00f5es para continuar suas vida da melhor maneira poss\u00edvel.<\/span><\/p>\n<span class='mb-center maxbutton-3-center'><span class='maxbutton-3-container mb-container'><a class=\"maxbutton-3 maxbutton maxbutton-manda-para-pagina-psicologos\" href=\"https:\/\/app.telavita.com.br\/psicologia-online\/encontre-seu-psicologo\"><span class='mb-text'>Agende agora uma consulta com psic\u00f3logo<\/span><\/a><\/span><\/span>\n","protected":false},"excerpt":{"rendered":"<p>A gravidez psicol\u00f3gica, tamb\u00e9m conhecida como pseudociese ou gravidez imagin\u00e1ria, \u00e9 um fen\u00f4meno intrigante que revela a complexidade das conex\u00f5es entre o corpo e a mente. Embora n\u00e3o envolva uma gravidez f\u00edsica real, seus efeitos e manifesta\u00e7\u00f5es emocionais podem ser profundos e impactantes. Neste texto, exploraremos o que \u00e9 a gravidez psicol\u00f3gica, suas poss\u00edveis causas, [&hellip;]<\/p>\n","protected":false},"author":8,"featured_media":678,"comment_status":"open","ping_status":"open","sticky":false,"template":"","format":"standard","meta":{"_lmt_disableupdate":"","_lmt_disable":"","footnotes":""},"categories":[25],"tags":[],"yoast_head":"<!-- This site is optimized with the Yoast SEO plugin v19.8 - https:\/\/yoast.com\/wordpress\/plugins\/seo\/ -->\n<title>Gravidez psicol\u00f3gica: como acontece esse fen\u00f4meno? | TelaVita<\/title>\n<meta name=\"description\" content=\"A gravidez psicol\u00f3gica \u00e9 um fen\u00f4meno raro, mas poss\u00edvel de acontecer. Saiba suas causas, sintomas e tratamento.\" \/>\n<meta name=\"robots\" content=\"index, follow, max-snippet:-1, max-image-preview:large, max-video-preview:-1\" \/>\n<link rel=\"canonical\" href=\"https:\/\/www.telavita.com.br\/blog\/gravidez-psicologica\/\" \/>\n<meta property=\"og:locale\" content=\"pt_BR\" \/>\n<meta property=\"og:type\" content=\"article\" \/>\n<meta property=\"og:title\" content=\"Gravidez psicol\u00f3gica: como acontece esse fen\u00f4meno? | TelaVita\" \/>\n<meta property=\"og:description\" content=\"A gravidez psicol\u00f3gica \u00e9 um fen\u00f4meno raro, mas poss\u00edvel de acontecer. Saiba suas causas, sintomas e tratamento.\" \/>\n<meta property=\"og:url\" content=\"https:\/\/www.telavita.com.br\/blog\/gravidez-psicologica\/\" \/>\n<meta property=\"og:site_name\" content=\"Telavita\" \/>\n<meta property=\"article:publisher\" content=\"https:\/\/www.facebook.com\/Telavita\" \/>\n<meta property=\"article:published_time\" content=\"2019-04-18T18:36:11+00:00\" \/>\n<meta property=\"article:modified_time\" content=\"2023-08-07T20:09:57+00:00\" \/>\n<meta property=\"og:image\" content=\"https:\/\/www.telavita.com.br\/blog\/wp-content\/uploads\/2017\/07\/gravidez-psicologica.jpg\" \/>\n\t<meta property=\"og:image:width\" content=\"900\" \/>\n\t<meta property=\"og:image:height\" content=\"560\" \/>\n\t<meta property=\"og:image:type\" content=\"image\/jpeg\" \/>\n<meta name=\"author\" content=\"Juliana Sonsin\" \/>\n<meta name=\"twitter:card\" content=\"summary_large_image\" \/>\n<meta name=\"twitter:label1\" content=\"Escrito por\" \/>\n\t<meta name=\"twitter:data1\" content=\"Juliana Sonsin\" \/>\n\t<meta name=\"twitter:label2\" content=\"Est. tempo de leitura\" \/>\n\t<meta name=\"twitter:data2\" content=\"5 minutos\" \/>\n<!-- \/ Yoast SEO plugin. -->","yoast_head_json":{"title":"Gravidez psicol\u00f3gica: como acontece esse fen\u00f4meno? | TelaVita","description":"A gravidez psicol\u00f3gica \u00e9 um fen\u00f4meno raro, mas poss\u00edvel de acontecer. Saiba suas causas, sintomas e tratamento.","robots":{"index":"index","follow":"follow","max-snippet":"max-snippet:-1","max-image-preview":"max-image-preview:large","max-video-preview":"max-video-preview:-1"},"canonical":"https:\/\/www.telavita.com.br\/blog\/gravidez-psicologica\/","og_locale":"pt_BR","og_type":"article","og_title":"Gravidez psicol\u00f3gica: como acontece esse fen\u00f4meno? | TelaVita","og_description":"A gravidez psicol\u00f3gica \u00e9 um fen\u00f4meno raro, mas poss\u00edvel de acontecer. Saiba suas causas, sintomas e tratamento.","og_url":"https:\/\/www.telavita.com.br\/blog\/gravidez-psicologica\/","og_site_name":"Telavita","article_publisher":"https:\/\/www.facebook.com\/Telavita","article_published_time":"2019-04-18T18:36:11+00:00","article_modified_time":"2023-08-07T20:09:57+00:00","og_image":[{"width":900,"height":560,"url":"https:\/\/www.telavita.com.br\/blog\/wp-content\/uploads\/2017\/07\/gravidez-psicologica.jpg","type":"image\/jpeg"}],"author":"Juliana Sonsin","twitter_card":"summary_large_image","twitter_misc":{"Escrito por":"Juliana Sonsin","Est. tempo de leitura":"5 minutos"},"schema":{"@context":"https:\/\/schema.org","@graph":[{"@type":"Article","@id":"https:\/\/www.telavita.com.br\/blog\/gravidez-psicologica\/#article","isPartOf":{"@id":"https:\/\/www.telavita.com.br\/blog\/gravidez-psicologica\/"},"author":{"name":"Juliana Sonsin","@id":"https:\/\/www.telavita.com.br\/blog\/#\/schema\/person\/c9d2f268651fd6d6bf440495dd23b40e"},"headline":"Gravidez psicol\u00f3gica: sintomas e tratamento","datePublished":"2019-04-18T18:36:11+00:00","dateModified":"2023-08-07T20:09:57+00:00","mainEntityOfPage":{"@id":"https:\/\/www.telavita.com.br\/blog\/gravidez-psicologica\/"},"wordCount":941,"commentCount":0,"publisher":{"@id":"https:\/\/www.telavita.com.br\/blog\/#organization"},"articleSection":["Gesta\u00e7\u00e3o"],"inLanguage":"pt-BR","potentialAction":[{"@type":"CommentAction","name":"Comment","target":["https:\/\/www.telavita.com.br\/blog\/gravidez-psicologica\/#respond"]}]},{"@type":"WebPage","@id":"https:\/\/www.telavita.com.br\/blog\/gravidez-psicologica\/","url":"https:\/\/www.telavita.com.br\/blog\/gravidez-psicologica\/","name":"Gravidez psicol\u00f3gica: como acontece esse fen\u00f4meno? | TelaVita","isPartOf":{"@id":"https:\/\/www.telavita.com.br\/blog\/#website"},"datePublished":"2019-04-18T18:36:11+00:00","dateModified":"2023-08-07T20:09:57+00:00","description":"A gravidez psicol\u00f3gica \u00e9 um fen\u00f4meno raro, mas poss\u00edvel de acontecer. Saiba suas causas, sintomas e tratamento.","breadcrumb":{"@id":"https:\/\/www.telavita.com.br\/blog\/gravidez-psicologica\/#breadcrumb"},"inLanguage":"pt-BR","potentialAction":[{"@type":"ReadAction","target":["https:\/\/www.telavita.com.br\/blog\/gravidez-psicologica\/"]}]},{"@type":"BreadcrumbList","@id":"https:\/\/www.telavita.com.br\/blog\/gravidez-psicologica\/#breadcrumb","itemListElement":[{"@type":"ListItem","position":1,"name":"In\u00edcio","item":"https:\/\/www.telavita.com.br\/blog\/"},{"@type":"ListItem","position":2,"name":"Gravidez psicol\u00f3gica: sintomas e tratamento"}]},{"@type":"WebSite","@id":"https:\/\/www.telavita.com.br\/blog\/#website","url":"https:\/\/www.telavita.com.br\/blog\/","name":"Telavita","description":"Conte\u00fados especializados sobre sa\u00fade mental e bem-estar","publisher":{"@id":"https:\/\/www.telavita.com.br\/blog\/#organization"},"potentialAction":[{"@type":"SearchAction","target":{"@type":"EntryPoint","urlTemplate":"https:\/\/www.telavita.com.br\/blog\/?s={search_term_string}"},"query-input":"required name=search_term_string"}],"inLanguage":"pt-BR"},{"@type":"Organization","@id":"https:\/\/www.telavita.com.br\/blog\/#organization","name":"Telavita","url":"https:\/\/www.telavita.com.br\/blog\/","sameAs":["https:\/\/www.linkedin.com\/company\/telavita\/mycompany\/verification\/","https:\/\/www.instagram.com\/telavita\/","https:\/\/www.facebook.com\/Telavita"],"logo":{"@type":"ImageObject","inLanguage":"pt-BR","@id":"https:\/\/www.telavita.com.br\/blog\/#\/schema\/logo\/image\/","url":"https:\/\/www.telavita.com.br\/blog\/wp-content\/uploads\/2021\/05\/telavita.jpg","contentUrl":"https:\/\/www.telavita.com.br\/blog\/wp-content\/uploads\/2021\/05\/telavita.jpg","width":200,"height":200,"caption":"Telavita"},"image":{"@id":"https:\/\/www.telavita.com.br\/blog\/#\/schema\/logo\/image\/"}},{"@type":"Person","@id":"https:\/\/www.telavita.com.br\/blog\/#\/schema\/person\/c9d2f268651fd6d6bf440495dd23b40e","name":"Juliana Sonsin","image":{"@type":"ImageObject","inLanguage":"pt-BR","@id":"https:\/\/www.telavita.com.br\/blog\/#\/schema\/person\/image\/","url":"https:\/\/secure.gravatar.com\/avatar\/dfb14c6228cdf7312fea984efc84d04e?s=96&d=mm&r=g","contentUrl":"https:\/\/secure.gravatar.com\/avatar\/dfb14c6228cdf7312fea984efc84d04e?s=96&d=mm&r=g","caption":"Juliana Sonsin"},"description":"Jornalista formada pela Faculdade C\u00e1sper Libero e especializada em sa\u00fade. Apaixonada por escrever roteiros de v\u00eddeos, produzir (e assistir) document\u00e1rios e ler sobre tudo um pouco. Acredito no jornalismo \u00e9tico como um meio de trazer ao p\u00fablico informa\u00e7\u00f5es e hist\u00f3rias que valem a pena serem contadas. Gosto de viajar, fazer yoga e assistir s\u00e9ries.","url":"https:\/\/www.telavita.com.br\/blog\/author\/juliana-sonsin\/"}]}},"modified_by":null,"_links":{"self":[{"href":"https:\/\/www.telavita.com.br\/blog\/wp-json\/wp\/v2\/posts\/676"}],"collection":[{"href":"https:\/\/www.telavita.com.br\/blog\/wp-json\/wp\/v2\/posts"}],"about":[{"href":"https:\/\/www.telavita.com.br\/blog\/wp-json\/wp\/v2\/types\/post"}],"author":[{"embeddable":true,"href":"https:\/\/www.telavita.com.br\/blog\/wp-json\/wp\/v2\/users\/8"}],"replies":[{"embeddable":true,"href":"https:\/\/www.telavita.com.br\/blog\/wp-json\/wp\/v2\/comments?post=676"}],"version-history":[{"count":10,"href":"https:\/\/www.telavita.com.br\/blog\/wp-json\/wp\/v2\/posts\/676\/revisions"}],"predecessor-version":[{"id":8906,"href":"https:\/\/www.telavita.com.br\/blog\/wp-json\/wp\/v2\/posts\/676\/revisions\/8906"}],"wp:featuredmedia":[{"embeddable":true,"href":"https:\/\/www.telavita.com.br\/blog\/wp-json\/wp\/v2\/media\/678"}],"wp:attachment":[{"href":"https:\/\/www.telavita.com.br\/blog\/wp-json\/wp\/v2\/media?parent=676"}],"wp:term":[{"taxonomy":"category","embeddable":true,"href":"https:\/\/www.telavita.com.br\/blog\/wp-json\/wp\/v2\/categories?post=676"},{"taxonomy":"post_tag","embeddable":true,"href":"https:\/\/www.telavita.com.br\/blog\/wp-json\/wp\/v2\/tags?post=676"}],"curies":[{"name":"wp","href":"https:\/\/api.w.org\/{rel}","templated":true}]}}