{"id":6770,"date":"2020-05-18T10:18:15","date_gmt":"2020-05-18T13:18:15","guid":{"rendered":"https:\/\/www.telavita.com.br\/blog\/?p=6770"},"modified":"2023-08-21T16:57:30","modified_gmt":"2023-08-21T19:57:30","slug":"suicidio-comportamento-suicida","status":"publish","type":"post","link":"https:\/\/www.telavita.com.br\/blog\/suicidio-comportamento-suicida\/","title":{"rendered":"Conhe\u00e7a mais sobre o comportamento suicida"},"content":{"rendered":"<p>O<strong> comportamento suicida<\/strong> \u00e9 uma realidade complexa e dolorosa que afeta milh\u00f5es de pessoas em todo o mundo. Trata-se de um tema delicado e de extrema import\u00e2ncia, exigindo compreens\u00e3o, empatia e esfor\u00e7os conjuntos para sua preven\u00e7\u00e3o.<\/p>\n<p>Muitos fatores podem contribuir para o surgimento desses sentimentos extremos, desde desafios emocionais e psicol\u00f3gicos at\u00e9 press\u00f5es sociais e problemas de sa\u00fade mental.<\/p>\n<h2><strong>Suic\u00eddio e morte<\/strong><\/h2>\n<p>A <strong>morte<\/strong> \u00e9 a \u00fanica certeza do fim da exist\u00eancia humana e, mesmo assim, ainda \u00e9 pouco discutida. O tabu impede a <strong><a href=\"https:\/\/www.telavita.com.br\/blog\/melhor-maneira-de-lidar-com-o-luto\/\">assimila\u00e7\u00e3o do luto<\/a><\/strong> e preferimos evitar o assunto como uma maneira de fugir da dor e da tristeza. Entretanto, tal atitude atrapalha a forma como lidamos com as perdas.<\/p>\n<p>No entanto, <strong>falar sobre morte \u00e9 falar sobre a vida.<\/strong> Trata-se de compreender a finitude da exist\u00eancia e exaltar o tempo presente. Contudo, n\u00e3o existe problema em debater sobre o tema, ali\u00e1s, somente aumenta a percep\u00e7\u00e3o da realidade e ajuda a <strong><a href=\"https:\/\/www.telavita.com.br\/blog\/prevencao-suicidio\/\">evitar o encerramento da vida por vontade pr\u00f3pria.<\/a><\/strong><\/p>\n<p>O suic\u00eddio, por sua vez, \u00e9 o tipo de morte qu<strong>e rompe de forma violenta o v\u00ednculo do desenvolvimento humano.<\/strong> Ele foge da constru\u00e7\u00e3o natural do morrer imposta pela sociedade, intensificando, assim, a dificuldade de aceita\u00e7\u00e3o e elabora\u00e7\u00e3o do luto para quem convivia com a pessoa falecida. Nesses casos, a <strong>posven\u00e7\u00e3o \u00e9 interessante.<\/strong><\/p>\n<h3><strong>O que \u00e9 uma posven\u00e7\u00e3o?<\/strong><\/h3>\n<p>A <strong><a href=\"https:\/\/www.telavita.com.br\/blog\/posvencao\/\">posven\u00e7\u00e3o<\/a><\/strong> refere-se ao conjunto de a\u00e7\u00f5es e apoio oferecidos a indiv\u00edduos que foram afetados pela perda de algu\u00e9m por suic\u00eddio. \u00c9 um compilado de <strong>medidas que visam ajudar as pessoas enlutadas<\/strong> a enfrentar a dor, o luto, a culpa e as emo\u00e7\u00f5es complexas que podem surgir ap\u00f3s a morte de algu\u00e9m por suic\u00eddio.<\/p>\n<p>Quando o suic\u00eddio ocorre, seus efeitos reverberam n\u00e3o apenas na vida do indiv\u00edduo perdido, mas tamb\u00e9m nas pessoas ao seu redor. A posven\u00e7\u00e3o, muitas vezes negligenciada, \u00e9 um processo que pode ser feito em <strong>grupos de apoio, terapia individual e recursos online<\/strong> que podem oferecer um espa\u00e7o seguro para compartilhar emo\u00e7\u00f5es.<\/p>\n<h2><strong>Comportamento suicida: o in\u00edcio do perigo<\/strong><\/h2>\n<div class=\"group w-full text-token-text-primary border-b border-black\/10 dark:border-gray-900\/50 bg-gray-50 dark:bg-[#444654]\">\n<div class=\"flex p-4 gap-4 text-base md:gap-6 md:max-w-2xl lg:max-w-[38rem] xl:max-w-3xl md:py-6 lg:px-0 m-auto\">\n<div class=\"relative flex w-[calc(100%-50px)] flex-col gap-1 md:gap-3 lg:w-[calc(100%-115px)]\">\n<div class=\"flex flex-grow flex-col gap-3\">\n<div class=\"min-h-[20px] flex flex-col items-start gap-3 overflow-x-auto whitespace-pre-wrap break-words\">\n<div class=\"markdown prose w-full break-words dark:prose-invert light\">\n<p>O <strong><a href=\"https:\/\/www.telavita.com.br\/blog\/7-sinais-suicidio\/\">comportamento suicida<\/a><\/strong> envolve o ato intencional de infligir dano a si mesmo, com o objetivo final de p\u00f4r fim \u00e0 pr\u00f3pria vida. Nesse sentido, \u00e9 importante destacar que esse comportamento pode manifestar-se <strong>tanto em casos de suic\u00eddio consumado quanto em tentativas de suic\u00eddio.<\/strong><\/p>\n<\/div>\n<\/div>\n<\/div>\n<\/div>\n<\/div>\n<\/div>\n<p>Todavia, \u00e9 importante entender que esse comportamento suicida \u00e9 algo multifatorial. Dessa forma, tudo englobado na exist\u00eancia do indiv\u00edduo reflete de alguma forma na atitude e pensamento existente. Sendo assim, \u00e9 necess\u00e1rio analisar <strong>fatores ambientais, psicol\u00f3gicos, culturais, biol\u00f3gicos, religiosos e pol\u00edticos <\/strong>quando falamos de suic\u00eddio.<\/p>\n<p>Entretanto, um ponto essencial para destacar \u00e9 que o comportamento suicida <strong>nem sempre d\u00e1 em morte.<\/strong> Geralmente, a pessoa v\u00ea nos impulsos um caminho mais r\u00e1pido para alcan\u00e7ar o seu desejo, que, muitas vezes, \u00e9 o fim do sofrimento, assim, podendo ocasionar de fato a morte.<\/p>\n<h2><b>Por que mortes por suic\u00eddio n\u00e3o s\u00e3o divulgadas?<\/b><\/h2>\n<p>O suic\u00eddio \u00e9 frequentemente considerado um assunto delicado e complexo, e a decis\u00e3o de notific\u00e1-lo ou n\u00e3o envolve uma <strong>s\u00e9rie de fatores<\/strong> que variam de pa\u00eds para pa\u00eds e de contexto para contexto.<\/p>\n<p>No entanto, h\u00e1 preocupa\u00e7\u00f5es leg\u00edtimas de que a cobertura sensacionalista e detalhada de suic\u00eddios possa levar a um fen\u00f4meno conhecido como <strong>&#8220;efeito de cont\u00e1gio&#8221; ou &#8220;suic\u00eddio por imita\u00e7\u00e3o&#8221;. <\/strong><\/p>\n<p>Isso ocorre quando a divulga\u00e7\u00e3o de suic\u00eddios pode levar a um aumento nos comportamentos suicidas em outras pessoas vulner\u00e1veis, <strong>que podem ser influenciadas pela exposi\u00e7\u00e3o a essas hist\u00f3rias.<\/strong><\/p>\n<h2><strong>A dor de perder algu\u00e9m por suic\u00eddio<\/strong><\/h2>\n<p>O suic\u00eddio n\u00e3o afeta somente o indiv\u00edduo que tira a pr\u00f3pria vida, mas todas as pessoas que est\u00e3o \u00e0 sua volta, especialmente a fam\u00edlia. Dessa forma, para os mais pr\u00f3ximos da pessoa que cometeu o ato, <strong>a vida fica radicalmente transformada.<\/strong><\/p>\n<p>Sendo assim, a partir do momento que isso faz parte da hist\u00f3ria de algu\u00e9m, essa pessoa tem sua vida irremediavelmente marcada.\u00a0Os principais sentimentos dos familiares do suicida s\u00e3o o <strong>medo, a culpa, a raiva, a tristeza, a ansiedade, a vergonha e a saudade.<\/strong><\/p>\n<p>As pessoas mais pr\u00f3ximas do suicida pode tamb\u00e9m passar pelo <strong><a href=\"https:\/\/www.telavita.com.br\/blog\/transtorno-de-estresse-pos-traumatico\/\">transtorno p\u00f3s-traum\u00e1tico<\/a><\/strong>, pois vivenciam o luto da perda e o trauma provocado pelo ato. A morte de um ente querido por suic\u00eddio, geralmente, traz conflitos, muitas vezes encobertos, pois a estigmatiza\u00e7\u00e3o acrescenta um processo de estresse ao luto.<\/p>\n<h2><strong>Fatores de risco e sinais do suic\u00eddio<\/strong><\/h2>\n<p>Clinicamente, \u00e9 necess\u00e1rio<strong> compreender o sofrimento para entender como determinada pessoa chega ao ato suicida.<\/strong> No entanto, temos que prestar muita aten\u00e7\u00e3o para que o suic\u00eddio n\u00e3o se efetive, uma vez que o comportamento suicida pode ser evitado.<\/p>\n<p>Dessa forma, a pessoa que pretende cometer o suic\u00eddio apresenta uma classe de fen\u00f4menos antes do ato. Ent\u00e3o, \u00e9 fundamental <strong>prestar aten\u00e7\u00e3o nos sinais<\/strong> que essas pessoas apresentam para conseguir prevenir o desfecho da hist\u00f3ria.<\/p>\n<p>Sendo assim, vale ressaltar <strong><a href=\"https:\/\/www.telavita.com.br\/blog\/5-sinais-de-tendencia-suicida\/\">os sinais e fatores de risco<\/a><\/strong> presentes na vida de uma pessoa que influencia na tomada de decis\u00e3o rumo ao suic\u00eddio. <strong>Confira a seguir os sintomas do comportamento suicida:<\/strong><\/p>\n<ul>\n<li>Hist\u00f3rico de tentativas anteriores;<\/li>\n<li>Depress\u00e3o;<\/li>\n<li>Transtornos de personalidade;<\/li>\n<li>Doen\u00e7as mentais;<\/li>\n<li>Isolamento social;<\/li>\n<li>Frustra\u00e7\u00e3o da vida moderna;<\/li>\n<li>Relacionamentos afetivos abusivos ou fracassados;<\/li>\n<li>Hist\u00f3rias de tentativa ou suic\u00eddio na fam\u00edlia;<\/li>\n<li>Depend\u00eancia qu\u00edmica e medicamentos psicoativos;<\/li>\n<li>Doen\u00e7as f\u00edsicas cr\u00f4nicas em est\u00e1gio avan\u00e7ado.<\/li>\n<\/ul>\n<p>Identificar esses sinais pode ser o fator determinante para conseguir <strong>ajudar e prevenir o comportamento suicida na pessoa<\/strong>. Entretanto, tamb\u00e9m \u00e9 imprescind\u00edvel tomar cuidado com outros aspectos subjacentes da quest\u00e3o, principalmente, se houver qualquer suspeita.<\/p>\n<p>Nesse sentido, quando nos deparamos com uma tentativa de suic\u00eddio \u00e9 muito importante <strong>sabermos o m\u00e9todo utilizado pela pessoa e ter r\u00e1pido acesso aos servi\u00e7os de emerg\u00eancia.<\/strong> Afinal, todas essas quest\u00f5es somadas com a vulnerabilidade da v\u00edtima, interferem no resultado final, independente da inten\u00e7\u00e3o ou n\u00e3o de morrer.<\/p>\n<h2><strong>Um problema de sa\u00fade p\u00fablica<\/strong><\/h2>\n<p>A cada 40 segundos ocorre uma morte por suic\u00eddio. A cada caso de suic\u00eddio, estima-se que h\u00e1 20 tentativas de suic\u00eddio. As informa\u00e7\u00f5es da Organiza\u00e7\u00e3o Mundial da Sa\u00fade (OMS) assustam e <strong>refletem o grave problema de sa\u00fade p\u00fablica mundial.<\/strong><\/p>\n<p>Todavia, no Brasil, o pa\u00eds registra<strong> uma morte a cada 45 minutos<\/strong>, al\u00e9m de ocupar o d\u00e9cimo primeiro lugar no ranking dos pa\u00edses que apresentam mais casos de comportamento suicida.<\/p>\n<p>Dessa forma, \u00e9 poss\u00edvel observar diversas lacunas no sistema. N\u00e3o existem grupos de apoio suficientes, falta capacita\u00e7\u00e3o para atender tais casos, existe uma <strong>aus\u00eancia de programas socioeducativos em escolas e universidades<\/strong>, al\u00e9m de possuir pouco investimento na produ\u00e7\u00e3o de pesquisas sobre a tem\u00e1tica.<\/p>\n<p><strong>Tal neglig\u00eancia aumenta o n\u00famero de casos e reflete o descaso da realidade. <\/strong>Nesse sentido, \u00e9 fundamental instituir pol\u00edticas p\u00fablicas de sa\u00fade, contemplando a preven\u00e7\u00e3o e o tratamento do comportamento suicida.<\/p>\n<h2><strong>Como prevenir o comportamento suicida<\/strong><\/h2>\n<p>Bem, n\u00e3o existe uma estrat\u00e9gia \u00fanica de preven\u00e7\u00e3o do comportamento suicida. Dessa forma, \u00e9 mais interessante apostar em interven\u00e7\u00f5es multidisciplinares para combater esse problema. Sendo assim, <strong>algumas formas de preven\u00e7\u00e3o necess\u00e1rias e que devem ser observadas quando ocorrer o comportamento suicida s\u00e3o:<\/strong><\/p>\n<h3><strong>1. Estabelecendo um diagn\u00f3stico efetivo<\/strong><\/h3>\n<p>Identificar e tratar as causas subjacentes do comportamento suicida \u00e9 essencial para a preven\u00e7\u00e3o. Nesse sentido, \u00e9 crucial diagnosticar e <strong><a href=\"https:\/\/www.telavita.com.br\/blog\/doencas-psiquiatricas\/\">tratar transtornos psiqui\u00e1tricos<\/a><\/strong> e patologias associadas.<\/p>\n<p>Al\u00e9m disso, <strong>\u00e9 necess\u00e1rio dar uma aten\u00e7\u00e3o especial ao transtorno da depress\u00e3o,<\/strong> especialmente em grupos vulner\u00e1veis como idosos e dependentes qu\u00edmicos.<\/p>\n<h3><strong>2. Aderir uma abordagem Individualizada<\/strong><\/h3>\n<p><strong>Adotar uma abordagem sist\u00eamica e multidisciplinar \u00e9 uma etapa fundamental.<\/strong> Estabelecer um v\u00ednculo solid\u00e1rio com o paciente n\u00e3o s\u00f3 aumenta a continuidade do tratamento, mas tamb\u00e9m facilita a implementa\u00e7\u00e3o de interven\u00e7\u00f5es psicossociais.<\/p>\n<p>Essas abordagens hol\u00edsticas s\u00e3o, por outro lado, e<strong>ssenciais para tratar as complexidades subjacentes ao comportamento suicida.<\/strong><\/p>\n<h3><strong>3. Redu\u00e7\u00e3o de m\u00e9todos letais<\/strong><\/h3>\n<p>Uma estrat\u00e9gia altamente eficaz \u00e9 <strong>a redu\u00e7\u00e3o dos m\u00e9todos letais.<\/strong> Isso visa diminuir as tentativas impulsivas e a gravidade das les\u00f5es associadas ao comportamento suicida. Isso inclui a implementa\u00e7\u00e3o de medidas para <strong>controlar o acesso a armas de fogo, facas, medicamentos e subst\u00e2ncias t\u00f3xicas. <\/strong><\/p>\n<h3><strong>4. Conhecer os servi\u00e7os de emerg\u00eancia<\/strong><\/h3>\n<p>Estar ciente dos servi\u00e7os de emerg\u00eancia dispon\u00edveis para casos de tentativa de suic\u00eddio \u00e9 uma etapa vital na preven\u00e7\u00e3o. Profissionais de sa\u00fade e indiv\u00edduos pr\u00f3ximos ao paciente devem conhecer os procedimentos adequados para lidar com essas situa\u00e7\u00f5es urgentes.<\/p>\n<p>Logo, ter acesso r\u00e1pido a ajuda especializada pode fazer a diferen\u00e7a na interven\u00e7\u00e3o eficaz e no suporte imediato.<\/p>\n<h2><strong>A terapia para casos suicidas<\/strong><\/h2>\n<p>A terapia desempenha um papel crucial na abordagem dos casos suicidas, oferecendo um suporte vital para <strong>indiv\u00edduos que enfrentam sentimentos de desespero e idea\u00e7\u00f5es suicidas.<\/strong><\/p>\n<p>Ao empregar abordagens terap\u00eauticas adequadas e sens\u00edveis, os profissionais de sa\u00fade mental podem ajudar os pacientes a enfrentar seus desafios emocionais e<strong> encontrar estrat\u00e9gias para uma vida mais saud\u00e1vel e significativa.<\/strong><\/p>\n<span class='mb-center maxbutton-4-center'><span class='maxbutton-4-container mb-container'><a class=\"maxbutton-4 maxbutton maxbutton-manda-para-o-catalogo-de-psicologos\" href=\"https:\/\/app.telavita.com.br\/psicologia-online\/encontre-seu-psicologo\"><span class='mb-text'>Encontre seu psic\u00f3logo online<\/span><\/a><\/span><\/span>\n","protected":false},"excerpt":{"rendered":"<p>O comportamento suicida \u00e9 uma realidade complexa e dolorosa que afeta milh\u00f5es de pessoas em todo o mundo. Trata-se de um tema delicado e de extrema import\u00e2ncia, exigindo compreens\u00e3o, empatia e esfor\u00e7os conjuntos para sua preven\u00e7\u00e3o. Muitos fatores podem contribuir para o surgimento desses sentimentos extremos, desde desafios emocionais e psicol\u00f3gicos at\u00e9 press\u00f5es sociais e [&hellip;]<\/p>\n","protected":false},"author":16,"featured_media":6772,"comment_status":"open","ping_status":"open","sticky":false,"template":"","format":"standard","meta":{"_lmt_disableupdate":"","_lmt_disable":"","footnotes":""},"categories":[278],"tags":[],"yoast_head":"<!-- This site is optimized with the Yoast SEO plugin v19.8 - https:\/\/yoast.com\/wordpress\/plugins\/seo\/ -->\n<title>Entenda mais sobre o comportamento suicida l Telavita<\/title>\n<meta name=\"description\" content=\"O comportamento suicida muitas vezes pode acabar acarretando na morte. Saiba como agir nesses casos e entenda as particularidades.\" \/>\n<meta name=\"robots\" content=\"index, follow, max-snippet:-1, max-image-preview:large, max-video-preview:-1\" \/>\n<link rel=\"canonical\" href=\"https:\/\/www.telavita.com.br\/blog\/suicidio-comportamento-suicida\/\" \/>\n<meta property=\"og:locale\" content=\"pt_BR\" \/>\n<meta property=\"og:type\" content=\"article\" \/>\n<meta property=\"og:title\" content=\"Entenda mais sobre o comportamento suicida l Telavita\" \/>\n<meta property=\"og:description\" content=\"O comportamento suicida muitas vezes pode acabar acarretando na morte. Saiba como agir nesses casos e entenda as particularidades.\" \/>\n<meta property=\"og:url\" content=\"https:\/\/www.telavita.com.br\/blog\/suicidio-comportamento-suicida\/\" \/>\n<meta property=\"og:site_name\" content=\"Telavita\" \/>\n<meta property=\"article:publisher\" content=\"https:\/\/www.facebook.com\/Telavita\" \/>\n<meta property=\"article:published_time\" content=\"2020-05-18T13:18:15+00:00\" \/>\n<meta property=\"article:modified_time\" content=\"2023-08-21T19:57:30+00:00\" \/>\n<meta property=\"og:image\" content=\"https:\/\/www.telavita.com.br\/blog\/wp-content\/uploads\/2020\/05\/suic\u00eddio.jpg\" \/>\n\t<meta property=\"og:image:width\" content=\"900\" \/>\n\t<meta property=\"og:image:height\" content=\"560\" \/>\n\t<meta property=\"og:image:type\" content=\"image\/jpeg\" \/>\n<meta name=\"author\" content=\"Psic\u00f3loga Sonia Pittigliani - CRP 06\/14188\" \/>\n<meta name=\"twitter:card\" content=\"summary_large_image\" \/>\n<meta name=\"twitter:label1\" content=\"Escrito por\" \/>\n\t<meta name=\"twitter:data1\" content=\"Psic\u00f3loga Sonia Pittigliani - CRP 06\/14188\" \/>\n\t<meta name=\"twitter:label2\" content=\"Est. tempo de leitura\" \/>\n\t<meta name=\"twitter:data2\" content=\"8 minutos\" \/>\n<!-- \/ Yoast SEO plugin. -->","yoast_head_json":{"title":"Entenda mais sobre o comportamento suicida l Telavita","description":"O comportamento suicida muitas vezes pode acabar acarretando na morte. Saiba como agir nesses casos e entenda as particularidades.","robots":{"index":"index","follow":"follow","max-snippet":"max-snippet:-1","max-image-preview":"max-image-preview:large","max-video-preview":"max-video-preview:-1"},"canonical":"https:\/\/www.telavita.com.br\/blog\/suicidio-comportamento-suicida\/","og_locale":"pt_BR","og_type":"article","og_title":"Entenda mais sobre o comportamento suicida l Telavita","og_description":"O comportamento suicida muitas vezes pode acabar acarretando na morte. Saiba como agir nesses casos e entenda as particularidades.","og_url":"https:\/\/www.telavita.com.br\/blog\/suicidio-comportamento-suicida\/","og_site_name":"Telavita","article_publisher":"https:\/\/www.facebook.com\/Telavita","article_published_time":"2020-05-18T13:18:15+00:00","article_modified_time":"2023-08-21T19:57:30+00:00","og_image":[{"width":900,"height":560,"url":"https:\/\/www.telavita.com.br\/blog\/wp-content\/uploads\/2020\/05\/suic\u00eddio.jpg","type":"image\/jpeg"}],"author":"Psic\u00f3loga Sonia Pittigliani - CRP 06\/14188","twitter_card":"summary_large_image","twitter_misc":{"Escrito por":"Psic\u00f3loga Sonia Pittigliani - CRP 06\/14188","Est. tempo de leitura":"8 minutos"},"schema":{"@context":"https:\/\/schema.org","@graph":[{"@type":"Article","@id":"https:\/\/www.telavita.com.br\/blog\/suicidio-comportamento-suicida\/#article","isPartOf":{"@id":"https:\/\/www.telavita.com.br\/blog\/suicidio-comportamento-suicida\/"},"author":{"name":"Psic\u00f3loga Sonia Pittigliani - CRP 06\/14188","@id":"https:\/\/www.telavita.com.br\/blog\/#\/schema\/person\/6777de6ffaeacbd8a57a54c91b85c3c3"},"headline":"Conhe\u00e7a mais sobre o comportamento suicida","datePublished":"2020-05-18T13:18:15+00:00","dateModified":"2023-08-21T19:57:30+00:00","mainEntityOfPage":{"@id":"https:\/\/www.telavita.com.br\/blog\/suicidio-comportamento-suicida\/"},"wordCount":1594,"commentCount":0,"publisher":{"@id":"https:\/\/www.telavita.com.br\/blog\/#organization"},"articleSection":["Suic\u00eddio"],"inLanguage":"pt-BR","potentialAction":[{"@type":"CommentAction","name":"Comment","target":["https:\/\/www.telavita.com.br\/blog\/suicidio-comportamento-suicida\/#respond"]}]},{"@type":"WebPage","@id":"https:\/\/www.telavita.com.br\/blog\/suicidio-comportamento-suicida\/","url":"https:\/\/www.telavita.com.br\/blog\/suicidio-comportamento-suicida\/","name":"Entenda mais sobre o comportamento suicida l Telavita","isPartOf":{"@id":"https:\/\/www.telavita.com.br\/blog\/#website"},"datePublished":"2020-05-18T13:18:15+00:00","dateModified":"2023-08-21T19:57:30+00:00","description":"O comportamento suicida muitas vezes pode acabar acarretando na morte. Saiba como agir nesses casos e entenda as particularidades.","breadcrumb":{"@id":"https:\/\/www.telavita.com.br\/blog\/suicidio-comportamento-suicida\/#breadcrumb"},"inLanguage":"pt-BR","potentialAction":[{"@type":"ReadAction","target":["https:\/\/www.telavita.com.br\/blog\/suicidio-comportamento-suicida\/"]}]},{"@type":"BreadcrumbList","@id":"https:\/\/www.telavita.com.br\/blog\/suicidio-comportamento-suicida\/#breadcrumb","itemListElement":[{"@type":"ListItem","position":1,"name":"In\u00edcio","item":"https:\/\/www.telavita.com.br\/blog\/"},{"@type":"ListItem","position":2,"name":"Conhe\u00e7a mais sobre o comportamento suicida"}]},{"@type":"WebSite","@id":"https:\/\/www.telavita.com.br\/blog\/#website","url":"https:\/\/www.telavita.com.br\/blog\/","name":"Telavita","description":"Conte\u00fados especializados sobre sa\u00fade mental e bem-estar","publisher":{"@id":"https:\/\/www.telavita.com.br\/blog\/#organization"},"potentialAction":[{"@type":"SearchAction","target":{"@type":"EntryPoint","urlTemplate":"https:\/\/www.telavita.com.br\/blog\/?s={search_term_string}"},"query-input":"required name=search_term_string"}],"inLanguage":"pt-BR"},{"@type":"Organization","@id":"https:\/\/www.telavita.com.br\/blog\/#organization","name":"Telavita","url":"https:\/\/www.telavita.com.br\/blog\/","sameAs":["https:\/\/www.linkedin.com\/company\/telavita\/mycompany\/verification\/","https:\/\/www.instagram.com\/telavita\/","https:\/\/www.facebook.com\/Telavita"],"logo":{"@type":"ImageObject","inLanguage":"pt-BR","@id":"https:\/\/www.telavita.com.br\/blog\/#\/schema\/logo\/image\/","url":"https:\/\/www.telavita.com.br\/blog\/wp-content\/uploads\/2021\/05\/telavita.jpg","contentUrl":"https:\/\/www.telavita.com.br\/blog\/wp-content\/uploads\/2021\/05\/telavita.jpg","width":200,"height":200,"caption":"Telavita"},"image":{"@id":"https:\/\/www.telavita.com.br\/blog\/#\/schema\/logo\/image\/"}},{"@type":"Person","@id":"https:\/\/www.telavita.com.br\/blog\/#\/schema\/person\/6777de6ffaeacbd8a57a54c91b85c3c3","name":"Psic\u00f3loga Sonia Pittigliani - CRP 06\/14188","image":{"@type":"ImageObject","inLanguage":"pt-BR","@id":"https:\/\/www.telavita.com.br\/blog\/#\/schema\/person\/image\/","url":"https:\/\/secure.gravatar.com\/avatar\/b0b9c286c6073d3dd8121d02e9b86d88?s=96&d=mm&r=g","contentUrl":"https:\/\/secure.gravatar.com\/avatar\/b0b9c286c6073d3dd8121d02e9b86d88?s=96&d=mm&r=g","caption":"Psic\u00f3loga Sonia Pittigliani - CRP 06\/14188"},"description":"Psic\u00f3loga formada em 1982, me especializei em Psicoterapia Breve e Psicologia Hospitalar, tendo feito mestrado em Psicologia da Sa\u00fade. Toda minha vida profissional foi fundamentada numa postura \u00e9tica humana, tendo trabalhado como psicoterapeuta (anal\u00edtica din\u00e2mica) em meu consult\u00f3rio, psicologia oncol\u00f3gica e psicologia hospitalar (UTI de adultos - politrauma, cardiologia e neurologia), sala de Emerg\u00eancia (atendendo tentativas de suic\u00eddio por intoxica\u00e7\u00e3o e depend\u00eancia qu\u00edmica) e tamb\u00e9m atuado como professora de Psicologia Educacional, em escolas estaduais no in\u00edcio de carreira, nas Faculdades Oswaldo Cruz (curso de especializa\u00e7\u00e3o em Oncologia) e na UNICID (mat\u00e9ria de toxicologia cl\u00ednica na Faculdade de Medicina e Psicologia Forense na Faculdade de Direito). No hospital fui Chefe da cl\u00ednica de Psicologia Hospitalar (por tr\u00eas anos) e na cl\u00ednica de oncologia coordenei a equipe multiprofissional. Atualmente atendo clinicamente, e desenvolvo um trabalho de mentoria.","url":"https:\/\/www.telavita.com.br\/blog\/author\/sonia-pittigliani\/"}]}},"modified_by":null,"_links":{"self":[{"href":"https:\/\/www.telavita.com.br\/blog\/wp-json\/wp\/v2\/posts\/6770"}],"collection":[{"href":"https:\/\/www.telavita.com.br\/blog\/wp-json\/wp\/v2\/posts"}],"about":[{"href":"https:\/\/www.telavita.com.br\/blog\/wp-json\/wp\/v2\/types\/post"}],"author":[{"embeddable":true,"href":"https:\/\/www.telavita.com.br\/blog\/wp-json\/wp\/v2\/users\/16"}],"replies":[{"embeddable":true,"href":"https:\/\/www.telavita.com.br\/blog\/wp-json\/wp\/v2\/comments?post=6770"}],"version-history":[{"count":5,"href":"https:\/\/www.telavita.com.br\/blog\/wp-json\/wp\/v2\/posts\/6770\/revisions"}],"predecessor-version":[{"id":8940,"href":"https:\/\/www.telavita.com.br\/blog\/wp-json\/wp\/v2\/posts\/6770\/revisions\/8940"}],"wp:featuredmedia":[{"embeddable":true,"href":"https:\/\/www.telavita.com.br\/blog\/wp-json\/wp\/v2\/media\/6772"}],"wp:attachment":[{"href":"https:\/\/www.telavita.com.br\/blog\/wp-json\/wp\/v2\/media?parent=6770"}],"wp:term":[{"taxonomy":"category","embeddable":true,"href":"https:\/\/www.telavita.com.br\/blog\/wp-json\/wp\/v2\/categories?post=6770"},{"taxonomy":"post_tag","embeddable":true,"href":"https:\/\/www.telavita.com.br\/blog\/wp-json\/wp\/v2\/tags?post=6770"}],"curies":[{"name":"wp","href":"https:\/\/api.w.org\/{rel}","templated":true}]}}