{"id":6851,"date":"2020-06-23T17:31:19","date_gmt":"2020-06-23T20:31:19","guid":{"rendered":"https:\/\/www.telavita.com.br\/blog\/?p=6851"},"modified":"2020-06-23T17:52:50","modified_gmt":"2020-06-23T20:52:50","slug":"regulacao-emocional","status":"publish","type":"post","link":"https:\/\/www.telavita.com.br\/blog\/regulacao-emocional\/","title":{"rendered":"O que \u00e9 regula\u00e7\u00e3o emocional?"},"content":{"rendered":"<p>Parte do desenvolvimento humano ocorre por meio do aprendizado social. Dessa forma, iniciamos a constru\u00e7\u00e3o de nossa capacidade de socializa\u00e7\u00e3o muito cedo e vamos nos apropriando dela ao longo da vida. O mesmo ocorre com o aprendizado emocional.<\/p>\n<p>O meio social \u00e9 importante para construir e afirmar nossa comunica\u00e7\u00e3o. Atrav\u00e9s dele, conseguimos nos expressar, interagir com experi\u00eancias alheias e entrar em contato com nossos sentimentos. As emo\u00e7\u00f5es d\u00e3o cor ao nosso dia. Raiva, medo, tristeza, nojo, alegria&#8230; elas s\u00e3o capazes de dar a textura para vivermos nossas rela\u00e7\u00f5es.<\/p>\n<p>Segundo a OMS, sa\u00fade emocional \u00e9 \u201cum estado de bem-estar onde o indiv\u00edduo realiza suas pr\u00f3prias habilidades, lida com fatores estressantes normais da vida, trabalha produtivamente e \u00e9 capaz de contribuir com a sociedade.\u201d<\/p>\n<p><strong>LEIA MAIS: <a href=\"https:\/\/www.telavita.com.br\/blog\/maturidade-emocional\/\">A maturidade emocional e o \u00e1pice da evolu\u00e7\u00e3o pessoal<\/a><\/strong><\/p>\n<p>Sendo assim, lidar com os sentimentos de maneira positiva desmistifica a ideia de que s\u00e3o os vil\u00f5es de nossa vida. Desse modo, n\u00e3o precisamos ser ref\u00e9ns de nossas emo\u00e7\u00f5es, afinal, s\u00e3o elas que nos ajudam a ter motiva\u00e7\u00e3o para continuar em nossas atividades, para resolver problemas e continuar a viver.<\/p>\n<p>Mesmo assim, a maioria das pessoas encontra dificuldade para estabelecer um equil\u00edbrio entre suas cogni\u00e7\u00f5es (pensamentos e ideias), emo\u00e7\u00f5es (sentimentos e sensa\u00e7\u00f5es) e comportamentos (a\u00e7\u00f5es e rea\u00e7\u00f5es). \u00c9 importante, ent\u00e3o, prestar aten\u00e7\u00e3o na sua sa\u00fade emocional.<\/p>\n<p>Dessa forma, construir habilidades para lidar com suas emo\u00e7\u00f5es \u00e9 fundamental, pois aumenta o seu potencial regulat\u00f3rio emocional e as suas rela\u00e7\u00f5es interpessoais se tornam mais positivas. A regula\u00e7\u00e3o emocional possibilita a estabilidade necess\u00e1ria para todos.<\/p>\n<h2>O que \u00e9 regula\u00e7\u00e3o emocional?<\/h2>\n<p>Toda vez que recebemos um est\u00edmulo externo, seja ele positivo ou negativo, ocorre uma interconex\u00e3o entre as nossas cogni\u00e7\u00f5es, emo\u00e7\u00f5es e comportamentos, ent\u00e3o, reagimos. Entretanto, a forma como atuamos que ajuda a compreender a regula\u00e7\u00e3o emocional.<\/p>\n<p>Nesse sentido, podemos responder de forma funcional ou disfuncional. No primeiro caso, somos capazes de acolher e expressar nossas emo\u00e7\u00f5es de maneira positiva &#8211; mesmo que sejam sentimentos negativos -, al\u00e9m de conseguirmos resolver os conflitos. Em rela\u00e7\u00e3o as respostas disfuncionais, as rea\u00e7\u00f5es podem ser desproporcionais.<\/p>\n<p>Dentro desse contexto, uma pessoa que se encontra em problemas de enfrentamento com suas pr\u00f3prias emo\u00e7\u00f5es, est\u00e1 em constante vulnerabilidade e volatilidade. Sendo assim, precisamos de uma media\u00e7\u00e3o para poder lidar com os eventos do cotidiano de maneira mais produtiva. A regula\u00e7\u00e3o emocional, ent\u00e3o, pode se tornar o que procuramos ao agirmos de forma funcional.<\/p>\n<p>Dessa forma, a regula\u00e7\u00e3o emocional \u00e9 um estilo de enfrentamento das situa\u00e7\u00f5es do dia a dia. Assim como um termostato para o ambiente, esse estilo prop\u00f5e avaliar e perceber o mundo externo, al\u00e9m de ser uma forma de tornar a vida mais positiva.<\/p>\n<p>Portanto, as pessoas podem adotar algumas a\u00e7\u00f5es funcionais para atingir a regula\u00e7\u00e3o emocional, como: reavaliar os problemas para dar uma resposta mais apropriada; ser mais assertivo, ou seja, ter a habilidade de se comunicar com as pessoas de maneira educada e equilibrada; e adotar ativa\u00e7\u00e3o comportamental, com a pr\u00e1tica de exerc\u00edcios f\u00edsicos e realiza\u00e7\u00e3o de projetos prazerosos.<\/p>\n<h2>A constru\u00e7\u00e3o da regula\u00e7\u00e3o emocional<\/h2>\n<p>A regula\u00e7\u00e3o emocional funciona como pe\u00e7a central entre a express\u00e3o emocional parental e as capacidades sociais. Desse modo, a sua constru\u00e7\u00e3o se inicia na rela\u00e7\u00e3o familiar, afinal, a compet\u00eancia emocional \u00e9 inserida socialmente para o sujeito pela via desta rela\u00e7\u00e3o.<\/p>\n<p>A consequ\u00eancia desse aprendizado familiar \u00e9 a forma como o indiv\u00edduo ir\u00e1 lidar com as emo\u00e7\u00f5es. Apesar de crescermos, constituirmos fam\u00edlias e construirmos nossos la\u00e7os sociais pr\u00f3prios fora do dom\u00ednio parental, a tend\u00eancia \u00e9 que haja uma reprodu\u00e7\u00e3o do modelo aprendido dentro de casa.<\/p>\n<p><strong>LEIA MAIS: <a href=\"https:\/\/www.telavita.com.br\/blog\/dependencia-emocional-psicologia\/\">Depend\u00eancia emocional: o problema do apego excessivo<\/a><\/strong><\/p>\n<p>Ent\u00e3o, quanto mais positiva for essa rela\u00e7\u00e3o, maior ser\u00e1 a capacidade do indiv\u00edduo de atribuir significado e import\u00e2ncia para a express\u00e3o emocional, ou seja, ele ser\u00e1 capaz de atribuir melhor o valor de suas emo\u00e7\u00f5es na idade adulta.<\/p>\n<p>Por outro lado, quanto mais negativa ela for, maior ser\u00e1 a probabilidade de o sujeito responder as emo\u00e7\u00f5es com desd\u00e9m, desrespeito ou hostilidade, atuando de forma agressiva e com desaprova\u00e7\u00e3o.<\/p>\n<h2>Consequ\u00eancias da desregula\u00e7\u00e3o emocional<\/h2>\n<p>Algumas pessoas utilizam formas disfuncionais para lidar com a desregula\u00e7\u00e3o emocional, pois, assim, conseguem um certo al\u00edvio moment\u00e2neo para a ang\u00fastia que sentem. As consequ\u00eancias, geralmente, s\u00e3o negativas.<\/p>\n<p>Desse modo, adotam posturas autolesivas, como o uso excessivo de \u00e1lcool ou drogas, al\u00e9m de utilizar comportamentos de fuga ou evita\u00e7\u00e3o, isto \u00e9, quando o indiv\u00edduo n\u00e3o consegue compreender o que est\u00e1 acontecendo e prefere se abster de qualquer responsabilidade.<\/p>\n<p>J\u00e1 outros indiv\u00edduos adotam a confronta\u00e7\u00e3o. Por\u00e9m, ela n\u00e3o \u00e9 empregada como uma maneira assertiva de lidar com o assunto, mas como uma explos\u00e3o emocional, que muitas vezes chega ao extremo.<\/p>\n<p>Comportamentos passivo-agressivos tamb\u00e9m s\u00e3o vistos. Dessa forma, se apresentam com uma resist\u00eancia em satisfazer as expectativas de suas rela\u00e7\u00f5es interpessoais e uma oposi\u00e7\u00e3o velada. Ent\u00e3o, as pessoas adotam um uso mais intenso das redes sociais a fim de eximir-se de suas responsabilidades.<\/p>\n<p>Sendo assim, \u00e9 poss\u00edvel perceber que o processo de desregula\u00e7\u00e3o emocional tamb\u00e9m \u00e9 um estilo de enfrentamento, no qual o indiv\u00edduo experimenta intensifica\u00e7\u00e3o excessiva das emo\u00e7\u00f5es ou sua total desativa\u00e7\u00e3o.<\/p>\n<p>Al\u00e9m disso, a intensa onda de emo\u00e7\u00f5es pode ser vivida pelo indiv\u00edduo como uma maneira opressora, intrusiva, problem\u00e1tica ou at\u00e9 em forma de p\u00e2nico, terror, temor, trauma ou senso de urg\u00eancia. A desativa\u00e7\u00e3o das emo\u00e7\u00f5es inclui experi\u00eancias dissociativas, de despersonaliza\u00e7\u00e3o, de desrealiza\u00e7\u00e3o ou entorpecimento emocional.<\/p>\n<h2>Como regular as emo\u00e7\u00f5es<\/h2>\n<p>Bem, passamos por momentos estressantes o dia todo. Em diversos contextos, somos capazes de nos concentrarmos para a resolu\u00e7\u00e3o de um problema, por\u00e9m n\u00e3o estamos atentos ao nosso processo emocional.<\/p>\n<p>Nesse contexto, o processamento das emo\u00e7\u00f5es passa pela cogni\u00e7\u00e3o, pelo sentimento, pelas rea\u00e7\u00f5es fisiol\u00f3gicas e pela a\u00e7\u00e3o. Todo este processo \u00e9 feito de maneira t\u00e3o autom\u00e1tica que n\u00e3o nos damos conta de seu acontecimento.<\/p>\n<p><strong>LEIA MAIS:<a href=\"https:\/\/www.telavita.com.br\/blog\/corpo-sibjetividade\/\"> Corpo e subjetividade<\/a><\/strong><\/p>\n<p>Desse modo, gostaria de apresentar alguns exerc\u00edcios que podem te auxiliar quando voc\u00ea sentir intensidade nas emo\u00e7\u00f5es negativas:<\/p>\n<h3>T\u00e9cnicas de regula\u00e7\u00e3o emocional<\/h3>\n<ul>\n<li>Aceite o sentimento. Ele n\u00e3o \u00e9 voc\u00ea e esta emo\u00e7\u00e3o n\u00e3o determina seu car\u00e1ter, ali\u00e1s, faz parte de sua regula\u00e7\u00e3o emocional. Isso \u00e9 um passo importante para sentir-se em equil\u00edbrio. Esta aceita\u00e7\u00e3o pode ser realizada a partir de exerc\u00edcios de mindfulness, que n\u00e3o envolvem julgamentos, mas somente a concentra\u00e7\u00e3o no momento presente;<\/li>\n<li>Observe sua emo\u00e7\u00e3o. Tome conta de sua exist\u00eancia e n\u00e3o se envolva a ponto de se sentir sufocado;<\/li>\n<li>Pense nela como uma onda indo e vindo ao seu encontro. Se ajudar, monte uma imagem mental;<\/li>\n<li>N\u00e3o rejeite e n\u00e3o julgue. Seja caridoso consigo mesmo;<\/li>\n<li>Procure envolver-se em alguma atividade prazerosa a fim de evitar a rumina\u00e7\u00e3o;<\/li>\n<li>Reconhe\u00e7a: ela \u00e9 parte de voc\u00ea. Somente isso;<\/li>\n<li>N\u00e3o aja de acordo com sua emo\u00e7\u00e3o. Voc\u00ea \u00e9 capaz de definir como dever\u00e1 ser seu comportamento;<\/li>\n<li>Ame sua emo\u00e7\u00e3o negativa como se fosse uma crian\u00e7a precisando de cuidados;<\/li>\n<li>N\u00e3o lute contra a sua emo\u00e7\u00e3o.<\/li>\n<\/ul>\n<h3>T\u00e9cnica STOPP<\/h3>\n<p>Essa \u00e9 uma t\u00e9cnica da terapia cognitivo comportamental capaz de auxiliar as pessoas em um momento de crise. Al\u00e9m disso, tamb\u00e9m pode ser utilizada para lidar com suas emo\u00e7\u00f5es de maneira funcional.<\/p>\n<h4>S &#8211; Stop (Pare)<\/h4>\n<p>Pare por um momento e procure n\u00e3o fazer nada no autom\u00e1tico. Esteja no momento presente.<\/p>\n<h4>T &#8211; Take a Breath (Respire)<\/h4>\n<p>Fa\u00e7a a respira\u00e7\u00e3o diafragm\u00e1tica. Sua respira\u00e7\u00e3o \u00e9 seu melhor exerc\u00edcio, ent\u00e3o, fa\u00e7a com consci\u00eancia.<\/p>\n<h4>O &#8211; Observe (Observar)<\/h4>\n<p>Observe os seus diversos sentidos. Para isso, fa\u00e7a as seguintes perguntas:<\/p>\n<ul>\n<li>O que est\u00e1 passando pela minha cabe\u00e7a?<\/li>\n<li>Onde est\u00e1 sua consci\u00eancia?<\/li>\n<li>Ao que voc\u00ea est\u00e1 reagindo?<\/li>\n<li>Quais as sensa\u00e7\u00f5es que voc\u00ea est\u00e1 experimentando em seu corpo agora?<\/li>\n<\/ul>\n<h4>P &#8211; Pull Back (D\u00ea um passo para tr\u00e1s e coloque as situa\u00e7\u00f5es em perspectivas)<\/h4>\n<p>Realize a observa\u00e7\u00e3o do helic\u00f3ptero, ou seja, coloque a imagem do seu problema em um plano maior. Assim, voc\u00ea ter\u00e1 condi\u00e7\u00e3o de olhar as sa\u00eddas com mais clareza. Al\u00e9m disso, responda as perguntas abaixo:<\/p>\n<ul>\n<li>Existe uma outra maneira de analisar esta situa\u00e7\u00e3o?<\/li>\n<li>O que eu diria a um amigo nesta situa\u00e7\u00e3o?<\/li>\n<li>O meu pensamento \u00e9 uma realidade ou uma opini\u00e3o?<\/li>\n<li>Existe uma explica\u00e7\u00e3o mais racional para este evento?<\/li>\n<li>O qu\u00e3o importante \u00e9 isto hoje? O qu\u00e3o importante ser\u00e1 isso daqui 6 meses?<\/li>\n<\/ul>\n<h4>P &#8211; Practice what works (Pratique o que funciona)<\/h4>\n<p>Continue positivo, afinal, a inten\u00e7\u00e3o \u00e9 regular suas emo\u00e7\u00f5es. Para tal, pergunte-se:<\/p>\n<ul>\n<li>Qual a melhor coisa para ser feita agora? Para mim? E para os outros? E para a situa\u00e7\u00e3o?<\/li>\n<li>O que eu posso fazer para que isso n\u00e3o ultrapasse meus limites morais?<\/li>\n<li>Fa\u00e7o aquilo que for apropriado para o momento?<\/li>\n<\/ul>\n<p>Bem, desejo que voc\u00ea consiga compreender a import\u00e2ncia de suas emo\u00e7\u00f5es e fazer uso das t\u00e9cnicas quando voc\u00ea achar melhor.<\/p>\n","protected":false},"excerpt":{"rendered":"<p>Parte do desenvolvimento humano ocorre por meio do aprendizado social. Dessa forma, iniciamos a constru\u00e7\u00e3o de nossa capacidade de socializa\u00e7\u00e3o muito cedo e vamos nos apropriando dela ao longo da vida. O mesmo ocorre com o aprendizado emocional. O meio social \u00e9 importante para construir e afirmar nossa comunica\u00e7\u00e3o. Atrav\u00e9s dele, conseguimos nos expressar, interagir [&hellip;]<\/p>\n","protected":false},"author":24,"featured_media":6853,"comment_status":"open","ping_status":"open","sticky":false,"template":"","format":"standard","meta":{"_lmt_disableupdate":"","_lmt_disable":"","footnotes":""},"categories":[266,1],"tags":[],"yoast_head":"<!-- This site is optimized with the Yoast SEO plugin v19.8 - https:\/\/yoast.com\/wordpress\/plugins\/seo\/ -->\n<title>Regula\u00e7\u00e3o emocional: saiba qual o impacto social desse processamento<\/title>\n<meta name=\"description\" content=\"A regula\u00e7\u00e3o emocional \u00e9 um estilo de enfrentamento das situa\u00e7\u00f5es do dia a dia. Conhe\u00e7a mais sobre como ele pode revolucionar a sua sa\u00fade emocional!\" \/>\n<meta name=\"robots\" content=\"index, follow, max-snippet:-1, max-image-preview:large, max-video-preview:-1\" \/>\n<link rel=\"canonical\" href=\"https:\/\/www.telavita.com.br\/blog\/regulacao-emocional\/\" \/>\n<meta property=\"og:locale\" content=\"pt_BR\" \/>\n<meta property=\"og:type\" content=\"article\" \/>\n<meta property=\"og:title\" content=\"Regula\u00e7\u00e3o emocional: saiba qual o impacto social desse processamento\" \/>\n<meta property=\"og:description\" content=\"A regula\u00e7\u00e3o emocional \u00e9 um estilo de enfrentamento das situa\u00e7\u00f5es do dia a dia. Conhe\u00e7a mais sobre como ele pode revolucionar a sua sa\u00fade emocional!\" \/>\n<meta property=\"og:url\" content=\"https:\/\/www.telavita.com.br\/blog\/regulacao-emocional\/\" \/>\n<meta property=\"og:site_name\" content=\"Telavita\" \/>\n<meta property=\"article:publisher\" content=\"https:\/\/www.facebook.com\/Telavita\" \/>\n<meta property=\"article:published_time\" content=\"2020-06-23T20:31:19+00:00\" \/>\n<meta property=\"article:modified_time\" content=\"2020-06-23T20:52:50+00:00\" \/>\n<meta property=\"og:image\" content=\"https:\/\/www.telavita.com.br\/blog\/wp-content\/uploads\/2020\/06\/Regula\u00e7\u00e3o-emocional.jpg\" \/>\n\t<meta property=\"og:image:width\" content=\"1280\" \/>\n\t<meta property=\"og:image:height\" content=\"853\" \/>\n\t<meta property=\"og:image:type\" content=\"image\/jpeg\" \/>\n<meta name=\"author\" content=\"Psic\u00f3loga Priscila Peruchi - CRP 11\/12057\" \/>\n<meta name=\"twitter:card\" content=\"summary_large_image\" \/>\n<meta name=\"twitter:label1\" content=\"Escrito por\" \/>\n\t<meta name=\"twitter:data1\" content=\"Psic\u00f3loga Priscila Peruchi - CRP 11\/12057\" \/>\n\t<meta name=\"twitter:label2\" content=\"Est. tempo de leitura\" \/>\n\t<meta name=\"twitter:data2\" content=\"8 minutos\" \/>\n<!-- \/ Yoast SEO plugin. -->","yoast_head_json":{"title":"Regula\u00e7\u00e3o emocional: saiba qual o impacto social desse processamento","description":"A regula\u00e7\u00e3o emocional \u00e9 um estilo de enfrentamento das situa\u00e7\u00f5es do dia a dia. Conhe\u00e7a mais sobre como ele pode revolucionar a sua sa\u00fade emocional!","robots":{"index":"index","follow":"follow","max-snippet":"max-snippet:-1","max-image-preview":"max-image-preview:large","max-video-preview":"max-video-preview:-1"},"canonical":"https:\/\/www.telavita.com.br\/blog\/regulacao-emocional\/","og_locale":"pt_BR","og_type":"article","og_title":"Regula\u00e7\u00e3o emocional: saiba qual o impacto social desse processamento","og_description":"A regula\u00e7\u00e3o emocional \u00e9 um estilo de enfrentamento das situa\u00e7\u00f5es do dia a dia. Conhe\u00e7a mais sobre como ele pode revolucionar a sua sa\u00fade emocional!","og_url":"https:\/\/www.telavita.com.br\/blog\/regulacao-emocional\/","og_site_name":"Telavita","article_publisher":"https:\/\/www.facebook.com\/Telavita","article_published_time":"2020-06-23T20:31:19+00:00","article_modified_time":"2020-06-23T20:52:50+00:00","og_image":[{"width":1280,"height":853,"url":"https:\/\/www.telavita.com.br\/blog\/wp-content\/uploads\/2020\/06\/Regula\u00e7\u00e3o-emocional.jpg","type":"image\/jpeg"}],"author":"Psic\u00f3loga Priscila Peruchi - CRP 11\/12057","twitter_card":"summary_large_image","twitter_misc":{"Escrito por":"Psic\u00f3loga Priscila Peruchi - CRP 11\/12057","Est. tempo de leitura":"8 minutos"},"schema":{"@context":"https:\/\/schema.org","@graph":[{"@type":"Article","@id":"https:\/\/www.telavita.com.br\/blog\/regulacao-emocional\/#article","isPartOf":{"@id":"https:\/\/www.telavita.com.br\/blog\/regulacao-emocional\/"},"author":{"name":"Psic\u00f3loga Priscila Peruchi - CRP 11\/12057","@id":"https:\/\/www.telavita.com.br\/blog\/#\/schema\/person\/688cade5dc15a9afdf7e00577d016be0"},"headline":"O que \u00e9 regula\u00e7\u00e3o emocional?","datePublished":"2020-06-23T20:31:19+00:00","dateModified":"2020-06-23T20:52:50+00:00","mainEntityOfPage":{"@id":"https:\/\/www.telavita.com.br\/blog\/regulacao-emocional\/"},"wordCount":1611,"commentCount":0,"publisher":{"@id":"https:\/\/www.telavita.com.br\/blog\/#organization"},"articleSection":["Autoconhecimento"],"inLanguage":"pt-BR","potentialAction":[{"@type":"CommentAction","name":"Comment","target":["https:\/\/www.telavita.com.br\/blog\/regulacao-emocional\/#respond"]}]},{"@type":"WebPage","@id":"https:\/\/www.telavita.com.br\/blog\/regulacao-emocional\/","url":"https:\/\/www.telavita.com.br\/blog\/regulacao-emocional\/","name":"Regula\u00e7\u00e3o emocional: saiba qual o impacto social desse processamento","isPartOf":{"@id":"https:\/\/www.telavita.com.br\/blog\/#website"},"datePublished":"2020-06-23T20:31:19+00:00","dateModified":"2020-06-23T20:52:50+00:00","description":"A regula\u00e7\u00e3o emocional \u00e9 um estilo de enfrentamento das situa\u00e7\u00f5es do dia a dia. Conhe\u00e7a mais sobre como ele pode revolucionar a sua sa\u00fade emocional!","breadcrumb":{"@id":"https:\/\/www.telavita.com.br\/blog\/regulacao-emocional\/#breadcrumb"},"inLanguage":"pt-BR","potentialAction":[{"@type":"ReadAction","target":["https:\/\/www.telavita.com.br\/blog\/regulacao-emocional\/"]}]},{"@type":"BreadcrumbList","@id":"https:\/\/www.telavita.com.br\/blog\/regulacao-emocional\/#breadcrumb","itemListElement":[{"@type":"ListItem","position":1,"name":"In\u00edcio","item":"https:\/\/www.telavita.com.br\/blog\/"},{"@type":"ListItem","position":2,"name":"O que \u00e9 regula\u00e7\u00e3o emocional?"}]},{"@type":"WebSite","@id":"https:\/\/www.telavita.com.br\/blog\/#website","url":"https:\/\/www.telavita.com.br\/blog\/","name":"Telavita","description":"Conte\u00fados especializados sobre sa\u00fade mental e bem-estar","publisher":{"@id":"https:\/\/www.telavita.com.br\/blog\/#organization"},"potentialAction":[{"@type":"SearchAction","target":{"@type":"EntryPoint","urlTemplate":"https:\/\/www.telavita.com.br\/blog\/?s={search_term_string}"},"query-input":"required name=search_term_string"}],"inLanguage":"pt-BR"},{"@type":"Organization","@id":"https:\/\/www.telavita.com.br\/blog\/#organization","name":"Telavita","url":"https:\/\/www.telavita.com.br\/blog\/","sameAs":["https:\/\/www.linkedin.com\/company\/telavita\/mycompany\/verification\/","https:\/\/www.instagram.com\/telavita\/","https:\/\/www.facebook.com\/Telavita"],"logo":{"@type":"ImageObject","inLanguage":"pt-BR","@id":"https:\/\/www.telavita.com.br\/blog\/#\/schema\/logo\/image\/","url":"https:\/\/www.telavita.com.br\/blog\/wp-content\/uploads\/2021\/05\/telavita.jpg","contentUrl":"https:\/\/www.telavita.com.br\/blog\/wp-content\/uploads\/2021\/05\/telavita.jpg","width":200,"height":200,"caption":"Telavita"},"image":{"@id":"https:\/\/www.telavita.com.br\/blog\/#\/schema\/logo\/image\/"}},{"@type":"Person","@id":"https:\/\/www.telavita.com.br\/blog\/#\/schema\/person\/688cade5dc15a9afdf7e00577d016be0","name":"Psic\u00f3loga Priscila Peruchi - CRP 11\/12057","image":{"@type":"ImageObject","inLanguage":"pt-BR","@id":"https:\/\/www.telavita.com.br\/blog\/#\/schema\/person\/image\/","url":"https:\/\/secure.gravatar.com\/avatar\/3d6fefb3fee7b2553f9a3c32d97ba403?s=96&d=mm&r=g","contentUrl":"https:\/\/secure.gravatar.com\/avatar\/3d6fefb3fee7b2553f9a3c32d97ba403?s=96&d=mm&r=g","caption":"Psic\u00f3loga Priscila Peruchi - CRP 11\/12057"},"description":"Trabalho com a Terapia Cognitiva-Comportamental para ajudar o meu cliente a lidar com suas quest\u00f5es no \u00e2mbito profissional, familiar e de relacionamentos. Meu campo de atua\u00e7\u00e3o \u00e9 Stress, Depress\u00e3o e Ansiedade. Sou Mestranda em Neuropsicologia Aplicada na Universidade Lus\u00f3fona de Lisboa, com p\u00f3s-gradua\u00e7\u00e3o em Neuroci\u00eancia e reabilita\u00e7\u00e3o pela Unifor-Universidade de Fortaleza e certificada pelo IPCS em Avalia\u00e7\u00e3o de Stress nas Empresas. Psic\u00f3loga Cl\u00ednica, com atua\u00e7\u00e3o em S\u00e3o Paulo e em Fortaleza, experi\u00eancia com atendimentos a Adultos e Adolescentes \u00e0 partir de 15 anos.","url":"https:\/\/www.telavita.com.br\/blog\/author\/priscila-vasconcelos-peruchi\/"}]}},"modified_by":null,"_links":{"self":[{"href":"https:\/\/www.telavita.com.br\/blog\/wp-json\/wp\/v2\/posts\/6851"}],"collection":[{"href":"https:\/\/www.telavita.com.br\/blog\/wp-json\/wp\/v2\/posts"}],"about":[{"href":"https:\/\/www.telavita.com.br\/blog\/wp-json\/wp\/v2\/types\/post"}],"author":[{"embeddable":true,"href":"https:\/\/www.telavita.com.br\/blog\/wp-json\/wp\/v2\/users\/24"}],"replies":[{"embeddable":true,"href":"https:\/\/www.telavita.com.br\/blog\/wp-json\/wp\/v2\/comments?post=6851"}],"version-history":[{"count":9,"href":"https:\/\/www.telavita.com.br\/blog\/wp-json\/wp\/v2\/posts\/6851\/revisions"}],"predecessor-version":[{"id":6862,"href":"https:\/\/www.telavita.com.br\/blog\/wp-json\/wp\/v2\/posts\/6851\/revisions\/6862"}],"wp:featuredmedia":[{"embeddable":true,"href":"https:\/\/www.telavita.com.br\/blog\/wp-json\/wp\/v2\/media\/6853"}],"wp:attachment":[{"href":"https:\/\/www.telavita.com.br\/blog\/wp-json\/wp\/v2\/media?parent=6851"}],"wp:term":[{"taxonomy":"category","embeddable":true,"href":"https:\/\/www.telavita.com.br\/blog\/wp-json\/wp\/v2\/categories?post=6851"},{"taxonomy":"post_tag","embeddable":true,"href":"https:\/\/www.telavita.com.br\/blog\/wp-json\/wp\/v2\/tags?post=6851"}],"curies":[{"name":"wp","href":"https:\/\/api.w.org\/{rel}","templated":true}]}}