{"id":6926,"date":"2020-08-10T10:00:57","date_gmt":"2020-08-10T13:00:57","guid":{"rendered":"https:\/\/www.telavita.com.br\/blog\/?p=6926"},"modified":"2020-08-07T16:02:05","modified_gmt":"2020-08-07T19:02:05","slug":"homofobia-internalizada","status":"publish","type":"post","link":"https:\/\/www.telavita.com.br\/blog\/homofobia-internalizada\/","title":{"rendered":"Homofobia internalizada: o preconceito do homossexual contra si mesmo"},"content":{"rendered":"<p>Grande parte da sociedade \u00e9 educada para ser homof\u00f3bica e mis\u00f3gina, independentemente da orienta\u00e7\u00e3o sexual que desenvolva ao longo da vida. As normas de g\u00eanero sociais, bem como os saberes das ci\u00eancias biom\u00e9dicas, estabeleceram modelos de como as pessoas deveriam ser.<\/p>\n<p>Baseados na cultura, tradi\u00e7\u00f5es, religi\u00f5es, c\u00f3digos de leis e a medicina, o sexo, desde o in\u00edcio, foi visto como apenas um meio para a procria\u00e7\u00e3o. Compreendia-se que o feminino se atraia pelo masculino e vice versa. Portanto, por exemplo, se um homem sentisse atra\u00e7\u00e3o sexual por outro homem, ele deveria ter algum aspecto considerado feminino que justificasse tal comportamento.<\/p>\n<p>Nesse sentido, o que \u00e9 considerado masculino est\u00e1 associado \u00e0 for\u00e7a, por\u00e9m, aquilo que \u00e9 denominado de feminino \u00e9 percebido como fraqueza. Nossa sociedade ainda \u00e9 competitiva, heterossexista, machista, patriarcal e mis\u00f3gina. Nela, a for\u00e7a \u00e9 exaltada enquanto a fraqueza \u00e9 totalmente desqualificada.<\/p>\n<h2>Contexto hist\u00f3rico<\/h2>\n<p>A forma como a sociedade foi estruturada segregou sexualidades que n\u00e3o se adequavam ao sistema heterossexista. A homossexualidade \u00e9 uma delas. Ent\u00e3o, desde o estabelecimento do cristianismo nos primeiros s\u00e9culos, ela foi desqualificada.<\/p>\n<p>Dentro desse contexto, a atividade sexual foi sendo associada exclusivamente \u00e0 procria\u00e7\u00e3o. Dessa forma, o desejo sexual estaria voltado \u00e0 reprodu\u00e7\u00e3o da esp\u00e9cie, conforme consta nas escrituras sagradas. Sendo assim, aqueles que tivessem apetite libidinoso deveriam casar-se e ter filhos.<\/p>\n<p><strong>LEIA MAIS: <a href=\"https:\/\/www.telavita.com.br\/blog\/casais-homoafetivos-pressao-psicologica\/\">Qual a melhor maneira de lidar com a press\u00e3o social e psicol\u00f3gica sofrida por casais homoafetivos?<\/a><\/strong><\/p>\n<p>Ao longo dos s\u00e9culos, com a instala\u00e7\u00e3o da santa inquisi\u00e7\u00e3o, muitos homossexuais foram punidos e mortos. Ap\u00f3s a forma\u00e7\u00e3o dos estados-na\u00e7\u00f5es, leis eram feitas para punir criminalmente as pessoas que apresentavam comportamentos homossexuais.<\/p>\n<p>Por volta do s\u00e9culo XIX, as ci\u00eancias biom\u00e9dicas estabeleceram o comportamento homossexual como um transtorno psiqui\u00e1trico. Ent\u00e3o, quem o praticava era diagnosticado como doente, sujeito a tratamento de cura ou interna\u00e7\u00e3o. Dessa forma, a homossexualidade j\u00e1 era capturada por tr\u00eas dispositivos de poder e controle: a religi\u00e3o, o sistema jur\u00eddico e a medicina.<\/p>\n<p>Nesse sentido, muitos homossexuais foram presos, tratados pela medicina em hosp\u00edcios e doutrinados pelas religi\u00f5es para que pudessem se tornar heterossexuais. A sociedade em geral estabelecia como cultura a hetero cis normatividades como \u00fanica forma poss\u00edvel de existir.<\/p>\n<h2>A problem\u00e1tica da homofobia internalizada<\/h2>\n<p>Al\u00e9m da quest\u00e3o hist\u00f3rica, os pr\u00f3prios homossexuais, em seu processo de educa\u00e7\u00e3o sociocultural, incorporam tais valores relativos ao funcionamento social vigente. Isso, entretanto, \u00e9 um mero resultado de uma sociedade totalit\u00e1ria, que n\u00e3o tolera o diferente do modelo imposto: cis-heteronormativo machista, mis\u00f3gino, racista, capitalista, elitista, globalizado, competitivo, exclusivista, preconceituoso, segregacionista, discriminat\u00f3rio e classista.<\/p>\n<p>Sendo assim, o que \u00e9 considerado diferente ou \u00e9 isolado, corrigido ou eliminado. Tal cultura come\u00e7a a operar como se fosse um v\u00edrus nas personalidades dos homossexuais. O auto preconceito \u00e9 tecnicamente denominado como homofobia internalizada ou orienta\u00e7\u00e3o sexual ego-dist\u00f4nica.<\/p>\n<h3>O perigo do auto preconceito<\/h3>\n<p>Ali\u00e1s, tal \u201cv\u00edrus\u201d do auto preconceito vai destruindo a autoestima da pessoa homossexual, podendo gerar sentimentos de auto rejei\u00e7\u00e3o, vergonha, isolamento, embotamento afetivo, depress\u00e3o e ansiedade, al\u00e9m de outros problemas psicol\u00f3gicos e psiqui\u00e1tricos.<\/p>\n<p>Al\u00e9m disso, a quest\u00e3o ainda levanta problemas de identidade e personalidade do indiv\u00edduo. Sendo assim, \u00e9 comum verificar um esfor\u00e7o descomunal para se adequar aos padr\u00f5es sociais, pois existem sentimentos de inadequa\u00e7\u00e3o e n\u00e3o pertencimento, que levam a problemas de relacionamentos com familiares, amigos e parcerias afetiva.<\/p>\n<p><strong>LEIA MAIS: <a href=\"https:\/\/www.telavita.com.br\/blog\/casal-homoafetivo\/\">Os desafios do casal homoafetivo<\/a><\/strong><\/p>\n<p>A vulnerabilidade ps\u00edquica causada pela homofobia internalizada pode tamb\u00e9m ser perigosa, j\u00e1 que pode representar a ado\u00e7\u00e3o de comportamentos nada saud\u00e1veis. Ent\u00e3o, muitas pessoas come\u00e7am a usar e abusar do \u00e1lcool e demais drogas, al\u00e9m de recorrer a mutila\u00e7\u00e3o e autodesvaloriza\u00e7\u00e3o como forma de lidar com esse \u201cproblema\u201d.<\/p>\n<p>Por conta disso, \u00e9 fundamental prestar aten\u00e7\u00e3o em tais atitudes e como elas se desenvolvem. Em alguns casos, ela pode ser refletida num comportamento sexual de risco, levando a contamina\u00e7\u00e3o por ISTs (infec\u00e7\u00f5es sexualmente transmiss\u00edveis). Entretanto, tamb\u00e9m pode chegar ao aniquilamento do pr\u00f3prio ser por meio do suic\u00eddio.<\/p>\n","protected":false},"excerpt":{"rendered":"<p>Grande parte da sociedade \u00e9 educada para ser homof\u00f3bica e mis\u00f3gina, independentemente da orienta\u00e7\u00e3o sexual que desenvolva ao longo da vida. As normas de g\u00eanero sociais, bem como os saberes das ci\u00eancias biom\u00e9dicas, estabeleceram modelos de como as pessoas deveriam ser. Baseados na cultura, tradi\u00e7\u00f5es, religi\u00f5es, c\u00f3digos de leis e a medicina, o sexo, desde [&hellip;]<\/p>\n","protected":false},"author":23,"featured_media":6928,"comment_status":"open","ping_status":"open","sticky":false,"template":"","format":"standard","meta":{"_lmt_disableupdate":"","_lmt_disable":"","footnotes":""},"categories":[51],"tags":[],"yoast_head":"<!-- This site is optimized with the Yoast SEO plugin v19.8 - https:\/\/yoast.com\/wordpress\/plugins\/seo\/ -->\n<title>Homofobia internalizada e o preconceito contra si mesmo l Telavita<\/title>\n<meta name=\"description\" content=\"A vulnerabilidade ps\u00edquica causada pela homofobia internalizada pode tamb\u00e9m ser perigosa, j\u00e1 que pode representar a ado\u00e7\u00e3o de comportamentos nada saud\u00e1veis.\" \/>\n<meta name=\"robots\" content=\"index, follow, max-snippet:-1, max-image-preview:large, max-video-preview:-1\" \/>\n<link rel=\"canonical\" href=\"https:\/\/www.telavita.com.br\/blog\/homofobia-internalizada\/\" \/>\n<meta property=\"og:locale\" content=\"pt_BR\" \/>\n<meta property=\"og:type\" content=\"article\" \/>\n<meta property=\"og:title\" content=\"Homofobia internalizada e o preconceito contra si mesmo l Telavita\" \/>\n<meta property=\"og:description\" content=\"A vulnerabilidade ps\u00edquica causada pela homofobia internalizada pode tamb\u00e9m ser perigosa, j\u00e1 que pode representar a ado\u00e7\u00e3o de comportamentos nada saud\u00e1veis.\" \/>\n<meta property=\"og:url\" content=\"https:\/\/www.telavita.com.br\/blog\/homofobia-internalizada\/\" \/>\n<meta property=\"og:site_name\" content=\"Telavita\" \/>\n<meta property=\"article:publisher\" content=\"https:\/\/www.facebook.com\/Telavita\" \/>\n<meta property=\"article:published_time\" content=\"2020-08-10T13:00:57+00:00\" \/>\n<meta property=\"article:modified_time\" content=\"2020-08-07T19:02:05+00:00\" \/>\n<meta property=\"og:image\" content=\"https:\/\/www.telavita.com.br\/blog\/wp-content\/uploads\/2020\/08\/homofobia-internalizada.jpg\" \/>\n\t<meta property=\"og:image:width\" content=\"1280\" \/>\n\t<meta property=\"og:image:height\" content=\"847\" \/>\n\t<meta property=\"og:image:type\" content=\"image\/jpeg\" \/>\n<meta name=\"author\" content=\"Psic\u00f3logo Pedro Sammarco - CRP 06\/66066\" \/>\n<meta name=\"twitter:card\" content=\"summary_large_image\" \/>\n<meta name=\"twitter:label1\" content=\"Escrito por\" \/>\n\t<meta name=\"twitter:data1\" content=\"Psic\u00f3logo Pedro Sammarco - CRP 06\/66066\" \/>\n\t<meta name=\"twitter:label2\" content=\"Est. tempo de leitura\" \/>\n\t<meta name=\"twitter:data2\" content=\"4 minutos\" \/>\n<!-- \/ Yoast SEO plugin. -->","yoast_head_json":{"title":"Homofobia internalizada e o preconceito contra si mesmo l Telavita","description":"A vulnerabilidade ps\u00edquica causada pela homofobia internalizada pode tamb\u00e9m ser perigosa, j\u00e1 que pode representar a ado\u00e7\u00e3o de comportamentos nada saud\u00e1veis.","robots":{"index":"index","follow":"follow","max-snippet":"max-snippet:-1","max-image-preview":"max-image-preview:large","max-video-preview":"max-video-preview:-1"},"canonical":"https:\/\/www.telavita.com.br\/blog\/homofobia-internalizada\/","og_locale":"pt_BR","og_type":"article","og_title":"Homofobia internalizada e o preconceito contra si mesmo l Telavita","og_description":"A vulnerabilidade ps\u00edquica causada pela homofobia internalizada pode tamb\u00e9m ser perigosa, j\u00e1 que pode representar a ado\u00e7\u00e3o de comportamentos nada saud\u00e1veis.","og_url":"https:\/\/www.telavita.com.br\/blog\/homofobia-internalizada\/","og_site_name":"Telavita","article_publisher":"https:\/\/www.facebook.com\/Telavita","article_published_time":"2020-08-10T13:00:57+00:00","article_modified_time":"2020-08-07T19:02:05+00:00","og_image":[{"width":1280,"height":847,"url":"https:\/\/www.telavita.com.br\/blog\/wp-content\/uploads\/2020\/08\/homofobia-internalizada.jpg","type":"image\/jpeg"}],"author":"Psic\u00f3logo Pedro Sammarco - CRP 06\/66066","twitter_card":"summary_large_image","twitter_misc":{"Escrito por":"Psic\u00f3logo Pedro Sammarco - CRP 06\/66066","Est. tempo de leitura":"4 minutos"},"schema":{"@context":"https:\/\/schema.org","@graph":[{"@type":"Article","@id":"https:\/\/www.telavita.com.br\/blog\/homofobia-internalizada\/#article","isPartOf":{"@id":"https:\/\/www.telavita.com.br\/blog\/homofobia-internalizada\/"},"author":{"name":"Psic\u00f3logo Pedro Sammarco - CRP 06\/66066","@id":"https:\/\/www.telavita.com.br\/blog\/#\/schema\/person\/9d155af6215571a918c103a7994e22dd"},"headline":"Homofobia internalizada: o preconceito do homossexual contra si mesmo","datePublished":"2020-08-10T13:00:57+00:00","dateModified":"2020-08-07T19:02:05+00:00","mainEntityOfPage":{"@id":"https:\/\/www.telavita.com.br\/blog\/homofobia-internalizada\/"},"wordCount":725,"commentCount":1,"publisher":{"@id":"https:\/\/www.telavita.com.br\/blog\/#organization"},"articleSection":["Sexologia"],"inLanguage":"pt-BR","potentialAction":[{"@type":"CommentAction","name":"Comment","target":["https:\/\/www.telavita.com.br\/blog\/homofobia-internalizada\/#respond"]}]},{"@type":"WebPage","@id":"https:\/\/www.telavita.com.br\/blog\/homofobia-internalizada\/","url":"https:\/\/www.telavita.com.br\/blog\/homofobia-internalizada\/","name":"Homofobia internalizada e o preconceito contra si mesmo l Telavita","isPartOf":{"@id":"https:\/\/www.telavita.com.br\/blog\/#website"},"datePublished":"2020-08-10T13:00:57+00:00","dateModified":"2020-08-07T19:02:05+00:00","description":"A vulnerabilidade ps\u00edquica causada pela homofobia internalizada pode tamb\u00e9m ser perigosa, j\u00e1 que pode representar a ado\u00e7\u00e3o de comportamentos nada saud\u00e1veis.","breadcrumb":{"@id":"https:\/\/www.telavita.com.br\/blog\/homofobia-internalizada\/#breadcrumb"},"inLanguage":"pt-BR","potentialAction":[{"@type":"ReadAction","target":["https:\/\/www.telavita.com.br\/blog\/homofobia-internalizada\/"]}]},{"@type":"BreadcrumbList","@id":"https:\/\/www.telavita.com.br\/blog\/homofobia-internalizada\/#breadcrumb","itemListElement":[{"@type":"ListItem","position":1,"name":"In\u00edcio","item":"https:\/\/www.telavita.com.br\/blog\/"},{"@type":"ListItem","position":2,"name":"Homofobia internalizada: o preconceito do homossexual contra si mesmo"}]},{"@type":"WebSite","@id":"https:\/\/www.telavita.com.br\/blog\/#website","url":"https:\/\/www.telavita.com.br\/blog\/","name":"Telavita","description":"Conte\u00fados especializados sobre sa\u00fade mental e bem-estar","publisher":{"@id":"https:\/\/www.telavita.com.br\/blog\/#organization"},"potentialAction":[{"@type":"SearchAction","target":{"@type":"EntryPoint","urlTemplate":"https:\/\/www.telavita.com.br\/blog\/?s={search_term_string}"},"query-input":"required name=search_term_string"}],"inLanguage":"pt-BR"},{"@type":"Organization","@id":"https:\/\/www.telavita.com.br\/blog\/#organization","name":"Telavita","url":"https:\/\/www.telavita.com.br\/blog\/","sameAs":["https:\/\/www.linkedin.com\/company\/telavita\/mycompany\/verification\/","https:\/\/www.instagram.com\/telavita\/","https:\/\/www.facebook.com\/Telavita"],"logo":{"@type":"ImageObject","inLanguage":"pt-BR","@id":"https:\/\/www.telavita.com.br\/blog\/#\/schema\/logo\/image\/","url":"https:\/\/www.telavita.com.br\/blog\/wp-content\/uploads\/2021\/05\/telavita.jpg","contentUrl":"https:\/\/www.telavita.com.br\/blog\/wp-content\/uploads\/2021\/05\/telavita.jpg","width":200,"height":200,"caption":"Telavita"},"image":{"@id":"https:\/\/www.telavita.com.br\/blog\/#\/schema\/logo\/image\/"}},{"@type":"Person","@id":"https:\/\/www.telavita.com.br\/blog\/#\/schema\/person\/9d155af6215571a918c103a7994e22dd","name":"Psic\u00f3logo Pedro Sammarco - CRP 06\/66066","image":{"@type":"ImageObject","inLanguage":"pt-BR","@id":"https:\/\/www.telavita.com.br\/blog\/#\/schema\/person\/image\/","url":"https:\/\/secure.gravatar.com\/avatar\/ca6041da8ef8610c493f19e03c9ebfa4?s=96&d=mm&r=g","contentUrl":"https:\/\/secure.gravatar.com\/avatar\/ca6041da8ef8610c493f19e03c9ebfa4?s=96&d=mm&r=g","caption":"Psic\u00f3logo Pedro Sammarco - CRP 06\/66066"},"description":"Desde que me formei em Psicologia em 2002, j\u00e1 iniciei meus atendimentos em consult\u00f3rio, onde estou at\u00e9 hoje. Logo em seguida fiz cursos na \u00e1rea cl\u00ednica em Gestalt-Terapia e Psicoterapia Existencial. Dediquei-me tamb\u00e9m aos estudos de mestrado e doutorado voltados a Psicologia Social, Sexualidade e Envelhecimento. Al\u00e9m disso, sou plantonista volunt\u00e1rio do Centro de Valoriza\u00e7\u00e3o da Vida (CVV) desde 1998, prestando apoio emocional, ps\u00edquico e preven\u00e7\u00e3o do suic\u00eddio. \u00c9 importante mencionar que atuei cinco anos como Psic\u00f3logo Cl\u00ednico no Instituto de Psiquiatria do Hospital das Cl\u00ednicas da USP. Quando solicitado, palestro em escolas, ONGs, etc. Em 2013 lancei o livro \"Travestis Envelhecem?\" e em 2017 o meu segundo, intitulado \"Homofobia Internalizada: o preconceito do homossexual contra si mesmo\" ambos pela editora Annablume. Atuo como Psic\u00f3logo volunt\u00e1rio em uma ONG que presta amparo ao LGBTQIAP + idoso dentre outras. Tamb\u00e9m leciono no Centro Universit\u00e1rio S\u00e3o Roque. Atendimento a partir dos 18 anos de idade.","url":"https:\/\/www.telavita.com.br\/blog\/author\/pedro-sammarco\/"}]}},"modified_by":null,"_links":{"self":[{"href":"https:\/\/www.telavita.com.br\/blog\/wp-json\/wp\/v2\/posts\/6926"}],"collection":[{"href":"https:\/\/www.telavita.com.br\/blog\/wp-json\/wp\/v2\/posts"}],"about":[{"href":"https:\/\/www.telavita.com.br\/blog\/wp-json\/wp\/v2\/types\/post"}],"author":[{"embeddable":true,"href":"https:\/\/www.telavita.com.br\/blog\/wp-json\/wp\/v2\/users\/23"}],"replies":[{"embeddable":true,"href":"https:\/\/www.telavita.com.br\/blog\/wp-json\/wp\/v2\/comments?post=6926"}],"version-history":[{"count":2,"href":"https:\/\/www.telavita.com.br\/blog\/wp-json\/wp\/v2\/posts\/6926\/revisions"}],"predecessor-version":[{"id":6929,"href":"https:\/\/www.telavita.com.br\/blog\/wp-json\/wp\/v2\/posts\/6926\/revisions\/6929"}],"wp:featuredmedia":[{"embeddable":true,"href":"https:\/\/www.telavita.com.br\/blog\/wp-json\/wp\/v2\/media\/6928"}],"wp:attachment":[{"href":"https:\/\/www.telavita.com.br\/blog\/wp-json\/wp\/v2\/media?parent=6926"}],"wp:term":[{"taxonomy":"category","embeddable":true,"href":"https:\/\/www.telavita.com.br\/blog\/wp-json\/wp\/v2\/categories?post=6926"},{"taxonomy":"post_tag","embeddable":true,"href":"https:\/\/www.telavita.com.br\/blog\/wp-json\/wp\/v2\/tags?post=6926"}],"curies":[{"name":"wp","href":"https:\/\/api.w.org\/{rel}","templated":true}]}}