{"id":6992,"date":"2020-10-05T21:25:25","date_gmt":"2020-10-06T00:25:25","guid":{"rendered":"https:\/\/www.telavita.com.br\/blog\/?p=6992"},"modified":"2022-03-24T14:58:02","modified_gmt":"2022-03-24T17:58:02","slug":"meritocracia-e-as-implicacoes-psicologicas-em-voce","status":"publish","type":"post","link":"https:\/\/www.telavita.com.br\/blog\/meritocracia-e-as-implicacoes-psicologicas-em-voce\/","title":{"rendered":"Meritocracia e as implica\u00e7\u00f5es psicol\u00f3gicas em voc\u00ea"},"content":{"rendered":"<p>V\u00e1rios conte\u00fados sobre Administra\u00e7\u00e3o de Empresas, Gest\u00e3o e Organiza\u00e7\u00f5es, encontramos que meritocracia institucional \u00e9 um princ\u00edpio das organiza\u00e7\u00f5es modernas!<\/p>\n<p>E a admiss\u00e3o, a mobilidade e crescimento profissional das pessoas devem ser pautadas por seu desempenho na realiza\u00e7\u00e3o das tarefas.<\/p>\n<p>Embasado em reconhecimento e posi\u00e7\u00f5es hier\u00e1rquicas conquistadas com base no m\u00e9rito, onde fatores como classe, sexo, grupo social, grupo racial, n\u00e3o \u00e9 levado em considera\u00e7\u00e3o.<\/p>\n<p>Ent\u00e3o fundamentado em crit\u00e9rios cujas regras s\u00e3o previamente estabelecidas e conhecidas de todos os participantes, se estabelece, para uma determinada qualifica\u00e7\u00e3o, uma situa\u00e7\u00e3o igualit\u00e1ria inicial, que garante a oportunidade igual para todos naquela circunst\u00e2ncia.<\/p>\n<p>As diferencia\u00e7\u00f5es s\u00e3o interpretadas como consequ\u00eancia de um conjunto de habilidades e talentos de cada um, medido por meio de avalia\u00e7\u00f5es de desempenho, an\u00e1lise de curr\u00edculo, provas te\u00f3ricas e pr\u00e1ticas, entrevistas, etc.<\/p>\n<span class='mb-center maxbutton-3-center'><span class='maxbutton-3-container mb-container'><a class=\"maxbutton-3 maxbutton maxbutton-manda-para-pagina-psicologos\" href=\"https:\/\/app.telavita.com.br\/psicologia-online\/encontre-seu-psicologo\"><span class='mb-text'>Agende agora uma consulta com psic\u00f3logo<\/span><\/a><\/span><\/span>\n<h2>Mas o que \u00e9 meritocracia?<\/h2>\n<p>A meritocracia \u00e9 um modelo de gest\u00e3o baseado no cumprimento de metas e objetivos, que n\u00e3o d\u00e1 valor a vari\u00e1veis sociais como origem, posi\u00e7\u00e3o social ou econ\u00f4mica, ou poder pol\u00edtico.<\/p>\n<p>Logo, constitui-se como crit\u00e9rio em constante disputa com o nepotismo, o fisiologismo e os privil\u00e9gios corporativos.<\/p>\n<p>No entanto, quando nos aprofundamos um pouco mais sobre o tema, percebemos que o termo que caiu nas gra\u00e7as da direita e descreve a possibilidade de subir na vida pelo esfor\u00e7o individual, na verdade, tamb\u00e9m tem, conota\u00e7\u00e3o oposta.<\/p>\n<p>A palavra \u201cmeritocracia\u201d foi escrita num livro de fic\u00e7\u00e3o, publicado em 1958, que descreve um mundo profundamente injusto:<\/p>\n<p>E esse autor de esquerda, ingl\u00eas, <strong>MICHAEL DUNLOP YOUNG<\/strong>, publicou esse romance com o t\u00edtulo de <em>The Rise of Meritocracy<\/em>.\u00a0Young foi membro importante do Partido Trabalhista ingl\u00eas.<\/p>\n<p>Mas sua obra retrata uma Inglaterra do futuro onde as pessoas s\u00e3o classificadas de acordo com sua intelig\u00eancia.<\/p>\n<p>Os mais inteligentes recebem a melhor educa\u00e7\u00e3o e com isso tem acesso aos melhores empregos, sendo que os menos inteligentes ficam com o que sobra.<\/p>\n<p>Esse sistema que Young batiza de Meritocracia cont\u00e9m distor\u00e7\u00f5es evidentes: os mais inteligentes s\u00e3o os que recebem educa\u00e7\u00e3o de qualidade, o que faz com que os menos inteligentes, que n\u00e3o tiveram essa excelente educa\u00e7\u00e3o, jamais ter\u00e3o condi\u00e7\u00f5es de ascender.<\/p>\n<p>O livro mostra como um sistema, aparentemente justo, pode se transformar em uma m\u00e1quina de produzir e agravar injusti\u00e7as sociais.<\/p>\n<p>E ent\u00e3o termina com uma convuls\u00e3o social, no ano de 2033, com a Revolta da Meritocracia.<\/p>\n<p><strong>LEIA TAMB\u00c9M: <\/strong><a href=\"https:\/\/www.telavita.com.br\/blog\/como-a-autoestima-afeta-o-desempenho-profissional\/\"><strong>Como a autoestima afeta o desempenho profissional?<\/strong><\/a><\/p>\n<h2>Significado da Meritocracia<\/h2>\n<p>Por origem o conceito meritocracia \u00e9 pejorativo, e ao longo das d\u00e9cadas foi mudando o significado e adaptado pela direita e pelo discurso dos liberais contempor\u00e2neos, como exemplo de coisa positiva. Young escreveu em 2001, um ano antes de morrer, que seu livro \u201cera uma s\u00e1tira e uma advert\u00eancia\u201d.<\/p>\n<p>Segundo\u00a0<strong>Rubens Goyat\u00e1 Campante<\/strong>\u00a0escreveu que \u201cmerecer ou n\u00e3o merecer as coisas da vida \u00e9 uma avalia\u00e7\u00e3o que as pessoas sempre fazem, em rela\u00e7\u00e3o a si e aos outros, com a r\u00e9gua da no\u00e7\u00e3o de justi\u00e7a&#8230;\u201d.<\/p>\n<p>E no mundo moderno, a quest\u00e3o do \u201cmerecer\u201d ganhou atrav\u00e9s da ideologia contempor\u00e2nea do liberalismo, um encaminhamento racional e universal.<\/p>\n<p>Ent\u00e3o hoje transformou-se no <strong>\u201cpoder dos que merecem\u201d<\/strong>, no merecimento do mais capaz e esfor\u00e7ado. A combina\u00e7\u00e3o de qualifica\u00e7\u00e3o e empenho seria a f\u00f3rmula garantida de vit\u00f3ria na <strong>\u201ccorrida meritocr\u00e1tica\u201d<\/strong>.<\/p>\n<p>Nesse ponto, aparece uma quest\u00e3o interessante: num pa\u00eds como o Brasil, onde a educa\u00e7\u00e3o (das s\u00e9ries iniciais at\u00e9 o final do ciclo m\u00e9dio) tem uma diferen\u00e7a brutal, entre a escola p\u00fablica e a privada, como fica essa corrida?<\/p>\n<span class='mb-center maxbutton-2-center'><span class='maxbutton-2-container mb-container'><a class=\"maxbutton-2 maxbutton maxbutton-home-telavita\" href=\"https:\/\/www.telavita.com.br\"><span class='mb-text'>Conhe\u00e7a a Telavita<\/span><\/a><\/span><\/span>\n<h2>Descrevendo exemplos:<\/h2>\n<p>O Sr. R.N.L.M., trabalha desde os cinco anos. Aos 45 anos \u00e9 zelador de um edif\u00edcio na Zona Leste de S\u00e3o Paulo.<\/p>\n<p>H\u00e1 20 anos saiu de um s\u00edtio na Para\u00edba e foi para S\u00e3o Paulo ser pedreiro, trabalhando das 07 horas at\u00e9 \u00e0s 17 horas e \u00e0s vezes at\u00e9 noite adentro.<\/p>\n<p>E se ele tivesse estudado, poderia ser mestre de obras ou engenheiro?<br \/>\nAtualmente ganha $1.800,00.<\/p>\n<p>J\u00e1 o Sr. E.F., engenheiro de sua pr\u00f3pria empresa. Filho de fazendeiros da Zona da Mata mineira, estudou em escola particular, e entrou no curso de Engenharia da Universidade Federal de Juiz de Fora.<\/p>\n<p>E sua retirada mensal \u00e9 de $50.000.00.<\/p>\n<p>Esse abismo de realidades pode ser atribu\u00eddo as oportunidades ou a sorte? Como ficam as oportunidades em pa\u00edses com desigualdades t\u00e3o grandes no aspecto social?<\/p>\n<p>A cr\u00edtica feita ao sistema de meritocracia \u00e9 porque essa rela\u00e7\u00e3o de desigualdade e o mercado de trabalho, gera uma competi\u00e7\u00e3o para a qual o participante come\u00e7a a se preparar na inf\u00e2ncia.<\/p>\n<p>Essas capacidades, habilidades, compet\u00eancias e atributos de personalidade, s\u00e3o chamadas pelos economistas de \u201ccapital humano\u201d.<\/p>\n<p>Como os recursos p\u00fablicos e privados n\u00e3o s\u00e3o os mesmos para todos, no final da corrida, o sistema privilegia poucos.<\/p>\n<p>Isso n\u00e3o se aplica apenas aos estudos iniciais, pois na outra ponta, temos os alunos que frequentam as universidades mais novas.<\/p>\n<p>Essas que tendem a atrair estudantes de baixa renda, que em geral tem sal\u00e1rios menores do que aqueles que estudaram em universidades tradicionais e de elite.<\/p>\n<p>Essa desigualdade crescente e a forma\u00e7\u00e3o de castas, seriam as consequ\u00eancias devastadoras dos sistemas puramente meritocr\u00e1ticos.<\/p>\n<h2>Meritocracia existe?<\/h2>\n<p>Ent\u00e3o, de acordo com Michael Young \u201c&#8230; a meritocracia \u00e9 uma fantasia inating\u00edvel, ela se canibaliza gra\u00e7as aos resultados extremamente desiguais que ela mesma gera&#8230;\u201d.<\/p>\n<p>Como quest\u00e3o final, em que ponto entra a psicologia e a sa\u00fade emocional nesse assunto?\u00a0Que implica\u00e7\u00f5es emocionais o sistema de meritocracia desenvolve no indiv\u00edduo?<\/p>\n<p>Logo, os problemas podem ocorrer na pr\u00f3pria empresa com o \u00edndice elevado de estresse das pessoas, queda de empenho, motiva\u00e7\u00e3o e produtividade, competi\u00e7\u00e3o negativa e ambiente t\u00f3xico, com uma press\u00e3o interna muito forte.<\/p>\n<p>E individualmente seus efeitos, al\u00e9m do estresse e as consequ\u00eancias em adoecimentos tanto ps\u00edquico quanto f\u00edsico, temos uma queda na auto imagem e na confian\u00e7a para aquele que n\u00e3o sai \u201cmerecedor\u201d.<\/p>\n<p>Mais importante, tamb\u00e9m vem os sentimentos de exclus\u00e3o, ci\u00fames, frustra\u00e7\u00e3o, medo, ansiedade, etc. \u00c9 terr\u00edvel!<\/p>\n<p>Os efeitos sociais acabam sendo um aumento da desigualdade e a maior divis\u00e3o social, onde o \u201cmerecedor\u201d concentra o poder na elite educada.<\/p>\n<p>As disputas meritocr\u00e1ticas s\u00e3o obstru\u00eddas por fatores hist\u00f3ricos e culturais.<\/p>\n<p>Logo, a discuss\u00e3o sobre desigualdade e capital humano, requer alto investimento em pol\u00edticas p\u00fablicas que tangem educa\u00e7\u00e3o e sa\u00fade, com a\u00e7\u00f5es afirmativas para que se possam reduzir essas desigualdades sociais que prejudicam o sistema.<\/p>\n<p>Ent\u00e3o a meritocracia justa passa por educa\u00e7\u00e3o de qualidade para todos, al\u00e9m de programas assistenciais bem elaborados.<\/p>\n<p>E essa corrida \u00e0 meritocracia, n\u00e3o pode ser considerada justa, quando n\u00e3o partimos de pontos semelhantes.<\/p>\n<span class='mb-center maxbutton-4-center'><span class='maxbutton-4-container mb-container'><a class=\"maxbutton-4 maxbutton maxbutton-manda-para-o-catalogo-de-psicologos\" href=\"https:\/\/app.telavita.com.br\/psicologia-online\/encontre-seu-psicologo\"><span class='mb-text'>Encontre seu psic\u00f3logo online<\/span><\/a><\/span><\/span>\n","protected":false},"excerpt":{"rendered":"<p>V\u00e1rios conte\u00fados sobre Administra\u00e7\u00e3o de Empresas, Gest\u00e3o e Organiza\u00e7\u00f5es, encontramos que meritocracia institucional \u00e9 um princ\u00edpio das organiza\u00e7\u00f5es modernas! E a admiss\u00e3o, a mobilidade e crescimento profissional das pessoas devem ser pautadas por seu desempenho na realiza\u00e7\u00e3o das tarefas. Embasado em reconhecimento e posi\u00e7\u00f5es hier\u00e1rquicas conquistadas com base no m\u00e9rito, onde fatores como classe, sexo, [&hellip;]<\/p>\n","protected":false},"author":16,"featured_media":0,"comment_status":"open","ping_status":"open","sticky":false,"template":"","format":"standard","meta":{"_lmt_disableupdate":"","_lmt_disable":"","footnotes":""},"categories":[19],"tags":[],"yoast_head":"<!-- This site is optimized with the Yoast SEO plugin v19.8 - https:\/\/yoast.com\/wordpress\/plugins\/seo\/ -->\n<title>Meritocracia e as implica\u00e7\u00f5es psicol\u00f3gicas em voc\u00ea | Telavita<\/title>\n<meta name=\"description\" content=\"Quais os aspectos psicossociais que a meritocracia causa em um ind\u00edviduo? Uma metodologia pode aumentar diferen\u00e7as sociais e causar transtornos psicol\u00f3gicos\" \/>\n<meta name=\"robots\" content=\"index, follow, max-snippet:-1, max-image-preview:large, max-video-preview:-1\" \/>\n<link rel=\"canonical\" href=\"https:\/\/www.telavita.com.br\/blog\/meritocracia-e-as-implicacoes-psicologicas-em-voce\/\" \/>\n<meta property=\"og:locale\" content=\"pt_BR\" \/>\n<meta property=\"og:type\" content=\"article\" \/>\n<meta property=\"og:title\" content=\"Meritocracia e as implica\u00e7\u00f5es psicol\u00f3gicas em voc\u00ea | Telavita\" \/>\n<meta property=\"og:description\" content=\"Quais os aspectos psicossociais que a meritocracia causa em um ind\u00edviduo? Uma metodologia pode aumentar diferen\u00e7as sociais e causar transtornos psicol\u00f3gicos\" \/>\n<meta property=\"og:url\" content=\"https:\/\/www.telavita.com.br\/blog\/meritocracia-e-as-implicacoes-psicologicas-em-voce\/\" \/>\n<meta property=\"og:site_name\" content=\"Telavita\" \/>\n<meta property=\"article:publisher\" content=\"https:\/\/www.facebook.com\/Telavita\" \/>\n<meta property=\"article:published_time\" content=\"2020-10-06T00:25:25+00:00\" \/>\n<meta property=\"article:modified_time\" content=\"2022-03-24T17:58:02+00:00\" \/>\n<meta property=\"og:image\" content=\"https:\/\/www.telavita.com.br\/blog\/wp-content\/uploads\/2020\/10\/homelessboy.jpg\" \/>\n\t<meta property=\"og:image:width\" content=\"660\" \/>\n\t<meta property=\"og:image:height\" content=\"455\" \/>\n\t<meta property=\"og:image:type\" content=\"image\/jpeg\" \/>\n<meta name=\"author\" content=\"Psic\u00f3loga Sonia Pittigliani - CRP 06\/14188\" \/>\n<meta name=\"twitter:card\" content=\"summary_large_image\" \/>\n<meta name=\"twitter:label1\" content=\"Escrito por\" \/>\n\t<meta name=\"twitter:data1\" content=\"Psic\u00f3loga Sonia Pittigliani - CRP 06\/14188\" \/>\n\t<meta name=\"twitter:label2\" content=\"Est. tempo de leitura\" \/>\n\t<meta name=\"twitter:data2\" content=\"6 minutos\" \/>\n<!-- \/ Yoast SEO plugin. -->","yoast_head_json":{"title":"Meritocracia e as implica\u00e7\u00f5es psicol\u00f3gicas em voc\u00ea | Telavita","description":"Quais os aspectos psicossociais que a meritocracia causa em um ind\u00edviduo? Uma metodologia pode aumentar diferen\u00e7as sociais e causar transtornos psicol\u00f3gicos","robots":{"index":"index","follow":"follow","max-snippet":"max-snippet:-1","max-image-preview":"max-image-preview:large","max-video-preview":"max-video-preview:-1"},"canonical":"https:\/\/www.telavita.com.br\/blog\/meritocracia-e-as-implicacoes-psicologicas-em-voce\/","og_locale":"pt_BR","og_type":"article","og_title":"Meritocracia e as implica\u00e7\u00f5es psicol\u00f3gicas em voc\u00ea | Telavita","og_description":"Quais os aspectos psicossociais que a meritocracia causa em um ind\u00edviduo? Uma metodologia pode aumentar diferen\u00e7as sociais e causar transtornos psicol\u00f3gicos","og_url":"https:\/\/www.telavita.com.br\/blog\/meritocracia-e-as-implicacoes-psicologicas-em-voce\/","og_site_name":"Telavita","article_publisher":"https:\/\/www.facebook.com\/Telavita","article_published_time":"2020-10-06T00:25:25+00:00","article_modified_time":"2022-03-24T17:58:02+00:00","og_image":[{"width":660,"height":455,"url":"https:\/\/www.telavita.com.br\/blog\/wp-content\/uploads\/2020\/10\/homelessboy.jpg","type":"image\/jpeg"}],"author":"Psic\u00f3loga Sonia Pittigliani - CRP 06\/14188","twitter_card":"summary_large_image","twitter_misc":{"Escrito por":"Psic\u00f3loga Sonia Pittigliani - CRP 06\/14188","Est. tempo de leitura":"6 minutos"},"schema":{"@context":"https:\/\/schema.org","@graph":[{"@type":"Article","@id":"https:\/\/www.telavita.com.br\/blog\/meritocracia-e-as-implicacoes-psicologicas-em-voce\/#article","isPartOf":{"@id":"https:\/\/www.telavita.com.br\/blog\/meritocracia-e-as-implicacoes-psicologicas-em-voce\/"},"author":{"name":"Psic\u00f3loga Sonia Pittigliani - CRP 06\/14188","@id":"https:\/\/www.telavita.com.br\/blog\/#\/schema\/person\/6777de6ffaeacbd8a57a54c91b85c3c3"},"headline":"Meritocracia e as implica\u00e7\u00f5es psicol\u00f3gicas em voc\u00ea","datePublished":"2020-10-06T00:25:25+00:00","dateModified":"2022-03-24T17:58:02+00:00","mainEntityOfPage":{"@id":"https:\/\/www.telavita.com.br\/blog\/meritocracia-e-as-implicacoes-psicologicas-em-voce\/"},"wordCount":1212,"commentCount":0,"publisher":{"@id":"https:\/\/www.telavita.com.br\/blog\/#organization"},"articleSection":["Trabalho"],"inLanguage":"pt-BR","potentialAction":[{"@type":"CommentAction","name":"Comment","target":["https:\/\/www.telavita.com.br\/blog\/meritocracia-e-as-implicacoes-psicologicas-em-voce\/#respond"]}]},{"@type":"WebPage","@id":"https:\/\/www.telavita.com.br\/blog\/meritocracia-e-as-implicacoes-psicologicas-em-voce\/","url":"https:\/\/www.telavita.com.br\/blog\/meritocracia-e-as-implicacoes-psicologicas-em-voce\/","name":"Meritocracia e as implica\u00e7\u00f5es psicol\u00f3gicas em voc\u00ea | Telavita","isPartOf":{"@id":"https:\/\/www.telavita.com.br\/blog\/#website"},"datePublished":"2020-10-06T00:25:25+00:00","dateModified":"2022-03-24T17:58:02+00:00","description":"Quais os aspectos psicossociais que a meritocracia causa em um ind\u00edviduo? Uma metodologia pode aumentar diferen\u00e7as sociais e causar transtornos psicol\u00f3gicos","breadcrumb":{"@id":"https:\/\/www.telavita.com.br\/blog\/meritocracia-e-as-implicacoes-psicologicas-em-voce\/#breadcrumb"},"inLanguage":"pt-BR","potentialAction":[{"@type":"ReadAction","target":["https:\/\/www.telavita.com.br\/blog\/meritocracia-e-as-implicacoes-psicologicas-em-voce\/"]}]},{"@type":"BreadcrumbList","@id":"https:\/\/www.telavita.com.br\/blog\/meritocracia-e-as-implicacoes-psicologicas-em-voce\/#breadcrumb","itemListElement":[{"@type":"ListItem","position":1,"name":"In\u00edcio","item":"https:\/\/www.telavita.com.br\/blog\/"},{"@type":"ListItem","position":2,"name":"Meritocracia e as implica\u00e7\u00f5es psicol\u00f3gicas em voc\u00ea"}]},{"@type":"WebSite","@id":"https:\/\/www.telavita.com.br\/blog\/#website","url":"https:\/\/www.telavita.com.br\/blog\/","name":"Telavita","description":"Conte\u00fados especializados sobre sa\u00fade mental e bem-estar","publisher":{"@id":"https:\/\/www.telavita.com.br\/blog\/#organization"},"potentialAction":[{"@type":"SearchAction","target":{"@type":"EntryPoint","urlTemplate":"https:\/\/www.telavita.com.br\/blog\/?s={search_term_string}"},"query-input":"required name=search_term_string"}],"inLanguage":"pt-BR"},{"@type":"Organization","@id":"https:\/\/www.telavita.com.br\/blog\/#organization","name":"Telavita","url":"https:\/\/www.telavita.com.br\/blog\/","sameAs":["https:\/\/www.linkedin.com\/company\/telavita\/mycompany\/verification\/","https:\/\/www.instagram.com\/telavita\/","https:\/\/www.facebook.com\/Telavita"],"logo":{"@type":"ImageObject","inLanguage":"pt-BR","@id":"https:\/\/www.telavita.com.br\/blog\/#\/schema\/logo\/image\/","url":"https:\/\/www.telavita.com.br\/blog\/wp-content\/uploads\/2021\/05\/telavita.jpg","contentUrl":"https:\/\/www.telavita.com.br\/blog\/wp-content\/uploads\/2021\/05\/telavita.jpg","width":200,"height":200,"caption":"Telavita"},"image":{"@id":"https:\/\/www.telavita.com.br\/blog\/#\/schema\/logo\/image\/"}},{"@type":"Person","@id":"https:\/\/www.telavita.com.br\/blog\/#\/schema\/person\/6777de6ffaeacbd8a57a54c91b85c3c3","name":"Psic\u00f3loga Sonia Pittigliani - CRP 06\/14188","image":{"@type":"ImageObject","inLanguage":"pt-BR","@id":"https:\/\/www.telavita.com.br\/blog\/#\/schema\/person\/image\/","url":"https:\/\/secure.gravatar.com\/avatar\/b0b9c286c6073d3dd8121d02e9b86d88?s=96&d=mm&r=g","contentUrl":"https:\/\/secure.gravatar.com\/avatar\/b0b9c286c6073d3dd8121d02e9b86d88?s=96&d=mm&r=g","caption":"Psic\u00f3loga Sonia Pittigliani - CRP 06\/14188"},"description":"Psic\u00f3loga formada em 1982, me especializei em Psicoterapia Breve e Psicologia Hospitalar, tendo feito mestrado em Psicologia da Sa\u00fade. Toda minha vida profissional foi fundamentada numa postura \u00e9tica humana, tendo trabalhado como psicoterapeuta (anal\u00edtica din\u00e2mica) em meu consult\u00f3rio, psicologia oncol\u00f3gica e psicologia hospitalar (UTI de adultos - politrauma, cardiologia e neurologia), sala de Emerg\u00eancia (atendendo tentativas de suic\u00eddio por intoxica\u00e7\u00e3o e depend\u00eancia qu\u00edmica) e tamb\u00e9m atuado como professora de Psicologia Educacional, em escolas estaduais no in\u00edcio de carreira, nas Faculdades Oswaldo Cruz (curso de especializa\u00e7\u00e3o em Oncologia) e na UNICID (mat\u00e9ria de toxicologia cl\u00ednica na Faculdade de Medicina e Psicologia Forense na Faculdade de Direito). No hospital fui Chefe da cl\u00ednica de Psicologia Hospitalar (por tr\u00eas anos) e na cl\u00ednica de oncologia coordenei a equipe multiprofissional. Atualmente atendo clinicamente, e desenvolvo um trabalho de mentoria.","url":"https:\/\/www.telavita.com.br\/blog\/author\/sonia-pittigliani\/"}]}},"modified_by":null,"_links":{"self":[{"href":"https:\/\/www.telavita.com.br\/blog\/wp-json\/wp\/v2\/posts\/6992"}],"collection":[{"href":"https:\/\/www.telavita.com.br\/blog\/wp-json\/wp\/v2\/posts"}],"about":[{"href":"https:\/\/www.telavita.com.br\/blog\/wp-json\/wp\/v2\/types\/post"}],"author":[{"embeddable":true,"href":"https:\/\/www.telavita.com.br\/blog\/wp-json\/wp\/v2\/users\/16"}],"replies":[{"embeddable":true,"href":"https:\/\/www.telavita.com.br\/blog\/wp-json\/wp\/v2\/comments?post=6992"}],"version-history":[{"count":2,"href":"https:\/\/www.telavita.com.br\/blog\/wp-json\/wp\/v2\/posts\/6992\/revisions"}],"predecessor-version":[{"id":7791,"href":"https:\/\/www.telavita.com.br\/blog\/wp-json\/wp\/v2\/posts\/6992\/revisions\/7791"}],"wp:attachment":[{"href":"https:\/\/www.telavita.com.br\/blog\/wp-json\/wp\/v2\/media?parent=6992"}],"wp:term":[{"taxonomy":"category","embeddable":true,"href":"https:\/\/www.telavita.com.br\/blog\/wp-json\/wp\/v2\/categories?post=6992"},{"taxonomy":"post_tag","embeddable":true,"href":"https:\/\/www.telavita.com.br\/blog\/wp-json\/wp\/v2\/tags?post=6992"}],"curies":[{"name":"wp","href":"https:\/\/api.w.org\/{rel}","templated":true}]}}