{"id":7039,"date":"2020-12-21T15:51:04","date_gmt":"2020-12-21T17:51:04","guid":{"rendered":"https:\/\/www.telavita.com.br\/blog\/?p=7039"},"modified":"2020-12-18T16:16:49","modified_gmt":"2020-12-18T18:16:49","slug":"natal","status":"publish","type":"post","link":"https:\/\/www.telavita.com.br\/blog\/natal\/","title":{"rendered":"Natal e a reflex\u00e3o desse per\u00edodo"},"content":{"rendered":"<p>Vivemos dois Natais. O primeiro \u00e9 o Natal ideal, que revela o sentido a partir das concep\u00e7\u00f5es teol\u00f3gicas estabelecidas h\u00e1 s\u00e9culos. O segundo \u00e9 aquele Natal que conhecemos hoje no s\u00e9culo XXI, ou seja, um Natal que sinaliza o modo como a maioria das pessoas o vivencia na pr\u00e1tica.<\/p>\n<p>O Natal ideal carece de uma busca constante de elementos duradouros e permanentes nas constru\u00e7\u00f5es das rela\u00e7\u00f5es humanas. Sendo assim, deve estar, em seu verdadeiro sentido, relacionado ao nascimento de um ser evolu\u00eddo, presente em nosso cotidiano e n\u00e3o somente como uma comemora\u00e7\u00e3o.<\/p>\n<p>Dessa forma, essa \u00e9poca precisa ser celebrada em nossas vidas como um elemento intr\u00ednseco \u00e0 nossa f\u00e9, independentemente de qualquer dogma. Nesse sentido, deve ser uma experi\u00eancia de amor, de esperan\u00e7a e de rela\u00e7\u00f5es mais justas entre as pessoas.<\/p>\n<p>O outro Natal traz um dezembro agitado e com uma lista de obriga\u00e7\u00f5es necess\u00e1rias para que tudo saia perfeito. Esse per\u00edodo \u00e9 associado \u00e0 confraterniza\u00e7\u00e3o entre amigos e parentes, al\u00e9m da tradicional troca de presentes.<\/p>\n<p>Tal festividade alimenta as fantasias dos pequenos, que na maioria das vezes, n\u00e3o sabe sequer o seu real significado. Ela \u00e9 reduzida ao com\u00e9rcio, ao lucro e a propaganda, trazendo a \u201cobrigatoriedade\u201d de ser comemorado e substitu\u00eddo pelo consumo.<\/p>\n<h2>A hist\u00f3ria do Natal<\/h2>\n<p>O dia 25 de dezembro foi realmente estabelecido como o \u201cdia de Natal\u201d no s\u00e9culo IV pelo Papa J\u00falio I. Essa, na verdade, foi uma tentativa de cristianizar as celebra\u00e7\u00f5es pag\u00e3s, que aconteciam entre 17 e 27 de dezembro e eram realizadas, principalmente, pelos romanos com uma festa chamada Saturn\u00e1lia.<\/p>\n<p>Dessa forma, no ano de 529, o dia 25 de dezembro j\u00e1 havia se firmado como feriado. Al\u00e9m disso, em 567, os dias entre 25 de dezembro e 06 de janeiro (dia de Reis) foram considerados feriados p\u00fablicos.<\/p>\n<p>Portanto, o Natal n\u00e3o \u00e9 apenas uma festa crist\u00e3. A celebra\u00e7\u00e3o tem ra\u00edzes no feriado judaico (Hanuk\u00e1), nos festivais dos grupos antigos, nas cren\u00e7as dos sacerdotes celtas e nos costumes folcl\u00f3ricos europeus.<\/p>\n<p><strong>LEIA MAIS: <a href=\"https:\/\/www.telavita.com.br\/blog\/lacos-familiares-na-construcao-psicologica\/\">A import\u00e2ncia dos la\u00e7os familiares na constru\u00e7\u00e3o psicol\u00f3gica<\/a><\/strong><\/p>\n<p>No hemisf\u00e9rio Norte, o Natal \u00e9 uma festa invernal e pr\u00f3xima do solst\u00edcio de inverno. Na Saturn\u00e1lia dos romanos, esses dias estavam associados ao clima e os homens vestiam-se de mulher, enquanto os patr\u00f5es fantasiavam-se de servos. O festival envolvia prociss\u00f5es, decora\u00e7\u00e3o das casas, velas acesas e distribui\u00e7\u00e3o de presentes.<\/p>\n<p>Do ponto de vista hist\u00f3rico, o Natal era uma soma de festas pag\u00e3s, tradicionais e folcl\u00f3ricas. Os cantos natalinos eram m\u00fasicas para celebrar e comemorar as colheitas. Na \u00e9poca Medieval, o per\u00edodo era de banquetes e divers\u00f5es. No dia 06 de janeiro era a comemora\u00e7\u00e3o da epifania, que no grego significa \u201capari\u00e7\u00e3o\u201d, como refer\u00eancia ao momento em que Jesus foi enviado ao mundo.<\/p>\n<p>At\u00e9 o s\u00e9culo XIX, a data n\u00e3o era uma festa familiar, dessa forma, era comum as pessoas beberem e sa\u00edrem pelas ruas. O primeiro movimento puritano come\u00e7ou no reinado da rainha brit\u00e2nica Elizabeth 1\u00aa (1558-1603) e se baseava em severos c\u00f3digos de conduta moral, muita ora\u00e7\u00e3o e uma interpreta\u00e7\u00e3o r\u00edgida das escrituras do novo testamento.<\/p>\n<h3>Vis\u00e3o moderna do Natal<\/h3>\n<p>O Natal moderno fixou-se na era vitoriana (1837-1901). Um marco dessa fase foi a obra \u201cUm conto de Natal\u201d de Charles Dickens em 1843. O trabalho inspira ideias de um Natal entre as classes m\u00e9dias brit\u00e2nicas e americanas, que tinham dinheiro para gastar \u00e0 vontade. Ent\u00e3o, inicia-se com esse fato as festas de fam\u00edlia.<\/p>\n<p>Al\u00e9m disso, \u00e9 interessante perceber a ascens\u00e3o dos corais de Natal. A partir de 1950, os c\u00e2nticos foram estimulados por sacerdotes, que incorporaram essa cantoria \u00e0s celebra\u00e7\u00f5es natalinas religiosas.<\/p>\n<p>Outro fator importante do Natal moderno \u00e9 o aparecimento da figura do Papai Noel, cuja origem se monta nas tradi\u00e7\u00f5es crist\u00e3s e europeias. Dessa forma, introduziu a ideia de que ele tradicionalmente visitava as casas \u00e0 meia-noite para entregar os presentes dentro das meias que as crian\u00e7as deixavam penduradas. Tal hist\u00f3ria foi popularizada por fabricantes de cart\u00f5es de Natal americanos.<\/p>\n<p>Ainda, \u00e9 poss\u00edvel observar que nos Estados Unidos da Am\u00e9rica, surgiu a figura de Santo Klaus (S\u00e3o Nicolau), que distribu\u00eda presentes aos pobres.<\/p>\n<h2>Convivendo com os dois Natais<\/h2>\n<p>A constru\u00e7\u00e3o dos diferentes significados do Natal nos faz refletir sobre a inser\u00e7\u00e3o do indiv\u00edduo e o papel do coletivo. Afinal, como celebrar uma festa de caracter\u00edstica familiar e religiosa, quando a data est\u00e1 estupidamente influenciada por um individualismo crescente?<\/p>\n<p>O Natal, hoje, \u00e9 a festa crist\u00e3 mais celebrada pela Igreja, centrada na reuni\u00e3o da fam\u00edlia e na troca de presentes. Se em s\u00e9culos passados a Igreja temia a influ\u00eancia pag\u00e3 sobre as festas crist\u00e3s, as participa\u00e7\u00f5es atuais derivaram para o consumismo desenfreado e os excessos que tamb\u00e9m marcam as festas de final de ano.<\/p>\n<p><strong>LEIA MAIS:<a href=\"https:\/\/www.telavita.com.br\/blog\/brigas-familia\/\"> Resolvendo brigas antigas na fam\u00edlia<\/a><\/strong><\/p>\n<p>Trata-se de um paradoxo absurdo: uma festa religiosa com a ocasi\u00e3o mais lucrativa para os comerciantes do mundo. Mesmo assim, isso n\u00e3o traz um impedimento do real significado do Natal. Devemos celebrar a paz, a sa\u00fade, o amor, a justi\u00e7a, a fraternidade, a bondade, o compartilhamento e a empatia.<\/p>\n<p>Acreditar em Papai Noel e crer no nascimento de Jesus faz parte da esperan\u00e7a, da cren\u00e7a (independente de qual seja), das rela\u00e7\u00f5es humanas e de uma esperan\u00e7a que n\u00e3o podemos perder. Conforta saber que o Natal vem pelo nascimento de algo melhor e que deixa ensinamentos sobre humildade e simplicidade.<\/p>\n","protected":false},"excerpt":{"rendered":"<p>Vivemos dois Natais. O primeiro \u00e9 o Natal ideal, que revela o sentido a partir das concep\u00e7\u00f5es teol\u00f3gicas estabelecidas h\u00e1 s\u00e9culos. O segundo \u00e9 aquele Natal que conhecemos hoje no s\u00e9culo XXI, ou seja, um Natal que sinaliza o modo como a maioria das pessoas o vivencia na pr\u00e1tica. O Natal ideal carece de uma [&hellip;]<\/p>\n","protected":false},"author":16,"featured_media":7041,"comment_status":"open","ping_status":"open","sticky":false,"template":"","format":"standard","meta":{"_lmt_disableupdate":"","_lmt_disable":"","footnotes":""},"categories":[273],"tags":[],"yoast_head":"<!-- This site is optimized with the Yoast SEO plugin v19.8 - https:\/\/yoast.com\/wordpress\/plugins\/seo\/ -->\n<title>Natal: entenda a hist\u00f3ria e a reflex\u00e3o desse per\u00edodo l Telavita<\/title>\n<meta name=\"description\" content=\"O Natal ideal carece de uma busca constante de elementos duradouros e permanentes nas constru\u00e7\u00f5es das rela\u00e7\u00f5es humanas. Venha conhecer mais sobre ele!\" \/>\n<meta name=\"robots\" content=\"index, follow, max-snippet:-1, max-image-preview:large, max-video-preview:-1\" \/>\n<link rel=\"canonical\" href=\"https:\/\/www.telavita.com.br\/blog\/natal\/\" \/>\n<meta property=\"og:locale\" content=\"pt_BR\" \/>\n<meta property=\"og:type\" content=\"article\" \/>\n<meta property=\"og:title\" content=\"Natal: entenda a hist\u00f3ria e a reflex\u00e3o desse per\u00edodo l Telavita\" \/>\n<meta property=\"og:description\" content=\"O Natal ideal carece de uma busca constante de elementos duradouros e permanentes nas constru\u00e7\u00f5es das rela\u00e7\u00f5es humanas. Venha conhecer mais sobre ele!\" \/>\n<meta property=\"og:url\" content=\"https:\/\/www.telavita.com.br\/blog\/natal\/\" \/>\n<meta property=\"og:site_name\" content=\"Telavita\" \/>\n<meta property=\"article:publisher\" content=\"https:\/\/www.facebook.com\/Telavita\" \/>\n<meta property=\"article:published_time\" content=\"2020-12-21T17:51:04+00:00\" \/>\n<meta property=\"article:modified_time\" content=\"2020-12-18T18:16:49+00:00\" \/>\n<meta property=\"og:image\" content=\"https:\/\/www.telavita.com.br\/blog\/wp-content\/uploads\/2020\/12\/natal.jpg\" \/>\n\t<meta property=\"og:image:width\" content=\"1280\" \/>\n\t<meta property=\"og:image:height\" content=\"886\" \/>\n\t<meta property=\"og:image:type\" content=\"image\/jpeg\" \/>\n<meta name=\"author\" content=\"Psic\u00f3loga Sonia Pittigliani - CRP 06\/14188\" \/>\n<meta name=\"twitter:card\" content=\"summary_large_image\" \/>\n<meta name=\"twitter:label1\" content=\"Escrito por\" \/>\n\t<meta name=\"twitter:data1\" content=\"Psic\u00f3loga Sonia Pittigliani - CRP 06\/14188\" \/>\n\t<meta name=\"twitter:label2\" content=\"Est. tempo de leitura\" \/>\n\t<meta name=\"twitter:data2\" content=\"5 minutos\" \/>\n<!-- \/ Yoast SEO plugin. -->","yoast_head_json":{"title":"Natal: entenda a hist\u00f3ria e a reflex\u00e3o desse per\u00edodo l Telavita","description":"O Natal ideal carece de uma busca constante de elementos duradouros e permanentes nas constru\u00e7\u00f5es das rela\u00e7\u00f5es humanas. Venha conhecer mais sobre ele!","robots":{"index":"index","follow":"follow","max-snippet":"max-snippet:-1","max-image-preview":"max-image-preview:large","max-video-preview":"max-video-preview:-1"},"canonical":"https:\/\/www.telavita.com.br\/blog\/natal\/","og_locale":"pt_BR","og_type":"article","og_title":"Natal: entenda a hist\u00f3ria e a reflex\u00e3o desse per\u00edodo l Telavita","og_description":"O Natal ideal carece de uma busca constante de elementos duradouros e permanentes nas constru\u00e7\u00f5es das rela\u00e7\u00f5es humanas. Venha conhecer mais sobre ele!","og_url":"https:\/\/www.telavita.com.br\/blog\/natal\/","og_site_name":"Telavita","article_publisher":"https:\/\/www.facebook.com\/Telavita","article_published_time":"2020-12-21T17:51:04+00:00","article_modified_time":"2020-12-18T18:16:49+00:00","og_image":[{"width":1280,"height":886,"url":"https:\/\/www.telavita.com.br\/blog\/wp-content\/uploads\/2020\/12\/natal.jpg","type":"image\/jpeg"}],"author":"Psic\u00f3loga Sonia Pittigliani - CRP 06\/14188","twitter_card":"summary_large_image","twitter_misc":{"Escrito por":"Psic\u00f3loga Sonia Pittigliani - CRP 06\/14188","Est. tempo de leitura":"5 minutos"},"schema":{"@context":"https:\/\/schema.org","@graph":[{"@type":"Article","@id":"https:\/\/www.telavita.com.br\/blog\/natal\/#article","isPartOf":{"@id":"https:\/\/www.telavita.com.br\/blog\/natal\/"},"author":{"name":"Psic\u00f3loga Sonia Pittigliani - CRP 06\/14188","@id":"https:\/\/www.telavita.com.br\/blog\/#\/schema\/person\/6777de6ffaeacbd8a57a54c91b85c3c3"},"headline":"Natal e a reflex\u00e3o desse per\u00edodo","datePublished":"2020-12-21T17:51:04+00:00","dateModified":"2020-12-18T18:16:49+00:00","mainEntityOfPage":{"@id":"https:\/\/www.telavita.com.br\/blog\/natal\/"},"wordCount":969,"commentCount":0,"publisher":{"@id":"https:\/\/www.telavita.com.br\/blog\/#organization"},"articleSection":["Comportamento"],"inLanguage":"pt-BR","potentialAction":[{"@type":"CommentAction","name":"Comment","target":["https:\/\/www.telavita.com.br\/blog\/natal\/#respond"]}]},{"@type":"WebPage","@id":"https:\/\/www.telavita.com.br\/blog\/natal\/","url":"https:\/\/www.telavita.com.br\/blog\/natal\/","name":"Natal: entenda a hist\u00f3ria e a reflex\u00e3o desse per\u00edodo l Telavita","isPartOf":{"@id":"https:\/\/www.telavita.com.br\/blog\/#website"},"datePublished":"2020-12-21T17:51:04+00:00","dateModified":"2020-12-18T18:16:49+00:00","description":"O Natal ideal carece de uma busca constante de elementos duradouros e permanentes nas constru\u00e7\u00f5es das rela\u00e7\u00f5es humanas. Venha conhecer mais sobre ele!","breadcrumb":{"@id":"https:\/\/www.telavita.com.br\/blog\/natal\/#breadcrumb"},"inLanguage":"pt-BR","potentialAction":[{"@type":"ReadAction","target":["https:\/\/www.telavita.com.br\/blog\/natal\/"]}]},{"@type":"BreadcrumbList","@id":"https:\/\/www.telavita.com.br\/blog\/natal\/#breadcrumb","itemListElement":[{"@type":"ListItem","position":1,"name":"In\u00edcio","item":"https:\/\/www.telavita.com.br\/blog\/"},{"@type":"ListItem","position":2,"name":"Natal e a reflex\u00e3o desse per\u00edodo"}]},{"@type":"WebSite","@id":"https:\/\/www.telavita.com.br\/blog\/#website","url":"https:\/\/www.telavita.com.br\/blog\/","name":"Telavita","description":"Conte\u00fados especializados sobre sa\u00fade mental e bem-estar","publisher":{"@id":"https:\/\/www.telavita.com.br\/blog\/#organization"},"potentialAction":[{"@type":"SearchAction","target":{"@type":"EntryPoint","urlTemplate":"https:\/\/www.telavita.com.br\/blog\/?s={search_term_string}"},"query-input":"required name=search_term_string"}],"inLanguage":"pt-BR"},{"@type":"Organization","@id":"https:\/\/www.telavita.com.br\/blog\/#organization","name":"Telavita","url":"https:\/\/www.telavita.com.br\/blog\/","sameAs":["https:\/\/www.linkedin.com\/company\/telavita\/mycompany\/verification\/","https:\/\/www.instagram.com\/telavita\/","https:\/\/www.facebook.com\/Telavita"],"logo":{"@type":"ImageObject","inLanguage":"pt-BR","@id":"https:\/\/www.telavita.com.br\/blog\/#\/schema\/logo\/image\/","url":"https:\/\/www.telavita.com.br\/blog\/wp-content\/uploads\/2021\/05\/telavita.jpg","contentUrl":"https:\/\/www.telavita.com.br\/blog\/wp-content\/uploads\/2021\/05\/telavita.jpg","width":200,"height":200,"caption":"Telavita"},"image":{"@id":"https:\/\/www.telavita.com.br\/blog\/#\/schema\/logo\/image\/"}},{"@type":"Person","@id":"https:\/\/www.telavita.com.br\/blog\/#\/schema\/person\/6777de6ffaeacbd8a57a54c91b85c3c3","name":"Psic\u00f3loga Sonia Pittigliani - CRP 06\/14188","image":{"@type":"ImageObject","inLanguage":"pt-BR","@id":"https:\/\/www.telavita.com.br\/blog\/#\/schema\/person\/image\/","url":"https:\/\/secure.gravatar.com\/avatar\/b0b9c286c6073d3dd8121d02e9b86d88?s=96&d=mm&r=g","contentUrl":"https:\/\/secure.gravatar.com\/avatar\/b0b9c286c6073d3dd8121d02e9b86d88?s=96&d=mm&r=g","caption":"Psic\u00f3loga Sonia Pittigliani - CRP 06\/14188"},"description":"Psic\u00f3loga formada em 1982, me especializei em Psicoterapia Breve e Psicologia Hospitalar, tendo feito mestrado em Psicologia da Sa\u00fade. Toda minha vida profissional foi fundamentada numa postura \u00e9tica humana, tendo trabalhado como psicoterapeuta (anal\u00edtica din\u00e2mica) em meu consult\u00f3rio, psicologia oncol\u00f3gica e psicologia hospitalar (UTI de adultos - politrauma, cardiologia e neurologia), sala de Emerg\u00eancia (atendendo tentativas de suic\u00eddio por intoxica\u00e7\u00e3o e depend\u00eancia qu\u00edmica) e tamb\u00e9m atuado como professora de Psicologia Educacional, em escolas estaduais no in\u00edcio de carreira, nas Faculdades Oswaldo Cruz (curso de especializa\u00e7\u00e3o em Oncologia) e na UNICID (mat\u00e9ria de toxicologia cl\u00ednica na Faculdade de Medicina e Psicologia Forense na Faculdade de Direito). No hospital fui Chefe da cl\u00ednica de Psicologia Hospitalar (por tr\u00eas anos) e na cl\u00ednica de oncologia coordenei a equipe multiprofissional. Atualmente atendo clinicamente, e desenvolvo um trabalho de mentoria.","url":"https:\/\/www.telavita.com.br\/blog\/author\/sonia-pittigliani\/"}]}},"modified_by":null,"_links":{"self":[{"href":"https:\/\/www.telavita.com.br\/blog\/wp-json\/wp\/v2\/posts\/7039"}],"collection":[{"href":"https:\/\/www.telavita.com.br\/blog\/wp-json\/wp\/v2\/posts"}],"about":[{"href":"https:\/\/www.telavita.com.br\/blog\/wp-json\/wp\/v2\/types\/post"}],"author":[{"embeddable":true,"href":"https:\/\/www.telavita.com.br\/blog\/wp-json\/wp\/v2\/users\/16"}],"replies":[{"embeddable":true,"href":"https:\/\/www.telavita.com.br\/blog\/wp-json\/wp\/v2\/comments?post=7039"}],"version-history":[{"count":2,"href":"https:\/\/www.telavita.com.br\/blog\/wp-json\/wp\/v2\/posts\/7039\/revisions"}],"predecessor-version":[{"id":7042,"href":"https:\/\/www.telavita.com.br\/blog\/wp-json\/wp\/v2\/posts\/7039\/revisions\/7042"}],"wp:featuredmedia":[{"embeddable":true,"href":"https:\/\/www.telavita.com.br\/blog\/wp-json\/wp\/v2\/media\/7041"}],"wp:attachment":[{"href":"https:\/\/www.telavita.com.br\/blog\/wp-json\/wp\/v2\/media?parent=7039"}],"wp:term":[{"taxonomy":"category","embeddable":true,"href":"https:\/\/www.telavita.com.br\/blog\/wp-json\/wp\/v2\/categories?post=7039"},{"taxonomy":"post_tag","embeddable":true,"href":"https:\/\/www.telavita.com.br\/blog\/wp-json\/wp\/v2\/tags?post=7039"}],"curies":[{"name":"wp","href":"https:\/\/api.w.org\/{rel}","templated":true}]}}