{"id":7049,"date":"2021-01-08T17:24:14","date_gmt":"2021-01-08T19:24:14","guid":{"rendered":"https:\/\/www.telavita.com.br\/blog\/?p=7049"},"modified":"2024-04-19T15:58:19","modified_gmt":"2024-04-19T18:58:19","slug":"psicologico-produtividade-funcionarios","status":"publish","type":"post","link":"https:\/\/www.telavita.com.br\/blog\/psicologico-produtividade-funcionarios\/","title":{"rendered":"Como o psicol\u00f3gico influencia na produtividade dos funcion\u00e1rios"},"content":{"rendered":"<p><span style=\"font-weight: 400;\">Voc\u00ea j\u00e1 teve momentos nos quais o seu corpo estava presente, mas sua mente n\u00e3o? Ela estava distante pensando em outra coisa ou, simplesmente, ausente e desconectada do que estava acontecendo? Quando estamos mal, \u00e9 dif\u00edcil para n\u00f3s manter o mesmo ritmo de costume, afinal,<\/span><b> muitas vezes o psicol\u00f3gico influencia na produtividade.<\/b><\/p>\n<p><span style=\"font-weight: 400;\">Com as altas demandas das empresas e as cargas hor\u00e1rias complexas se tornou comum o afastamento do trabalho por quest\u00f5es psicol\u00f3gicas. O Burnout, por exemplo, j\u00e1 <\/span><a href=\"https:\/\/jornal.usp.br\/atualidades\/sindrome-de-burnout-esta-cada-vez-mais-presente-na-vida-dos-brasileiros\/\" target=\"_blank\" rel=\"noopener\"><b>acomete 30% dos brasileiros<\/b><\/a><span style=\"font-weight: 400;\">, segundo <\/span><b>Jornal da USP.<\/b><\/p>\n<p><span style=\"font-weight: 400;\">No entanto, quando acometidos por algum tipo de transtorno ps\u00edquico, ficamos dispersos, preocupados com outros assuntos e deixamos de produzir na quantidade e qualidade que costum\u00e1vamos produzir. Mas<\/span><b> por que isso acontece?<\/b><\/p>\n<h2><b>O papel da sa\u00fade emocional na vida humana<\/b><\/h2>\n<p><span style=\"font-weight: 400;\">Nosso c\u00e9rebro \u00e9 uma m\u00e1quina. Ele \u00e9 capaz de <\/span><b>armazenar, interpretar e reproduzir informa\u00e7\u00f5es instantaneamente. <\/b><span style=\"font-weight: 400;\">Entretanto, para funcionar bem, precisa tamb\u00e9m de cuidados. Logo, quando ultrapassamos nossos limites e exigimos de n\u00f3s mesmos <\/span><b>mais do que aguentamos<\/b><span style=\"font-weight: 400;\">, esse importante \u00f3rg\u00e3o \u00e9 acometido por uma grande <\/span><b>estafa.<\/b><\/p>\n<p><span style=\"font-weight: 400;\">\u00a0Precisamos do nosso c\u00e9rebro para estudar, trabalhar, nos relacionar e qualquer outro tipo de intera\u00e7\u00e3o humana. Sob esta perspectiva, \u00e9 importante salientar que, <\/span><b>assim como uma m\u00e1quina, nosso c\u00e9rebro tamb\u00e9m precisa de manuten\u00e7\u00e3o e reparos para funcionar bem.<\/b><span style=\"font-weight: 400;\">\u00a0<\/span><\/p>\n<p><span style=\"font-weight: 400;\">Desta maneira, o cuidado vem por meio da terapia e <\/span><b>das boas pr\u00e1ticas que visam a estabiliza\u00e7\u00e3o da sa\u00fade mental.<\/b><span style=\"font-weight: 400;\"> O papel do psicol\u00f3gico na vida humana \u00e9 ineg\u00e1vel pois, o <\/span><a href=\"https:\/\/www.telavita.com.br\/blog\/doencas-psiquiatricas\/\" target=\"_blank\" rel=\"noopener\"><b>surgimento de doen\u00e7as psiqui\u00e1tricas<\/b><\/a><span style=\"font-weight: 400;\"> afetam intrinsecamente <\/span><b>a rotina do sujeito e tamb\u00e9m a sua produtividade.<\/b><\/p>\n<h2><b>A influencia do psicol\u00f3gico na produtividade?<\/b><\/h2>\n<p><span style=\"font-weight: 400;\">Os transtornos psicol\u00f3gicos, dependendo de sua gravidade, podem ser <\/span><b>extremamente incapacitantes para o indiv\u00edduo.<\/b><span style=\"font-weight: 400;\"> Nessas situa\u00e7\u00f5es, ficamos paralisados e passamos a fazer as coisas do jeito que sempre fazemos. Ou seja, <strong>trabalhamos da maneira mais conhecida e autom\u00e1tica, pois gera menos esfor\u00e7o.<\/strong><\/span><\/p>\n<p><span style=\"font-weight: 400;\">Inclusive, essa atitude pode trazer consequ\u00eancias, porque, na medida em que as demandas aumentam, teremos que dedicar mais tempo para fazer as mesmas coisas e deixamos de buscar novas possibilidades. Nessas condi\u00e7\u00f5es, a <\/span><b>ansiedade e o presente\u00edsmo s\u00e3o praticamente inevit\u00e1veis.<\/b><\/p>\n<p><span style=\"font-weight: 400;\">Al\u00e9m disso, pode se tornar dif\u00edcil atender nossa pr\u00f3pria satisfa\u00e7\u00e3o e encontrar prop\u00f3sito no que fazemos. Sendo assim, nossa sa\u00fade mental fica em risco e nosso rendimento diminui. Ali\u00e1s, <\/span><b>61% das pessoas admitiram que a sua produtividade foi prejudicada por conta de quest\u00f5es de sa\u00fade mental<\/b><span style=\"font-weight: 400;\">, segundo pesquisa da <\/span><b>Mind Share Partners, SAP e Qualtrics.<\/b><\/p>\n<h2><b>O impacto do presente\u00edsmo nas empresas<\/b><\/h2>\n<p><span style=\"font-weight: 400;\">Por conta da velocidade com a qual as mudan\u00e7as t\u00eam acontecido no mundo, as empresas est\u00e3o exigindo cada vez mais das pessoas. Dessa forma, <\/span><a href=\"https:\/\/www.telavita.com.br\/blog\/produtividade-saude-mental\/\" target=\"_blank\" rel=\"noopener\"><b>sa\u00fade mental fica em segundo lugar, e o desejo da produtividade em primeiro.<\/b><\/a> <span style=\"font-weight: 400;\">Por\u00e9m, o que poucas organiza\u00e7\u00f5es sabem \u00e9 que o segundo depende do primeiro<\/span><\/p>\n<p><span style=\"font-weight: 400;\">Quando as empresas n\u00e3o valorizam a sa\u00fade mental dos funcion\u00e1rios, <\/span><b>o presente\u00edsmo se faz presente. <\/b><span style=\"font-weight: 400;\">Este, por sua vez, \u00e9 um estado em que estamos absortos emocionalmente e sem conex\u00e3o com o emprego. Tal fen\u00f4meno gera falta de foco e pensamento distante, comprometendo diretamente a sa\u00fade do funcion\u00e1rio e a sua correspondente <\/span><b>contribui\u00e7\u00e3o com o trabalho.<\/b><\/p>\n<p><span style=\"font-weight: 400;\">Contudo, o impacto emocional e financeiro disso pode ser visto nos n\u00fameros. Nesse sentido, uma pesquisa internacional realizada com mais de 8 mil funcion\u00e1rios constatou que <\/span><a href=\"https:\/\/www.telavita.com.br\/blog\/aumentar-a-produtividade\/\" target=\"_blank\" rel=\"noopener\"><b>a perda de produtividade<\/b><\/a> <span style=\"font-weight: 400;\">devido ao presente\u00edsmo custa ao Brasi<\/span>l<b> 63,3 bilh\u00f5es de d\u00f3lares por ano.<\/b><\/p>\n<p><a href=\"https:\/\/conteudo.telavita.com.br\/e-book-alem-do-beneficio\" target=\"_blank\" rel=\"noopener\"><img loading=\"lazy\" decoding=\"async\" class=\"size-full wp-image-8341 aligncenter\" src=\"https:\/\/www.telavita.com.br\/blog\/wp-content\/uploads\/2019\/05\/Banner_Blog_E-book.png\" alt=\"ebook-saude-mental-nas-empresas\" width=\"693\" height=\"193\" srcset=\"https:\/\/www.telavita.com.br\/blog\/wp-content\/uploads\/2019\/05\/Banner_Blog_E-book.png 693w, https:\/\/www.telavita.com.br\/blog\/wp-content\/uploads\/2019\/05\/Banner_Blog_E-book-300x84.png 300w\" sizes=\"(max-width: 693px) 100vw, 693px\" \/><\/a><\/p>\n<h3><b>Causas do aparecimento do presente\u00edsmo<\/b><\/h3>\n<p><span style=\"font-weight: 400;\">Diversos motivos est\u00e3o relacionados ao presente\u00edsmo. Dessa forma, preocupa\u00e7\u00f5es rotineiras, medo de perder o emprego, problemas financeiros, complica\u00e7\u00f5es de sa\u00fade e quest\u00f5es de relacionamento podem <\/span><b>construir um contexto prejudicial ao trabalhador.<\/b><\/p>\n<p><span style=\"font-weight: 400;\">Entretanto, \u00e9 poss\u00edvel tra\u00e7ar uma rela\u00e7\u00e3o direta entre esse fen\u00f4meno e as quest\u00f5es de sa\u00fade mental, como<\/span><b> transtornos de ansiedade, depress\u00e3o e a <\/b><a href=\"https:\/\/www.telavita.com.br\/blog\/sindrome-de-burnout-tratamento\/\" target=\"_blank\" rel=\"noopener\"><b>S\u00edndrome de Burnout.<\/b><\/a> <span style=\"font-weight: 400;\">Somente no caso da depress\u00e3o, por exemplo, <\/span><b>80% das pessoas com a doen\u00e7a relataram algum n\u00edvel de descomprometimento funcional<\/b><span style=\"font-weight: 400;\">, de acordo com o estudo \u201cWorking Well\u201d.<\/span><\/p>\n<h2><b>O que fazer para aumentar produtividade nas empresas<\/b><\/h2>\n<p><span style=\"font-weight: 400;\">Os n\u00fameros alarmantes podem ser transformados em dados inspiradores. Focando na sa\u00fade mental dos colaboradores, a taxa de presente\u00edsmo cair\u00e1 e a produtividade e <\/span><a href=\"https:\/\/www.telavita.com.br\/blog\/importancia-da-felicidade-no-trabalho\/\" target=\"_blank\" rel=\"noopener\"><b>satisfa\u00e7\u00e3o com o trabalho<\/b><\/a><b> poder\u00e3o ser estabilizadas e at\u00e9 mesmo impulsionadas.<\/b><\/p>\n<p><span style=\"font-weight: 400;\">Dentro desse contexto, a <\/span><b>Organiza\u00e7\u00e3o Mundial da Sa\u00fade<\/b><span style=\"font-weight: 400;\"> aponta que para cada d\u00f3lar investido em tratamento para transtornos mentais comuns, h\u00e1 um <\/span><b>retorno de quatro d\u00f3lares em melhoria da sa\u00fade e produtividade.<\/b><\/p>\n<p><span style=\"font-weight: 400;\">Al\u00e9m disso, de acordo com o estudo <\/span><b>\u201cTend\u00eancias Globais de Capital Humano\u201d<\/b><span style=\"font-weight: 400;\"> de 2018, 61% das empresas entrevistadas afirmaram que <\/span><b>programas de bem estar oferecidos melhoram a produtividade e os resultados financeiros da marca.<\/b><\/p>\n<h3><b>O Programa de Sa\u00fade Emocional da Telavita<\/b><\/h3>\n<p><span style=\"font-weight: 400;\">Sabendo da import\u00e2ncia de olhar para as quest\u00f5es de sa\u00fade mental, principalmente dentro das empresas, a <\/span><b>Telavita<\/b><span style=\"font-weight: 400;\"> criou o seu pr\u00f3prio <\/span><b>Programa de Sa\u00fade Emocional (PSE). <\/b><span style=\"font-weight: 400;\">Desta maneira, o projeto oferece \u00e0s organiza\u00e7\u00f5es um mapeamento completo do<\/span><b> \u00edndice de estresse, ansiedade e depress\u00e3o dos colaboradores<\/b><span style=\"font-weight: 400;\"> visando tamb\u00e9m, a necessidade de interven\u00e7\u00f5es maiores.<\/span><\/p>\n<p><span style=\"font-weight: 400;\">Al\u00e9m disso, como forma de preven\u00e7\u00e3o e tratamento \u00e9 disponibilizado um cat\u00e1logo de <\/span><a href=\"https:\/\/www.telavita.com.br\/blog\/psicoterapia-online\/\" target=\"_blank\" rel=\"noopener\"><b>psic\u00f3logos que atendem de forma online<\/b><\/a><span style=\"font-weight: 400;\"> e poder\u00e3o ajudar os funcion\u00e1rios a lidar com suas quest\u00f5es pessoais, e profissionais se assim desejarem.<\/span><\/p>\n<span class='mb-center maxbutton-6-center'><span class='maxbutton-6-container mb-container'><a class=\"maxbutton-6 maxbutton maxbutton-pse\" target=\"_blank\" rel=\"noopener\" href=\"https:\/\/conteudo.telavita.com.br\/telavitaempresas2022?_ga=2.92428570.665564727.1667953363-113301591.1659119672&amp;_gl=1*2kagbv*_ga*MTEzMzAxNTkxLjE2NTkxMTk2NzI.*_ga_2DZ1C7BK62*MTY2Nzk1MzM2Mi4xMjIuMS4xNjY3OTUzNTUxLjUwLjAuMA..\"><span class='mb-text'>Saiba mais sobre o Programa de Sa\u00fade Emocional<\/span><\/a><\/span><\/span>\n","protected":false},"excerpt":{"rendered":"<p>Voc\u00ea j\u00e1 teve momentos nos quais o seu corpo estava presente, mas sua mente n\u00e3o? Ela estava distante pensando em outra coisa ou, simplesmente, ausente e desconectada do que estava acontecendo? Quando estamos mal, \u00e9 dif\u00edcil para n\u00f3s manter o mesmo ritmo de costume, afinal, muitas vezes o psicol\u00f3gico influencia na produtividade. Com as altas [&hellip;]<\/p>\n","protected":false},"author":25,"featured_media":7054,"comment_status":"open","ping_status":"open","sticky":false,"template":"","format":"standard","meta":{"_lmt_disableupdate":"","_lmt_disable":"","footnotes":""},"categories":[384],"tags":[],"yoast_head":"<!-- This site is optimized with the Yoast SEO plugin v19.8 - https:\/\/yoast.com\/wordpress\/plugins\/seo\/ -->\n<title>Como o psicol\u00f3gico influencia na produtividade e presente\u00edsmo<\/title>\n<meta name=\"description\" content=\"Saiba por que o psicol\u00f3gico afeta a produtividade e descubra como mudar essa perspectiva dentro das empresas\" \/>\n<meta name=\"robots\" content=\"index, follow, max-snippet:-1, max-image-preview:large, max-video-preview:-1\" \/>\n<link rel=\"canonical\" href=\"https:\/\/www.telavita.com.br\/blog\/psicologico-produtividade-funcionarios\/\" \/>\n<meta property=\"og:locale\" content=\"pt_BR\" \/>\n<meta property=\"og:type\" content=\"article\" \/>\n<meta property=\"og:title\" content=\"Como o psicol\u00f3gico influencia na produtividade e presente\u00edsmo\" \/>\n<meta property=\"og:description\" content=\"Saiba por que o psicol\u00f3gico afeta a produtividade e descubra como mudar essa perspectiva dentro das empresas\" \/>\n<meta property=\"og:url\" content=\"https:\/\/www.telavita.com.br\/blog\/psicologico-produtividade-funcionarios\/\" \/>\n<meta property=\"og:site_name\" content=\"Telavita\" \/>\n<meta property=\"article:publisher\" content=\"https:\/\/www.facebook.com\/Telavita\" \/>\n<meta property=\"article:published_time\" content=\"2021-01-08T19:24:14+00:00\" \/>\n<meta property=\"article:modified_time\" content=\"2024-04-19T18:58:19+00:00\" \/>\n<meta property=\"og:image\" content=\"https:\/\/www.telavita.com.br\/blog\/wp-content\/uploads\/2021\/01\/produtividade.jpg\" \/>\n\t<meta property=\"og:image:width\" content=\"1280\" \/>\n\t<meta property=\"og:image:height\" content=\"853\" \/>\n\t<meta property=\"og:image:type\" content=\"image\/jpeg\" \/>\n<meta name=\"author\" content=\"Psic\u00f3loga Priscila Yumi Hara - CRP 06\/97156\" \/>\n<meta name=\"twitter:card\" content=\"summary_large_image\" \/>\n<meta name=\"twitter:label1\" content=\"Escrito por\" \/>\n\t<meta name=\"twitter:data1\" content=\"Psic\u00f3loga Priscila Yumi Hara - CRP 06\/97156\" \/>\n\t<meta name=\"twitter:label2\" content=\"Est. tempo de leitura\" \/>\n\t<meta name=\"twitter:data2\" content=\"5 minutos\" \/>\n<!-- \/ Yoast SEO plugin. -->","yoast_head_json":{"title":"Como o psicol\u00f3gico influencia na produtividade e presente\u00edsmo","description":"Saiba por que o psicol\u00f3gico afeta a produtividade e descubra como mudar essa perspectiva dentro das empresas","robots":{"index":"index","follow":"follow","max-snippet":"max-snippet:-1","max-image-preview":"max-image-preview:large","max-video-preview":"max-video-preview:-1"},"canonical":"https:\/\/www.telavita.com.br\/blog\/psicologico-produtividade-funcionarios\/","og_locale":"pt_BR","og_type":"article","og_title":"Como o psicol\u00f3gico influencia na produtividade e presente\u00edsmo","og_description":"Saiba por que o psicol\u00f3gico afeta a produtividade e descubra como mudar essa perspectiva dentro das empresas","og_url":"https:\/\/www.telavita.com.br\/blog\/psicologico-produtividade-funcionarios\/","og_site_name":"Telavita","article_publisher":"https:\/\/www.facebook.com\/Telavita","article_published_time":"2021-01-08T19:24:14+00:00","article_modified_time":"2024-04-19T18:58:19+00:00","og_image":[{"width":1280,"height":853,"url":"https:\/\/www.telavita.com.br\/blog\/wp-content\/uploads\/2021\/01\/produtividade.jpg","type":"image\/jpeg"}],"author":"Psic\u00f3loga Priscila Yumi Hara - CRP 06\/97156","twitter_card":"summary_large_image","twitter_misc":{"Escrito por":"Psic\u00f3loga Priscila Yumi Hara - CRP 06\/97156","Est. tempo de leitura":"5 minutos"},"schema":{"@context":"https:\/\/schema.org","@graph":[{"@type":"Article","@id":"https:\/\/www.telavita.com.br\/blog\/psicologico-produtividade-funcionarios\/#article","isPartOf":{"@id":"https:\/\/www.telavita.com.br\/blog\/psicologico-produtividade-funcionarios\/"},"author":{"name":"Psic\u00f3loga Priscila Yumi Hara - CRP 06\/97156","@id":"https:\/\/www.telavita.com.br\/blog\/#\/schema\/person\/92ee712bc9ee01a93855fb27babdb721"},"headline":"Como o psicol\u00f3gico influencia na produtividade dos funcion\u00e1rios","datePublished":"2021-01-08T19:24:14+00:00","dateModified":"2024-04-19T18:58:19+00:00","mainEntityOfPage":{"@id":"https:\/\/www.telavita.com.br\/blog\/psicologico-produtividade-funcionarios\/"},"wordCount":957,"commentCount":0,"publisher":{"@id":"https:\/\/www.telavita.com.br\/blog\/#organization"},"articleSection":["Recursos Humanos"],"inLanguage":"pt-BR","potentialAction":[{"@type":"CommentAction","name":"Comment","target":["https:\/\/www.telavita.com.br\/blog\/psicologico-produtividade-funcionarios\/#respond"]}]},{"@type":"WebPage","@id":"https:\/\/www.telavita.com.br\/blog\/psicologico-produtividade-funcionarios\/","url":"https:\/\/www.telavita.com.br\/blog\/psicologico-produtividade-funcionarios\/","name":"Como o psicol\u00f3gico influencia na produtividade e presente\u00edsmo","isPartOf":{"@id":"https:\/\/www.telavita.com.br\/blog\/#website"},"datePublished":"2021-01-08T19:24:14+00:00","dateModified":"2024-04-19T18:58:19+00:00","description":"Saiba por que o psicol\u00f3gico afeta a produtividade e descubra como mudar essa perspectiva dentro das empresas","breadcrumb":{"@id":"https:\/\/www.telavita.com.br\/blog\/psicologico-produtividade-funcionarios\/#breadcrumb"},"inLanguage":"pt-BR","potentialAction":[{"@type":"ReadAction","target":["https:\/\/www.telavita.com.br\/blog\/psicologico-produtividade-funcionarios\/"]}]},{"@type":"BreadcrumbList","@id":"https:\/\/www.telavita.com.br\/blog\/psicologico-produtividade-funcionarios\/#breadcrumb","itemListElement":[{"@type":"ListItem","position":1,"name":"In\u00edcio","item":"https:\/\/www.telavita.com.br\/blog\/"},{"@type":"ListItem","position":2,"name":"Como o psicol\u00f3gico influencia na produtividade dos funcion\u00e1rios"}]},{"@type":"WebSite","@id":"https:\/\/www.telavita.com.br\/blog\/#website","url":"https:\/\/www.telavita.com.br\/blog\/","name":"Telavita","description":"Conte\u00fados especializados sobre sa\u00fade mental e bem-estar","publisher":{"@id":"https:\/\/www.telavita.com.br\/blog\/#organization"},"potentialAction":[{"@type":"SearchAction","target":{"@type":"EntryPoint","urlTemplate":"https:\/\/www.telavita.com.br\/blog\/?s={search_term_string}"},"query-input":"required name=search_term_string"}],"inLanguage":"pt-BR"},{"@type":"Organization","@id":"https:\/\/www.telavita.com.br\/blog\/#organization","name":"Telavita","url":"https:\/\/www.telavita.com.br\/blog\/","sameAs":["https:\/\/www.linkedin.com\/company\/telavita\/mycompany\/verification\/","https:\/\/www.instagram.com\/telavita\/","https:\/\/www.facebook.com\/Telavita"],"logo":{"@type":"ImageObject","inLanguage":"pt-BR","@id":"https:\/\/www.telavita.com.br\/blog\/#\/schema\/logo\/image\/","url":"https:\/\/www.telavita.com.br\/blog\/wp-content\/uploads\/2021\/05\/telavita.jpg","contentUrl":"https:\/\/www.telavita.com.br\/blog\/wp-content\/uploads\/2021\/05\/telavita.jpg","width":200,"height":200,"caption":"Telavita"},"image":{"@id":"https:\/\/www.telavita.com.br\/blog\/#\/schema\/logo\/image\/"}},{"@type":"Person","@id":"https:\/\/www.telavita.com.br\/blog\/#\/schema\/person\/92ee712bc9ee01a93855fb27babdb721","name":"Psic\u00f3loga Priscila Yumi Hara - CRP 06\/97156","image":{"@type":"ImageObject","inLanguage":"pt-BR","@id":"https:\/\/www.telavita.com.br\/blog\/#\/schema\/person\/image\/","url":"https:\/\/secure.gravatar.com\/avatar\/9a112c3e49360838689d07d21e4af500?s=96&d=mm&r=g","contentUrl":"https:\/\/secure.gravatar.com\/avatar\/9a112c3e49360838689d07d21e4af500?s=96&d=mm&r=g","caption":"Psic\u00f3loga Priscila Yumi Hara - CRP 06\/97156"},"description":"Sou psic\u00f3loga graduada em 2007 e p\u00f3s graduada pela Universidade Mackenzie. Possuo grande viv\u00eancia organizacional em desenvolvimento de pessoas. O maior investimento a se fazer \u00e9 em nosso desenvolvimento pessoal e a terapia pode te ajudar. Utilizando a abordagem Anal\u00edtica (Junguiana), observaremos e abordaremos as dificuldades do seu dia a dia, situa\u00e7\u00f5es dif\u00edceis j\u00e1 vivenciadas, expectativas e necessidades de mudan\u00e7a, atrav\u00e9s de reflex\u00e3o e, eventualmente, a an\u00e1lise de sonhos. \u00c9 comum se deparar com a falta de satisfa\u00e7\u00e3o, seja em relacionamentos ou mesmo nossas pr\u00f3prias atitudes, que parecem sair de controle. O autoconhecimento \u00e9 o primeiro passo neste processo. Al\u00e9m de apoiar pontualmente situa\u00e7\u00f5es dif\u00edceis, como a ansiedade, luto, tristeza, depress\u00e3o, a terapia \u00e9 um processo de transforma\u00e7\u00e3o que tem por objetivo apoiar-nos para sermos mais conscientes em nossas atitudes, escolhas e, consequentemente, mais satisfeitos em nossas vidas. Realizo atendimentos a adolescentes, adultos e casais. Se acredita que a terapia poder\u00e1 ajudar, agende uma sess\u00e3o! \u201cSua vis\u00e3o se tornar\u00e1 clara somente quando voc\u00ea olhar para dentro do seu cora\u00e7\u00e3o. Quem olha para fora, sonha; quem olha para dentro, desperta\u201d. \u2015 C.G. Jung","url":"https:\/\/www.telavita.com.br\/blog\/author\/priscila-yumi-hara\/"}]}},"modified_by":null,"_links":{"self":[{"href":"https:\/\/www.telavita.com.br\/blog\/wp-json\/wp\/v2\/posts\/7049"}],"collection":[{"href":"https:\/\/www.telavita.com.br\/blog\/wp-json\/wp\/v2\/posts"}],"about":[{"href":"https:\/\/www.telavita.com.br\/blog\/wp-json\/wp\/v2\/types\/post"}],"author":[{"embeddable":true,"href":"https:\/\/www.telavita.com.br\/blog\/wp-json\/wp\/v2\/users\/25"}],"replies":[{"embeddable":true,"href":"https:\/\/www.telavita.com.br\/blog\/wp-json\/wp\/v2\/comments?post=7049"}],"version-history":[{"count":7,"href":"https:\/\/www.telavita.com.br\/blog\/wp-json\/wp\/v2\/posts\/7049\/revisions"}],"predecessor-version":[{"id":8388,"href":"https:\/\/www.telavita.com.br\/blog\/wp-json\/wp\/v2\/posts\/7049\/revisions\/8388"}],"wp:featuredmedia":[{"embeddable":true,"href":"https:\/\/www.telavita.com.br\/blog\/wp-json\/wp\/v2\/media\/7054"}],"wp:attachment":[{"href":"https:\/\/www.telavita.com.br\/blog\/wp-json\/wp\/v2\/media?parent=7049"}],"wp:term":[{"taxonomy":"category","embeddable":true,"href":"https:\/\/www.telavita.com.br\/blog\/wp-json\/wp\/v2\/categories?post=7049"},{"taxonomy":"post_tag","embeddable":true,"href":"https:\/\/www.telavita.com.br\/blog\/wp-json\/wp\/v2\/tags?post=7049"}],"curies":[{"name":"wp","href":"https:\/\/api.w.org\/{rel}","templated":true}]}}