{"id":7058,"date":"2021-01-15T12:18:06","date_gmt":"2021-01-15T14:18:06","guid":{"rendered":"https:\/\/www.telavita.com.br\/blog\/?p=7058"},"modified":"2025-12-08T18:37:02","modified_gmt":"2025-12-08T20:37:02","slug":"saude-mental-ausencia-funcionarios","status":"publish","type":"post","link":"https:\/\/www.telavita.com.br\/blog\/saude-mental-ausencia-funcionarios\/","title":{"rendered":"Absente\u00edsmo, um problema na produtividade de empresas"},"content":{"rendered":"<p><span style=\"font-weight: 400;\">O absente\u00edsmo \u00e9 uma palavra de origem latina e significa estar fora, afastado ou ausente. Nesse sentido, um profissional que se abst\u00e9m de exercer suas fun\u00e7\u00f5es e tarefas est\u00e1 <\/span><b>praticando o absente\u00edsmo.<\/b><\/p>\n<p><span style=\"font-weight: 400;\">Pensar em qualidade de vida no ambiente profissional \u00e9 de extrema import\u00e2ncia nos tempos atuais. Seja no escrit\u00f3rio ou at\u00e9 mesmo <\/span><a href=\"https:\/\/www.telavita.com.br\/blog\/produtivo-home-office\/\" target=\"_blank\" rel=\"noopener\"><b>no home office<\/b><\/a><span style=\"font-weight: 400;\">, a empresa precisa estar atenta \u00e0 <\/span><b>condi\u00e7\u00e3o f\u00edsica e emocional dos seus colaboradores.<\/b><\/p>\n<p><span style=\"font-weight: 400;\">A qualidade de vida envolve a avalia\u00e7\u00e3o do n\u00edvel de bem-estar dos funcion\u00e1rios, bem como o seu estilo de vida e o clima organizacional. E <\/span><b>a falta desse cuidado pode comprometer o estado de sa\u00fade mental dos profissionais<\/b><span style=\"font-weight: 400;\"> e gerar, inclusive, o absente\u00edsmo.<\/span><\/p>\n<h2><b>O que ocasiona o absente\u00edsmo?<\/b><\/h2>\n<p><span style=\"font-weight: 400;\">Tal conduta ocorre quando o funcion\u00e1rio est\u00e1 ausente durante o per\u00edodo do trabalho. Geralmente, as pessoas n\u00e3o ficam dispon\u00edveis por algumas horas, como nos casos de atraso ou at\u00e9 de alguma sa\u00edda adiantada do expediente. Entretanto, nas situa\u00e7\u00f5es mais graves, o profissional <\/span><b>n\u00e3o comparece na empresa e pode faltar por v\u00e1rios dias.<\/b><\/p>\n<p><span style=\"font-weight: 400;\">A tem\u00e1tica \u00e9 complexa e pode envolver motivos multifatoriais. Sendo assim, num \u00e2mbito mais privado, a pessoa pode estar com problemas de sa\u00fade mental e f\u00edsica, quest\u00f5es familiares ou at\u00e9 <\/span><b>passando por dificuldades financeiras.<\/b><\/p>\n<p><span style=\"font-weight: 400;\">J\u00e1 em rela\u00e7\u00e3o ao trabalho em si, a falta de experi\u00eancia dos l\u00edderes, a comunica\u00e7\u00e3o ineficiente, a falta de estrutura, metas intang\u00edveis, desmotiva\u00e7\u00e3o e <\/span><a href=\"https:\/\/www.telavita.com.br\/blog\/assedio-moral\/\" target=\"_blank\" rel=\"noopener\"><b>ass\u00e9dio moral<\/b><\/a><span style=\"font-weight: 400;\"> podem ser os motivos da aus\u00eancia.<\/span><\/p>\n<p><span style=\"font-weight: 400;\">Entretanto, al\u00e9m dos problemas do funcion\u00e1rio em quest\u00e3o, o absente\u00edsmo tamb\u00e9m gera um peso no restante da empresa. A aus\u00eancia<\/span><b> dificulta o fluxo de trabalho e gera sobrecarga no resto da equipe com horas extras<\/b><span style=\"font-weight: 400;\">, <\/span><a href=\"https:\/\/www.telavita.com.br\/blog\/como-controlar-estresse-no-trabalho\/\" target=\"_blank\" rel=\"noopener\"><b>causando estresse<\/b><\/a><span style=\"font-weight: 400;\"> e, eventualmente, at\u00e9 algum problema de sa\u00fade.<\/span><\/p>\n<p><a href=\"https:\/\/conteudo.telavita.com.br\/e-book-alem-do-beneficio?_ga=2.16899696.835413357.1672062961-1873535872.1666970294&amp;_gl=1*n83wkh*_ga*MTg3MzUzNTg3Mi4xNjY2OTcwMjk0*_ga_2DZ1C7BK62*MTY3MjE0ODg2NC4yOC4wLjE2NzIxNDg4NjQuNjAuMC4w\" target=\"_blank\" rel=\"noopener\"><img loading=\"lazy\" decoding=\"async\" class=\"size-full wp-image-8341 aligncenter\" src=\"https:\/\/www.telavita.com.br\/blog\/wp-content\/uploads\/2019\/05\/Banner_Blog_E-book.png\" alt=\"ebook-saude-mental-nas-empresas\" width=\"693\" height=\"193\" srcset=\"https:\/\/www.telavita.com.br\/blog\/wp-content\/uploads\/2019\/05\/Banner_Blog_E-book.png 693w, https:\/\/www.telavita.com.br\/blog\/wp-content\/uploads\/2019\/05\/Banner_Blog_E-book-300x84.png 300w\" sizes=\"(max-width: 693px) 100vw, 693px\" \/><\/a><\/p>\n<h2><b>A influ\u00eancia da sa\u00fade mental no absente\u00edsmo<\/b><\/h2>\n<p><span style=\"font-weight: 400;\">A vida pessoal e o ambiente de trabalho influenciam<\/span><b> diretamente no aspecto emocional.<\/b><span style=\"font-weight: 400;\"> Caso algum deles esteja causando desconforto, ser\u00e1 poss\u00edvel observar um deterioramento na condi\u00e7\u00e3o ps\u00edquica do indiv\u00edduo.<\/span><\/p>\n<p><span style=\"font-weight: 400;\">A <\/span><a href=\"https:\/\/www.telavita.com.br\/blog\/saude-emocional\/\" target=\"_blank\" rel=\"noopener\"><b>sa\u00fade emocional reflete diretamente no bem-estar<\/b><\/a><span style=\"font-weight: 400;\">, nesse sentido, um estado psicol\u00f3gico debilitado est\u00e1 <\/span><b>mais propenso a doen\u00e7as. <\/b><span style=\"font-weight: 400;\">Dessa forma, uma pessoa nessa condi\u00e7\u00e3o fica mais suscet\u00edvel a falhar com suas fun\u00e7\u00f5es e tarefas.<\/span><\/p>\n<p><span style=\"font-weight: 400;\">Um estudo denominado de\u00a0 <\/span><a href=\"https:\/\/www.sciencedirect.com\/science\/article\/abs\/pii\/S0927537116301506\" target=\"_blank\" rel=\"noopener\"><b>\u201cMental health and productivity at work: Does what you do matter?\u201d<\/b><\/a> <span style=\"font-weight: 400;\">descobriu que as taxas de aus\u00eancia s\u00e3o aproximadamente<\/span><b> 5% maiores entre os trabalhadores que relatam ter problemas de sa\u00fade mental.<\/b><\/p>\n<p><span style=\"font-weight: 400;\">Al\u00e9m disso, os<\/span><a href=\"https:\/\/www.telavita.com.br\/blog\/transtornos-mentais-comuns\/\" target=\"_blank\" rel=\"noopener\"> <b>transtornos psicol\u00f3gicos<\/b><\/a><span style=\"font-weight: 400;\"> j\u00e1 s\u00e3o a terceira causa de afastamento de trabalhadores no Brasil, de acordo com a Secretaria da Previd\u00eancia. Por\u00e9m, o aumento da incid\u00eancia das doen\u00e7as ps\u00edquicas nos \u00faltimos anos, indica que a situa\u00e7\u00e3o somente deve se agravar.<\/span><\/p>\n<p><span style=\"font-weight: 400;\">Ali\u00e1s, essa tend\u00eancia n\u00e3o est\u00e1 presente somente aqui. Dados de diferentes pa\u00edses ao redor do mundo demonstram que os problemas de sa\u00fade mental s\u00e3o a principal <\/span><b>causa do abandono do trabalho por parte dos funcion\u00e1rios.<\/b><\/p>\n<h2><b>O impacto do absente\u00edsmo nas empresas<\/b><\/h2>\n<p><span style=\"font-weight: 400;\">O absente\u00edsmo causa grandes preju\u00edzos \u00e0s empresas. A aus\u00eancia gera aumento de custos, perda de efici\u00eancia e falta de colabora\u00e7\u00e3o entre equipes, <\/span><b>sobrecarregando alguns profissionais em detrimento de outros.<\/b><\/p>\n<p><span style=\"font-weight: 400;\">Os riscos para a sa\u00fade e o bem-estar emocional podem provir de uma s\u00e9rie de fontes e incluem fatores associados ao local de trabalho. Nesse sentido, o estresse \u00e9 apontado como <\/span><b>um dos principais motivos que levam a aus\u00eancia dos funcion\u00e1rios<\/b><span style=\"font-weight: 400;\">. O ritmo incessante do of\u00edcio e um ambiente fatigante geram o adoecimento.<\/span><\/p>\n<p><span style=\"font-weight: 400;\">De acordo com uma pesquisa com 800 mil trabalhadores em mais de 300 empresas, o n\u00famero de funcion\u00e1rios doentes por causa do estresse triplicou entre 1996 e 2000. Atualmente, o The American Institute of Stress estima que<\/span><b> 1 milh\u00e3o de pessoas faltam ao trabalho todos os dias devido ao problema.<\/b><\/p>\n<p><span style=\"font-weight: 400;\">Nesse contexto, a <\/span><b>Ag\u00eancia Europeia para a Seguran\u00e7a e Sa\u00fade no Trabalho<\/b><span style=\"font-weight: 400;\"> aponta que o estresse \u00e9 respons\u00e1vel por mais da metade dos dias de trabalho perdidos nos Estados Unidos por absente\u00edsmo.<\/span><\/p>\n<h2><b>Como solucionar o problema do absente\u00edsmo em empresas?<\/b><\/h2>\n<p><span style=\"font-weight: 400;\">O absente\u00edsmo \u00e9 um problema de sa\u00fade p\u00fablica, pois os<\/span> <a href=\"https:\/\/www.telavita.com.br\/blog\/riscos-psicossociais\/\" target=\"_blank\" rel=\"noopener\"><b>riscos psicossociais<\/b><\/a><span style=\"font-weight: 400;\"> mais comuns no trabalho s\u00e3o quando as empresas colocam os trabalhadores em zonas de perigo. A aus\u00eancia de fronteiras entre o trabalho e o lazer \u00e9 temer\u00e1ria, j\u00e1 que a dificuldade em equilibrar a vida familiar, pessoal e profissional pode causar<\/span><b> v\u00e1rios danos ao funcion\u00e1rio.<\/b><\/p>\n<p><span style=\"font-weight: 400;\">Infelizmente, muitos lugares ainda n\u00e3o est\u00e3o preparados para lidar com <\/span><a href=\"https:\/\/www.telavita.com.br\/blog\/saude-mental-colaboradores\/\" target=\"_blank\" rel=\"noopener\"><b>profissionais que enfrentam quest\u00f5es de sa\u00fade mental.<\/b><\/a><span style=\"font-weight: 400;\"> Desse modo, n\u00e3o possuem ferramentas e conhecimentos para abordar problemas relacionados com ela e podem at\u00e9 agravar a situa\u00e7\u00e3o.<\/span><\/p>\n<p><span style=\"font-weight: 400;\">A preocupa\u00e7\u00e3o com o bem estar f\u00edsico e emocional dos colaboradores \u00e9 hoje um dos principais desafios para as organiza\u00e7\u00f5es modernas. Desse modo, a <\/span><b>cria\u00e7\u00e3o de programas nas empresas<\/b> <b>que visam a promo\u00e7\u00e3o da sa\u00fade<\/b><span style=\"font-weight: 400;\">, bem-estar social e <a href=\"https:\/\/www.telavita.com.br\/blog\/qualidade-de-vida\/\">qualidade de vida \u00e9 fundamental<\/a>. Aqui na <\/span><b>Telavita<\/b><span style=\"font-weight: 400;\">, n\u00f3s oferecemos um Programa de Sa\u00fade Emocional para as empresas.<\/span><\/p>\n<span class='mb-center maxbutton-6-center'><span class='maxbutton-6-container mb-container'><a class=\"maxbutton-6 maxbutton maxbutton-pse\" target=\"_blank\" rel=\"noopener\" href=\"https:\/\/conteudo.telavita.com.br\/telavitaempresas2022?_ga=2.92428570.665564727.1667953363-113301591.1659119672&amp;_gl=1*2kagbv*_ga*MTEzMzAxNTkxLjE2NTkxMTk2NzI.*_ga_2DZ1C7BK62*MTY2Nzk1MzM2Mi4xMjIuMS4xNjY3OTUzNTUxLjUwLjAuMA..\"><span class='mb-text'>Saiba mais sobre o Programa de Sa\u00fade Emocional<\/span><\/a><\/span><\/span>\n","protected":false},"excerpt":{"rendered":"<p>O absente\u00edsmo \u00e9 uma palavra de origem latina e significa estar fora, afastado ou ausente. Nesse sentido, um profissional que se abst\u00e9m de exercer suas fun\u00e7\u00f5es e tarefas est\u00e1 praticando o absente\u00edsmo. Pensar em qualidade de vida no ambiente profissional \u00e9 de extrema import\u00e2ncia nos tempos atuais. Seja no escrit\u00f3rio ou at\u00e9 mesmo no home [&hellip;]<\/p>\n","protected":false},"author":26,"featured_media":7062,"comment_status":"open","ping_status":"open","sticky":false,"template":"","format":"standard","meta":{"_lmt_disableupdate":"no","_lmt_disable":"no","footnotes":""},"categories":[384],"tags":[],"yoast_head":"<!-- This site is optimized with the Yoast SEO plugin v19.8 - https:\/\/yoast.com\/wordpress\/plugins\/seo\/ -->\n<title>Absente\u00edsmo em empresas e sa\u00fade mental dos funcion\u00e1rios | Telavita<\/title>\n<meta name=\"description\" content=\"Saiba o impacto da sa\u00fade mental na aus\u00eancia dos funcion\u00e1rios, mais conhecido como absente\u00edsmo, e desvende suas causas.\" \/>\n<meta name=\"robots\" content=\"index, follow, max-snippet:-1, max-image-preview:large, max-video-preview:-1\" \/>\n<link rel=\"canonical\" href=\"https:\/\/www.telavita.com.br\/blog\/saude-mental-ausencia-funcionarios\/\" \/>\n<meta property=\"og:locale\" content=\"pt_BR\" \/>\n<meta property=\"og:type\" content=\"article\" \/>\n<meta property=\"og:title\" content=\"Absente\u00edsmo em empresas e sa\u00fade mental dos funcion\u00e1rios | Telavita\" \/>\n<meta property=\"og:description\" content=\"Saiba o impacto da sa\u00fade mental na aus\u00eancia dos funcion\u00e1rios, mais conhecido como absente\u00edsmo, e desvende suas causas.\" \/>\n<meta property=\"og:url\" content=\"https:\/\/www.telavita.com.br\/blog\/saude-mental-ausencia-funcionarios\/\" \/>\n<meta property=\"og:site_name\" content=\"Telavita\" \/>\n<meta property=\"article:publisher\" content=\"https:\/\/www.facebook.com\/Telavita\" \/>\n<meta property=\"article:published_time\" content=\"2021-01-15T14:18:06+00:00\" \/>\n<meta property=\"article:modified_time\" content=\"2025-12-08T20:37:02+00:00\" \/>\n<meta property=\"og:image\" content=\"https:\/\/www.telavita.com.br\/blog\/wp-content\/uploads\/2021\/01\/aus\u00eancia.jpg\" \/>\n\t<meta property=\"og:image:width\" content=\"1280\" \/>\n\t<meta property=\"og:image:height\" content=\"853\" \/>\n\t<meta property=\"og:image:type\" content=\"image\/jpeg\" \/>\n<meta name=\"author\" content=\"Psic\u00f3loga Juliana Maluf - CRP 06\/117388\" \/>\n<meta name=\"twitter:card\" content=\"summary_large_image\" \/>\n<meta name=\"twitter:label1\" content=\"Escrito por\" \/>\n\t<meta name=\"twitter:data1\" content=\"Psic\u00f3loga Juliana Maluf - CRP 06\/117388\" \/>\n\t<meta name=\"twitter:label2\" content=\"Est. tempo de leitura\" \/>\n\t<meta name=\"twitter:data2\" content=\"5 minutos\" \/>\n<!-- \/ Yoast SEO plugin. -->","yoast_head_json":{"title":"Absente\u00edsmo em empresas e sa\u00fade mental dos funcion\u00e1rios | Telavita","description":"Saiba o impacto da sa\u00fade mental na aus\u00eancia dos funcion\u00e1rios, mais conhecido como absente\u00edsmo, e desvende suas causas.","robots":{"index":"index","follow":"follow","max-snippet":"max-snippet:-1","max-image-preview":"max-image-preview:large","max-video-preview":"max-video-preview:-1"},"canonical":"https:\/\/www.telavita.com.br\/blog\/saude-mental-ausencia-funcionarios\/","og_locale":"pt_BR","og_type":"article","og_title":"Absente\u00edsmo em empresas e sa\u00fade mental dos funcion\u00e1rios | Telavita","og_description":"Saiba o impacto da sa\u00fade mental na aus\u00eancia dos funcion\u00e1rios, mais conhecido como absente\u00edsmo, e desvende suas causas.","og_url":"https:\/\/www.telavita.com.br\/blog\/saude-mental-ausencia-funcionarios\/","og_site_name":"Telavita","article_publisher":"https:\/\/www.facebook.com\/Telavita","article_published_time":"2021-01-15T14:18:06+00:00","article_modified_time":"2025-12-08T20:37:02+00:00","og_image":[{"width":1280,"height":853,"url":"https:\/\/www.telavita.com.br\/blog\/wp-content\/uploads\/2021\/01\/aus\u00eancia.jpg","type":"image\/jpeg"}],"author":"Psic\u00f3loga Juliana Maluf - CRP 06\/117388","twitter_card":"summary_large_image","twitter_misc":{"Escrito por":"Psic\u00f3loga Juliana Maluf - CRP 06\/117388","Est. tempo de leitura":"5 minutos"},"schema":{"@context":"https:\/\/schema.org","@graph":[{"@type":"Article","@id":"https:\/\/www.telavita.com.br\/blog\/saude-mental-ausencia-funcionarios\/#article","isPartOf":{"@id":"https:\/\/www.telavita.com.br\/blog\/saude-mental-ausencia-funcionarios\/"},"author":{"name":"Psic\u00f3loga Juliana Maluf - CRP 06\/117388","@id":"https:\/\/www.telavita.com.br\/blog\/#\/schema\/person\/21e50d8ca7d77d3ff7576fb2de09f742"},"headline":"Absente\u00edsmo, um problema na produtividade de empresas","datePublished":"2021-01-15T14:18:06+00:00","dateModified":"2025-12-08T20:37:02+00:00","mainEntityOfPage":{"@id":"https:\/\/www.telavita.com.br\/blog\/saude-mental-ausencia-funcionarios\/"},"wordCount":897,"commentCount":0,"publisher":{"@id":"https:\/\/www.telavita.com.br\/blog\/#organization"},"articleSection":["Recursos Humanos"],"inLanguage":"pt-BR","potentialAction":[{"@type":"CommentAction","name":"Comment","target":["https:\/\/www.telavita.com.br\/blog\/saude-mental-ausencia-funcionarios\/#respond"]}]},{"@type":"WebPage","@id":"https:\/\/www.telavita.com.br\/blog\/saude-mental-ausencia-funcionarios\/","url":"https:\/\/www.telavita.com.br\/blog\/saude-mental-ausencia-funcionarios\/","name":"Absente\u00edsmo em empresas e sa\u00fade mental dos funcion\u00e1rios | Telavita","isPartOf":{"@id":"https:\/\/www.telavita.com.br\/blog\/#website"},"datePublished":"2021-01-15T14:18:06+00:00","dateModified":"2025-12-08T20:37:02+00:00","description":"Saiba o impacto da sa\u00fade mental na aus\u00eancia dos funcion\u00e1rios, mais conhecido como absente\u00edsmo, e desvende suas causas.","breadcrumb":{"@id":"https:\/\/www.telavita.com.br\/blog\/saude-mental-ausencia-funcionarios\/#breadcrumb"},"inLanguage":"pt-BR","potentialAction":[{"@type":"ReadAction","target":["https:\/\/www.telavita.com.br\/blog\/saude-mental-ausencia-funcionarios\/"]}]},{"@type":"BreadcrumbList","@id":"https:\/\/www.telavita.com.br\/blog\/saude-mental-ausencia-funcionarios\/#breadcrumb","itemListElement":[{"@type":"ListItem","position":1,"name":"In\u00edcio","item":"https:\/\/www.telavita.com.br\/blog\/"},{"@type":"ListItem","position":2,"name":"Absente\u00edsmo, um problema na produtividade de empresas"}]},{"@type":"WebSite","@id":"https:\/\/www.telavita.com.br\/blog\/#website","url":"https:\/\/www.telavita.com.br\/blog\/","name":"Telavita","description":"Conte\u00fados especializados sobre sa\u00fade mental e bem-estar","publisher":{"@id":"https:\/\/www.telavita.com.br\/blog\/#organization"},"potentialAction":[{"@type":"SearchAction","target":{"@type":"EntryPoint","urlTemplate":"https:\/\/www.telavita.com.br\/blog\/?s={search_term_string}"},"query-input":"required name=search_term_string"}],"inLanguage":"pt-BR"},{"@type":"Organization","@id":"https:\/\/www.telavita.com.br\/blog\/#organization","name":"Telavita","url":"https:\/\/www.telavita.com.br\/blog\/","sameAs":["https:\/\/www.linkedin.com\/company\/telavita\/mycompany\/verification\/","https:\/\/www.instagram.com\/telavita\/","https:\/\/www.facebook.com\/Telavita"],"logo":{"@type":"ImageObject","inLanguage":"pt-BR","@id":"https:\/\/www.telavita.com.br\/blog\/#\/schema\/logo\/image\/","url":"https:\/\/www.telavita.com.br\/blog\/wp-content\/uploads\/2021\/05\/telavita.jpg","contentUrl":"https:\/\/www.telavita.com.br\/blog\/wp-content\/uploads\/2021\/05\/telavita.jpg","width":200,"height":200,"caption":"Telavita"},"image":{"@id":"https:\/\/www.telavita.com.br\/blog\/#\/schema\/logo\/image\/"}},{"@type":"Person","@id":"https:\/\/www.telavita.com.br\/blog\/#\/schema\/person\/21e50d8ca7d77d3ff7576fb2de09f742","name":"Psic\u00f3loga Juliana Maluf - CRP 06\/117388","image":{"@type":"ImageObject","inLanguage":"pt-BR","@id":"https:\/\/www.telavita.com.br\/blog\/#\/schema\/person\/image\/","url":"https:\/\/secure.gravatar.com\/avatar\/5e8a83686526f74f3ea148397ab61598?s=96&d=mm&r=g","contentUrl":"https:\/\/secure.gravatar.com\/avatar\/5e8a83686526f74f3ea148397ab61598?s=96&d=mm&r=g","caption":"Psic\u00f3loga Juliana Maluf - CRP 06\/117388"},"description":"Atuo em cl\u00ednica desde 2005, formada em 1998 pela PUC- Goi\u00e1s e fiz especializa\u00e7\u00e3o em Psicologia Institucional no InCor\/USP com trabalho em grupos e orienta\u00e7\u00e3o individual. Trabalhei no Hospital Israelita Albert Einstein em S\u00e3o Paulo e atuo em consult\u00f3rio desde 2005, com experi\u00eancia em depress\u00e3o, transtorno de ansiedade, epis\u00f3dios de p\u00e2nico, doen\u00e7as psicossom\u00e1ticas, dist\u00farbios alimentares, cuidados paliativos e transtorno f\u00f3bico. Possuo vasta experi\u00eancia com adultos e idosos. Meu m\u00e9todo de atua\u00e7\u00e3o \u00e9 a Psicoterapia Breve Psicanal\u00edtica, na qual me especializei pela Unicamp. Sou professora nas disciplinas de Psicologia, Transtornos Alimentares e Sa\u00fade P\u00fablica na Uniararas-FHO e no Instituto de Ensino e Pesquisa do Hospital Israelita Albert Einstein em S\u00e3o Paulo.","url":"https:\/\/www.telavita.com.br\/blog\/author\/juliana-maluf\/"}]}},"modified_by":"Marcelo Vilas Boas","_links":{"self":[{"href":"https:\/\/www.telavita.com.br\/blog\/wp-json\/wp\/v2\/posts\/7058"}],"collection":[{"href":"https:\/\/www.telavita.com.br\/blog\/wp-json\/wp\/v2\/posts"}],"about":[{"href":"https:\/\/www.telavita.com.br\/blog\/wp-json\/wp\/v2\/types\/post"}],"author":[{"embeddable":true,"href":"https:\/\/www.telavita.com.br\/blog\/wp-json\/wp\/v2\/users\/26"}],"replies":[{"embeddable":true,"href":"https:\/\/www.telavita.com.br\/blog\/wp-json\/wp\/v2\/comments?post=7058"}],"version-history":[{"count":8,"href":"https:\/\/www.telavita.com.br\/blog\/wp-json\/wp\/v2\/posts\/7058\/revisions"}],"predecessor-version":[{"id":9658,"href":"https:\/\/www.telavita.com.br\/blog\/wp-json\/wp\/v2\/posts\/7058\/revisions\/9658"}],"wp:featuredmedia":[{"embeddable":true,"href":"https:\/\/www.telavita.com.br\/blog\/wp-json\/wp\/v2\/media\/7062"}],"wp:attachment":[{"href":"https:\/\/www.telavita.com.br\/blog\/wp-json\/wp\/v2\/media?parent=7058"}],"wp:term":[{"taxonomy":"category","embeddable":true,"href":"https:\/\/www.telavita.com.br\/blog\/wp-json\/wp\/v2\/categories?post=7058"},{"taxonomy":"post_tag","embeddable":true,"href":"https:\/\/www.telavita.com.br\/blog\/wp-json\/wp\/v2\/tags?post=7058"}],"curies":[{"name":"wp","href":"https:\/\/api.w.org\/{rel}","templated":true}]}}