{"id":7091,"date":"2021-02-26T17:04:37","date_gmt":"2021-02-26T20:04:37","guid":{"rendered":"https:\/\/www.telavita.com.br\/blog\/?p=7091"},"modified":"2022-12-26T12:46:52","modified_gmt":"2022-12-26T14:46:52","slug":"abuso-no-trabalho","status":"publish","type":"post","link":"https:\/\/www.telavita.com.br\/blog\/abuso-no-trabalho\/","title":{"rendered":"Abuso no ambiente de trabalho: como proceder?"},"content":{"rendered":"<p><span style=\"font-weight: 400;\">Conforme j\u00e1 sabemos, nosso mundo foi se estruturando de forma competitiva e capitalista. O que importa s\u00e3o os lucros, a produ\u00e7\u00e3o e o consumo. Dessa forma,<\/span><b> o abuso no trabalho sempre existiu. <\/b><span style=\"font-weight: 400;\">Os patr\u00f5es prezam por quantidade e se voc\u00ea n\u00e3o entrega o esperado, corre o risco de ser demitido, como forma punitiva.<\/span><\/p>\n<p><span style=\"font-weight: 400;\">Somos produtos de todos esses contextos e desde que o mundo \u00e9 mundo h\u00e1 um jogo de for\u00e7as que tentam se sobrepor uma \u00e0 outra. Sempre vemos que h\u00e1 sistemas hier\u00e1rquicos onde <\/span><b>os mais fortes dominam os mais fracos.<\/b><span style=\"font-weight: 400;\"> Na natureza os animais mais fortes, geralmente, mandam e se alimentam dos mais fracos. Em nossa sociedade, isso n\u00e3o \u00e9 diferente.<\/span><\/p>\n<h2><b>Abuso no ambiente de trabalho<\/b><\/h2>\n<p><span style=\"font-weight: 400;\">O ambiente de competi\u00e7\u00e3o e hierarquia tamb\u00e9m existe nas empresas. Para exercer o controle e o dom\u00ednio, muitos indiv\u00edduos <\/span><b>usam da sua for\u00e7a e poder para manipular e utilizar os funcion\u00e1rios como seus escravos pessoais.<\/b><\/p>\n<p><span style=\"font-weight: 400;\">Dessa forma, vemos na pr\u00e1tica um jogo de din\u00e2mica empresarial injusto e trapaceiro. Menosprezar, caluniar, difamar, humilhar, ridicularizar, manipular e fazer terror psicol\u00f3gico, s\u00e3o s\u00f3 algumas <\/span><b>pr\u00e1ticas de abusos no trabalho poss\u00edveis de ocorrer.<\/b><\/p>\n<p><span style=\"font-weight: 400;\">Al\u00e9m disso, \u00e9 importante comentar tamb\u00e9m sobre o pr\u00f3prio <\/span><a href=\"https:\/\/www.telavita.com.br\/blog\/estupro-de-vulneravel\/\"><b>abuso sexual.<\/b><\/a> <span style=\"font-weight: 400;\">Pode n\u00e3o parecer, mas ele tamb\u00e9m faz parte de todo esse <\/span><b>mecanismo de competi\u00e7\u00e3o, gan\u00e2ncia e controle e manipula\u00e7\u00e3o.<\/b><\/p>\n<h2><b>O que fazer nessas situa\u00e7\u00f5es?<\/b><\/h2>\n<p><span style=\"font-weight: 400;\">O que pode ser feito nesses casos \u00e9 <\/span><b>formalizar uma den\u00fancia <\/b><span style=\"font-weight: 400;\">para os altos n\u00edveis da empresa, recursos humanos, departamento jur\u00eddico, etc. Ali\u00e1s, \u00e9 importante arrumar testemunhas e provas documentais. Ent\u00e3o, aproveite tamb\u00e9m que atualmente os celulares filmam, gravam, tiram fotos, etc.<\/span><\/p>\n<p><span style=\"font-weight: 400;\">Por\u00e9m, caso essas tentativas n\u00e3o funcionem,<\/span><b> busque aux\u00edlio da justi\u00e7a do trabalho.<\/b><span style=\"font-weight: 400;\"> Muitas pessoas n\u00e3o sabem, mas o abuso moral pode ser configurado como um crime. O importante aqui \u00e9 buscar ajuda e n\u00e3o somente de um ponto de vista administrativo e legal.<\/span><\/p>\n<p><span style=\"font-weight: 400;\">O abuso pode abalar muito a <\/span><a href=\"https:\/\/www.telavita.com.br\/blog\/como-a-autoestima-afeta-o-desempenho-profissional\/\"><b>autoestima do funcion\u00e1rio<\/b><\/a><span style=\"font-weight: 400;\"> em quest\u00e3o. Sendo assim, \u00e9 aconselh\u00e1vel a pessoa passar por um processo de psicoterapia para trabalhar o trauma e a humilha\u00e7\u00e3o por ter sido exposta e manipulada de forma terr\u00edvel. Afinal, o abuso moral pode, inclusive, gerar sequelas mentais que ter\u00e3o que ser tratadas por muito tempo.<\/span><\/p>\n<span class='mb-center maxbutton-3-center'><span class='maxbutton-3-container mb-container'><a class=\"maxbutton-3 maxbutton maxbutton-manda-para-pagina-psicologos\" href=\"https:\/\/app.telavita.com.br\/psicologia-online\/encontre-seu-psicologo\"><span class='mb-text'>Agende agora uma consulta com psic\u00f3logo<\/span><\/a><\/span><\/span>\n","protected":false},"excerpt":{"rendered":"<p>Conforme j\u00e1 sabemos, nosso mundo foi se estruturando de forma competitiva e capitalista. O que importa s\u00e3o os lucros, a produ\u00e7\u00e3o e o consumo. Dessa forma, o abuso no trabalho sempre existiu. Os patr\u00f5es prezam por quantidade e se voc\u00ea n\u00e3o entrega o esperado, corre o risco de ser demitido, como forma punitiva. Somos produtos [&hellip;]<\/p>\n","protected":false},"author":23,"featured_media":7093,"comment_status":"open","ping_status":"open","sticky":false,"template":"","format":"standard","meta":{"_lmt_disableupdate":"","_lmt_disable":"","footnotes":""},"categories":[19],"tags":[],"yoast_head":"<!-- This site is optimized with the Yoast SEO plugin v19.8 - https:\/\/yoast.com\/wordpress\/plugins\/seo\/ -->\n<title>Abuso no ambiente de trabalho: como proceder? l Telavita<\/title>\n<meta name=\"description\" content=\"O abuso no ambiente de trabalho n\u00e3o \u00e9 algo recente. Saiba o que fazer diante dessas situa\u00e7\u00f5es e como proteger o funcion\u00e1rio de danos mentais.\" \/>\n<meta name=\"robots\" content=\"index, follow, max-snippet:-1, max-image-preview:large, max-video-preview:-1\" \/>\n<link rel=\"canonical\" href=\"https:\/\/www.telavita.com.br\/blog\/abuso-no-trabalho\/\" \/>\n<meta property=\"og:locale\" content=\"pt_BR\" \/>\n<meta property=\"og:type\" content=\"article\" \/>\n<meta property=\"og:title\" content=\"Abuso no ambiente de trabalho: como proceder? l Telavita\" \/>\n<meta property=\"og:description\" content=\"O abuso no ambiente de trabalho n\u00e3o \u00e9 algo recente. Saiba o que fazer diante dessas situa\u00e7\u00f5es e como proteger o funcion\u00e1rio de danos mentais.\" \/>\n<meta property=\"og:url\" content=\"https:\/\/www.telavita.com.br\/blog\/abuso-no-trabalho\/\" \/>\n<meta property=\"og:site_name\" content=\"Telavita\" \/>\n<meta property=\"article:publisher\" content=\"https:\/\/www.facebook.com\/Telavita\" \/>\n<meta property=\"article:published_time\" content=\"2021-02-26T20:04:37+00:00\" \/>\n<meta property=\"article:modified_time\" content=\"2022-12-26T14:46:52+00:00\" \/>\n<meta property=\"og:image\" content=\"https:\/\/www.telavita.com.br\/blog\/wp-content\/uploads\/2021\/02\/abuso.jpg\" \/>\n\t<meta property=\"og:image:width\" content=\"1280\" \/>\n\t<meta property=\"og:image:height\" content=\"603\" \/>\n\t<meta property=\"og:image:type\" content=\"image\/jpeg\" \/>\n<meta name=\"author\" content=\"Psic\u00f3logo Pedro Sammarco - CRP 06\/66066\" \/>\n<meta name=\"twitter:card\" content=\"summary_large_image\" \/>\n<meta name=\"twitter:label1\" content=\"Escrito por\" \/>\n\t<meta name=\"twitter:data1\" content=\"Psic\u00f3logo Pedro Sammarco - CRP 06\/66066\" \/>\n\t<meta name=\"twitter:label2\" content=\"Est. tempo de leitura\" \/>\n\t<meta name=\"twitter:data2\" content=\"3 minutos\" \/>\n<!-- \/ Yoast SEO plugin. -->","yoast_head_json":{"title":"Abuso no ambiente de trabalho: como proceder? l Telavita","description":"O abuso no ambiente de trabalho n\u00e3o \u00e9 algo recente. Saiba o que fazer diante dessas situa\u00e7\u00f5es e como proteger o funcion\u00e1rio de danos mentais.","robots":{"index":"index","follow":"follow","max-snippet":"max-snippet:-1","max-image-preview":"max-image-preview:large","max-video-preview":"max-video-preview:-1"},"canonical":"https:\/\/www.telavita.com.br\/blog\/abuso-no-trabalho\/","og_locale":"pt_BR","og_type":"article","og_title":"Abuso no ambiente de trabalho: como proceder? l Telavita","og_description":"O abuso no ambiente de trabalho n\u00e3o \u00e9 algo recente. Saiba o que fazer diante dessas situa\u00e7\u00f5es e como proteger o funcion\u00e1rio de danos mentais.","og_url":"https:\/\/www.telavita.com.br\/blog\/abuso-no-trabalho\/","og_site_name":"Telavita","article_publisher":"https:\/\/www.facebook.com\/Telavita","article_published_time":"2021-02-26T20:04:37+00:00","article_modified_time":"2022-12-26T14:46:52+00:00","og_image":[{"width":1280,"height":603,"url":"https:\/\/www.telavita.com.br\/blog\/wp-content\/uploads\/2021\/02\/abuso.jpg","type":"image\/jpeg"}],"author":"Psic\u00f3logo Pedro Sammarco - CRP 06\/66066","twitter_card":"summary_large_image","twitter_misc":{"Escrito por":"Psic\u00f3logo Pedro Sammarco - CRP 06\/66066","Est. tempo de leitura":"3 minutos"},"schema":{"@context":"https:\/\/schema.org","@graph":[{"@type":"Article","@id":"https:\/\/www.telavita.com.br\/blog\/abuso-no-trabalho\/#article","isPartOf":{"@id":"https:\/\/www.telavita.com.br\/blog\/abuso-no-trabalho\/"},"author":{"name":"Psic\u00f3logo Pedro Sammarco - CRP 06\/66066","@id":"https:\/\/www.telavita.com.br\/blog\/#\/schema\/person\/9d155af6215571a918c103a7994e22dd"},"headline":"Abuso no ambiente de trabalho: como proceder?","datePublished":"2021-02-26T20:04:37+00:00","dateModified":"2022-12-26T14:46:52+00:00","mainEntityOfPage":{"@id":"https:\/\/www.telavita.com.br\/blog\/abuso-no-trabalho\/"},"wordCount":410,"commentCount":0,"publisher":{"@id":"https:\/\/www.telavita.com.br\/blog\/#organization"},"articleSection":["Trabalho"],"inLanguage":"pt-BR","potentialAction":[{"@type":"CommentAction","name":"Comment","target":["https:\/\/www.telavita.com.br\/blog\/abuso-no-trabalho\/#respond"]}]},{"@type":"WebPage","@id":"https:\/\/www.telavita.com.br\/blog\/abuso-no-trabalho\/","url":"https:\/\/www.telavita.com.br\/blog\/abuso-no-trabalho\/","name":"Abuso no ambiente de trabalho: como proceder? l Telavita","isPartOf":{"@id":"https:\/\/www.telavita.com.br\/blog\/#website"},"datePublished":"2021-02-26T20:04:37+00:00","dateModified":"2022-12-26T14:46:52+00:00","description":"O abuso no ambiente de trabalho n\u00e3o \u00e9 algo recente. Saiba o que fazer diante dessas situa\u00e7\u00f5es e como proteger o funcion\u00e1rio de danos mentais.","breadcrumb":{"@id":"https:\/\/www.telavita.com.br\/blog\/abuso-no-trabalho\/#breadcrumb"},"inLanguage":"pt-BR","potentialAction":[{"@type":"ReadAction","target":["https:\/\/www.telavita.com.br\/blog\/abuso-no-trabalho\/"]}]},{"@type":"BreadcrumbList","@id":"https:\/\/www.telavita.com.br\/blog\/abuso-no-trabalho\/#breadcrumb","itemListElement":[{"@type":"ListItem","position":1,"name":"In\u00edcio","item":"https:\/\/www.telavita.com.br\/blog\/"},{"@type":"ListItem","position":2,"name":"Abuso no ambiente de trabalho: como proceder?"}]},{"@type":"WebSite","@id":"https:\/\/www.telavita.com.br\/blog\/#website","url":"https:\/\/www.telavita.com.br\/blog\/","name":"Telavita","description":"Conte\u00fados especializados sobre sa\u00fade mental e bem-estar","publisher":{"@id":"https:\/\/www.telavita.com.br\/blog\/#organization"},"potentialAction":[{"@type":"SearchAction","target":{"@type":"EntryPoint","urlTemplate":"https:\/\/www.telavita.com.br\/blog\/?s={search_term_string}"},"query-input":"required name=search_term_string"}],"inLanguage":"pt-BR"},{"@type":"Organization","@id":"https:\/\/www.telavita.com.br\/blog\/#organization","name":"Telavita","url":"https:\/\/www.telavita.com.br\/blog\/","sameAs":["https:\/\/www.linkedin.com\/company\/telavita\/mycompany\/verification\/","https:\/\/www.instagram.com\/telavita\/","https:\/\/www.facebook.com\/Telavita"],"logo":{"@type":"ImageObject","inLanguage":"pt-BR","@id":"https:\/\/www.telavita.com.br\/blog\/#\/schema\/logo\/image\/","url":"https:\/\/www.telavita.com.br\/blog\/wp-content\/uploads\/2021\/05\/telavita.jpg","contentUrl":"https:\/\/www.telavita.com.br\/blog\/wp-content\/uploads\/2021\/05\/telavita.jpg","width":200,"height":200,"caption":"Telavita"},"image":{"@id":"https:\/\/www.telavita.com.br\/blog\/#\/schema\/logo\/image\/"}},{"@type":"Person","@id":"https:\/\/www.telavita.com.br\/blog\/#\/schema\/person\/9d155af6215571a918c103a7994e22dd","name":"Psic\u00f3logo Pedro Sammarco - CRP 06\/66066","image":{"@type":"ImageObject","inLanguage":"pt-BR","@id":"https:\/\/www.telavita.com.br\/blog\/#\/schema\/person\/image\/","url":"https:\/\/secure.gravatar.com\/avatar\/ca6041da8ef8610c493f19e03c9ebfa4?s=96&d=mm&r=g","contentUrl":"https:\/\/secure.gravatar.com\/avatar\/ca6041da8ef8610c493f19e03c9ebfa4?s=96&d=mm&r=g","caption":"Psic\u00f3logo Pedro Sammarco - CRP 06\/66066"},"description":"Desde que me formei em Psicologia em 2002, j\u00e1 iniciei meus atendimentos em consult\u00f3rio, onde estou at\u00e9 hoje. Logo em seguida fiz cursos na \u00e1rea cl\u00ednica em Gestalt-Terapia e Psicoterapia Existencial. Dediquei-me tamb\u00e9m aos estudos de mestrado e doutorado voltados a Psicologia Social, Sexualidade e Envelhecimento. Al\u00e9m disso, sou plantonista volunt\u00e1rio do Centro de Valoriza\u00e7\u00e3o da Vida (CVV) desde 1998, prestando apoio emocional, ps\u00edquico e preven\u00e7\u00e3o do suic\u00eddio. \u00c9 importante mencionar que atuei cinco anos como Psic\u00f3logo Cl\u00ednico no Instituto de Psiquiatria do Hospital das Cl\u00ednicas da USP. Quando solicitado, palestro em escolas, ONGs, etc. Em 2013 lancei o livro \"Travestis Envelhecem?\" e em 2017 o meu segundo, intitulado \"Homofobia Internalizada: o preconceito do homossexual contra si mesmo\" ambos pela editora Annablume. Atuo como Psic\u00f3logo volunt\u00e1rio em uma ONG que presta amparo ao LGBTQIAP + idoso dentre outras. Tamb\u00e9m leciono no Centro Universit\u00e1rio S\u00e3o Roque. Atendimento a partir dos 18 anos de idade.","url":"https:\/\/www.telavita.com.br\/blog\/author\/pedro-sammarco\/"}]}},"modified_by":null,"_links":{"self":[{"href":"https:\/\/www.telavita.com.br\/blog\/wp-json\/wp\/v2\/posts\/7091"}],"collection":[{"href":"https:\/\/www.telavita.com.br\/blog\/wp-json\/wp\/v2\/posts"}],"about":[{"href":"https:\/\/www.telavita.com.br\/blog\/wp-json\/wp\/v2\/types\/post"}],"author":[{"embeddable":true,"href":"https:\/\/www.telavita.com.br\/blog\/wp-json\/wp\/v2\/users\/23"}],"replies":[{"embeddable":true,"href":"https:\/\/www.telavita.com.br\/blog\/wp-json\/wp\/v2\/comments?post=7091"}],"version-history":[{"count":4,"href":"https:\/\/www.telavita.com.br\/blog\/wp-json\/wp\/v2\/posts\/7091\/revisions"}],"predecessor-version":[{"id":8455,"href":"https:\/\/www.telavita.com.br\/blog\/wp-json\/wp\/v2\/posts\/7091\/revisions\/8455"}],"wp:featuredmedia":[{"embeddable":true,"href":"https:\/\/www.telavita.com.br\/blog\/wp-json\/wp\/v2\/media\/7093"}],"wp:attachment":[{"href":"https:\/\/www.telavita.com.br\/blog\/wp-json\/wp\/v2\/media?parent=7091"}],"wp:term":[{"taxonomy":"category","embeddable":true,"href":"https:\/\/www.telavita.com.br\/blog\/wp-json\/wp\/v2\/categories?post=7091"},{"taxonomy":"post_tag","embeddable":true,"href":"https:\/\/www.telavita.com.br\/blog\/wp-json\/wp\/v2\/tags?post=7091"}],"curies":[{"name":"wp","href":"https:\/\/api.w.org\/{rel}","templated":true}]}}