{"id":7142,"date":"2021-04-23T17:55:56","date_gmt":"2021-04-23T20:55:56","guid":{"rendered":"https:\/\/www.telavita.com.br\/blog\/?p=7142"},"modified":"2021-04-23T16:14:14","modified_gmt":"2021-04-23T19:14:14","slug":"melhor-dia-terapia","status":"publish","type":"post","link":"https:\/\/www.telavita.com.br\/blog\/melhor-dia-terapia\/","title":{"rendered":"Qual o melhor dia para fazer terapia?"},"content":{"rendered":"<p>Para muitos, o agendamento acaba sendo uma das etapas mais demoradas do processo para iniciar uma terapia. Entretanto, ele n\u00e3o precisa ser dif\u00edcil. Uma das quest\u00f5es mais frequentes sobre o assunto \u00e9 em rela\u00e7\u00e3o a data para realizar o atendimento com o psic\u00f3logo e, portanto, estamos aqui para facilitar tal jornada.<\/p>\n<p>S\u00e3o v\u00e1rias as op\u00e7\u00f5es e, por isso, podem acabar confundindo quem esteja procurando pela primeira vez uma ajuda psicol\u00f3gica. Nesse sentido, existem alguns pontos para levar em considera\u00e7\u00e3o e que podem tornar mais tranquila a etapa de decidir o dia para fazer sua terapia.<\/p>\n<h2>Qual o melhor dia para fazer terapia?<\/h2>\n<p>Como voc\u00ea j\u00e1 devia esperar, n\u00e3o existe uma resposta correta. Por\u00e9m, \u201cexistem tr\u00eas aspectos a serem considerados aqui. O primeiro \u00e9 sobre uma quest\u00e3o pr\u00e1tica. O segundo \u00e9 sobre os n\u00edveis de energia. E o terceiro \u00e9 mais emocional\u201d, analisa a psic\u00f3loga <a href=\"https:\/\/theawarenesscentre.com\/whens-best-time-day-counselling-and-therapy\/\">Karen Dempsey<\/a>.<\/p>\n<p>Primeiramente, devemos prestar aten\u00e7\u00e3o em como encaixar a terapia na nossa rotina. \u201cDo ponto de vista pr\u00e1tico, voc\u00ea pode ter muito o que conciliar na vida. Voc\u00ea precisa que suas sess\u00f5es de terapia se ajustem \u00e0 sua programa\u00e7\u00e3o\u201d comenta Dempsey.<\/p>\n<p><strong>LEIA MAIS: <a href=\"https:\/\/www.telavita.com.br\/blog\/horario-terapia\/\">Qual o melhor hor\u00e1rio para fazer terapia?<\/a><\/strong><\/p>\n<p>Entretanto, al\u00e9m de fazer o acompanhamento psicol\u00f3gico, \u00e9 necess\u00e1rio faz\u00ea-lo de forma correta. Sendo assim, procure um dia em que voc\u00ea esteja se sentindo bem e com tempo de sobra ap\u00f3s a sess\u00e3o para conseguir processar os sentimentos trabalhados com o profissional.<\/p>\n<p>Dessa forma, o in\u00edcio da semana acaba sendo muito procurado pelos pacientes, pois eles ainda possuem a energia necess\u00e1ria para estarem presentes e bem durante a psicoterapia. Al\u00e9m disso, realizar o procedimento logo no come\u00e7o da rotina permite que as pessoas organizem os pensamentos e se preparem para tudo que ir\u00e3o enfrentar durante a semana.<\/p>\n<h3>Quando nos sentimos pior durante a semana?<\/h3>\n<p>Apesar da cren\u00e7a popular apontar para a segunda-feira como o pior dia da semana, alguns estudos indicam que ela n\u00e3o \u00e9 tal vil\u00e3. Outros dois dias assumem esse posto com evid\u00eancias cient\u00edficas que corroboram tal premissa.<\/p>\n<p>De acordo com uma pesquisa da <a href=\"https:\/\/www.dailymail.co.uk\/sciencetech\/article-1319713\/Tuesday-miserable-day-week.html\">London School of Economics<\/a>, a ter\u00e7a-feira foi percebida como o pior dia da semana entre os 22 mil participantes. \u201cNa ter\u00e7a-feira, as pessoas j\u00e1 come\u00e7aram a semana de trabalho e o fim de semana seguinte ainda n\u00e3o est\u00e1 \u00e0 vista\u201d, comenta o pesquisador George MacKerron.<\/p>\n<p>Entretanto, uma diferente pesquisa aponta para outro dia da semana como sendo o mais depressivo. Segundo um estudo da <a href=\"https:\/\/www.marieclaire.co.uk\/life\/health-fitness\/wednesday-most-depressing-day-186744\">Universidade de Sidney<\/a>, a quarta-feira foi identificada como a \u201cvencedora\u201d dessa competi\u00e7\u00e3o.<\/p>\n<p><strong>LEIA MAIS: <a href=\"https:\/\/www.telavita.com.br\/blog\/melhorar-saude-mental\/\">Al\u00e9m da terapia: o que fazer para melhorar sua sa\u00fade mental<\/a><\/strong><\/p>\n<p>Nesse sentido, \u00e9 importante avaliar tais dias, pois s\u00e3o aqueles em que a maioria das pessoas se sentem pior. Dessa forma, o atendimento psicol\u00f3gico surge como uma forma de lidar com determinadas quest\u00f5es que possam ser intensificadas nessas datas.<\/p>\n<p>Inclusive, a terapia realizada no meio da semana pode ajudar a pessoa a processar o que est\u00e1 acontecendo com ela. Sendo assim, consegue atuar como um respiro das turbul\u00eancias da rotina, al\u00e9m de auxiliar a reorganizar os pensamentos para prosseguir bem os pr\u00f3ximos dias.<\/p>\n<p>Ainda, os \u00faltimos dias da semana de trabalho tamb\u00e9m podem ser uma op\u00e7\u00e3o interessante. Dessa forma, o paciente consegue ter uma vis\u00e3o completa do que aconteceu durante a rotina, al\u00e9m de entrar mais leve no final de semana.<\/p>\n<h3>E o final de semana?<\/h3>\n<p>Voc\u00ea sabia que \u00e9 poss\u00edvel realizar o acompanhamento psicol\u00f3gico no s\u00e1bado ou no domingo? Apesar de n\u00e3o ser uma alternativa t\u00e3o conhecida pelas pessoas, v\u00e1rios profissionais deixam a sua agenda aberta para esses dias.<\/p>\n<p>E realizar a psicoterapia durante o final de semana pode ser uma vantagem. \u00c9 comum observarmos v\u00e1rios pacientes com dificuldade para encaixar as suas atividades com uma janela de hor\u00e1rio para cuidar da sa\u00fade mental.<\/p>\n<p>Por conta disso, o s\u00e1bado e o domingo aparecem como op\u00e7\u00f5es vi\u00e1veis para aqueles que possuem um dia a dia corrido. Dessa forma, encaixar os seus hor\u00e1rios para realizar o atendimento pode ser bem mais f\u00e1cil do que durante a rotina desenfreada.<\/p>\n<p>Ali\u00e1s, essas datas permitem que a pessoa consiga se programar para a terapia, al\u00e9m de deixar um tempo de respiro ap\u00f3s a sess\u00e3o. Nem tudo \u00e9 preciso ser feito durante os dias da semana, por isso, explore essa possibilidade ao pensar em quando ir\u00e1 fazer sua terapia.<\/p>\n<p><strong>LEIA MAIS: <a href=\"https:\/\/www.telavita.com.br\/blog\/tenho-transtorno-psicologico\/\">Ser\u00e1 que tenho algum transtorno psicol\u00f3gico?<\/a><\/strong><\/p>\n","protected":false},"excerpt":{"rendered":"<p>Para muitos, o agendamento acaba sendo uma das etapas mais demoradas do processo para iniciar uma terapia. Entretanto, ele n\u00e3o precisa ser dif\u00edcil. Uma das quest\u00f5es mais frequentes sobre o assunto \u00e9 em rela\u00e7\u00e3o a data para realizar o atendimento com o psic\u00f3logo e, portanto, estamos aqui para facilitar tal jornada. S\u00e3o v\u00e1rias as op\u00e7\u00f5es [&hellip;]<\/p>\n","protected":false},"author":11,"featured_media":7144,"comment_status":"open","ping_status":"open","sticky":false,"template":"","format":"standard","meta":{"_lmt_disableupdate":"","_lmt_disable":"","footnotes":""},"categories":[30],"tags":[],"yoast_head":"<!-- This site is optimized with the Yoast SEO plugin v19.8 - https:\/\/yoast.com\/wordpress\/plugins\/seo\/ -->\n<title>Descubra qual o melhor dia para fazer terapia l Telavita<\/title>\n<meta name=\"description\" content=\"Voc\u00ea est\u00e1 com d\u00favida sobre quando marcar a sua terapia? Entenda melhor como cada dia da semana pode influenciar o atendimento psicol\u00f3gico!\" \/>\n<meta name=\"robots\" content=\"index, follow, max-snippet:-1, max-image-preview:large, max-video-preview:-1\" \/>\n<link rel=\"canonical\" href=\"https:\/\/www.telavita.com.br\/blog\/melhor-dia-terapia\/\" \/>\n<meta property=\"og:locale\" content=\"pt_BR\" \/>\n<meta property=\"og:type\" content=\"article\" \/>\n<meta property=\"og:title\" content=\"Descubra qual o melhor dia para fazer terapia l Telavita\" \/>\n<meta property=\"og:description\" content=\"Voc\u00ea est\u00e1 com d\u00favida sobre quando marcar a sua terapia? Entenda melhor como cada dia da semana pode influenciar o atendimento psicol\u00f3gico!\" \/>\n<meta property=\"og:url\" content=\"https:\/\/www.telavita.com.br\/blog\/melhor-dia-terapia\/\" \/>\n<meta property=\"og:site_name\" content=\"Telavita\" \/>\n<meta property=\"article:publisher\" content=\"https:\/\/www.facebook.com\/Telavita\" \/>\n<meta property=\"article:published_time\" content=\"2021-04-23T20:55:56+00:00\" \/>\n<meta property=\"article:modified_time\" content=\"2021-04-23T19:14:14+00:00\" \/>\n<meta property=\"og:image\" content=\"https:\/\/www.telavita.com.br\/blog\/wp-content\/uploads\/2021\/04\/melhor-dia-terapia.jpg\" \/>\n\t<meta property=\"og:image:width\" content=\"1280\" \/>\n\t<meta property=\"og:image:height\" content=\"854\" \/>\n\t<meta property=\"og:image:type\" content=\"image\/jpeg\" \/>\n<meta name=\"author\" content=\"Telavita\" \/>\n<meta name=\"twitter:card\" content=\"summary_large_image\" \/>\n<meta name=\"twitter:label1\" content=\"Escrito por\" \/>\n\t<meta name=\"twitter:data1\" content=\"Telavita\" \/>\n\t<meta name=\"twitter:label2\" content=\"Est. tempo de leitura\" \/>\n\t<meta name=\"twitter:data2\" content=\"4 minutos\" \/>\n<!-- \/ Yoast SEO plugin. -->","yoast_head_json":{"title":"Descubra qual o melhor dia para fazer terapia l Telavita","description":"Voc\u00ea est\u00e1 com d\u00favida sobre quando marcar a sua terapia? Entenda melhor como cada dia da semana pode influenciar o atendimento psicol\u00f3gico!","robots":{"index":"index","follow":"follow","max-snippet":"max-snippet:-1","max-image-preview":"max-image-preview:large","max-video-preview":"max-video-preview:-1"},"canonical":"https:\/\/www.telavita.com.br\/blog\/melhor-dia-terapia\/","og_locale":"pt_BR","og_type":"article","og_title":"Descubra qual o melhor dia para fazer terapia l Telavita","og_description":"Voc\u00ea est\u00e1 com d\u00favida sobre quando marcar a sua terapia? Entenda melhor como cada dia da semana pode influenciar o atendimento psicol\u00f3gico!","og_url":"https:\/\/www.telavita.com.br\/blog\/melhor-dia-terapia\/","og_site_name":"Telavita","article_publisher":"https:\/\/www.facebook.com\/Telavita","article_published_time":"2021-04-23T20:55:56+00:00","article_modified_time":"2021-04-23T19:14:14+00:00","og_image":[{"width":1280,"height":854,"url":"https:\/\/www.telavita.com.br\/blog\/wp-content\/uploads\/2021\/04\/melhor-dia-terapia.jpg","type":"image\/jpeg"}],"author":"Telavita","twitter_card":"summary_large_image","twitter_misc":{"Escrito por":"Telavita","Est. tempo de leitura":"4 minutos"},"schema":{"@context":"https:\/\/schema.org","@graph":[{"@type":"Article","@id":"https:\/\/www.telavita.com.br\/blog\/melhor-dia-terapia\/#article","isPartOf":{"@id":"https:\/\/www.telavita.com.br\/blog\/melhor-dia-terapia\/"},"author":{"name":"Telavita","@id":"https:\/\/www.telavita.com.br\/blog\/#\/schema\/person\/365e554815ae72366924ab1f2b06fdaa"},"headline":"Qual o melhor dia para fazer terapia?","datePublished":"2021-04-23T20:55:56+00:00","dateModified":"2021-04-23T19:14:14+00:00","mainEntityOfPage":{"@id":"https:\/\/www.telavita.com.br\/blog\/melhor-dia-terapia\/"},"wordCount":789,"commentCount":0,"publisher":{"@id":"https:\/\/www.telavita.com.br\/blog\/#organization"},"articleSection":["Psicoterapia"],"inLanguage":"pt-BR","potentialAction":[{"@type":"CommentAction","name":"Comment","target":["https:\/\/www.telavita.com.br\/blog\/melhor-dia-terapia\/#respond"]}]},{"@type":"WebPage","@id":"https:\/\/www.telavita.com.br\/blog\/melhor-dia-terapia\/","url":"https:\/\/www.telavita.com.br\/blog\/melhor-dia-terapia\/","name":"Descubra qual o melhor dia para fazer terapia l Telavita","isPartOf":{"@id":"https:\/\/www.telavita.com.br\/blog\/#website"},"datePublished":"2021-04-23T20:55:56+00:00","dateModified":"2021-04-23T19:14:14+00:00","description":"Voc\u00ea est\u00e1 com d\u00favida sobre quando marcar a sua terapia? Entenda melhor como cada dia da semana pode influenciar o atendimento psicol\u00f3gico!","breadcrumb":{"@id":"https:\/\/www.telavita.com.br\/blog\/melhor-dia-terapia\/#breadcrumb"},"inLanguage":"pt-BR","potentialAction":[{"@type":"ReadAction","target":["https:\/\/www.telavita.com.br\/blog\/melhor-dia-terapia\/"]}]},{"@type":"BreadcrumbList","@id":"https:\/\/www.telavita.com.br\/blog\/melhor-dia-terapia\/#breadcrumb","itemListElement":[{"@type":"ListItem","position":1,"name":"In\u00edcio","item":"https:\/\/www.telavita.com.br\/blog\/"},{"@type":"ListItem","position":2,"name":"Qual o melhor dia para fazer terapia?"}]},{"@type":"WebSite","@id":"https:\/\/www.telavita.com.br\/blog\/#website","url":"https:\/\/www.telavita.com.br\/blog\/","name":"Telavita","description":"Conte\u00fados especializados sobre sa\u00fade mental e bem-estar","publisher":{"@id":"https:\/\/www.telavita.com.br\/blog\/#organization"},"potentialAction":[{"@type":"SearchAction","target":{"@type":"EntryPoint","urlTemplate":"https:\/\/www.telavita.com.br\/blog\/?s={search_term_string}"},"query-input":"required name=search_term_string"}],"inLanguage":"pt-BR"},{"@type":"Organization","@id":"https:\/\/www.telavita.com.br\/blog\/#organization","name":"Telavita","url":"https:\/\/www.telavita.com.br\/blog\/","sameAs":["https:\/\/www.linkedin.com\/company\/telavita\/mycompany\/verification\/","https:\/\/www.instagram.com\/telavita\/","https:\/\/www.facebook.com\/Telavita"],"logo":{"@type":"ImageObject","inLanguage":"pt-BR","@id":"https:\/\/www.telavita.com.br\/blog\/#\/schema\/logo\/image\/","url":"https:\/\/www.telavita.com.br\/blog\/wp-content\/uploads\/2021\/05\/telavita.jpg","contentUrl":"https:\/\/www.telavita.com.br\/blog\/wp-content\/uploads\/2021\/05\/telavita.jpg","width":200,"height":200,"caption":"Telavita"},"image":{"@id":"https:\/\/www.telavita.com.br\/blog\/#\/schema\/logo\/image\/"}},{"@type":"Person","@id":"https:\/\/www.telavita.com.br\/blog\/#\/schema\/person\/365e554815ae72366924ab1f2b06fdaa","name":"Telavita","image":{"@type":"ImageObject","inLanguage":"pt-BR","@id":"https:\/\/www.telavita.com.br\/blog\/#\/schema\/person\/image\/","url":"https:\/\/secure.gravatar.com\/avatar\/ac2e61ce00e3238eb646b649fdcae5e4?s=96&d=mm&r=g","contentUrl":"https:\/\/secure.gravatar.com\/avatar\/ac2e61ce00e3238eb646b649fdcae5e4?s=96&d=mm&r=g","caption":"Telavita"},"url":"https:\/\/www.telavita.com.br\/blog\/author\/telavita\/"}]}},"modified_by":null,"_links":{"self":[{"href":"https:\/\/www.telavita.com.br\/blog\/wp-json\/wp\/v2\/posts\/7142"}],"collection":[{"href":"https:\/\/www.telavita.com.br\/blog\/wp-json\/wp\/v2\/posts"}],"about":[{"href":"https:\/\/www.telavita.com.br\/blog\/wp-json\/wp\/v2\/types\/post"}],"author":[{"embeddable":true,"href":"https:\/\/www.telavita.com.br\/blog\/wp-json\/wp\/v2\/users\/11"}],"replies":[{"embeddable":true,"href":"https:\/\/www.telavita.com.br\/blog\/wp-json\/wp\/v2\/comments?post=7142"}],"version-history":[{"count":3,"href":"https:\/\/www.telavita.com.br\/blog\/wp-json\/wp\/v2\/posts\/7142\/revisions"}],"predecessor-version":[{"id":7146,"href":"https:\/\/www.telavita.com.br\/blog\/wp-json\/wp\/v2\/posts\/7142\/revisions\/7146"}],"wp:featuredmedia":[{"embeddable":true,"href":"https:\/\/www.telavita.com.br\/blog\/wp-json\/wp\/v2\/media\/7144"}],"wp:attachment":[{"href":"https:\/\/www.telavita.com.br\/blog\/wp-json\/wp\/v2\/media?parent=7142"}],"wp:term":[{"taxonomy":"category","embeddable":true,"href":"https:\/\/www.telavita.com.br\/blog\/wp-json\/wp\/v2\/categories?post=7142"},{"taxonomy":"post_tag","embeddable":true,"href":"https:\/\/www.telavita.com.br\/blog\/wp-json\/wp\/v2\/tags?post=7142"}],"curies":[{"name":"wp","href":"https:\/\/api.w.org\/{rel}","templated":true}]}}