{"id":7183,"date":"2021-06-04T08:29:04","date_gmt":"2021-06-04T11:29:04","guid":{"rendered":"https:\/\/www.telavita.com.br\/blog\/?p=7183"},"modified":"2021-06-02T15:58:07","modified_gmt":"2021-06-02T18:58:07","slug":"body-positive","status":"publish","type":"post","link":"https:\/\/www.telavita.com.br\/blog\/body-positive\/","title":{"rendered":"Body positive: a import\u00e2ncia do movimento na atualidade"},"content":{"rendered":"<p>Nosso corpo nos situa, ou seja, \u00e9 uma forma de ser e estar no mundo. Percebemos a tudo e a todos. A cultura nos constitui, assim como a constitu\u00edmos. Nosso corpo nos comp\u00f5e, assim como subjetivamente, compomos nosso corpo. N\u00e3o temos como nos separar dele.<\/p>\n<p>Por meio do corpo alcan\u00e7amos o mundo. Somos o nosso corpo no mundo. Nosso corpo \u00e9 condi\u00e7\u00e3o necess\u00e1ria para percebemos nosso campo de presen\u00e7a no mundo. O corpo nos situa, limita e demarca tornando poss\u00edvel a rela\u00e7\u00e3o com outros corpos. A subjetividade est\u00e1 tanto no corpo, como na pr\u00f3pria mente. Isto \u00e9, somos nosso corpo com os outros corpos no mundo.<\/p>\n<p>Percebemos nosso corpo n\u00e3o apenas como um objeto localizado no espa\u00e7o. O corpo \u00e9 a condi\u00e7\u00e3o necess\u00e1ria para perceber, sendo esse, o campo de presen\u00e7a no mundo. Ele nos situa, pois nos relaciona com o espa\u00e7o, tempo e outros seres. Ao mesmo tempo nos limita. Tal limite demarca, tornando poss\u00edvel a rela\u00e7\u00e3o com o outro. Atrav\u00e9s dele desenvolvemos posturas.<\/p>\n<p><strong>LEIA MAIS: <a href=\"https:\/\/www.telavita.com.br\/blog\/corpo-sibjetividade\/\">Corpo e subjetividade<\/a><\/strong><\/p>\n<p>Entretanto, algumas quest\u00f5es problem\u00e1ticas surgem quando a sociedade come\u00e7a a associar valores subjetivos aos valores est\u00e9ticos. Isto \u00e9, quando a beleza externa passa a ser compreendida como um reflexo direto da beleza interna.<\/p>\n<h2>A rela\u00e7\u00e3o com o corpo na atualidade<\/h2>\n<p>Na atualidade, quem n\u00e3o tem um corpo bronzeado, malhado, magro, lipoaspirado e siliconado, \u00e9 visto como algu\u00e9m que fracassou inclusive em outras dimens\u00f5es da vida, como finan\u00e7as, profiss\u00e3o, fam\u00edlia, vida sentimental, amizades, dentre outras. \u00c9 determinado culturalmente que tenhamos um visual de corpo igual a uma m\u00e1quina de produ\u00e7\u00e3o.<\/p>\n<p>Inclusive, as ci\u00eancias biom\u00e9dicas e demais mercados padronizadores fazem essa associa\u00e7\u00e3o. Desse modo, relacionam a obesidade com pregui\u00e7a, lentid\u00e3o, acomoda\u00e7\u00e3o, falta de sa\u00fade, baixa agilidade, pequena produtividade, falta de cuidado, desleixo, dificuldade de adapta\u00e7\u00e3o, falta de flexibilidade e predisposi\u00e7\u00e3o \u00e0 outras doen\u00e7as fatais.<\/p>\n<p>O culto ao corpo tem tido o objetivo de corporificar \u201cidentidades\u201d pautadas em modelos inalcan\u00e7\u00e1veis, em que cada um se torna individualmente respons\u00e1vel pelo corpo que possui. Quanto mais considerado apropriado, maior atribu\u00edda ser\u00e1 sua capacidade de autodisciplina e cuidado. A disciplina corporal cria corpos padronizados e subjetividades controladas.<\/p>\n<h3>O &#8220;problema&#8221; de estar fora do padr\u00e3o<\/h3>\n<p>As normas de funcionamento sociais, principalmente aquelas regidas pelos mercados capitalistas, est\u00e3o pautados na disposi\u00e7\u00e3o, rapidez, vigor, agilidade, produtividade, cuidado, flexibilidade, sa\u00fade, juventude e adapta\u00e7\u00e3o instant\u00e2nea. Ou seja, prop\u00f5em o oposto do que o corpo obeso simboliza socialmente.<\/p>\n<p>As ind\u00fastrias relacionadas ao emagrecimento, principalmente as que pertencem ao ramo da sa\u00fade, est\u00e9tica e moda, movimentam cifras bilion\u00e1rias no mundo inteiro em nome da \u201csa\u00fade e est\u00e9tica f\u00edsica ideal\u201d.<\/p>\n<p>Diferen\u00e7as de classe social, etnia, g\u00eanero e gera\u00e7\u00e3o, historicamente criadas tendem a ser percebidas como naturais e corporalmente vis\u00edveis. Por isso mesmo, modific\u00e1vel por meio de t\u00e9cnicas de adequa\u00e7\u00e3o corporal. O sistema socioecon\u00f4mico molda nossos corpos para que eles sejam extremamente produtivos e consumistas.<\/p>\n<p><strong>LEIA MAIS: <a href=\"https:\/\/www.telavita.com.br\/blog\/empoderamento-do-paciente\/\">O empoderamento do paciente<\/a><\/strong><\/p>\n<p>Desse modo, \u00e9 como se algu\u00e9m pudesse deixar de ser pobre, feio, obeso ou idoso apenas por meio de t\u00e9cnicas, cosm\u00e9ticos, drogas e cirurgias para se adequar ao \u201cpadr\u00e3o de sucesso\u201d. A ideia \u00e9 que o corpo considerado \u201cfora da forma\u201d padr\u00e3o \u00e9 o reflexo direto de uma alma que tamb\u00e9m est\u00e1 \u201cfora da forma\u201d padr\u00e3o.<\/p>\n<p>Entretanto, tais preconceitos geram problemas psicol\u00f3gicos, psiqui\u00e1tricos e, quando extremos, at\u00e9 resultam em homic\u00eddios e suic\u00eddios. Por conta disso, a retomada de uma narrativa capaz de abra\u00e7ar todos os tipos de corpos \u00e9 fundamental. Nesse contexto, aparece o <em>body positive<\/em>.<\/p>\n<h2>O que \u00e9<em> body positiv<\/em><em>e<\/em>?<\/h2>\n<p>A positividade corporal \u00e9 um movimento social focado em capacitar os indiv\u00edduos, n\u00e3o importa seu peso f\u00edsico ou tamanho, ao mesmo tempo em que desafia as formas como a sociedade apresenta e v\u00ea o corpo f\u00edsico. Tal pensamento defende a aceita\u00e7\u00e3o de todos os corpos, independentemente da capacidade f\u00edsica, tamanho, sexo, ra\u00e7a, etnia ou apar\u00eancia.<\/p>\n<p>O movimento <em>body positive<\/em> vem para resgatar a autoestima das pessoas discriminadas. Desse modo, prop\u00f5e que elas possam se ver e considerar os demais como seres totais e n\u00e3o apenas como meros peda\u00e7os de carnes e ossos. Portanto, fica a quest\u00e3o: quem somos n\u00f3s afinal? O processo de psicoterapia sempre pode ajudar nessa descoberta.<\/p>\n<p>Nesse sentido, \u00e9 interessante trazer os ensinamentos do fil\u00f3sofo franc\u00eas Maurice Merleau-Ponty. O autor traz que o corpo humano n\u00e3o deve ser entendido somente pelo ponto de vista objetivo cient\u00edfico, pois ele \u00e9 a base para a exist\u00eancia.<\/p>\n<p>Merleau-Ponty defende que n\u00e3o h\u00e1 separa\u00e7\u00e3o entre corpo e mente\/alma, mas sim coexist\u00eancia. Somos unidade \u00fanica, duplicidade una e unidade amb\u00edgua. O conceito de experi\u00eancia ainda define que somos consci\u00eancia entre aquilo que foi denominado de esp\u00edrito e o que foi apontado como mat\u00e9ria.<\/p>\n<p><strong>LEIA MAIS: <a href=\"https:\/\/www.telavita.com.br\/blog\/alimentacao-saudavel-na-saude-mental\/\">A influ\u00eancia da alimenta\u00e7\u00e3o saud\u00e1vel na sa\u00fade mental<\/a><\/strong><\/p>\n<p>Para Merleau-Ponty o corpo n\u00e3o \u00e9 um objeto. Quer se trate do corpo de algu\u00e9m quer se trate do pr\u00f3prio corpo. O \u00fanico modo de conhec\u00ea-lo \u00e9 vivenciando seu pr\u00f3prio drama e aquilo que lhe atravessa confundindo-se com ele.<\/p>\n<p>No plano pr\u00e9-reflexivo somos viv\u00eancia; no plano perceptivo, somos experi\u00eancia. Ora nos percebemos mais corpo, ora nos percebemos mais mente (conhecida tamb\u00e9m na filosofia como alma ou esp\u00edrito).<\/p>\n<p>Nesse sentido, o movimento <em>body positive<\/em> abra\u00e7a essa ideia. O corpo, independente de qual seja, \u00e9 v\u00e1lido e suficiente. Desse modo, a experi\u00eancia que algu\u00e9m possui com ele e a subjetividade que dar\u00e1 s\u00e3o aspectos que cada pessoa ir\u00e1 descobrir.<\/p>\n","protected":false},"excerpt":{"rendered":"<p>Nosso corpo nos situa, ou seja, \u00e9 uma forma de ser e estar no mundo. Percebemos a tudo e a todos. A cultura nos constitui, assim como a constitu\u00edmos. Nosso corpo nos comp\u00f5e, assim como subjetivamente, compomos nosso corpo. N\u00e3o temos como nos separar dele. Por meio do corpo alcan\u00e7amos o mundo. Somos o nosso [&hellip;]<\/p>\n","protected":false},"author":23,"featured_media":7185,"comment_status":"open","ping_status":"open","sticky":false,"template":"","format":"standard","meta":{"_lmt_disableupdate":"","_lmt_disable":"","footnotes":""},"categories":[273],"tags":[],"yoast_head":"<!-- This site is optimized with the Yoast SEO plugin v19.8 - https:\/\/yoast.com\/wordpress\/plugins\/seo\/ -->\n<title>Body positive: a import\u00e2ncia do movimento na atualidade l Telavita<\/title>\n<meta name=\"description\" content=\"O movimento body positive procura capacitar os indiv\u00edduos, n\u00e3o importa seu peso f\u00edsico ou tamanho, al\u00e9m de desafiar como a sociedade v\u00ea o corpo f\u00edsico\" \/>\n<meta name=\"robots\" content=\"index, follow, max-snippet:-1, max-image-preview:large, max-video-preview:-1\" \/>\n<link rel=\"canonical\" href=\"https:\/\/www.telavita.com.br\/blog\/body-positive\/\" \/>\n<meta property=\"og:locale\" content=\"pt_BR\" \/>\n<meta property=\"og:type\" content=\"article\" \/>\n<meta property=\"og:title\" content=\"Body positive: a import\u00e2ncia do movimento na atualidade l Telavita\" \/>\n<meta property=\"og:description\" content=\"O movimento body positive procura capacitar os indiv\u00edduos, n\u00e3o importa seu peso f\u00edsico ou tamanho, al\u00e9m de desafiar como a sociedade v\u00ea o corpo f\u00edsico\" \/>\n<meta property=\"og:url\" content=\"https:\/\/www.telavita.com.br\/blog\/body-positive\/\" \/>\n<meta property=\"og:site_name\" content=\"Telavita\" \/>\n<meta property=\"article:publisher\" content=\"https:\/\/www.facebook.com\/Telavita\" \/>\n<meta property=\"article:published_time\" content=\"2021-06-04T11:29:04+00:00\" \/>\n<meta property=\"article:modified_time\" content=\"2021-06-02T18:58:07+00:00\" \/>\n<meta property=\"og:image\" content=\"https:\/\/www.telavita.com.br\/blog\/wp-content\/uploads\/2021\/06\/body-positive.jpg\" \/>\n\t<meta property=\"og:image:width\" content=\"1280\" \/>\n\t<meta property=\"og:image:height\" content=\"854\" \/>\n\t<meta property=\"og:image:type\" content=\"image\/jpeg\" \/>\n<meta name=\"author\" content=\"Psic\u00f3logo Pedro Sammarco - CRP 06\/66066\" \/>\n<meta name=\"twitter:card\" content=\"summary_large_image\" \/>\n<meta name=\"twitter:label1\" content=\"Escrito por\" \/>\n\t<meta name=\"twitter:data1\" content=\"Psic\u00f3logo Pedro Sammarco - CRP 06\/66066\" \/>\n\t<meta name=\"twitter:label2\" content=\"Est. tempo de leitura\" \/>\n\t<meta name=\"twitter:data2\" content=\"5 minutos\" \/>\n<!-- \/ Yoast SEO plugin. -->","yoast_head_json":{"title":"Body positive: a import\u00e2ncia do movimento na atualidade l Telavita","description":"O movimento body positive procura capacitar os indiv\u00edduos, n\u00e3o importa seu peso f\u00edsico ou tamanho, al\u00e9m de desafiar como a sociedade v\u00ea o corpo f\u00edsico","robots":{"index":"index","follow":"follow","max-snippet":"max-snippet:-1","max-image-preview":"max-image-preview:large","max-video-preview":"max-video-preview:-1"},"canonical":"https:\/\/www.telavita.com.br\/blog\/body-positive\/","og_locale":"pt_BR","og_type":"article","og_title":"Body positive: a import\u00e2ncia do movimento na atualidade l Telavita","og_description":"O movimento body positive procura capacitar os indiv\u00edduos, n\u00e3o importa seu peso f\u00edsico ou tamanho, al\u00e9m de desafiar como a sociedade v\u00ea o corpo f\u00edsico","og_url":"https:\/\/www.telavita.com.br\/blog\/body-positive\/","og_site_name":"Telavita","article_publisher":"https:\/\/www.facebook.com\/Telavita","article_published_time":"2021-06-04T11:29:04+00:00","article_modified_time":"2021-06-02T18:58:07+00:00","og_image":[{"width":1280,"height":854,"url":"https:\/\/www.telavita.com.br\/blog\/wp-content\/uploads\/2021\/06\/body-positive.jpg","type":"image\/jpeg"}],"author":"Psic\u00f3logo Pedro Sammarco - CRP 06\/66066","twitter_card":"summary_large_image","twitter_misc":{"Escrito por":"Psic\u00f3logo Pedro Sammarco - CRP 06\/66066","Est. tempo de leitura":"5 minutos"},"schema":{"@context":"https:\/\/schema.org","@graph":[{"@type":"Article","@id":"https:\/\/www.telavita.com.br\/blog\/body-positive\/#article","isPartOf":{"@id":"https:\/\/www.telavita.com.br\/blog\/body-positive\/"},"author":{"name":"Psic\u00f3logo Pedro Sammarco - CRP 06\/66066","@id":"https:\/\/www.telavita.com.br\/blog\/#\/schema\/person\/9d155af6215571a918c103a7994e22dd"},"headline":"Body positive: a import\u00e2ncia do movimento na atualidade","datePublished":"2021-06-04T11:29:04+00:00","dateModified":"2021-06-02T18:58:07+00:00","mainEntityOfPage":{"@id":"https:\/\/www.telavita.com.br\/blog\/body-positive\/"},"wordCount":1000,"commentCount":0,"publisher":{"@id":"https:\/\/www.telavita.com.br\/blog\/#organization"},"articleSection":["Comportamento"],"inLanguage":"pt-BR","potentialAction":[{"@type":"CommentAction","name":"Comment","target":["https:\/\/www.telavita.com.br\/blog\/body-positive\/#respond"]}]},{"@type":"WebPage","@id":"https:\/\/www.telavita.com.br\/blog\/body-positive\/","url":"https:\/\/www.telavita.com.br\/blog\/body-positive\/","name":"Body positive: a import\u00e2ncia do movimento na atualidade l Telavita","isPartOf":{"@id":"https:\/\/www.telavita.com.br\/blog\/#website"},"datePublished":"2021-06-04T11:29:04+00:00","dateModified":"2021-06-02T18:58:07+00:00","description":"O movimento body positive procura capacitar os indiv\u00edduos, n\u00e3o importa seu peso f\u00edsico ou tamanho, al\u00e9m de desafiar como a sociedade v\u00ea o corpo f\u00edsico","breadcrumb":{"@id":"https:\/\/www.telavita.com.br\/blog\/body-positive\/#breadcrumb"},"inLanguage":"pt-BR","potentialAction":[{"@type":"ReadAction","target":["https:\/\/www.telavita.com.br\/blog\/body-positive\/"]}]},{"@type":"BreadcrumbList","@id":"https:\/\/www.telavita.com.br\/blog\/body-positive\/#breadcrumb","itemListElement":[{"@type":"ListItem","position":1,"name":"In\u00edcio","item":"https:\/\/www.telavita.com.br\/blog\/"},{"@type":"ListItem","position":2,"name":"Body positive: a import\u00e2ncia do movimento na atualidade"}]},{"@type":"WebSite","@id":"https:\/\/www.telavita.com.br\/blog\/#website","url":"https:\/\/www.telavita.com.br\/blog\/","name":"Telavita","description":"Conte\u00fados especializados sobre sa\u00fade mental e bem-estar","publisher":{"@id":"https:\/\/www.telavita.com.br\/blog\/#organization"},"potentialAction":[{"@type":"SearchAction","target":{"@type":"EntryPoint","urlTemplate":"https:\/\/www.telavita.com.br\/blog\/?s={search_term_string}"},"query-input":"required name=search_term_string"}],"inLanguage":"pt-BR"},{"@type":"Organization","@id":"https:\/\/www.telavita.com.br\/blog\/#organization","name":"Telavita","url":"https:\/\/www.telavita.com.br\/blog\/","sameAs":["https:\/\/www.linkedin.com\/company\/telavita\/mycompany\/verification\/","https:\/\/www.instagram.com\/telavita\/","https:\/\/www.facebook.com\/Telavita"],"logo":{"@type":"ImageObject","inLanguage":"pt-BR","@id":"https:\/\/www.telavita.com.br\/blog\/#\/schema\/logo\/image\/","url":"https:\/\/www.telavita.com.br\/blog\/wp-content\/uploads\/2021\/05\/telavita.jpg","contentUrl":"https:\/\/www.telavita.com.br\/blog\/wp-content\/uploads\/2021\/05\/telavita.jpg","width":200,"height":200,"caption":"Telavita"},"image":{"@id":"https:\/\/www.telavita.com.br\/blog\/#\/schema\/logo\/image\/"}},{"@type":"Person","@id":"https:\/\/www.telavita.com.br\/blog\/#\/schema\/person\/9d155af6215571a918c103a7994e22dd","name":"Psic\u00f3logo Pedro Sammarco - CRP 06\/66066","image":{"@type":"ImageObject","inLanguage":"pt-BR","@id":"https:\/\/www.telavita.com.br\/blog\/#\/schema\/person\/image\/","url":"https:\/\/secure.gravatar.com\/avatar\/ca6041da8ef8610c493f19e03c9ebfa4?s=96&d=mm&r=g","contentUrl":"https:\/\/secure.gravatar.com\/avatar\/ca6041da8ef8610c493f19e03c9ebfa4?s=96&d=mm&r=g","caption":"Psic\u00f3logo Pedro Sammarco - CRP 06\/66066"},"description":"Desde que me formei em Psicologia em 2002, j\u00e1 iniciei meus atendimentos em consult\u00f3rio, onde estou at\u00e9 hoje. Logo em seguida fiz cursos na \u00e1rea cl\u00ednica em Gestalt-Terapia e Psicoterapia Existencial. Dediquei-me tamb\u00e9m aos estudos de mestrado e doutorado voltados a Psicologia Social, Sexualidade e Envelhecimento. Al\u00e9m disso, sou plantonista volunt\u00e1rio do Centro de Valoriza\u00e7\u00e3o da Vida (CVV) desde 1998, prestando apoio emocional, ps\u00edquico e preven\u00e7\u00e3o do suic\u00eddio. \u00c9 importante mencionar que atuei cinco anos como Psic\u00f3logo Cl\u00ednico no Instituto de Psiquiatria do Hospital das Cl\u00ednicas da USP. Quando solicitado, palestro em escolas, ONGs, etc. Em 2013 lancei o livro \"Travestis Envelhecem?\" e em 2017 o meu segundo, intitulado \"Homofobia Internalizada: o preconceito do homossexual contra si mesmo\" ambos pela editora Annablume. Atuo como Psic\u00f3logo volunt\u00e1rio em uma ONG que presta amparo ao LGBTQIAP + idoso dentre outras. Tamb\u00e9m leciono no Centro Universit\u00e1rio S\u00e3o Roque. Atendimento a partir dos 18 anos de idade.","url":"https:\/\/www.telavita.com.br\/blog\/author\/pedro-sammarco\/"}]}},"modified_by":null,"_links":{"self":[{"href":"https:\/\/www.telavita.com.br\/blog\/wp-json\/wp\/v2\/posts\/7183"}],"collection":[{"href":"https:\/\/www.telavita.com.br\/blog\/wp-json\/wp\/v2\/posts"}],"about":[{"href":"https:\/\/www.telavita.com.br\/blog\/wp-json\/wp\/v2\/types\/post"}],"author":[{"embeddable":true,"href":"https:\/\/www.telavita.com.br\/blog\/wp-json\/wp\/v2\/users\/23"}],"replies":[{"embeddable":true,"href":"https:\/\/www.telavita.com.br\/blog\/wp-json\/wp\/v2\/comments?post=7183"}],"version-history":[{"count":4,"href":"https:\/\/www.telavita.com.br\/blog\/wp-json\/wp\/v2\/posts\/7183\/revisions"}],"predecessor-version":[{"id":7189,"href":"https:\/\/www.telavita.com.br\/blog\/wp-json\/wp\/v2\/posts\/7183\/revisions\/7189"}],"wp:featuredmedia":[{"embeddable":true,"href":"https:\/\/www.telavita.com.br\/blog\/wp-json\/wp\/v2\/media\/7185"}],"wp:attachment":[{"href":"https:\/\/www.telavita.com.br\/blog\/wp-json\/wp\/v2\/media?parent=7183"}],"wp:term":[{"taxonomy":"category","embeddable":true,"href":"https:\/\/www.telavita.com.br\/blog\/wp-json\/wp\/v2\/categories?post=7183"},{"taxonomy":"post_tag","embeddable":true,"href":"https:\/\/www.telavita.com.br\/blog\/wp-json\/wp\/v2\/tags?post=7183"}],"curies":[{"name":"wp","href":"https:\/\/api.w.org\/{rel}","templated":true}]}}