{"id":731,"date":"2019-04-11T11:29:46","date_gmt":"2019-04-11T14:29:46","guid":{"rendered":"https:\/\/www.telavita.com.br\/blog\/?p=731"},"modified":"2024-04-19T15:41:20","modified_gmt":"2024-04-19T18:41:20","slug":"depressao-pos-aborto","status":"publish","type":"post","link":"https:\/\/www.telavita.com.br\/blog\/depressao-pos-aborto\/","title":{"rendered":"Como lidar com a depress\u00e3o p\u00f3s-aborto e a import\u00e2ncia do acompanhamento psicol\u00f3gico"},"content":{"rendered":"<p><span style=\"font-weight: 400;\">A depress\u00e3o p\u00f3s-aborto \u00e9 um problema de sa\u00fade mental que afeta algumas mulheres ap\u00f3s um aborto. \u00c9 caracterizada por sentimentos de tristeza, culpa, remorso, raiva, ansiedade e solid\u00e3o.<\/span><\/p>\n<p><span style=\"font-weight: 400;\">Sendo assim, nesses casos, a mente da mulher fica abalada por n\u00e3o haver contato com o filho t\u00e3o aguardado e a recupera\u00e7\u00e3o \u00e9 dif\u00edcil. No entanto, \u00e9 comum surgir a dificuldade de lidar com a situa\u00e7\u00e3o, <\/span><b>principalmente quando o aborto \u00e9 espont\u00e2neo e n\u00e3o planejado.<\/b><\/p>\n<h2><b>O impacto do aborto espont\u00e2neo na mulher gr\u00e1vida<\/b><\/h2>\n<p><span style=\"font-weight: 400;\">A palavra aborto tem o significado de <\/span><i><span style=\"font-weight: 400;\">&#8220;descontinua\u00e7\u00e3o dolosa da prenhez, com ou sem expuls\u00e3o do feto, da qual resulta a morte do nascituro&#8221;<\/span><\/i><span style=\"font-weight: 400;\">. Ele provoca impacto na personalidade da mulher, resultando em sentimentos fortes de culpa e tristeza, por isso, \u00e9 fundamental tomar alguns<\/span><a href=\"https:\/\/www.telavita.com.br\/blog\/acompanhamento-psicologico-aborto\/\"> <b>cuidados ap\u00f3s o aborto<\/b><\/a><span style=\"font-weight: 400;\">.<\/span><\/p>\n<p><span style=\"font-weight: 400;\">A <\/span><b>perda gestacional <\/b><span style=\"font-weight: 400;\">pode levar a sentimentos de tristeza, choque, raiva, culpa e confus\u00e3o. A mulher pode sentir-se como se tivesse perdido algo que era parte dela, bem como uma sensa\u00e7\u00e3o de vazio ou desespero. Ela pode ter dificuldades em lidar com a perda e se sentir isolada, com dificuldade em se comunicar com outras pessoas.<\/span><\/p>\n<p><span style=\"font-weight: 400;\">As dores ap\u00f3s aborto, sejam elas de qualquer esfera, merecem aten\u00e7\u00e3o, pois a paciente pode passar pelo penoso<\/span><b> processo de aceita\u00e7\u00e3o<\/b><span style=\"font-weight: 400;\"> em sil\u00eancio, e, muitas vezes, como consequ\u00eancia, n\u00e3o conseguir\u00e1 superar essa fase.<\/span><\/p>\n<h2><b>A expectativa em ser m\u00e3e<\/b><\/h2>\n<p><span style=\"font-weight: 400;\">A <\/span><a href=\"https:\/\/www.telavita.com.br\/blog\/mae\/\"><b>expectativa em ser m\u00e3e<\/b><\/a><span style=\"font-weight: 400;\"> traz uma emo\u00e7\u00e3o inexplic\u00e1vel. Saber que voc\u00ea pode gerar e ajudar a construir uma vida \u00e9 algo que nenhuma palavra consegue descrever. No entanto, desde o primeiro m\u00eas, ou desde que se descobre a gravidez, nasce um turbilh\u00e3o de sentimentos: <\/span><b>medo, ansiedade, alegria e questionamentos.\u00a0<\/b><\/p>\n<p><span style=\"font-weight: 400;\">Dentre os sentimentos mais pertinentes, a preocupa\u00e7\u00e3o m\u00e9dica \u00e9 o fator primordial junto ao acompanhamento do pr\u00e9-natal e da sa\u00fade do beb\u00ea. A curiosidade cresce e acima de tudo o psicol\u00f3gico de <\/span><a href=\"https:\/\/www.telavita.com.br\/blog\/ansiedade-na-gravidez\/\"><b>ansiedade da nova mam\u00e3e para ter seu filho.<\/b><\/a><\/p>\n<p><span style=\"font-weight: 400;\">Al\u00e9m disso,<\/span><b> a cada dia o corpo sofre mudan\u00e7as e fica extremamente sens\u00edvel.<\/b><span style=\"font-weight: 400;\"> Novos comportamentos e vontades s\u00e3o desenvolvidos e \u00e9 preciso aprender a conviver com eles. Contudo, a gravidez significa que a mulher n\u00e3o vive mais somente por ela. Inicia-se assim, uma grande jornada de afeto e carinho com a vida que est\u00e1 para chegar.<\/span><\/p>\n<h2><b>O sonho interrompido<\/b><\/h2>\n<p><span style=\"font-weight: 400;\">Algo n\u00e3o parece muito bem, e acontece o que ningu\u00e9m esperava: <\/span><b>o aborto! <\/b><span style=\"font-weight: 400;\">O efeito causado por esse fato n\u00e3o depende do per\u00edodo gestacional, e sim da espera e liga\u00e7\u00e3o sentimental da m\u00e3e com o futuro filho.\u00a0<\/span><\/p>\n<p><span style=\"font-weight: 400;\">O aborto \u00e9 o come\u00e7o de v\u00e1rios e s\u00e9rios <\/span><b>problemas psicol\u00f3gicos. <\/b><span style=\"font-weight: 400;\">Entretanto, a m\u00e3e \u00e0s vezes assume para si um papel de assassina do seu pr\u00f3prio filho, o que gera um turbilh\u00e3o de fortes sentimentos de extrema dor, ang\u00fastia, medo, raiva, tristeza e culpa.\u00a0<\/span><\/p>\n<p><span style=\"font-weight: 400;\">Quando um <\/span><a href=\"https:\/\/www.telavita.com.br\/blog\/7-coisas-sobre-aborto\/\"><span style=\"font-weight: 400;\">a<\/span><b>borto espont\u00e2neo<\/b><\/a><span style=\"font-weight: 400;\"> acontece, Inicia-se ent\u00e3o, o questionamento do <\/span><b>porqu\u00ea aquilo aconteceu.<\/b><span style=\"font-weight: 400;\"> Desta forma, um <\/span><a href=\"https:\/\/www.telavita.com.br\/blog\/tristeza-profunda\/\"><b>excesso de tristeza<\/b><\/a><span style=\"font-weight: 400;\"> toma conta do corpo por n\u00e3o crer que de fato a situa\u00e7\u00e3o ocorreu.<\/span><\/p>\n<h2><b>Sintomas p\u00f3s-aborto<\/b><\/h2>\n<p><span style=\"font-weight: 400;\">Na maioria dos casos, as mulheres costumam apresentar sintomas de <\/span><b>depress\u00e3o e ansiedade <\/b><span style=\"font-weight: 400;\">e o <\/span><a href=\"https:\/\/www.telavita.com.br\/blog\/melhor-maneira-de-lidar-com-o-luto\/\"><b>per\u00edodo de luto<\/b><\/a><span style=\"font-weight: 400;\"> pode variar dependendo das condi\u00e7\u00f5es psicol\u00f3gicas de cada pessoa.<\/span><\/p>\n<p><span style=\"font-weight: 400;\">Os <\/span><b>sintomas ap\u00f3s aborto<\/b><span style=\"font-weight: 400;\"> que ser\u00e3o listados abaixo s\u00e3o comuns em um per\u00edodo de p\u00f3s perda gestacional e aceita\u00e7\u00e3o, mas n\u00e3o devem persistir. Como n\u00e3o h\u00e1 uma forma de prever quanto tempo ir\u00e1 durar, o essencial \u00e9 buscar por aux\u00edlio psicol\u00f3gico no momento em que se passa pelo trauma.<\/span><\/p>\n<h3><b>Mudan\u00e7as no comportamento<\/b><\/h3>\n<ul>\n<li style=\"font-weight: 400;\" aria-level=\"1\"><span style=\"font-weight: 400;\">Momentos de choro;<\/span><\/li>\n<li style=\"font-weight: 400;\" aria-level=\"1\"><span style=\"font-weight: 400;\">Isolamento;<\/span><\/li>\n<li style=\"font-weight: 400;\" aria-level=\"1\"><span style=\"font-weight: 400;\">Inquieta\u00e7\u00e3o;<\/span><\/li>\n<li style=\"font-weight: 400;\" aria-level=\"1\"><span style=\"font-weight: 400;\">Cansa\u00e7o sem explica\u00e7\u00e3o.<\/span><\/li>\n<\/ul>\n<h3><b>Manifesta\u00e7\u00f5es emocionais<\/b><\/h3>\n<ul>\n<li style=\"font-weight: 400;\" aria-level=\"1\"><span style=\"font-weight: 400;\">Sentimento de desamparo;<\/span><\/li>\n<li style=\"font-weight: 400;\" aria-level=\"1\"><span style=\"font-weight: 400;\">Desespero;<\/span><\/li>\n<li style=\"font-weight: 400;\" aria-level=\"1\"><span style=\"font-weight: 400;\">Culpa;<\/span><\/li>\n<li style=\"font-weight: 400;\" aria-level=\"1\"><span style=\"font-weight: 400;\">Nervosismo;<\/span><\/li>\n<li style=\"font-weight: 400;\" aria-level=\"1\"><span style=\"font-weight: 400;\">Ansiedade;<\/span><\/li>\n<li style=\"font-weight: 400;\" aria-level=\"1\"><span style=\"font-weight: 400;\">Solid\u00e3o;<\/span><\/li>\n<li style=\"font-weight: 400;\" aria-level=\"1\"><span style=\"font-weight: 400;\">Tristeza;<\/span><\/li>\n<li style=\"font-weight: 400;\" aria-level=\"1\"><span style=\"font-weight: 400;\">Apatia.<\/span><\/li>\n<\/ul>\n<h3><b>Altera\u00e7\u00f5es f\u00edsicas<\/b><\/h3>\n<ul>\n<li style=\"font-weight: 400;\" aria-level=\"1\"><span style=\"font-weight: 400;\">Ins\u00f4nia;<\/span><\/li>\n<li style=\"font-weight: 400;\" aria-level=\"1\"><span style=\"font-weight: 400;\">Falta de apetite;<\/span><\/li>\n<li style=\"font-weight: 400;\" aria-level=\"1\"><span style=\"font-weight: 400;\">Uma grande frequ\u00eancia de queixas.<\/span><\/li>\n<\/ul>\n<h3><b>Altera\u00e7\u00f5es cognitivas<\/b><\/h3>\n<ul>\n<li style=\"font-weight: 400;\" aria-level=\"1\"><span style=\"font-weight: 400;\">Problemas na mem\u00f3ria;<\/span><\/li>\n<li style=\"font-weight: 400;\" aria-level=\"1\"><span style=\"font-weight: 400;\">Problemas com a autoestima;<\/span><\/li>\n<li style=\"font-weight: 400;\" aria-level=\"1\"><span style=\"font-weight: 400;\">N\u00e3o conseguir se concentrar;<\/span><\/li>\n<li style=\"font-weight: 400;\" aria-level=\"1\"><span style=\"font-weight: 400;\">Alucina\u00e7\u00f5es visuais ou auditivas com crian\u00e7as.<\/span><\/li>\n<\/ul>\n<h2><b>Buscando ajuda e se recuperando<\/b><\/h2>\n<p><span style=\"font-weight: 400;\">Devido aos impactos apontados acima, reafirmamos a import\u00e2ncia da mulher receber um <\/span><a href=\"https:\/\/www.telavita.com.br\/blog\/acompanhamento-psicologico-aborto\/\"><b>tratamento psicol\u00f3gico<\/b><\/a><span style=\"font-weight: 400;\"> quando se depara com esse tipo de situa\u00e7\u00e3o.Visto que muitas mulheres acabam tendo depress\u00e3o p\u00f3s-aborto,<\/span> <span style=\"font-weight: 400;\">a figura do psic\u00f3logo \u00e9 fundamental para tratar dos transtornos que surgem por conta do ocorrido.<\/span><\/p>\n<p><span style=\"font-weight: 400;\">Para as mulheres, <\/span><b>\u00e9 preciso se permitir receber ajuda e viver a cada momento do luto<\/b><span style=\"font-weight: 400;\">, pois s\u00f3 isso ir\u00e1 facilitar a supera\u00e7\u00e3o. A mulher que n\u00e3o passa pela ang\u00fastia n\u00e3o consegue seguir, e futuramente pode n\u00e3o ter o desejo de outro filho.<\/span><\/p>\n<p><span style=\"font-weight: 400;\">Para as pessoas que convivem com a m\u00e3e, ou\u00e7a ela e converse sobre o assunto. <\/span><b>Evite dizer frases do tipo &#8220;foi melhor assim&#8221;<\/b><span style=\"font-weight: 400;\">, porque a mulher que passa por isso n\u00e3o ir\u00e1 entender o seu posicionamento e ficar\u00e1 magoada.\u00a0<\/span><\/p>\n<h2><b>Tratamento psicol\u00f3gico para depress\u00e3o p\u00f3s-aborto<\/b><\/h2>\n<p><span style=\"font-weight: 400;\">Seja para ajudar na depress\u00e3o p\u00f3s-aborto ou para entender a situa\u00e7\u00e3o real de uma gravidez ap\u00f3s um aborto, <\/span><a href=\"https:\/\/www.telavita.com.br\/blog\/diferenca-conversar-psicologo-e-amigo\/\"><b>falar sobre o tema com um profissional torna o tema mais real.<\/b><\/a><span style=\"font-weight: 400;\"> Sendo assim, \u00e9 poss\u00edvel reestruturar o modo em que a pessoa vivia antes e se recuperar diante das adversidades.<\/span><\/p>\n<p><span style=\"font-weight: 400;\">Para esse tipo de acontecimento, falar e ser ouvido \u00e9 o melhor rem\u00e9dio. Reprimir sentimentos e posicionamentos n\u00e3o ir\u00e1 ajudar em nenhum ponto na recupera\u00e7\u00e3o. O aborto \u00e9 um assunto muito delicado que traz desconforto psicol\u00f3gico. \u00c9 algo inesperado que, consequentemente, evolui os sentimentos negativos e <\/span><b>precisa de aten\u00e7\u00e3o.<\/b><\/p>\n<p><span style=\"font-weight: 400;\"><span class='mb-center maxbutton-4-center'><span class='maxbutton-4-container mb-container'><a class=\"maxbutton-4 maxbutton maxbutton-manda-para-o-catalogo-de-psicologos\" href=\"https:\/\/app.telavita.com.br\/psicologia-online\/encontre-seu-psicologo\"><span class='mb-text'>Encontre seu psic\u00f3logo online<\/span><\/a><\/span><\/span><\/span><\/p>\n","protected":false},"excerpt":{"rendered":"<p>A depress\u00e3o p\u00f3s-aborto \u00e9 um problema de sa\u00fade mental que afeta algumas mulheres ap\u00f3s um aborto. \u00c9 caracterizada por sentimentos de tristeza, culpa, remorso, raiva, ansiedade e solid\u00e3o. Sendo assim, nesses casos, a mente da mulher fica abalada por n\u00e3o haver contato com o filho t\u00e3o aguardado e a recupera\u00e7\u00e3o \u00e9 dif\u00edcil. No entanto, \u00e9 [&hellip;]<\/p>\n","protected":false},"author":11,"featured_media":742,"comment_status":"open","ping_status":"open","sticky":false,"template":"","format":"standard","meta":{"_lmt_disableupdate":"","_lmt_disable":"","footnotes":""},"categories":[32],"tags":[],"yoast_head":"<!-- This site is optimized with the Yoast SEO plugin v19.8 - https:\/\/yoast.com\/wordpress\/plugins\/seo\/ -->\n<title>Como lidar com uma depress\u00e3o p\u00f3s-aborto? | Telavita<\/title>\n<meta name=\"description\" content=\"Perder um filho ainda na barriga \u00e9 uma dor indescrit\u00edvel. Saiba o que fazer quando algu\u00e9m est\u00e1 passando por uma depress\u00e3o p\u00f3s-aborto.\" \/>\n<meta name=\"robots\" content=\"index, follow, max-snippet:-1, max-image-preview:large, max-video-preview:-1\" \/>\n<link rel=\"canonical\" href=\"https:\/\/www.telavita.com.br\/blog\/depressao-pos-aborto\/\" \/>\n<meta property=\"og:locale\" content=\"pt_BR\" \/>\n<meta property=\"og:type\" content=\"article\" \/>\n<meta property=\"og:title\" content=\"Como lidar com uma depress\u00e3o p\u00f3s-aborto? | Telavita\" \/>\n<meta property=\"og:description\" content=\"Perder um filho ainda na barriga \u00e9 uma dor indescrit\u00edvel. Saiba o que fazer quando algu\u00e9m est\u00e1 passando por uma depress\u00e3o p\u00f3s-aborto.\" \/>\n<meta property=\"og:url\" content=\"https:\/\/www.telavita.com.br\/blog\/depressao-pos-aborto\/\" \/>\n<meta property=\"og:site_name\" content=\"Telavita\" \/>\n<meta property=\"article:publisher\" content=\"https:\/\/www.facebook.com\/Telavita\" \/>\n<meta property=\"article:published_time\" content=\"2019-04-11T14:29:46+00:00\" \/>\n<meta property=\"article:modified_time\" content=\"2024-04-19T18:41:20+00:00\" \/>\n<meta property=\"og:image\" content=\"https:\/\/www.telavita.com.br\/blog\/wp-content\/uploads\/2017\/08\/depressao-aborto.jpg\" \/>\n\t<meta property=\"og:image:width\" content=\"900\" \/>\n\t<meta property=\"og:image:height\" content=\"560\" \/>\n\t<meta property=\"og:image:type\" content=\"image\/jpeg\" \/>\n<meta name=\"author\" content=\"Telavita\" \/>\n<meta name=\"twitter:card\" content=\"summary_large_image\" \/>\n<meta name=\"twitter:label1\" content=\"Escrito por\" \/>\n\t<meta name=\"twitter:data1\" content=\"Telavita\" \/>\n\t<meta name=\"twitter:label2\" content=\"Est. tempo de leitura\" \/>\n\t<meta name=\"twitter:data2\" content=\"5 minutos\" \/>\n<!-- \/ Yoast SEO plugin. -->","yoast_head_json":{"title":"Como lidar com uma depress\u00e3o p\u00f3s-aborto? | Telavita","description":"Perder um filho ainda na barriga \u00e9 uma dor indescrit\u00edvel. Saiba o que fazer quando algu\u00e9m est\u00e1 passando por uma depress\u00e3o p\u00f3s-aborto.","robots":{"index":"index","follow":"follow","max-snippet":"max-snippet:-1","max-image-preview":"max-image-preview:large","max-video-preview":"max-video-preview:-1"},"canonical":"https:\/\/www.telavita.com.br\/blog\/depressao-pos-aborto\/","og_locale":"pt_BR","og_type":"article","og_title":"Como lidar com uma depress\u00e3o p\u00f3s-aborto? | Telavita","og_description":"Perder um filho ainda na barriga \u00e9 uma dor indescrit\u00edvel. Saiba o que fazer quando algu\u00e9m est\u00e1 passando por uma depress\u00e3o p\u00f3s-aborto.","og_url":"https:\/\/www.telavita.com.br\/blog\/depressao-pos-aborto\/","og_site_name":"Telavita","article_publisher":"https:\/\/www.facebook.com\/Telavita","article_published_time":"2019-04-11T14:29:46+00:00","article_modified_time":"2024-04-19T18:41:20+00:00","og_image":[{"width":900,"height":560,"url":"https:\/\/www.telavita.com.br\/blog\/wp-content\/uploads\/2017\/08\/depressao-aborto.jpg","type":"image\/jpeg"}],"author":"Telavita","twitter_card":"summary_large_image","twitter_misc":{"Escrito por":"Telavita","Est. tempo de leitura":"5 minutos"},"schema":{"@context":"https:\/\/schema.org","@graph":[{"@type":"Article","@id":"https:\/\/www.telavita.com.br\/blog\/depressao-pos-aborto\/#article","isPartOf":{"@id":"https:\/\/www.telavita.com.br\/blog\/depressao-pos-aborto\/"},"author":{"name":"Telavita","@id":"https:\/\/www.telavita.com.br\/blog\/#\/schema\/person\/365e554815ae72366924ab1f2b06fdaa"},"headline":"Como lidar com a depress\u00e3o p\u00f3s-aborto e a import\u00e2ncia do acompanhamento psicol\u00f3gico","datePublished":"2019-04-11T14:29:46+00:00","dateModified":"2024-04-19T18:41:20+00:00","mainEntityOfPage":{"@id":"https:\/\/www.telavita.com.br\/blog\/depressao-pos-aborto\/"},"wordCount":971,"commentCount":0,"publisher":{"@id":"https:\/\/www.telavita.com.br\/blog\/#organization"},"articleSection":["Transtornos Psicol\u00f3gicos"],"inLanguage":"pt-BR","potentialAction":[{"@type":"CommentAction","name":"Comment","target":["https:\/\/www.telavita.com.br\/blog\/depressao-pos-aborto\/#respond"]}]},{"@type":"WebPage","@id":"https:\/\/www.telavita.com.br\/blog\/depressao-pos-aborto\/","url":"https:\/\/www.telavita.com.br\/blog\/depressao-pos-aborto\/","name":"Como lidar com uma depress\u00e3o p\u00f3s-aborto? | Telavita","isPartOf":{"@id":"https:\/\/www.telavita.com.br\/blog\/#website"},"datePublished":"2019-04-11T14:29:46+00:00","dateModified":"2024-04-19T18:41:20+00:00","description":"Perder um filho ainda na barriga \u00e9 uma dor indescrit\u00edvel. Saiba o que fazer quando algu\u00e9m est\u00e1 passando por uma depress\u00e3o p\u00f3s-aborto.","breadcrumb":{"@id":"https:\/\/www.telavita.com.br\/blog\/depressao-pos-aborto\/#breadcrumb"},"inLanguage":"pt-BR","potentialAction":[{"@type":"ReadAction","target":["https:\/\/www.telavita.com.br\/blog\/depressao-pos-aborto\/"]}]},{"@type":"BreadcrumbList","@id":"https:\/\/www.telavita.com.br\/blog\/depressao-pos-aborto\/#breadcrumb","itemListElement":[{"@type":"ListItem","position":1,"name":"In\u00edcio","item":"https:\/\/www.telavita.com.br\/blog\/"},{"@type":"ListItem","position":2,"name":"Como lidar com a depress\u00e3o p\u00f3s-aborto e a import\u00e2ncia do acompanhamento psicol\u00f3gico"}]},{"@type":"WebSite","@id":"https:\/\/www.telavita.com.br\/blog\/#website","url":"https:\/\/www.telavita.com.br\/blog\/","name":"Telavita","description":"Conte\u00fados especializados sobre sa\u00fade mental e bem-estar","publisher":{"@id":"https:\/\/www.telavita.com.br\/blog\/#organization"},"potentialAction":[{"@type":"SearchAction","target":{"@type":"EntryPoint","urlTemplate":"https:\/\/www.telavita.com.br\/blog\/?s={search_term_string}"},"query-input":"required name=search_term_string"}],"inLanguage":"pt-BR"},{"@type":"Organization","@id":"https:\/\/www.telavita.com.br\/blog\/#organization","name":"Telavita","url":"https:\/\/www.telavita.com.br\/blog\/","sameAs":["https:\/\/www.linkedin.com\/company\/telavita\/mycompany\/verification\/","https:\/\/www.instagram.com\/telavita\/","https:\/\/www.facebook.com\/Telavita"],"logo":{"@type":"ImageObject","inLanguage":"pt-BR","@id":"https:\/\/www.telavita.com.br\/blog\/#\/schema\/logo\/image\/","url":"https:\/\/www.telavita.com.br\/blog\/wp-content\/uploads\/2021\/05\/telavita.jpg","contentUrl":"https:\/\/www.telavita.com.br\/blog\/wp-content\/uploads\/2021\/05\/telavita.jpg","width":200,"height":200,"caption":"Telavita"},"image":{"@id":"https:\/\/www.telavita.com.br\/blog\/#\/schema\/logo\/image\/"}},{"@type":"Person","@id":"https:\/\/www.telavita.com.br\/blog\/#\/schema\/person\/365e554815ae72366924ab1f2b06fdaa","name":"Telavita","image":{"@type":"ImageObject","inLanguage":"pt-BR","@id":"https:\/\/www.telavita.com.br\/blog\/#\/schema\/person\/image\/","url":"https:\/\/secure.gravatar.com\/avatar\/ac2e61ce00e3238eb646b649fdcae5e4?s=96&d=mm&r=g","contentUrl":"https:\/\/secure.gravatar.com\/avatar\/ac2e61ce00e3238eb646b649fdcae5e4?s=96&d=mm&r=g","caption":"Telavita"},"url":"https:\/\/www.telavita.com.br\/blog\/author\/telavita\/"}]}},"modified_by":"Sarah Rocha","_links":{"self":[{"href":"https:\/\/www.telavita.com.br\/blog\/wp-json\/wp\/v2\/posts\/731"}],"collection":[{"href":"https:\/\/www.telavita.com.br\/blog\/wp-json\/wp\/v2\/posts"}],"about":[{"href":"https:\/\/www.telavita.com.br\/blog\/wp-json\/wp\/v2\/types\/post"}],"author":[{"embeddable":true,"href":"https:\/\/www.telavita.com.br\/blog\/wp-json\/wp\/v2\/users\/11"}],"replies":[{"embeddable":true,"href":"https:\/\/www.telavita.com.br\/blog\/wp-json\/wp\/v2\/comments?post=731"}],"version-history":[{"count":18,"href":"https:\/\/www.telavita.com.br\/blog\/wp-json\/wp\/v2\/posts\/731\/revisions"}],"predecessor-version":[{"id":8650,"href":"https:\/\/www.telavita.com.br\/blog\/wp-json\/wp\/v2\/posts\/731\/revisions\/8650"}],"wp:featuredmedia":[{"embeddable":true,"href":"https:\/\/www.telavita.com.br\/blog\/wp-json\/wp\/v2\/media\/742"}],"wp:attachment":[{"href":"https:\/\/www.telavita.com.br\/blog\/wp-json\/wp\/v2\/media?parent=731"}],"wp:term":[{"taxonomy":"category","embeddable":true,"href":"https:\/\/www.telavita.com.br\/blog\/wp-json\/wp\/v2\/categories?post=731"},{"taxonomy":"post_tag","embeddable":true,"href":"https:\/\/www.telavita.com.br\/blog\/wp-json\/wp\/v2\/tags?post=731"}],"curies":[{"name":"wp","href":"https:\/\/api.w.org\/{rel}","templated":true}]}}