{"id":7488,"date":"2021-09-24T15:47:36","date_gmt":"2021-09-24T18:47:36","guid":{"rendered":"https:\/\/www.telavita.com.br\/blog\/?p=7488"},"modified":"2024-04-19T15:41:09","modified_gmt":"2024-04-19T18:41:09","slug":"retorno-presencial-saude-mental","status":"publish","type":"post","link":"https:\/\/www.telavita.com.br\/blog\/retorno-presencial-saude-mental\/","title":{"rendered":"O impacto do retorno presencial ao trabalho na sa\u00fade mental"},"content":{"rendered":"<p><span style=\"font-weight: 400;\">A pandemia apresentou uma nova realidade no mundo. A vida pessoal,<\/span><b> o trabalho e as intera\u00e7\u00f5es sociais sofreram mudan\u00e7as dr\u00e1sticas<\/b><span style=\"font-weight: 400;\">, entretanto, trouxe impactos ineg\u00e1veis com o retorno presencial ao trabalho.<\/span><\/p>\n<p><span style=\"font-weight: 400;\">Ap\u00f3s a quarentena, muitos continuaram a produzir presencialmente, mas boa parte adotou o sistema de trabalho remoto<\/span><b>. <\/b><span style=\"font-weight: 400;\">Ent\u00e3o, resta uma quest\u00e3o sobre <\/span><b>como ser\u00e1 esse novo momento p\u00f3s-pandemia. <\/b><span style=\"font-weight: 400;\">Por conta disso, precisamos falar sobre o retorno gradual \u00e0s atividades presenciais e, principalmente, sobre a rela\u00e7\u00e3o das pessoas com os pr\u00f3prios empregos.\u00a0<\/span><\/p>\n<h2><b>A adapta\u00e7\u00e3o ao trabalho remoto<\/b><\/h2>\n<p><span style=\"font-weight: 400;\">De acordo com uma<\/span><a href=\"https:\/\/www.mckinsey.com.br\/our-insights\/what-executives-are-saying-about-the-future-of-hybrid-work\" target=\"_blank\" rel=\"noopener\"> <b>pesquisa da McKinsey<\/b><\/a><span style=\"font-weight: 400;\">, realizada entre dezembro de 2020 e janeiro de 2021, o trabalho remoto proporcionou um aumento significativo da <\/span><a href=\"https:\/\/www.telavita.com.br\/blog\/aumentar-a-produtividade\/\" target=\"_blank\" rel=\"noopener\"><b>produtividade individual e das equipes<\/b><\/a><b>.<\/b><span style=\"font-weight: 400;\"> Al\u00e9m disso, segundo alguns executivos, a satisfa\u00e7\u00e3o dos clientes tamb\u00e9m cresceu, <\/span><b>apesar do momento delicado.<\/b><\/p>\n<p><span style=\"font-weight: 400;\">A adapta\u00e7\u00e3o ao trabalho remoto gerou bastante ang\u00fastia, ansiedade, depress\u00e3o e, sobretudo, estresse. Isso ocorreu, principalmente, com \u00e0queles que <\/span><b>dependem emocionalmente da intera\u00e7\u00e3o social em suas profiss\u00f5es e trabalho pr\u00e1tico.<\/b><\/p>\n<p><span style=\"font-weight: 400;\">Por um lado, foi observado um aumento significativo de <\/span><b>reuni\u00f5es por videoconfer\u00eancia e de volume de trabalho.<\/b><span style=\"font-weight: 400;\"> Entretanto, o trabalho remoto tamb\u00e9m promoveu as forma\u00e7\u00f5es online, estudos em geral, aumento de intimidade e conv\u00edvio com os mais \u00edntimos.<\/span><\/p>\n<p><span style=\"font-weight: 400;\">Nesse sentido, a pandemia desafiou as empresas e colaboradores para serem mais assertivos e inovadores na comunica\u00e7\u00e3o, de modo a <\/span><b>trazer uma aproxima\u00e7\u00e3o entre profissionais, l\u00edderes e clientes.<\/b><\/p>\n<h2><b>O trabalho remoto e o impacto nas pessoas<\/b><\/h2>\n<p><span style=\"font-weight: 400;\">Mesmo diante da transforma\u00e7\u00e3o digital demandada nos \u00faltimos meses, precisamos lembrar que <\/span><b>o maior ativo das empresas s\u00e3o as pessoas. <\/b><span style=\"font-weight: 400;\">Sendo assim, o cuidado e trato com elas precisa ser muito bem planejado.<\/span><\/p>\n<p><span style=\"font-weight: 400;\">Uma quest\u00e3o ficou evidente: ainda existe, e muito, a necessidade de intera\u00e7\u00e3o socioprofissional presencial; afinal, essa proximidade contribui para <\/span><b>o bom funcionamento das fun\u00e7\u00f5es cerebrais.<\/b><\/p>\n<p><span style=\"font-weight: 400;\">Devido ao per\u00edodo pand\u00eamico, acabamos nos privando dessas importantes pr\u00e1ticas, o que trouxe consequ\u00eancias para nossas rela\u00e7\u00f5es. O contato<\/span><b> \u2018olho no olho\u2019 <\/b><span style=\"font-weight: 400;\">promove o desenvolvimento de afinidades, confian\u00e7a m\u00fatua, al\u00e9m de possibilitar a escuta ativa e o acolhimento.\u00a0<\/span><\/p>\n<h3><b>A ressignifica\u00e7\u00e3o do trabalho<\/b><\/h3>\n<p><span style=\"font-weight: 400;\">Entretanto, esse per\u00edodo tamb\u00e9m trouxe uma<\/span><b> ressignifica\u00e7\u00e3o do trabalho e da produtividade.<\/b><span style=\"font-weight: 400;\"> Dessa forma, muitas fam\u00edlias precisaram lidar com um novo modelo de espa\u00e7o de conviv\u00eancia e privacidade.<\/span><\/p>\n<p><span style=\"font-weight: 400;\">Nesse sentido, constatamos nos<\/span> <a href=\"https:\/\/www.telavita.com.br\/blog\/psicologia-online-e-presencial\/\" target=\"_blank\" rel=\"noopener\"><b>atendimentos psicol\u00f3gicos online<\/b><\/a><span style=\"font-weight: 400;\">, que a maioria das pessoas precisaram se adaptar \u00e0s condi\u00e7\u00f5es do distanciamento social e isso trouxe novas configura\u00e7\u00f5es para a vida como um todo.<\/span><\/p>\n<p><span style=\"font-weight: 400;\">O que chama a aten\u00e7\u00e3o, no entanto, \u00e9 a quantidade de pessoas que se mudaram para novos espa\u00e7os. Existem aqueles que foram para lugares maiores com a fam\u00edlia, enquanto outros <\/span><b>voltaram a morar com seus familiares.<\/b><\/p>\n<p><a href=\"https:\/\/conteudo.telavita.com.br\/e-book-alem-do-beneficio?_ga=2.229831961.449344723.1671456459-1873535872.1666970294&amp;_gl=1*jmv7jl*_ga*MTg3MzUzNTg3Mi4xNjY2OTcwMjk0*_ga_2DZ1C7BK62*MTY3MTgxNzMxNi4yMy4xLjE2NzE4MTc2NDUuNTYuMC4w\" target=\"_blank\" rel=\"noopener\"><img loading=\"lazy\" decoding=\"async\" class=\"size-full wp-image-8341 aligncenter\" src=\"https:\/\/www.telavita.com.br\/blog\/wp-content\/uploads\/2019\/05\/Banner_Blog_E-book.png\" alt=\"ebook-saude-mental-nas-empresas\" width=\"693\" height=\"193\" srcset=\"https:\/\/www.telavita.com.br\/blog\/wp-content\/uploads\/2019\/05\/Banner_Blog_E-book.png 693w, https:\/\/www.telavita.com.br\/blog\/wp-content\/uploads\/2019\/05\/Banner_Blog_E-book-300x84.png 300w\" sizes=\"(max-width: 693px) 100vw, 693px\" \/><\/a><\/p>\n<h2><b>Qual \u00e9 a necessidade de retomar as atividades presenciais?<\/b><\/h2>\n<p><span style=\"font-weight: 400;\">Quando pensamos em pessoas, funcion\u00e1rios e colaboradores como os principais ativos para as empresas, como mencionado, podemos levar em conta a <\/span><b>necessidade de troca de saberes e de afeto.<\/b><\/p>\n<p><span style=\"font-weight: 400;\">A intera\u00e7\u00e3o presencial jamais ser\u00e1 substitu\u00edda pela virtual. Sempre haver\u00e1 espa\u00e7o para compartilhar em conjunto as conquistas, os problemas, as demandas, <\/span><b>o conhecimento e as tend\u00eancias.<\/b><\/p>\n<p><span style=\"font-weight: 400;\">Muito se fala sobre vida e trabalho p\u00f3s-pandemia, mas pouco se sabe quando ela acabar\u00e1. O que se constata \u00e9 que houve uma <\/span><b>\u2018normaliza\u00e7\u00e3o\u2019 da dor, do luto e da doen\u00e7a.<\/b><span style=\"font-weight: 400;\"> Infelizmente, tratam-se essas quest\u00f5es como uma roleta russa em que alguns se apagam neste jogo da vida.<\/span><\/p>\n<p><span style=\"font-weight: 400;\">Por outro lado, \u00e9 poss\u00edvel observar um outro grupo de pessoas. Tratam-se daquelas que entram em conflito por <\/span><b>n\u00e3o conseguirem se adaptar \u00e0 ideia de atividades presenciais ou mesmo h\u00edbridas.<\/b><\/p>\n<p><span style=\"font-weight: 400;\">De qualquer modo, <\/span><b>novas adapta\u00e7\u00f5es em t\u00e3o pouco tempo ser\u00e3o necess\u00e1rias. <\/b><span style=\"font-weight: 400;\">Sendo assim, precisaremos nos despedir gradualmente da intimidade intensa familiar, do chinelo, da roupa folgada e do tempo economizado no deslocamento.<\/span><\/p>\n<h2><b>O retorno presencial ao trabalho \u00e9 ben\u00e9fico?<\/b><\/h2>\n<p><span style=\"font-weight: 400;\">Os relatos recebidos nos atendimentos mostram que os benef\u00edcios das atividades presenciais podem n\u00e3o compensar esse retorno. Esse mundo repleto de intera\u00e7\u00e3o, tr\u00e2nsito, gastos com roupas, acess\u00f3rios, alimenta\u00e7\u00e3o fora de casa, muitas vezes, pode ter <\/span><b>o efeito contr\u00e1rio nessa balan\u00e7a.<\/b><\/p>\n<p><span style=\"font-weight: 400;\">O sistema h\u00edbrido pode ser uma op\u00e7\u00e3o para muitas empresas e neg\u00f3cios que podem lucrar com a redu\u00e7\u00e3o de custos com espa\u00e7os f\u00edsicos para<\/span><b> comportar os postos de trabalho presencial. <\/b><span style=\"font-weight: 400;\">Al\u00e9m disso, essa op\u00e7\u00e3o pode tamb\u00e9m trazer um conforto tanto \u00e0s pessoas que n\u00e3o se adaptaram ao trabalho remoto, quanto aos que priorizam as atividades \u00e0 dist\u00e2ncia.<\/span><\/p>\n<p><span style=\"font-weight: 400;\">A<\/span><a href=\"https:\/\/www.mckinsey.com.br\/our-insights\/what-executives-are-saying-about-the-future-of-hybrid-work\" target=\"_blank\" rel=\"noopener\"> <b>pesquisa da McKinsey<\/b><\/a><span style=\"font-weight: 400;\">, inclusive, mostra que o futuro do trabalho ser\u00e1 mais h\u00edbrido. Entretanto, o estudo aponta que<\/span><b> 21% a 80% das atividades laborais ser\u00e3o presenciais e de uma a quatro vezes por semana.<\/b><\/p>\n<h2><b>O que a sa\u00fade mental tem a ver com o retorno?<\/b><\/h2>\n<p><span style=\"font-weight: 400;\">A maior parte dos transtornos mentais prov\u00e9m da <\/span><b>intera\u00e7\u00e3o do indiv\u00edduo com o ambiente<\/b><span style=\"font-weight: 400;\">, assim como com a predisposi\u00e7\u00e3o gen\u00e9tica para o desenvolvimento dos mesmos. Na Psicologia, sabemos tamb\u00e9m que as identifica\u00e7\u00f5es de um indiv\u00edduo com o papel social s\u00e3o fontes abundantes de neuroses.<\/span><\/p>\n<p><span style=\"font-weight: 400;\">Dessa forma, quando n\u00e3o existe um equil\u00edbrio entre o que as pessoas desejam e o que necessitam, poderemos observar muitos conflitos emocionais internos. De acordo com a pesquisa da consultoria, <\/span><b>muitos profissionais n\u00e3o querem o retorno presencial das atividades.<\/b><\/p>\n<p><span style=\"font-weight: 400;\">Al\u00e9m disso, <\/span><b>29% dos entrevistados afirmam que poder\u00e3o mudar de emprego, caso a empresa exija o trabalho apenas presencial. <\/b><span style=\"font-weight: 400;\">Sendo assim, o modelo h\u00edbrido de trabalho e de vida aparece como uma forma mais ben\u00e9fica para garantir as intera\u00e7\u00f5es, a economia, <\/span><span style=\"font-weight: 400;\">a <\/span><a href=\"https:\/\/www.telavita.com.br\/blog\/produtividade-saude-mental\/\" target=\"_blank\" rel=\"noopener\"><b>produtividade e a sa\u00fade mental.<\/b><\/a><\/p>\n<span class='mb-center maxbutton-4-center'><span class='maxbutton-4-container mb-container'><a class=\"maxbutton-4 maxbutton maxbutton-manda-para-o-catalogo-de-psicologos\" href=\"https:\/\/app.telavita.com.br\/psicologia-online\/encontre-seu-psicologo\"><span class='mb-text'>Encontre seu psic\u00f3logo online<\/span><\/a><\/span><\/span>\n","protected":false},"excerpt":{"rendered":"<p>A pandemia apresentou uma nova realidade no mundo. A vida pessoal, o trabalho e as intera\u00e7\u00f5es sociais sofreram mudan\u00e7as dr\u00e1sticas, entretanto, trouxe impactos ineg\u00e1veis com o retorno presencial ao trabalho. Ap\u00f3s a quarentena, muitos continuaram a produzir presencialmente, mas boa parte adotou o sistema de trabalho remoto. Ent\u00e3o, resta uma quest\u00e3o sobre como ser\u00e1 esse [&hellip;]<\/p>\n","protected":false},"author":27,"featured_media":7493,"comment_status":"open","ping_status":"open","sticky":false,"template":"","format":"standard","meta":{"_lmt_disableupdate":"","_lmt_disable":"","footnotes":""},"categories":[384],"tags":[],"yoast_head":"<!-- This site is optimized with the Yoast SEO plugin v19.8 - https:\/\/yoast.com\/wordpress\/plugins\/seo\/ -->\n<title>O impacto emocional do retorno presencial ao trabalho l Telavita<\/title>\n<meta name=\"description\" content=\"O retorno gradual \u00e0s atividades presenciais j\u00e1 est\u00e1 causando diversos impactos na sa\u00fade mental das pessoas. Entenda melhor a raz\u00e3o disso!\" \/>\n<meta name=\"robots\" content=\"index, follow, max-snippet:-1, max-image-preview:large, max-video-preview:-1\" \/>\n<link rel=\"canonical\" href=\"https:\/\/www.telavita.com.br\/blog\/retorno-presencial-saude-mental\/\" \/>\n<meta property=\"og:locale\" content=\"pt_BR\" \/>\n<meta property=\"og:type\" content=\"article\" \/>\n<meta property=\"og:title\" content=\"O impacto emocional do retorno presencial ao trabalho l Telavita\" \/>\n<meta property=\"og:description\" content=\"O retorno gradual \u00e0s atividades presenciais j\u00e1 est\u00e1 causando diversos impactos na sa\u00fade mental das pessoas. Entenda melhor a raz\u00e3o disso!\" \/>\n<meta property=\"og:url\" content=\"https:\/\/www.telavita.com.br\/blog\/retorno-presencial-saude-mental\/\" \/>\n<meta property=\"og:site_name\" content=\"Telavita\" \/>\n<meta property=\"article:publisher\" content=\"https:\/\/www.facebook.com\/Telavita\" \/>\n<meta property=\"article:published_time\" content=\"2021-09-24T18:47:36+00:00\" \/>\n<meta property=\"article:modified_time\" content=\"2024-04-19T18:41:09+00:00\" \/>\n<meta property=\"og:image\" content=\"https:\/\/www.telavita.com.br\/blog\/wp-content\/uploads\/2021\/09\/retorno.jpg\" \/>\n\t<meta property=\"og:image:width\" content=\"1280\" \/>\n\t<meta property=\"og:image:height\" content=\"853\" \/>\n\t<meta property=\"og:image:type\" content=\"image\/jpeg\" \/>\n<meta name=\"author\" content=\"Psic\u00f3loga Silvia Zoffmann - CRP 06\/54310\" \/>\n<meta name=\"twitter:card\" content=\"summary_large_image\" \/>\n<meta name=\"twitter:label1\" content=\"Escrito por\" \/>\n\t<meta name=\"twitter:data1\" content=\"Psic\u00f3loga Silvia Zoffmann - CRP 06\/54310\" \/>\n\t<meta name=\"twitter:label2\" content=\"Est. tempo de leitura\" \/>\n\t<meta name=\"twitter:data2\" content=\"6 minutos\" \/>\n<!-- \/ Yoast SEO plugin. -->","yoast_head_json":{"title":"O impacto emocional do retorno presencial ao trabalho l Telavita","description":"O retorno gradual \u00e0s atividades presenciais j\u00e1 est\u00e1 causando diversos impactos na sa\u00fade mental das pessoas. Entenda melhor a raz\u00e3o disso!","robots":{"index":"index","follow":"follow","max-snippet":"max-snippet:-1","max-image-preview":"max-image-preview:large","max-video-preview":"max-video-preview:-1"},"canonical":"https:\/\/www.telavita.com.br\/blog\/retorno-presencial-saude-mental\/","og_locale":"pt_BR","og_type":"article","og_title":"O impacto emocional do retorno presencial ao trabalho l Telavita","og_description":"O retorno gradual \u00e0s atividades presenciais j\u00e1 est\u00e1 causando diversos impactos na sa\u00fade mental das pessoas. Entenda melhor a raz\u00e3o disso!","og_url":"https:\/\/www.telavita.com.br\/blog\/retorno-presencial-saude-mental\/","og_site_name":"Telavita","article_publisher":"https:\/\/www.facebook.com\/Telavita","article_published_time":"2021-09-24T18:47:36+00:00","article_modified_time":"2024-04-19T18:41:09+00:00","og_image":[{"width":1280,"height":853,"url":"https:\/\/www.telavita.com.br\/blog\/wp-content\/uploads\/2021\/09\/retorno.jpg","type":"image\/jpeg"}],"author":"Psic\u00f3loga Silvia Zoffmann - CRP 06\/54310","twitter_card":"summary_large_image","twitter_misc":{"Escrito por":"Psic\u00f3loga Silvia Zoffmann - CRP 06\/54310","Est. tempo de leitura":"6 minutos"},"schema":{"@context":"https:\/\/schema.org","@graph":[{"@type":"Article","@id":"https:\/\/www.telavita.com.br\/blog\/retorno-presencial-saude-mental\/#article","isPartOf":{"@id":"https:\/\/www.telavita.com.br\/blog\/retorno-presencial-saude-mental\/"},"author":{"name":"Psic\u00f3loga Silvia Zoffmann - CRP 06\/54310","@id":"https:\/\/www.telavita.com.br\/blog\/#\/schema\/person\/14f40b896d26816ece8bed9eb40a5537"},"headline":"O impacto do retorno presencial ao trabalho na sa\u00fade mental","datePublished":"2021-09-24T18:47:36+00:00","dateModified":"2024-04-19T18:41:09+00:00","mainEntityOfPage":{"@id":"https:\/\/www.telavita.com.br\/blog\/retorno-presencial-saude-mental\/"},"wordCount":995,"commentCount":0,"publisher":{"@id":"https:\/\/www.telavita.com.br\/blog\/#organization"},"articleSection":["Recursos Humanos"],"inLanguage":"pt-BR","potentialAction":[{"@type":"CommentAction","name":"Comment","target":["https:\/\/www.telavita.com.br\/blog\/retorno-presencial-saude-mental\/#respond"]}]},{"@type":"WebPage","@id":"https:\/\/www.telavita.com.br\/blog\/retorno-presencial-saude-mental\/","url":"https:\/\/www.telavita.com.br\/blog\/retorno-presencial-saude-mental\/","name":"O impacto emocional do retorno presencial ao trabalho l Telavita","isPartOf":{"@id":"https:\/\/www.telavita.com.br\/blog\/#website"},"datePublished":"2021-09-24T18:47:36+00:00","dateModified":"2024-04-19T18:41:09+00:00","description":"O retorno gradual \u00e0s atividades presenciais j\u00e1 est\u00e1 causando diversos impactos na sa\u00fade mental das pessoas. Entenda melhor a raz\u00e3o disso!","breadcrumb":{"@id":"https:\/\/www.telavita.com.br\/blog\/retorno-presencial-saude-mental\/#breadcrumb"},"inLanguage":"pt-BR","potentialAction":[{"@type":"ReadAction","target":["https:\/\/www.telavita.com.br\/blog\/retorno-presencial-saude-mental\/"]}]},{"@type":"BreadcrumbList","@id":"https:\/\/www.telavita.com.br\/blog\/retorno-presencial-saude-mental\/#breadcrumb","itemListElement":[{"@type":"ListItem","position":1,"name":"In\u00edcio","item":"https:\/\/www.telavita.com.br\/blog\/"},{"@type":"ListItem","position":2,"name":"O impacto do retorno presencial ao trabalho na sa\u00fade mental"}]},{"@type":"WebSite","@id":"https:\/\/www.telavita.com.br\/blog\/#website","url":"https:\/\/www.telavita.com.br\/blog\/","name":"Telavita","description":"Conte\u00fados especializados sobre sa\u00fade mental e bem-estar","publisher":{"@id":"https:\/\/www.telavita.com.br\/blog\/#organization"},"potentialAction":[{"@type":"SearchAction","target":{"@type":"EntryPoint","urlTemplate":"https:\/\/www.telavita.com.br\/blog\/?s={search_term_string}"},"query-input":"required name=search_term_string"}],"inLanguage":"pt-BR"},{"@type":"Organization","@id":"https:\/\/www.telavita.com.br\/blog\/#organization","name":"Telavita","url":"https:\/\/www.telavita.com.br\/blog\/","sameAs":["https:\/\/www.linkedin.com\/company\/telavita\/mycompany\/verification\/","https:\/\/www.instagram.com\/telavita\/","https:\/\/www.facebook.com\/Telavita"],"logo":{"@type":"ImageObject","inLanguage":"pt-BR","@id":"https:\/\/www.telavita.com.br\/blog\/#\/schema\/logo\/image\/","url":"https:\/\/www.telavita.com.br\/blog\/wp-content\/uploads\/2021\/05\/telavita.jpg","contentUrl":"https:\/\/www.telavita.com.br\/blog\/wp-content\/uploads\/2021\/05\/telavita.jpg","width":200,"height":200,"caption":"Telavita"},"image":{"@id":"https:\/\/www.telavita.com.br\/blog\/#\/schema\/logo\/image\/"}},{"@type":"Person","@id":"https:\/\/www.telavita.com.br\/blog\/#\/schema\/person\/14f40b896d26816ece8bed9eb40a5537","name":"Psic\u00f3loga Silvia Zoffmann - CRP 06\/54310","image":{"@type":"ImageObject","inLanguage":"pt-BR","@id":"https:\/\/www.telavita.com.br\/blog\/#\/schema\/person\/image\/","url":"https:\/\/secure.gravatar.com\/avatar\/8dd206804c8d7ea10d40a0c477ca7c42?s=96&d=mm&r=g","contentUrl":"https:\/\/secure.gravatar.com\/avatar\/8dd206804c8d7ea10d40a0c477ca7c42?s=96&d=mm&r=g","caption":"Psic\u00f3loga Silvia Zoffmann - CRP 06\/54310"},"description":"Sou Psic\u00f3loga graduada pela PUC-SP - Brasil, com forma\u00e7\u00e3o em Psican\u00e1lise e em Psicologia Anal\u00edtica Junguiana, com s\u00f3lida atua\u00e7\u00e3o em atendimentos presenciais em consult\u00f3rio, ambulat\u00f3rio de sa\u00fade mental e online em Psicologia Cl\u00ednica para adultos, com \u00eanfase em: autoconhecimento | sofrimento ps\u00edquico; conflitos pessoais e de relacionamentos; depress\u00e3o | ansiedade | transtornos emocionais e comportamentais; s\u00edndrome de Burnout | estresse cr\u00f4nico; demiss\u00e3o | desemprego | transi\u00e7\u00e3o de carreira; demais quest\u00f5es relacionadas ao trabalho e produtividade. Com atua\u00e7\u00e3o tanto corporativa (em empresas), como em consultorias de RH e de Recoloca\u00e7\u00e3o, possuo vasta experi\u00eancia em Orienta\u00e7\u00e3o de Carreira (profissional), Outplacement e Recoloca\u00e7\u00e3o e realizo atendimentos online para pessoas que precisam de apoio em suas transi\u00e7\u00f5es de carreira, treinamento para entrevistas, elabora\u00e7\u00e3o de curr\u00edculo (CV), perfil LinkedIn, ferramentas de networking e identidade profissional. Atuo tamb\u00e9m como Headhunter para empresas, conduzindo Processos Seletivos de profissionais para todos os segmentos. Sou palestrante presencial e online em workshops sobre temas relacionados aos conflitos psicol\u00f3gicos durante uma Transi\u00e7\u00e3o de Carreira, Mercado de Trabalho, Elabora\u00e7\u00e3o de Curr\u00edculo e Perfil LinkedIn, Networking, Processos Seletivos e Entrevistas, Identidade Profissional, Imagem e Marca Pessoal. Atualmente, os atendimentos realizados em Psicologia Cl\u00ednica, em Carreira e Processos Seletivos s\u00e3o realizados somente ONLINE, atrav\u00e9s de recursos de videoconfer\u00eancia. Ofere\u00e7o al\u00e9m dos atendimentos, servi\u00e7os de revis\u00e3o de Curr\u00edculo e Perfil LinkedIn.","url":"https:\/\/www.telavita.com.br\/blog\/author\/silvia-zoffmann\/"}]}},"modified_by":null,"_links":{"self":[{"href":"https:\/\/www.telavita.com.br\/blog\/wp-json\/wp\/v2\/posts\/7488"}],"collection":[{"href":"https:\/\/www.telavita.com.br\/blog\/wp-json\/wp\/v2\/posts"}],"about":[{"href":"https:\/\/www.telavita.com.br\/blog\/wp-json\/wp\/v2\/types\/post"}],"author":[{"embeddable":true,"href":"https:\/\/www.telavita.com.br\/blog\/wp-json\/wp\/v2\/users\/27"}],"replies":[{"embeddable":true,"href":"https:\/\/www.telavita.com.br\/blog\/wp-json\/wp\/v2\/comments?post=7488"}],"version-history":[{"count":8,"href":"https:\/\/www.telavita.com.br\/blog\/wp-json\/wp\/v2\/posts\/7488\/revisions"}],"predecessor-version":[{"id":8448,"href":"https:\/\/www.telavita.com.br\/blog\/wp-json\/wp\/v2\/posts\/7488\/revisions\/8448"}],"wp:featuredmedia":[{"embeddable":true,"href":"https:\/\/www.telavita.com.br\/blog\/wp-json\/wp\/v2\/media\/7493"}],"wp:attachment":[{"href":"https:\/\/www.telavita.com.br\/blog\/wp-json\/wp\/v2\/media?parent=7488"}],"wp:term":[{"taxonomy":"category","embeddable":true,"href":"https:\/\/www.telavita.com.br\/blog\/wp-json\/wp\/v2\/categories?post=7488"},{"taxonomy":"post_tag","embeddable":true,"href":"https:\/\/www.telavita.com.br\/blog\/wp-json\/wp\/v2\/tags?post=7488"}],"curies":[{"name":"wp","href":"https:\/\/api.w.org\/{rel}","templated":true}]}}