{"id":7696,"date":"2022-01-14T12:31:41","date_gmt":"2022-01-14T14:31:41","guid":{"rendered":"https:\/\/www.telavita.com.br\/blog\/?p=7696"},"modified":"2024-04-19T15:39:08","modified_gmt":"2024-04-19T18:39:08","slug":"rh-mercado-profissional","status":"publish","type":"post","link":"https:\/\/www.telavita.com.br\/blog\/rh-mercado-profissional\/","title":{"rendered":"O papel do RH diante das mudan\u00e7as no mercado profissional"},"content":{"rendered":"<p><span style=\"font-weight: 400;\">Sem d\u00favida alguma o mundo passou por grandes transforma\u00e7\u00f5es. O isolamento social, o trabalho remoto, as novas rotinas e outras causas afetaram muito a<\/span><b> sa\u00fade mental das pessoas. <\/b><span style=\"font-weight: 400;\">Por\u00e9m, um dos principais setores que vem sofrendo constantes mudan\u00e7as \u00e9 o mercado profissional e com ele, a necessidade da efici\u00eancia do RH das empresas se tornam maiores.<\/span><\/p>\n<p><span style=\"font-weight: 400;\">Segundo dados divulgados recentemente pela<\/span><b> Pesquisa Nacional por Amostra de Domic\u00edlios Cont\u00ednua (PNAD)<\/b><span style=\"font-weight: 400;\">, do Instituto Brasileiro de Geografia e Estat\u00edstica (IBGE) , mais de<\/span><b> 13 milh\u00f5es de pessoas est\u00e3o desempregadas no pa\u00eds. <\/b><span style=\"font-weight: 400;\">Com um n\u00famero gigantesco como esse, as incertezas no ambiente profissional v\u00eam afetando os trabalhadores.<\/span><\/p>\n<p><span style=\"font-weight: 400;\">Dessa forma, saber lidar com as in\u00fameras mudan\u00e7as e instabilidades do mercado vem se tornando um desafio. O \u201cnovo normal\u201d ainda causa diversas d\u00favidas na popula\u00e7\u00e3o e n\u00e3o existe uma resposta definitiva para tais problemas.<\/span><\/p>\n<h2><b>O RH nas mudan\u00e7as do mercado<\/b><\/h2>\n<p><span style=\"font-weight: 400;\">Por conta disso, fica claro que o papel do RH se tornou ainda mais fundamental no ambiente corporativo. Mais do que nunca, a \u00e1rea precisa atuar com <\/span><b>o objetivo de auxiliar todos os colaboradores a passarem por tamanhos desafios.<\/b><\/p>\n<p><span style=\"font-weight: 400;\">Contudo, uma das solu\u00e7\u00f5es que esse departamento pode encontrar para reaproximar as equipes e trazer o sentimento de acolhimento \u00e9 implementar uma <\/span><b>nova cultura corporativa. <\/b><span style=\"font-weight: 400;\">Dessa forma, \u00e9 fundamental planejar a\u00e7\u00f5es, conversas transparentes e acompanhar a mudan\u00e7a do comportamento do colaborador,<\/span><b> at\u00e9 mesmo no \u00e2mbito pessoal.<\/b><\/p>\n<p><span style=\"font-weight: 400;\">Por mais que possa parecer um tema delicado de se tratar, oferecer um suporte com psic\u00f3logos, di\u00e1logos entre gestores e auxiliar em quest\u00f5es emocionais, pode <\/span><b>fazer a diferen\u00e7a na <\/b><a href=\"https:\/\/www.telavita.com.br\/blog\/aumentar-a-produtividade\/\" target=\"_blank\" rel=\"noopener\"><b>rotina de trabalho.<\/b><\/a> <span style=\"font-weight: 400;\">Esse \u00e9 o momento de derrubar barreiras e refor\u00e7ar a aproxima\u00e7\u00e3o entre as pessoas, seja por meio de conversas descontra\u00eddas ou troca de mensagens online.<\/span><\/p>\n<p><span style=\"font-weight: 400;\">O que realmente interessa \u00e9 a demonstra\u00e7\u00e3o de uma vontade genu\u00edna em saber<\/span><b> como o colaborador est\u00e1 passando por essa fase<\/b><span style=\"font-weight: 400;\">. Esse contato, mesmo que digital, mas humanizado, far\u00e1 a diferen\u00e7a no trabalho, podendo at\u00e9 mesmo impactar em uma melhora de performance.<\/span><a href=\"https:\/\/conteudo.telavita.com.br\/e-book-alem-do-beneficio?_ga=2.224186782.449344723.1671456459-1873535872.1666970294&amp;_gl=1*z83k01*_ga*MTg3MzUzNTg3Mi4xNjY2OTcwMjk0*_ga_2DZ1C7BK62*MTY3MTQ1NjQ1OS45LjEuMTY3MTQ1NjgzNS41Ny4wLjA.\" target=\"_blank\" rel=\"noopener\"><img loading=\"lazy\" decoding=\"async\" class=\"size-full wp-image-8341 aligncenter\" src=\"https:\/\/www.telavita.com.br\/blog\/wp-content\/uploads\/2019\/05\/Banner_Blog_E-book.png\" alt=\"ebook-saude-mental-nas-empresas\" width=\"693\" height=\"193\" srcset=\"https:\/\/www.telavita.com.br\/blog\/wp-content\/uploads\/2019\/05\/Banner_Blog_E-book.png 693w, https:\/\/www.telavita.com.br\/blog\/wp-content\/uploads\/2019\/05\/Banner_Blog_E-book-300x84.png 300w\" sizes=\"(max-width: 693px) 100vw, 693px\" \/><\/a><\/p>\n<h2><b>A quest\u00e3o do modelo de trabalho<\/b><\/h2>\n<p><span style=\"font-weight: 400;\">Sabemos que diante das incertezas, \u00e9 dif\u00edcil fazer planos a longo prazo, e isso inclui a quest\u00e3o do <\/span><b>trabalho presencial<\/b><span style=\"font-weight: 400;\">. Por mais que o <\/span><a href=\"https:\/\/www.telavita.com.br\/blog\/produtivo-home-office\/\" target=\"_blank\" rel=\"noopener\"><b>home office<\/b><\/a><span style=\"font-weight: 400;\"> tenha sido bem aderido pelas empresas, muitas delas preferem ver os funcion\u00e1rios todos os dias no escrit\u00f3rio.<\/span><\/p>\n<p><span style=\"font-weight: 400;\">Por essa raz\u00e3o, \u00e9 dever do departamento de Recursos Humanos lidar com esse dilema. O modelo de trabalho h\u00edbrido, por exemplo, \u00e9 uma sa\u00edda interessante \u2013 at\u00e9 mesmo pensando numa transi\u00e7\u00e3o. Vale destacar que \u00e9 preciso despender<\/span><b> a mesma aten\u00e7\u00e3o e orienta\u00e7\u00e3o para<\/b> <b>quem optar por se manter no modelo remoto.<\/b><\/p>\n<h2><b>RH e o seu papel estrat\u00e9gico<\/b><\/h2>\n<p><span style=\"font-weight: 400;\">Sendo assim, \u00e9 preciso que empresas, gestores e colaboradores se unam, cada vez mais, em prol da cria\u00e7\u00e3o de novos modelos de atua\u00e7\u00e3o, em diversos setores. <\/span><b>N\u00e3o h\u00e1 mais espa\u00e7o para o comodismo.<\/b><\/p>\n<p><span style=\"font-weight: 400;\">O RH tem papel fundamental e estrat\u00e9gico, pois, independente do isolamento social, \u00e9 preciso <\/span><a href=\"https:\/\/www.telavita.com.br\/blog\/importancia-da-felicidade-no-trabalho\/\" target=\"_blank\" rel=\"noopener\"><b>criar mecanismos para manter a equipe engajada<\/b><\/a><span style=\"font-weight: 400;\">, com \u00e2nimo para alcan\u00e7ar metas e desafios e, principalmente, <\/span><b>manter a sa\u00fade mental est\u00e1vel.<\/b><\/p>\n<p><span style=\"font-weight: 400;\">Por isso, reforce para seu colaborador que ele est\u00e1 em um ambiente seguro, por meio de um relacionamento transparente, honesto e pr\u00f3ximo. Essas a\u00e7\u00f5es, unidas com <\/span><a href=\"https:\/\/www.telavita.com.br\/blog\/importancia-do-feedback\/\" target=\"_blank\" rel=\"noopener\"><b>feedbacks e incentivos<\/b><\/a>, <span style=\"font-weight: 400;\">ir\u00e3o <\/span><b>melhorar o trabalho em equipe e o clima organizacional.<\/b><\/p>\n<span class='mb-center maxbutton-3-center'><span class='maxbutton-3-container mb-container'><a class=\"maxbutton-3 maxbutton maxbutton-manda-para-pagina-psicologos\" href=\"https:\/\/app.telavita.com.br\/psicologia-online\/encontre-seu-psicologo\"><span class='mb-text'>Agende agora uma consulta com psic\u00f3logo<\/span><\/a><\/span><\/span>\n","protected":false},"excerpt":{"rendered":"<p>Sem d\u00favida alguma o mundo passou por grandes transforma\u00e7\u00f5es. O isolamento social, o trabalho remoto, as novas rotinas e outras causas afetaram muito a sa\u00fade mental das pessoas. Por\u00e9m, um dos principais setores que vem sofrendo constantes mudan\u00e7as \u00e9 o mercado profissional e com ele, a necessidade da efici\u00eancia do RH das empresas se tornam [&hellip;]<\/p>\n","protected":false},"author":5,"featured_media":7698,"comment_status":"open","ping_status":"open","sticky":false,"template":"","format":"standard","meta":{"_lmt_disableupdate":"","_lmt_disable":"","footnotes":""},"categories":[384],"tags":[],"yoast_head":"<!-- This site is optimized with the Yoast SEO plugin v19.8 - https:\/\/yoast.com\/wordpress\/plugins\/seo\/ -->\n<title>Entenda o papel do RH diante das mudan\u00e7as no mercado profissional<\/title>\n<meta name=\"description\" content=\"O papel do RH se tornou ainda mais fundamental no ambiente corporativo. Mais do que nunca, ele precisa ser estrat\u00e9gico ao ajudar os colaboradores\" \/>\n<meta name=\"robots\" content=\"index, follow, max-snippet:-1, max-image-preview:large, max-video-preview:-1\" \/>\n<link rel=\"canonical\" href=\"https:\/\/www.telavita.com.br\/blog\/rh-mercado-profissional\/\" \/>\n<meta property=\"og:locale\" content=\"pt_BR\" \/>\n<meta property=\"og:type\" content=\"article\" \/>\n<meta property=\"og:title\" content=\"Entenda o papel do RH diante das mudan\u00e7as no mercado profissional\" \/>\n<meta property=\"og:description\" content=\"O papel do RH se tornou ainda mais fundamental no ambiente corporativo. Mais do que nunca, ele precisa ser estrat\u00e9gico ao ajudar os colaboradores\" \/>\n<meta property=\"og:url\" content=\"https:\/\/www.telavita.com.br\/blog\/rh-mercado-profissional\/\" \/>\n<meta property=\"og:site_name\" content=\"Telavita\" \/>\n<meta property=\"article:publisher\" content=\"https:\/\/www.facebook.com\/Telavita\" \/>\n<meta property=\"article:published_time\" content=\"2022-01-14T14:31:41+00:00\" \/>\n<meta property=\"article:modified_time\" content=\"2024-04-19T18:39:08+00:00\" \/>\n<meta property=\"og:image\" content=\"https:\/\/www.telavita.com.br\/blog\/wp-content\/uploads\/2022\/01\/RH-e-mercado-profissional.jpg\" \/>\n\t<meta property=\"og:image:width\" content=\"1280\" \/>\n\t<meta property=\"og:image:height\" content=\"853\" \/>\n\t<meta property=\"og:image:type\" content=\"image\/jpeg\" \/>\n<meta name=\"author\" content=\"Milene Rosenthal\" \/>\n<meta name=\"twitter:card\" content=\"summary_large_image\" \/>\n<meta name=\"twitter:label1\" content=\"Escrito por\" \/>\n\t<meta name=\"twitter:data1\" content=\"Milene Rosenthal\" \/>\n\t<meta name=\"twitter:label2\" content=\"Est. tempo de leitura\" \/>\n\t<meta name=\"twitter:data2\" content=\"4 minutos\" \/>\n<!-- \/ Yoast SEO plugin. -->","yoast_head_json":{"title":"Entenda o papel do RH diante das mudan\u00e7as no mercado profissional","description":"O papel do RH se tornou ainda mais fundamental no ambiente corporativo. Mais do que nunca, ele precisa ser estrat\u00e9gico ao ajudar os colaboradores","robots":{"index":"index","follow":"follow","max-snippet":"max-snippet:-1","max-image-preview":"max-image-preview:large","max-video-preview":"max-video-preview:-1"},"canonical":"https:\/\/www.telavita.com.br\/blog\/rh-mercado-profissional\/","og_locale":"pt_BR","og_type":"article","og_title":"Entenda o papel do RH diante das mudan\u00e7as no mercado profissional","og_description":"O papel do RH se tornou ainda mais fundamental no ambiente corporativo. Mais do que nunca, ele precisa ser estrat\u00e9gico ao ajudar os colaboradores","og_url":"https:\/\/www.telavita.com.br\/blog\/rh-mercado-profissional\/","og_site_name":"Telavita","article_publisher":"https:\/\/www.facebook.com\/Telavita","article_published_time":"2022-01-14T14:31:41+00:00","article_modified_time":"2024-04-19T18:39:08+00:00","og_image":[{"width":1280,"height":853,"url":"https:\/\/www.telavita.com.br\/blog\/wp-content\/uploads\/2022\/01\/RH-e-mercado-profissional.jpg","type":"image\/jpeg"}],"author":"Milene Rosenthal","twitter_card":"summary_large_image","twitter_misc":{"Escrito por":"Milene Rosenthal","Est. tempo de leitura":"4 minutos"},"schema":{"@context":"https:\/\/schema.org","@graph":[{"@type":"Article","@id":"https:\/\/www.telavita.com.br\/blog\/rh-mercado-profissional\/#article","isPartOf":{"@id":"https:\/\/www.telavita.com.br\/blog\/rh-mercado-profissional\/"},"author":{"name":"Milene Rosenthal","@id":"https:\/\/www.telavita.com.br\/blog\/#\/schema\/person\/931474ab5cc79e2d1e49f1f2f5c99487"},"headline":"O papel do RH diante das mudan\u00e7as no mercado profissional","datePublished":"2022-01-14T14:31:41+00:00","dateModified":"2024-04-19T18:39:08+00:00","mainEntityOfPage":{"@id":"https:\/\/www.telavita.com.br\/blog\/rh-mercado-profissional\/"},"wordCount":596,"commentCount":1,"publisher":{"@id":"https:\/\/www.telavita.com.br\/blog\/#organization"},"articleSection":["Recursos Humanos"],"inLanguage":"pt-BR","potentialAction":[{"@type":"CommentAction","name":"Comment","target":["https:\/\/www.telavita.com.br\/blog\/rh-mercado-profissional\/#respond"]}]},{"@type":"WebPage","@id":"https:\/\/www.telavita.com.br\/blog\/rh-mercado-profissional\/","url":"https:\/\/www.telavita.com.br\/blog\/rh-mercado-profissional\/","name":"Entenda o papel do RH diante das mudan\u00e7as no mercado profissional","isPartOf":{"@id":"https:\/\/www.telavita.com.br\/blog\/#website"},"datePublished":"2022-01-14T14:31:41+00:00","dateModified":"2024-04-19T18:39:08+00:00","description":"O papel do RH se tornou ainda mais fundamental no ambiente corporativo. Mais do que nunca, ele precisa ser estrat\u00e9gico ao ajudar os colaboradores","breadcrumb":{"@id":"https:\/\/www.telavita.com.br\/blog\/rh-mercado-profissional\/#breadcrumb"},"inLanguage":"pt-BR","potentialAction":[{"@type":"ReadAction","target":["https:\/\/www.telavita.com.br\/blog\/rh-mercado-profissional\/"]}]},{"@type":"BreadcrumbList","@id":"https:\/\/www.telavita.com.br\/blog\/rh-mercado-profissional\/#breadcrumb","itemListElement":[{"@type":"ListItem","position":1,"name":"In\u00edcio","item":"https:\/\/www.telavita.com.br\/blog\/"},{"@type":"ListItem","position":2,"name":"O papel do RH diante das mudan\u00e7as no mercado profissional"}]},{"@type":"WebSite","@id":"https:\/\/www.telavita.com.br\/blog\/#website","url":"https:\/\/www.telavita.com.br\/blog\/","name":"Telavita","description":"Conte\u00fados especializados sobre sa\u00fade mental e bem-estar","publisher":{"@id":"https:\/\/www.telavita.com.br\/blog\/#organization"},"potentialAction":[{"@type":"SearchAction","target":{"@type":"EntryPoint","urlTemplate":"https:\/\/www.telavita.com.br\/blog\/?s={search_term_string}"},"query-input":"required name=search_term_string"}],"inLanguage":"pt-BR"},{"@type":"Organization","@id":"https:\/\/www.telavita.com.br\/blog\/#organization","name":"Telavita","url":"https:\/\/www.telavita.com.br\/blog\/","sameAs":["https:\/\/www.linkedin.com\/company\/telavita\/mycompany\/verification\/","https:\/\/www.instagram.com\/telavita\/","https:\/\/www.facebook.com\/Telavita"],"logo":{"@type":"ImageObject","inLanguage":"pt-BR","@id":"https:\/\/www.telavita.com.br\/blog\/#\/schema\/logo\/image\/","url":"https:\/\/www.telavita.com.br\/blog\/wp-content\/uploads\/2021\/05\/telavita.jpg","contentUrl":"https:\/\/www.telavita.com.br\/blog\/wp-content\/uploads\/2021\/05\/telavita.jpg","width":200,"height":200,"caption":"Telavita"},"image":{"@id":"https:\/\/www.telavita.com.br\/blog\/#\/schema\/logo\/image\/"}},{"@type":"Person","@id":"https:\/\/www.telavita.com.br\/blog\/#\/schema\/person\/931474ab5cc79e2d1e49f1f2f5c99487","name":"Milene Rosenthal","image":{"@type":"ImageObject","inLanguage":"pt-BR","@id":"https:\/\/www.telavita.com.br\/blog\/#\/schema\/person\/image\/","url":"https:\/\/secure.gravatar.com\/avatar\/dec4d643c56b392040c013c0bf0fd28f?s=96&d=mm&r=g","contentUrl":"https:\/\/secure.gravatar.com\/avatar\/dec4d643c56b392040c013c0bf0fd28f?s=96&d=mm&r=g","caption":"Milene Rosenthal"},"description":"Milene Rosenthal \u00e9 cofundadora, psic\u00f3loga e respons\u00e1vel t\u00e9cnica da Telavita. Formada h\u00e1 mais de 20 anos, conta com 15 anos de experi\u00eancia na \u00e1rea de Recursos Humanos. Al\u00e9m disso, \u00e9 pioneira na psicologia online, fundando a primeira startup do pa\u00eds no ramo, e a primeira psic\u00f3loga da Am\u00e9rica Latina a ter a certifica\u00e7\u00e3o de Cybercounselling pela Universidade de Toronto.","url":"https:\/\/www.telavita.com.br\/blog\/author\/milene\/"}]}},"modified_by":null,"_links":{"self":[{"href":"https:\/\/www.telavita.com.br\/blog\/wp-json\/wp\/v2\/posts\/7696"}],"collection":[{"href":"https:\/\/www.telavita.com.br\/blog\/wp-json\/wp\/v2\/posts"}],"about":[{"href":"https:\/\/www.telavita.com.br\/blog\/wp-json\/wp\/v2\/types\/post"}],"author":[{"embeddable":true,"href":"https:\/\/www.telavita.com.br\/blog\/wp-json\/wp\/v2\/users\/5"}],"replies":[{"embeddable":true,"href":"https:\/\/www.telavita.com.br\/blog\/wp-json\/wp\/v2\/comments?post=7696"}],"version-history":[{"count":4,"href":"https:\/\/www.telavita.com.br\/blog\/wp-json\/wp\/v2\/posts\/7696\/revisions"}],"predecessor-version":[{"id":8435,"href":"https:\/\/www.telavita.com.br\/blog\/wp-json\/wp\/v2\/posts\/7696\/revisions\/8435"}],"wp:featuredmedia":[{"embeddable":true,"href":"https:\/\/www.telavita.com.br\/blog\/wp-json\/wp\/v2\/media\/7698"}],"wp:attachment":[{"href":"https:\/\/www.telavita.com.br\/blog\/wp-json\/wp\/v2\/media?parent=7696"}],"wp:term":[{"taxonomy":"category","embeddable":true,"href":"https:\/\/www.telavita.com.br\/blog\/wp-json\/wp\/v2\/categories?post=7696"},{"taxonomy":"post_tag","embeddable":true,"href":"https:\/\/www.telavita.com.br\/blog\/wp-json\/wp\/v2\/tags?post=7696"}],"curies":[{"name":"wp","href":"https:\/\/api.w.org\/{rel}","templated":true}]}}