{"id":7705,"date":"2022-01-28T11:36:30","date_gmt":"2022-01-28T13:36:30","guid":{"rendered":"https:\/\/www.telavita.com.br\/blog\/?p=7705"},"modified":"2024-04-19T15:38:55","modified_gmt":"2024-04-19T18:38:55","slug":"como-tornar-trabalho-atraente","status":"publish","type":"post","link":"https:\/\/www.telavita.com.br\/blog\/como-tornar-trabalho-atraente\/","title":{"rendered":"Como tornar o trabalho mais atraente"},"content":{"rendered":"<p><span style=\"font-weight: 400;\">Desde a d\u00e9cada de 1950, a sociedade passou a valorizar as profiss\u00f5es e as atividades laborais e a associ\u00e1-las a um<\/span><b> status.<\/b><span style=\"font-weight: 400;\"> Dessa forma,<\/span><b> o trabalho se tornou mais atraente<\/b><span style=\"font-weight: 400;\">. Sendo assim, com o passar dos anos as mulheres conseguiram se introduzir, ainda que aos poucos, \u00e0s atividades mais intelectualizadas e \u00e0s profiss\u00f5es que antes eram somente exercidas por homens.<\/span><\/p>\n<p><span style=\"font-weight: 400;\">Esta <\/span><b>ainda \u00e9 uma luta constante<\/b><span style=\"font-weight: 400;\">, mas o mercado de trabalho tem tomado novas formas. Novas profiss\u00f5es e fun\u00e7\u00f5es surgem conforme as tend\u00eancias e necessidades sociais e as ocupa\u00e7\u00f5es laborais passam, naturalmente, <\/span><b>a fazer cada vez mais parte do cotidiano.<\/b><\/p>\n<p><span style=\"font-weight: 400;\">Entretanto, para ir al\u00e9m das ocupa\u00e7\u00f5es e das diversas formas de trabalho, \u00e9 necess\u00e1rio pensarmos que nem sempre a <\/span><a href=\"https:\/\/www.telavita.com.br\/blog\/profissao-seguir-orientacao-vocacional\/\" target=\"_blank\" rel=\"noopener\"><b>profiss\u00e3o escolhida<\/b><\/a><span style=\"font-weight: 400;\"> ou a ocupa\u00e7\u00e3o exercida s\u00e3o t\u00e3o atraentes como <\/span><b>forma de realiza\u00e7\u00e3o pessoal.<\/b><\/p>\n<h2><b>\u00c9 poss\u00edvel tornar o trabalho mais atraente?<\/b><\/h2>\n<p><span style=\"font-weight: 400;\">Em meio a tantos est\u00edmulos, ac\u00famulo de informa\u00e7\u00f5es e de demandas, voc\u00ea j\u00e1 parou para questionar se \u00e9 poss\u00edvel tornar o trabalho mais atraente? A boa not\u00edcia \u00e9 que sim, <\/span><b>isso \u00e9 poss\u00edvel.<\/b><\/p>\n<p><span style=\"font-weight: 400;\">O principal combust\u00edvel para tornar o trabalho mais atraente \u00e9 <\/span><b>o v\u00ednculo pessoal que estabelecemos com ele<\/b><span style=\"font-weight: 400;\"> e com os membros que fazem parte desta cadeia produtiva, como parceiros, fornecedores, gestores e clientes.<\/span><\/p>\n<p><span style=\"font-weight: 400;\">Normalmente, projetamos no ambiente de trabalho a \u201cresponsabilidade\u201d em rela\u00e7\u00e3o ao nosso <\/span><a href=\"https:\/\/www.telavita.com.br\/blog\/motivacao-no-trabalho\/\" target=\"_blank\" rel=\"noopener\"><b>prazer e motiva\u00e7\u00e3o.<\/b><\/a><span style=\"font-weight: 400;\"> Por\u00e9m, esquecemos que todos estes ambientes s\u00e3o compostos por pessoas, e os relacionamentos, por sua vez, podem ser conturbados.<\/span><\/p>\n<p><a href=\"https:\/\/conteudo.telavita.com.br\/e-book-alem-do-beneficio?_ga=2.224186782.449344723.1671456459-1873535872.1666970294&amp;_gl=1*z83k01*_ga*MTg3MzUzNTg3Mi4xNjY2OTcwMjk0*_ga_2DZ1C7BK62*MTY3MTQ1NjQ1OS45LjEuMTY3MTQ1NjgzNS41Ny4wLjA.\" target=\"_blank\" rel=\"noopener\"><img loading=\"lazy\" decoding=\"async\" class=\"size-full wp-image-8341 aligncenter\" src=\"https:\/\/www.telavita.com.br\/blog\/wp-content\/uploads\/2019\/05\/Banner_Blog_E-book.png\" alt=\"ebook-saude-mental-nas-empresas\" width=\"693\" height=\"193\" srcset=\"https:\/\/www.telavita.com.br\/blog\/wp-content\/uploads\/2019\/05\/Banner_Blog_E-book.png 693w, https:\/\/www.telavita.com.br\/blog\/wp-content\/uploads\/2019\/05\/Banner_Blog_E-book-300x84.png 300w\" sizes=\"(max-width: 693px) 100vw, 693px\" \/><\/a><\/p>\n<h2><b>A import\u00e2ncia da autorreflex\u00e3o<\/b><\/h2>\n<p><span style=\"font-weight: 400;\">Para saber se estamos no caminho certo, \u00e9 importante o<\/span><b> exerc\u00edcio da autorreflex\u00e3o.<\/b><span style=\"font-weight: 400;\"> Sua pr\u00e1tica \u00e9 importante para avaliarmos se estamos na atividade adequada e na dire\u00e7\u00e3o correta em nossas carreiras.<\/span><\/p>\n<p><b>Para isso, fa\u00e7a a si mesmo cinco perguntas:<\/b><\/p>\n<ol>\n<li style=\"font-weight: 400;\" aria-level=\"1\"><span style=\"font-weight: 400;\">Voc\u00ea faz o que gosta?<\/span><\/li>\n<li style=\"font-weight: 400;\" aria-level=\"1\"><span style=\"font-weight: 400;\">O que voc\u00ea gosta de fazer \u00e9 algo que a sociedade precisa?<\/span><\/li>\n<li style=\"font-weight: 400;\" aria-level=\"1\"><span style=\"font-weight: 400;\">Voc\u00ea est\u00e1 apto a executar o trabalho?<\/span><\/li>\n<li style=\"font-weight: 400;\" aria-level=\"1\"><span style=\"font-weight: 400;\">Este trabalho \u00e9 produtivo?<\/span><\/li>\n<li style=\"font-weight: 400;\" aria-level=\"1\"><span style=\"font-weight: 400;\">A produtividade neste trabalho traz renda satisfat\u00f3ria, prazer, desenvolvimento pessoal e profissional?<\/span><\/li>\n<\/ol>\n<h2><b>Trabalho mais atraente: uma conjuntura<\/b><\/h2>\n<p><span style=\"font-weight: 400;\">Um dos aspectos importantes para tornar o trabalho mais atraente \u00e9 <\/span><b>a organiza\u00e7\u00e3o. <\/b><span style=\"font-weight: 400;\">Ela promove a vis\u00e3o tanto ampla quanto direcionada para o que \u00e9 preciso fazer para produzir. Sendo assim, \u00e9 poss\u00edvel perceber o que \u00e9 necess\u00e1rio para se obter resultados e quais s\u00e3o os planos a curto, m\u00e9dio e longo prazos.<\/span><\/p>\n<p><span style=\"font-weight: 400;\">Quando nos organizamos, conseguimos<\/span><b> planejar nosso presente e futuro. <\/b><span style=\"font-weight: 400;\">Al\u00e9m disso, fica mais f\u00e1cil sair de situa\u00e7\u00f5es que n\u00e3o fazem mais sentido para n\u00f3s e, enfim, decidir trilhar um caminho de algo melhor e mais atraente.<\/span><\/p>\n<p><span style=\"font-weight: 400;\">A <\/span><b>gratid\u00e3o pelo que se tem<\/b><span style=\"font-weight: 400;\">, pelo hist\u00f3rico de realiza\u00e7\u00f5es profissionais e pelo desenvolvimento pessoal com as dores do crescimento atrav\u00e9s do trabalho, tamb\u00e9m \u00e9 um item a ser considerado.<\/span><\/p>\n<h2><b>Como transformar o trabalho em algo prazeroso?<\/b><\/h2>\n<p><span style=\"font-weight: 400;\">Nos sentimos atra\u00eddos por tudo o que nos desafia, que nos traz <\/span><b>frescor e novidade<\/b><span style=\"font-weight: 400;\">, mas precisamos desenvolver a sabedoria necess\u00e1ria para reconhecer nossa trajet\u00f3ria. Afinal, \u00e9 necess\u00e1rio honrarmos nossas realiza\u00e7\u00f5es e resultados e, a partir deles, agradecer a todos os aprendizados durante este processo.<\/span><\/p>\n<p><span style=\"font-weight: 400;\">Com a gratid\u00e3o genu\u00edna, existe a possibilidade de <\/span><b>tornarmos nosso trabalho mais atraente sem necessitarmos de novidades e desafios a todo momento.<\/b><span style=\"font-weight: 400;\"> Sendo assim, n\u00e3o ser\u00e1 mais necess\u00e1rio desistir dos v\u00ednculos e viver uma rotina cotidiana de supera\u00e7\u00e3o.<\/span><\/p>\n<p><span style=\"font-weight: 400;\">\u00c9 com respostas positivas sobre o que estamos aptos a fazer e os resultados desta aptid\u00e3o, mais organiza\u00e7\u00e3o, motiva\u00e7\u00e3o e gratid\u00e3o, que podemos tornar o trabalho mais atraente. Al\u00e9m disso, devemos <\/span><b>promover rela\u00e7\u00f5es e ambientes saud\u00e1veis no trabalho<\/b><span style=\"font-weight: 400;\">, da mesma forma que gostar\u00edamos que fizessem por n\u00f3s.\u00a0<\/span><\/p>\n<p><span style=\"font-weight: 400;\">Ainda, uma vida com <\/span><a href=\"https:\/\/www.telavita.com.br\/blog\/riscos-psicossociais\/\" target=\"_blank\" rel=\"noopener\"><b>menos expectativas em rela\u00e7\u00e3o ao ambiente de trabalho<\/b><\/a><span style=\"font-weight: 400;\"> e mais <\/span><b>foco nas pr\u00f3prias responsabilidades e desenvolvimento pessoal e profissional<\/b><span style=\"font-weight: 400;\">, pode ser muito mais prazerosa e produtiva.<\/span><\/p>\n<h2><b>Como a terapia pode ajudar na motiva\u00e7\u00e3o no trabalho<\/b><\/h2>\n<p><span style=\"font-weight: 400;\">A <\/span><a href=\"https:\/\/www.telavita.com.br\/blog\/sessao-de-terapia\/\" target=\"_blank\" rel=\"noopener\"><b>terapia<\/b><\/a><span style=\"font-weight: 400;\"> pode auxiliar o indiv\u00edduo na transforma\u00e7\u00e3o de si mesmo a fim de que<\/span><b> o meio se torne mais male\u00e1vel de ser vivido. <\/b><span style=\"font-weight: 400;\">\u00a0\u00c0s vezes nosso emocional n\u00e3o est\u00e1 bem por conta de problemas pessoais e acabamos levando essas cargas psicol\u00f3gicas para outros lugares, como o trabalho.<\/span><\/p>\n<p><span style=\"font-weight: 400;\">Quando entendemos o que nos aflige e lidamos com isso, conseguimos<\/span><b> equilibrar nossos sentimentos.<\/b><span style=\"font-weight: 400;\"> Dessa forma, nossa motiva\u00e7\u00e3o no trabalho volta a se estabelecer e conseguimos realizar nossas atividades com mais efici\u00eancia e clareza do que antes.<\/span><\/p>\n<span class='mb-center maxbutton-4-center'><span class='maxbutton-4-container mb-container'><a class=\"maxbutton-4 maxbutton maxbutton-manda-para-o-catalogo-de-psicologos\" href=\"https:\/\/app.telavita.com.br\/psicologia-online\/encontre-seu-psicologo\"><span class='mb-text'>Encontre seu psic\u00f3logo online<\/span><\/a><\/span><\/span>\n","protected":false},"excerpt":{"rendered":"<p>Desde a d\u00e9cada de 1950, a sociedade passou a valorizar as profiss\u00f5es e as atividades laborais e a associ\u00e1-las a um status. Dessa forma, o trabalho se tornou mais atraente. Sendo assim, com o passar dos anos as mulheres conseguiram se introduzir, ainda que aos poucos, \u00e0s atividades mais intelectualizadas e \u00e0s profiss\u00f5es que antes [&hellip;]<\/p>\n","protected":false},"author":27,"featured_media":7709,"comment_status":"open","ping_status":"open","sticky":false,"template":"","format":"standard","meta":{"_lmt_disableupdate":"","_lmt_disable":"","footnotes":""},"categories":[384],"tags":[],"yoast_head":"<!-- This site is optimized with the Yoast SEO plugin v19.8 - https:\/\/yoast.com\/wordpress\/plugins\/seo\/ -->\n<title>Como tornar o trabalho mais atraente l Telavita<\/title>\n<meta name=\"description\" content=\"Voc\u00ea j\u00e1 parou para questionar se \u00e9 poss\u00edvel tornar o trabalho mais atraente? A boa not\u00edcia \u00e9 que sim, isso \u00e9 poss\u00edvel!\" \/>\n<meta name=\"robots\" content=\"index, follow, max-snippet:-1, max-image-preview:large, max-video-preview:-1\" \/>\n<link rel=\"canonical\" href=\"https:\/\/www.telavita.com.br\/blog\/como-tornar-trabalho-atraente\/\" \/>\n<meta property=\"og:locale\" content=\"pt_BR\" \/>\n<meta property=\"og:type\" content=\"article\" \/>\n<meta property=\"og:title\" content=\"Como tornar o trabalho mais atraente l Telavita\" \/>\n<meta property=\"og:description\" content=\"Voc\u00ea j\u00e1 parou para questionar se \u00e9 poss\u00edvel tornar o trabalho mais atraente? A boa not\u00edcia \u00e9 que sim, isso \u00e9 poss\u00edvel!\" \/>\n<meta property=\"og:url\" content=\"https:\/\/www.telavita.com.br\/blog\/como-tornar-trabalho-atraente\/\" \/>\n<meta property=\"og:site_name\" content=\"Telavita\" \/>\n<meta property=\"article:publisher\" content=\"https:\/\/www.facebook.com\/Telavita\" \/>\n<meta property=\"article:published_time\" content=\"2022-01-28T13:36:30+00:00\" \/>\n<meta property=\"article:modified_time\" content=\"2024-04-19T18:38:55+00:00\" \/>\n<meta property=\"og:image\" content=\"https:\/\/www.telavita.com.br\/blog\/wp-content\/uploads\/2022\/01\/trabalho.jpg\" \/>\n\t<meta property=\"og:image:width\" content=\"1280\" \/>\n\t<meta property=\"og:image:height\" content=\"853\" \/>\n\t<meta property=\"og:image:type\" content=\"image\/jpeg\" \/>\n<meta name=\"author\" content=\"Psic\u00f3loga Silvia Zoffmann - CRP 06\/54310\" \/>\n<meta name=\"twitter:card\" content=\"summary_large_image\" \/>\n<meta name=\"twitter:label1\" content=\"Escrito por\" \/>\n\t<meta name=\"twitter:data1\" content=\"Psic\u00f3loga Silvia Zoffmann - CRP 06\/54310\" \/>\n\t<meta name=\"twitter:label2\" content=\"Est. tempo de leitura\" \/>\n\t<meta name=\"twitter:data2\" content=\"5 minutos\" \/>\n<!-- \/ Yoast SEO plugin. -->","yoast_head_json":{"title":"Como tornar o trabalho mais atraente l Telavita","description":"Voc\u00ea j\u00e1 parou para questionar se \u00e9 poss\u00edvel tornar o trabalho mais atraente? A boa not\u00edcia \u00e9 que sim, isso \u00e9 poss\u00edvel!","robots":{"index":"index","follow":"follow","max-snippet":"max-snippet:-1","max-image-preview":"max-image-preview:large","max-video-preview":"max-video-preview:-1"},"canonical":"https:\/\/www.telavita.com.br\/blog\/como-tornar-trabalho-atraente\/","og_locale":"pt_BR","og_type":"article","og_title":"Como tornar o trabalho mais atraente l Telavita","og_description":"Voc\u00ea j\u00e1 parou para questionar se \u00e9 poss\u00edvel tornar o trabalho mais atraente? A boa not\u00edcia \u00e9 que sim, isso \u00e9 poss\u00edvel!","og_url":"https:\/\/www.telavita.com.br\/blog\/como-tornar-trabalho-atraente\/","og_site_name":"Telavita","article_publisher":"https:\/\/www.facebook.com\/Telavita","article_published_time":"2022-01-28T13:36:30+00:00","article_modified_time":"2024-04-19T18:38:55+00:00","og_image":[{"width":1280,"height":853,"url":"https:\/\/www.telavita.com.br\/blog\/wp-content\/uploads\/2022\/01\/trabalho.jpg","type":"image\/jpeg"}],"author":"Psic\u00f3loga Silvia Zoffmann - CRP 06\/54310","twitter_card":"summary_large_image","twitter_misc":{"Escrito por":"Psic\u00f3loga Silvia Zoffmann - CRP 06\/54310","Est. tempo de leitura":"5 minutos"},"schema":{"@context":"https:\/\/schema.org","@graph":[{"@type":"Article","@id":"https:\/\/www.telavita.com.br\/blog\/como-tornar-trabalho-atraente\/#article","isPartOf":{"@id":"https:\/\/www.telavita.com.br\/blog\/como-tornar-trabalho-atraente\/"},"author":{"name":"Psic\u00f3loga Silvia Zoffmann - CRP 06\/54310","@id":"https:\/\/www.telavita.com.br\/blog\/#\/schema\/person\/14f40b896d26816ece8bed9eb40a5537"},"headline":"Como tornar o trabalho mais atraente","datePublished":"2022-01-28T13:36:30+00:00","dateModified":"2024-04-19T18:38:55+00:00","mainEntityOfPage":{"@id":"https:\/\/www.telavita.com.br\/blog\/como-tornar-trabalho-atraente\/"},"wordCount":780,"commentCount":1,"publisher":{"@id":"https:\/\/www.telavita.com.br\/blog\/#organization"},"articleSection":["Recursos Humanos"],"inLanguage":"pt-BR","potentialAction":[{"@type":"CommentAction","name":"Comment","target":["https:\/\/www.telavita.com.br\/blog\/como-tornar-trabalho-atraente\/#respond"]}]},{"@type":"WebPage","@id":"https:\/\/www.telavita.com.br\/blog\/como-tornar-trabalho-atraente\/","url":"https:\/\/www.telavita.com.br\/blog\/como-tornar-trabalho-atraente\/","name":"Como tornar o trabalho mais atraente l Telavita","isPartOf":{"@id":"https:\/\/www.telavita.com.br\/blog\/#website"},"datePublished":"2022-01-28T13:36:30+00:00","dateModified":"2024-04-19T18:38:55+00:00","description":"Voc\u00ea j\u00e1 parou para questionar se \u00e9 poss\u00edvel tornar o trabalho mais atraente? A boa not\u00edcia \u00e9 que sim, isso \u00e9 poss\u00edvel!","breadcrumb":{"@id":"https:\/\/www.telavita.com.br\/blog\/como-tornar-trabalho-atraente\/#breadcrumb"},"inLanguage":"pt-BR","potentialAction":[{"@type":"ReadAction","target":["https:\/\/www.telavita.com.br\/blog\/como-tornar-trabalho-atraente\/"]}]},{"@type":"BreadcrumbList","@id":"https:\/\/www.telavita.com.br\/blog\/como-tornar-trabalho-atraente\/#breadcrumb","itemListElement":[{"@type":"ListItem","position":1,"name":"In\u00edcio","item":"https:\/\/www.telavita.com.br\/blog\/"},{"@type":"ListItem","position":2,"name":"Como tornar o trabalho mais atraente"}]},{"@type":"WebSite","@id":"https:\/\/www.telavita.com.br\/blog\/#website","url":"https:\/\/www.telavita.com.br\/blog\/","name":"Telavita","description":"Conte\u00fados especializados sobre sa\u00fade mental e bem-estar","publisher":{"@id":"https:\/\/www.telavita.com.br\/blog\/#organization"},"potentialAction":[{"@type":"SearchAction","target":{"@type":"EntryPoint","urlTemplate":"https:\/\/www.telavita.com.br\/blog\/?s={search_term_string}"},"query-input":"required name=search_term_string"}],"inLanguage":"pt-BR"},{"@type":"Organization","@id":"https:\/\/www.telavita.com.br\/blog\/#organization","name":"Telavita","url":"https:\/\/www.telavita.com.br\/blog\/","sameAs":["https:\/\/www.linkedin.com\/company\/telavita\/mycompany\/verification\/","https:\/\/www.instagram.com\/telavita\/","https:\/\/www.facebook.com\/Telavita"],"logo":{"@type":"ImageObject","inLanguage":"pt-BR","@id":"https:\/\/www.telavita.com.br\/blog\/#\/schema\/logo\/image\/","url":"https:\/\/www.telavita.com.br\/blog\/wp-content\/uploads\/2021\/05\/telavita.jpg","contentUrl":"https:\/\/www.telavita.com.br\/blog\/wp-content\/uploads\/2021\/05\/telavita.jpg","width":200,"height":200,"caption":"Telavita"},"image":{"@id":"https:\/\/www.telavita.com.br\/blog\/#\/schema\/logo\/image\/"}},{"@type":"Person","@id":"https:\/\/www.telavita.com.br\/blog\/#\/schema\/person\/14f40b896d26816ece8bed9eb40a5537","name":"Psic\u00f3loga Silvia Zoffmann - CRP 06\/54310","image":{"@type":"ImageObject","inLanguage":"pt-BR","@id":"https:\/\/www.telavita.com.br\/blog\/#\/schema\/person\/image\/","url":"https:\/\/secure.gravatar.com\/avatar\/8dd206804c8d7ea10d40a0c477ca7c42?s=96&d=mm&r=g","contentUrl":"https:\/\/secure.gravatar.com\/avatar\/8dd206804c8d7ea10d40a0c477ca7c42?s=96&d=mm&r=g","caption":"Psic\u00f3loga Silvia Zoffmann - CRP 06\/54310"},"description":"Sou Psic\u00f3loga graduada pela PUC-SP - Brasil, com forma\u00e7\u00e3o em Psican\u00e1lise e em Psicologia Anal\u00edtica Junguiana, com s\u00f3lida atua\u00e7\u00e3o em atendimentos presenciais em consult\u00f3rio, ambulat\u00f3rio de sa\u00fade mental e online em Psicologia Cl\u00ednica para adultos, com \u00eanfase em: autoconhecimento | sofrimento ps\u00edquico; conflitos pessoais e de relacionamentos; depress\u00e3o | ansiedade | transtornos emocionais e comportamentais; s\u00edndrome de Burnout | estresse cr\u00f4nico; demiss\u00e3o | desemprego | transi\u00e7\u00e3o de carreira; demais quest\u00f5es relacionadas ao trabalho e produtividade. Com atua\u00e7\u00e3o tanto corporativa (em empresas), como em consultorias de RH e de Recoloca\u00e7\u00e3o, possuo vasta experi\u00eancia em Orienta\u00e7\u00e3o de Carreira (profissional), Outplacement e Recoloca\u00e7\u00e3o e realizo atendimentos online para pessoas que precisam de apoio em suas transi\u00e7\u00f5es de carreira, treinamento para entrevistas, elabora\u00e7\u00e3o de curr\u00edculo (CV), perfil LinkedIn, ferramentas de networking e identidade profissional. Atuo tamb\u00e9m como Headhunter para empresas, conduzindo Processos Seletivos de profissionais para todos os segmentos. Sou palestrante presencial e online em workshops sobre temas relacionados aos conflitos psicol\u00f3gicos durante uma Transi\u00e7\u00e3o de Carreira, Mercado de Trabalho, Elabora\u00e7\u00e3o de Curr\u00edculo e Perfil LinkedIn, Networking, Processos Seletivos e Entrevistas, Identidade Profissional, Imagem e Marca Pessoal. Atualmente, os atendimentos realizados em Psicologia Cl\u00ednica, em Carreira e Processos Seletivos s\u00e3o realizados somente ONLINE, atrav\u00e9s de recursos de videoconfer\u00eancia. Ofere\u00e7o al\u00e9m dos atendimentos, servi\u00e7os de revis\u00e3o de Curr\u00edculo e Perfil LinkedIn.","url":"https:\/\/www.telavita.com.br\/blog\/author\/silvia-zoffmann\/"}]}},"modified_by":null,"_links":{"self":[{"href":"https:\/\/www.telavita.com.br\/blog\/wp-json\/wp\/v2\/posts\/7705"}],"collection":[{"href":"https:\/\/www.telavita.com.br\/blog\/wp-json\/wp\/v2\/posts"}],"about":[{"href":"https:\/\/www.telavita.com.br\/blog\/wp-json\/wp\/v2\/types\/post"}],"author":[{"embeddable":true,"href":"https:\/\/www.telavita.com.br\/blog\/wp-json\/wp\/v2\/users\/27"}],"replies":[{"embeddable":true,"href":"https:\/\/www.telavita.com.br\/blog\/wp-json\/wp\/v2\/comments?post=7705"}],"version-history":[{"count":9,"href":"https:\/\/www.telavita.com.br\/blog\/wp-json\/wp\/v2\/posts\/7705\/revisions"}],"predecessor-version":[{"id":8433,"href":"https:\/\/www.telavita.com.br\/blog\/wp-json\/wp\/v2\/posts\/7705\/revisions\/8433"}],"wp:featuredmedia":[{"embeddable":true,"href":"https:\/\/www.telavita.com.br\/blog\/wp-json\/wp\/v2\/media\/7709"}],"wp:attachment":[{"href":"https:\/\/www.telavita.com.br\/blog\/wp-json\/wp\/v2\/media?parent=7705"}],"wp:term":[{"taxonomy":"category","embeddable":true,"href":"https:\/\/www.telavita.com.br\/blog\/wp-json\/wp\/v2\/categories?post=7705"},{"taxonomy":"post_tag","embeddable":true,"href":"https:\/\/www.telavita.com.br\/blog\/wp-json\/wp\/v2\/tags?post=7705"}],"curies":[{"name":"wp","href":"https:\/\/api.w.org\/{rel}","templated":true}]}}