{"id":7745,"date":"2022-03-04T09:47:10","date_gmt":"2022-03-04T12:47:10","guid":{"rendered":"https:\/\/www.telavita.com.br\/blog\/?p=7745"},"modified":"2022-03-04T09:49:50","modified_gmt":"2022-03-04T12:49:50","slug":"vieses-inconscientes","status":"publish","type":"post","link":"https:\/\/www.telavita.com.br\/blog\/vieses-inconscientes\/","title":{"rendered":"Vieses inconscientes: saiba o que s\u00e3o e como lidar com eles"},"content":{"rendered":"<p><span style=\"font-weight: 400;\">Voc\u00ea j\u00e1 se deparou com situa\u00e7\u00f5es nas quais tinha todos os argumentos l\u00f3gicos para escolher uma determinada alternativa, mas a sua \u201cintui\u00e7\u00e3o\u201d apontava para outra dire\u00e7\u00e3o? Bem, essa \u201cintui\u00e7\u00e3o\u201d n\u00e3o apareceu do nada.<\/span><\/p>\n<p><span style=\"font-weight: 400;\">A nossa mente funciona por meio de associa\u00e7\u00f5es e nem sempre trabalha de forma l\u00f3gica com as informa\u00e7\u00f5es relevantes dispon\u00edveis. E \u00e9 por isso que epis\u00f3dios como esses &#8211; e decis\u00f5es equivocadas &#8211; acontecem frequentemente.<\/span><\/p>\n<p><span style=\"font-weight: 400;\">Estamos falando dos vieses inconscientes e eles s\u00e3o mais comuns do que imaginamos. Na verdade, influenciam nossas decis\u00f5es di\u00e1rias, al\u00e9m de serem capazes de atrapalhar nosso julgamento.<\/span><\/p>\n<span class='mb-center maxbutton-3-center'><span class='maxbutton-3-container mb-container'><a class=\"maxbutton-3 maxbutton maxbutton-manda-para-pagina-psicologos\" href=\"https:\/\/app.telavita.com.br\/psicologia-online\/encontre-seu-psicologo\"><span class='mb-text'>Agende agora uma consulta com psic\u00f3logo<\/span><\/a><\/span><\/span>\n<h2><span style=\"font-weight: 400;\">O que s\u00e3o os vieses inconscientes?<\/span><\/h2>\n<p><span style=\"font-weight: 400;\">Os vieses inconscientes s\u00e3o, geralmente, definidos como tend\u00eancias ou preconceitos de um indiv\u00edduo a favor ou contra uma coisa, uma pessoa ou um grupo. Eles surgem tendo em vista nossos julgamentos, pensamentos e ideias relacionados a experi\u00eancias passadas armazenadas no c\u00e9rebro.\u00a0<\/span><\/p>\n<p><span style=\"font-weight: 400;\">Sendo assim, os vieses ocorrem a partir de um processo neurol\u00f3gico que acontece no hipocampo e que, sem que percebamos, afetam as nossas atitudes. Tratam-se, basicamente, de barreiras sigilosas e obst\u00e1culos invis\u00edveis.\u00a0<\/span><\/p>\n<p><span style=\"font-weight: 400;\">Al\u00e9m disso, podemos entend\u00ea-las como generaliza\u00e7\u00f5es baseadas em estere\u00f3tipos de ra\u00e7a, classe, etnia, idade, g\u00eanero, orienta\u00e7\u00e3o sexual e outros. S\u00e3o os preconceitos enraizados e dif\u00edceis de reconhecer.<\/span><\/p>\n<h3><span style=\"font-weight: 400;\">Os padr\u00f5es mentais<\/span><\/h3>\n<p><span style=\"font-weight: 400;\">Tais cren\u00e7as foram incorporadas sem nos darmos conta disso, por\u00e9m, acabam por ditar o nosso comportamento de forma quase que \u201cnatural\u201d. E isso ocorre a todo o momento. Para isso, vamos utilizar os processos de sele\u00e7\u00e3o para uma vaga de emprego como exemplo.<\/span><\/p>\n<p><span style=\"font-weight: 400;\">Ao se deparar com dois curr\u00edculos muito semelhantes de uma pessoa branca e outra negra, ou de um candidato homem e uma candidata mulher, o recrutador ter\u00e1 uma \u201cprefer\u00eancia\u201d. Ou seja, mesmo que estes dois \u00faltimos tenham mais compet\u00eancia para o cargo, \u00e9 mais prov\u00e1vel que selecionem a pessoa branca e o homem para o trabalho.<\/span><\/p>\n<p><strong>LEIA MAIS: <a href=\"https:\/\/www.telavita.com.br\/blog\/dificil-mudar\/\">Por que \u00e9 t\u00e3o dif\u00edcil mudar?<\/a><\/strong><\/p>\n<p><span style=\"font-weight: 400;\">Entretanto, isso n\u00e3o significa que ele deliberadamente pensou que, por ser homem ou por ser branca, essa pessoa seria melhor para assumir as responsabilidades daquele trabalho. Na verdade, ao fazer um julgamento autom\u00e1tico, ele agiu \u201csob controle\u201d dos preconceitos incorporados que carrega &#8211; assim como todos n\u00f3s.<\/span><\/p>\n<p><span style=\"font-weight: 400;\">Nossas atitudes e pensamentos s\u00e3o, em grande parte das vezes, guiadas por padr\u00f5es mentais sistem\u00e1ticos e n\u00e3o por julgamentos racionais. E isso est\u00e1 diretamente ligado \u00e0 exclus\u00e3o social de grupos minorizados e \u00e0 discrimina\u00e7\u00e3o \u00e9tnico-racial, de classe, de g\u00eanero, de orienta\u00e7\u00e3o sexual e de pessoas com alguma defici\u00eancia f\u00edsica.\u00a0<\/span><\/p>\n<span class='mb-center maxbutton-2-center'><span class='maxbutton-2-container mb-container'><a class=\"maxbutton-2 maxbutton maxbutton-home-telavita\" href=\"https:\/\/www.telavita.com.br\"><span class='mb-text'>Conhe\u00e7a a Telavita<\/span><\/a><\/span><\/span>\n<h2><span style=\"font-weight: 400;\">Como lidar com os vieses inconscientes<\/span><\/h2>\n<p><span style=\"font-weight: 400;\">\u00c9 importante notar que todos n\u00f3s somos \u201cenviesados\u201d, ou seja, suscet\u00edveis aos vieses, pelo simples fato de sermos humanos. Eliminar completamente esses vieses \u00e9 muito dif\u00edcil, afinal, eles s\u00e3o da natureza humana, mas podemos, com certeza, minimizar os seus efeitos.<\/span><\/p>\n<p><span style=\"font-weight: 400;\">O primeiro passo para reprogramarmos nossa mente \u00e9 aceitarmos que possu\u00edmos tais barreiras. N\u00e3o \u00e9 \u201cerrado\u201d possu\u00ed-las, mas sim neg\u00e1-las por puro \u201cauto preconceito\u201d. N\u00e3o tenha vergonha de reconhecer esses padr\u00f5es.<\/span><\/p>\n<p><strong>LEIA MAIS: <a href=\"https:\/\/www.telavita.com.br\/blog\/rotina-de-autocuidado\/\">Rotina de autocuidado: como cuidar da sua sa\u00fade mental<\/a><\/strong><\/p>\n<p><span style=\"font-weight: 400;\"> Assumir os vieses nos possibilita ficar atentos para identificar racioc\u00ednios e situa\u00e7\u00f5es do nosso dia a dia em que esses preconceitos est\u00e3o a comandar nosso pensamento ou postura.<\/span><\/p>\n<p><span style=\"font-weight: 400;\">Trata-se de um exerc\u00edcio constante de reflex\u00e3o. N\u00e3o pense que conseguir\u00e1 mudar esses pensamentos de um dia para o outro, entretanto, \u00e9 poss\u00edvel com o tempo melhorar a forma como lidamos com eles.<\/span><\/p>\n<h3><span style=\"font-weight: 400;\">O impacto no trabalho<\/span><\/h3>\n<p><span style=\"font-weight: 400;\">Como mencionado anteriormente, tais cren\u00e7as involunt\u00e1rias afetam a nossa rotina, por\u00e9m, possuem um impacto devastador no ambiente de trabalho. Os vieses inconscientes afetam o julgamento racional e leva adiante preconceitos invis\u00edveis.<\/span><\/p>\n<p><span style=\"font-weight: 400;\">Nesse sentido, \u00e9 fundamental a implanta\u00e7\u00e3o de programas de Diversidade e Inclus\u00e3o, por exemplo, e realizar pr\u00e1ticas ou din\u00e2micas que proponham reflex\u00f5es a respeito dessas cren\u00e7as incorporadas.<\/span><\/p>\n<p><span style=\"font-weight: 400;\">Para termos um mercado de trabalho realmente diverso e inclusivo, precisamos fazer o exerc\u00edcio di\u00e1rio de fugir do pensamento f\u00e1cil e autom\u00e1tico. Dessa forma, \u00e9 necess\u00e1rio sair da zona de conforto e passar a questionar sempre a nossa primeira impress\u00e3o sobre algu\u00e9m.\u00a0<\/span><\/p>\n<p><span style=\"font-weight: 400;\">Em qualquer \u00e1rea da vida, \u00e9 fundamental atuarmos com empatia, mesmo que isso signifique duvidar das pr\u00f3prias conclus\u00f5es para digerir opini\u00f5es e ideias diferentes das suas. E essa n\u00e3o \u00e9 uma tarefa f\u00e1cil.<\/span><\/p>\n<p><span style=\"font-weight: 400;\">Entretanto, apostar na diversidade e homogeneidade \u00e9 um caminho para lidar com os vieses inconscientes. Dessa forma, ser\u00e1 poss\u00edvel prosperar em todos os \u00e2mbitos de nossas vidas, afinal, retomamos o controle de nosso julgamento.<\/span><\/p>\n<span class='mb-center maxbutton-4-center'><span class='maxbutton-4-container mb-container'><a class=\"maxbutton-4 maxbutton maxbutton-manda-para-o-catalogo-de-psicologos\" href=\"https:\/\/app.telavita.com.br\/psicologia-online\/encontre-seu-psicologo\"><span class='mb-text'>Encontre seu psic\u00f3logo online<\/span><\/a><\/span><\/span>\n","protected":false},"excerpt":{"rendered":"<p>Voc\u00ea j\u00e1 se deparou com situa\u00e7\u00f5es nas quais tinha todos os argumentos l\u00f3gicos para escolher uma determinada alternativa, mas a sua \u201cintui\u00e7\u00e3o\u201d apontava para outra dire\u00e7\u00e3o? Bem, essa \u201cintui\u00e7\u00e3o\u201d n\u00e3o apareceu do nada. A nossa mente funciona por meio de associa\u00e7\u00f5es e nem sempre trabalha de forma l\u00f3gica com as informa\u00e7\u00f5es relevantes dispon\u00edveis. E \u00e9 [&hellip;]<\/p>\n","protected":false},"author":29,"featured_media":7748,"comment_status":"open","ping_status":"open","sticky":false,"template":"","format":"standard","meta":{"_lmt_disableupdate":"","_lmt_disable":"","footnotes":""},"categories":[273],"tags":[],"yoast_head":"<!-- This site is optimized with the Yoast SEO plugin v19.8 - https:\/\/yoast.com\/wordpress\/plugins\/seo\/ -->\n<title>Vieses inconscientes: saiba o que s\u00e3o e como lidar com eles l Telavita<\/title>\n<meta name=\"description\" content=\"Voc\u00ea sabe o que s\u00e3o os vieses inconscientes? Entenda a import\u00e2ncia deles e como influenciam em nossas decis\u00f5es di\u00e1rias!\" \/>\n<meta name=\"robots\" content=\"index, follow, max-snippet:-1, max-image-preview:large, max-video-preview:-1\" \/>\n<link rel=\"canonical\" href=\"https:\/\/www.telavita.com.br\/blog\/vieses-inconscientes\/\" \/>\n<meta property=\"og:locale\" content=\"pt_BR\" \/>\n<meta property=\"og:type\" content=\"article\" \/>\n<meta property=\"og:title\" content=\"Vieses inconscientes: saiba o que s\u00e3o e como lidar com eles l Telavita\" \/>\n<meta property=\"og:description\" content=\"Voc\u00ea sabe o que s\u00e3o os vieses inconscientes? Entenda a import\u00e2ncia deles e como influenciam em nossas decis\u00f5es di\u00e1rias!\" \/>\n<meta property=\"og:url\" content=\"https:\/\/www.telavita.com.br\/blog\/vieses-inconscientes\/\" \/>\n<meta property=\"og:site_name\" content=\"Telavita\" \/>\n<meta property=\"article:publisher\" content=\"https:\/\/www.facebook.com\/Telavita\" \/>\n<meta property=\"article:published_time\" content=\"2022-03-04T12:47:10+00:00\" \/>\n<meta property=\"article:modified_time\" content=\"2022-03-04T12:49:50+00:00\" \/>\n<meta property=\"og:image\" content=\"https:\/\/www.telavita.com.br\/blog\/wp-content\/uploads\/2022\/03\/vieses-inconscientes.jpg\" \/>\n\t<meta property=\"og:image:width\" content=\"1280\" \/>\n\t<meta property=\"og:image:height\" content=\"853\" \/>\n\t<meta property=\"og:image:type\" content=\"image\/jpeg\" \/>\n<meta name=\"author\" content=\"Psic\u00f3loga M\u00f4nica Silveira - CRP 06\/92287\" \/>\n<meta name=\"twitter:card\" content=\"summary_large_image\" \/>\n<meta name=\"twitter:label1\" content=\"Escrito por\" \/>\n\t<meta name=\"twitter:data1\" content=\"Psic\u00f3loga M\u00f4nica Silveira - CRP 06\/92287\" \/>\n\t<meta name=\"twitter:label2\" content=\"Est. tempo de leitura\" \/>\n\t<meta name=\"twitter:data2\" content=\"5 minutos\" \/>\n<!-- \/ Yoast SEO plugin. -->","yoast_head_json":{"title":"Vieses inconscientes: saiba o que s\u00e3o e como lidar com eles l Telavita","description":"Voc\u00ea sabe o que s\u00e3o os vieses inconscientes? Entenda a import\u00e2ncia deles e como influenciam em nossas decis\u00f5es di\u00e1rias!","robots":{"index":"index","follow":"follow","max-snippet":"max-snippet:-1","max-image-preview":"max-image-preview:large","max-video-preview":"max-video-preview:-1"},"canonical":"https:\/\/www.telavita.com.br\/blog\/vieses-inconscientes\/","og_locale":"pt_BR","og_type":"article","og_title":"Vieses inconscientes: saiba o que s\u00e3o e como lidar com eles l Telavita","og_description":"Voc\u00ea sabe o que s\u00e3o os vieses inconscientes? Entenda a import\u00e2ncia deles e como influenciam em nossas decis\u00f5es di\u00e1rias!","og_url":"https:\/\/www.telavita.com.br\/blog\/vieses-inconscientes\/","og_site_name":"Telavita","article_publisher":"https:\/\/www.facebook.com\/Telavita","article_published_time":"2022-03-04T12:47:10+00:00","article_modified_time":"2022-03-04T12:49:50+00:00","og_image":[{"width":1280,"height":853,"url":"https:\/\/www.telavita.com.br\/blog\/wp-content\/uploads\/2022\/03\/vieses-inconscientes.jpg","type":"image\/jpeg"}],"author":"Psic\u00f3loga M\u00f4nica Silveira - CRP 06\/92287","twitter_card":"summary_large_image","twitter_misc":{"Escrito por":"Psic\u00f3loga M\u00f4nica Silveira - CRP 06\/92287","Est. tempo de leitura":"5 minutos"},"schema":{"@context":"https:\/\/schema.org","@graph":[{"@type":"Article","@id":"https:\/\/www.telavita.com.br\/blog\/vieses-inconscientes\/#article","isPartOf":{"@id":"https:\/\/www.telavita.com.br\/blog\/vieses-inconscientes\/"},"author":{"name":"Psic\u00f3loga M\u00f4nica Silveira - CRP 06\/92287","@id":"https:\/\/www.telavita.com.br\/blog\/#\/schema\/person\/e47c394b8ff6bf551130fa98e7b9916d"},"headline":"Vieses inconscientes: saiba o que s\u00e3o e como lidar com eles","datePublished":"2022-03-04T12:47:10+00:00","dateModified":"2022-03-04T12:49:50+00:00","mainEntityOfPage":{"@id":"https:\/\/www.telavita.com.br\/blog\/vieses-inconscientes\/"},"wordCount":828,"commentCount":1,"publisher":{"@id":"https:\/\/www.telavita.com.br\/blog\/#organization"},"articleSection":["Comportamento"],"inLanguage":"pt-BR","potentialAction":[{"@type":"CommentAction","name":"Comment","target":["https:\/\/www.telavita.com.br\/blog\/vieses-inconscientes\/#respond"]}]},{"@type":"WebPage","@id":"https:\/\/www.telavita.com.br\/blog\/vieses-inconscientes\/","url":"https:\/\/www.telavita.com.br\/blog\/vieses-inconscientes\/","name":"Vieses inconscientes: saiba o que s\u00e3o e como lidar com eles l Telavita","isPartOf":{"@id":"https:\/\/www.telavita.com.br\/blog\/#website"},"datePublished":"2022-03-04T12:47:10+00:00","dateModified":"2022-03-04T12:49:50+00:00","description":"Voc\u00ea sabe o que s\u00e3o os vieses inconscientes? Entenda a import\u00e2ncia deles e como influenciam em nossas decis\u00f5es di\u00e1rias!","breadcrumb":{"@id":"https:\/\/www.telavita.com.br\/blog\/vieses-inconscientes\/#breadcrumb"},"inLanguage":"pt-BR","potentialAction":[{"@type":"ReadAction","target":["https:\/\/www.telavita.com.br\/blog\/vieses-inconscientes\/"]}]},{"@type":"BreadcrumbList","@id":"https:\/\/www.telavita.com.br\/blog\/vieses-inconscientes\/#breadcrumb","itemListElement":[{"@type":"ListItem","position":1,"name":"In\u00edcio","item":"https:\/\/www.telavita.com.br\/blog\/"},{"@type":"ListItem","position":2,"name":"Vieses inconscientes: saiba o que s\u00e3o e como lidar com eles"}]},{"@type":"WebSite","@id":"https:\/\/www.telavita.com.br\/blog\/#website","url":"https:\/\/www.telavita.com.br\/blog\/","name":"Telavita","description":"Conte\u00fados especializados sobre sa\u00fade mental e bem-estar","publisher":{"@id":"https:\/\/www.telavita.com.br\/blog\/#organization"},"potentialAction":[{"@type":"SearchAction","target":{"@type":"EntryPoint","urlTemplate":"https:\/\/www.telavita.com.br\/blog\/?s={search_term_string}"},"query-input":"required name=search_term_string"}],"inLanguage":"pt-BR"},{"@type":"Organization","@id":"https:\/\/www.telavita.com.br\/blog\/#organization","name":"Telavita","url":"https:\/\/www.telavita.com.br\/blog\/","sameAs":["https:\/\/www.linkedin.com\/company\/telavita\/mycompany\/verification\/","https:\/\/www.instagram.com\/telavita\/","https:\/\/www.facebook.com\/Telavita"],"logo":{"@type":"ImageObject","inLanguage":"pt-BR","@id":"https:\/\/www.telavita.com.br\/blog\/#\/schema\/logo\/image\/","url":"https:\/\/www.telavita.com.br\/blog\/wp-content\/uploads\/2021\/05\/telavita.jpg","contentUrl":"https:\/\/www.telavita.com.br\/blog\/wp-content\/uploads\/2021\/05\/telavita.jpg","width":200,"height":200,"caption":"Telavita"},"image":{"@id":"https:\/\/www.telavita.com.br\/blog\/#\/schema\/logo\/image\/"}},{"@type":"Person","@id":"https:\/\/www.telavita.com.br\/blog\/#\/schema\/person\/e47c394b8ff6bf551130fa98e7b9916d","name":"Psic\u00f3loga M\u00f4nica Silveira - CRP 06\/92287","image":{"@type":"ImageObject","inLanguage":"pt-BR","@id":"https:\/\/www.telavita.com.br\/blog\/#\/schema\/person\/image\/","url":"https:\/\/secure.gravatar.com\/avatar\/08c63ce80716a31cba2755f0a13f4d4a?s=96&d=mm&r=g","contentUrl":"https:\/\/secure.gravatar.com\/avatar\/08c63ce80716a31cba2755f0a13f4d4a?s=96&d=mm&r=g","caption":"Psic\u00f3loga M\u00f4nica Silveira - CRP 06\/92287"},"description":"Sou psic\u00f3loga formada desde 2005, e me especializei em Psicologia Anal\u00edtica, de C. Jung. Durante todo esse tempo venho estudando incansavelmente a mente, as emo\u00e7\u00f5es e o comportamento humano para tentar chegar cada vez mais perto da compreens\u00e3o dos dilemas e dos mist\u00e9rios humanos. Me considero uma eterna aprendiz. Minha metodologia terap\u00eautica envolve a an\u00e1lise, o mergulho no inconsciente, e o estudo dos arqu\u00e9tipos manifestados. Meu prop\u00f3sito \u00e9 diminuir a dor da alma, e auxiliar meu cliente na conquista de uma vida interior rica, s\u00f3lida e saud\u00e1vel. Atendimento a partir dos 16 anos de idade.","url":"https:\/\/www.telavita.com.br\/blog\/author\/monica-silveira\/"}]}},"modified_by":null,"_links":{"self":[{"href":"https:\/\/www.telavita.com.br\/blog\/wp-json\/wp\/v2\/posts\/7745"}],"collection":[{"href":"https:\/\/www.telavita.com.br\/blog\/wp-json\/wp\/v2\/posts"}],"about":[{"href":"https:\/\/www.telavita.com.br\/blog\/wp-json\/wp\/v2\/types\/post"}],"author":[{"embeddable":true,"href":"https:\/\/www.telavita.com.br\/blog\/wp-json\/wp\/v2\/users\/29"}],"replies":[{"embeddable":true,"href":"https:\/\/www.telavita.com.br\/blog\/wp-json\/wp\/v2\/comments?post=7745"}],"version-history":[{"count":5,"href":"https:\/\/www.telavita.com.br\/blog\/wp-json\/wp\/v2\/posts\/7745\/revisions"}],"predecessor-version":[{"id":7751,"href":"https:\/\/www.telavita.com.br\/blog\/wp-json\/wp\/v2\/posts\/7745\/revisions\/7751"}],"wp:featuredmedia":[{"embeddable":true,"href":"https:\/\/www.telavita.com.br\/blog\/wp-json\/wp\/v2\/media\/7748"}],"wp:attachment":[{"href":"https:\/\/www.telavita.com.br\/blog\/wp-json\/wp\/v2\/media?parent=7745"}],"wp:term":[{"taxonomy":"category","embeddable":true,"href":"https:\/\/www.telavita.com.br\/blog\/wp-json\/wp\/v2\/categories?post=7745"},{"taxonomy":"post_tag","embeddable":true,"href":"https:\/\/www.telavita.com.br\/blog\/wp-json\/wp\/v2\/tags?post=7745"}],"curies":[{"name":"wp","href":"https:\/\/api.w.org\/{rel}","templated":true}]}}