{"id":7778,"date":"2022-03-21T14:16:45","date_gmt":"2022-03-21T17:16:45","guid":{"rendered":"https:\/\/www.telavita.com.br\/blog\/?p=7778"},"modified":"2022-03-21T16:21:08","modified_gmt":"2022-03-21T19:21:08","slug":"saude-mental-lgbtqia","status":"publish","type":"post","link":"https:\/\/www.telavita.com.br\/blog\/saude-mental-lgbtqia\/","title":{"rendered":"Como est\u00e1 a sa\u00fade mental da popula\u00e7\u00e3o LGBTQIA+?"},"content":{"rendered":"<p><span style=\"font-weight: 400;\">Sexualidade n\u00e3o \u00e9 doen\u00e7a. Muito menos sinal de algo a ser consertado. Entretanto, o preconceito \u00e9 sim um causador de sofrimentos como ansiedade, depress\u00e3o e muito mais.<\/span><\/p>\n<p><span style=\"font-weight: 400;\">No atendimento ao p\u00fablico LGBTQIA+, nota-se que a grande maioria do sofrimento relatado gira em torno do quanto essas pessoas sofrem com uma fam\u00edlia intolerante e com situa\u00e7\u00f5es sociais que causam dor.<\/span><\/p>\n<p><span style=\"font-weight: 400;\">O p\u00fablico LGBTQIA+ vem buscando a psicoterapia como um recurso adicional para entender quest\u00f5es relacionadas ao contato com o pr\u00f3ximo. Al\u00e9m disso, procura saber lidar com as demandas que surgem como resultado dessa rela\u00e7\u00e3o.\u00a0<\/span><\/p>\n<p><span style=\"font-weight: 400;\">A psicoterapia \u00e9 um espa\u00e7o que vai al\u00e9m das demandas patol\u00f3gicas. Trata-se de um espa\u00e7o de protagonismo em dire\u00e7\u00e3o a autonomia, autoconhecimento, elabora\u00e7\u00e3o de novos caminhos e, principalmente, de ressignifica\u00e7\u00e3o para quest\u00f5es dolorosas.<\/span><\/p>\n<p><span style=\"font-weight: 400;\">Dessa forma, podemos entender que a terapia \u00e9 um espa\u00e7o para todas as pessoas que buscam se entender internamente. No entanto, tamb\u00e9m \u00e9 um lugar para compreender a nossa intera\u00e7\u00e3o com o outro.<\/span><\/p>\n<span class='mb-center maxbutton-3-center'><span class='maxbutton-3-container mb-container'><a class=\"maxbutton-3 maxbutton maxbutton-manda-para-pagina-psicologos\" href=\"https:\/\/app.telavita.com.br\/psicologia-online\/encontre-seu-psicologo\"><span class='mb-text'>Agende agora uma consulta com psic\u00f3logo<\/span><\/a><\/span><\/span>\n<h2><span style=\"font-weight: 400;\">A sociedade e o p\u00fablico LGBTQIA+<\/span><\/h2>\n<p><span style=\"font-weight: 400;\">\u00c9 bastante comum escutar not\u00edcias tristes sobre preconceito e, \u00e0s vezes, at\u00e9 mesmo ofensas e agress\u00f5es nos jornais contra essa popula\u00e7\u00e3o. Esse \u00e9 um fato que por si s\u00f3 pode despertar um pouco de ansiedade nas pessoas, por\u00e9m, imagine o impacto que isso possui nas pessoas LGBTQIA+.<\/span><\/p>\n<p><span style=\"font-weight: 400;\">O preconceito existe e esses indiv\u00edduos sofrem marcas por isso. A falta de respeito, a intoler\u00e2ncia, a aus\u00eancia de empatia e a n\u00e3o compreens\u00e3o de uma parcela social deixam cicatrizes invis\u00edveis, mas bem dolorosas.<\/span><\/p>\n<p><span style=\"font-weight: 400;\">Ambientes de trabalho, amigos, grupos religiosos e, at\u00e9 mesmo, locais p\u00fablicos, por vezes, manifestam comportamentos preconceituosos e intolerantes. Inevitavelmente, isso gera ansiedade, medo e diversos outros sentimentos que precisam ser trabalhados para n\u00e3o causar mais sofrimento.<\/span><\/p>\n<h2><span style=\"font-weight: 400;\">A quest\u00e3o familiar<\/span><\/h2>\n<p><span style=\"font-weight: 400;\">Al\u00e9m disso, a grande maioria apresenta quest\u00f5es de uma fam\u00edlia que n\u00e3o consegue aceitar um membro da forma como ele \u00e9, por exemplo. Isso resulta em uma ansiedade presente das intera\u00e7\u00f5es sociais e que precisa ser trabalhada em terapia.<\/span><\/p>\n<p><span style=\"font-weight: 400;\">O ambiente familiar \u00e9 um ambiente de muito significado na vida das pessoas que procuram fazer terapia. Nele, acontecem diversas situa\u00e7\u00f5es que geram demandas a serem exploradas no atendimento psicol\u00f3gico.<\/span><\/p>\n<p><strong>LEIA MAIS: <a href=\"https:\/\/www.telavita.com.br\/blog\/homofobia-internalizada\/\">Homofobia internalizada: o preconceito do homossexual contra si mesmo<\/a><\/strong><\/p>\n<p><span style=\"font-weight: 400;\">Um dos motivos para isso acontecer \u00e9 a expectativa. Torna-se f\u00e1cil perceber que antes de uma pessoa nascer, a fam\u00edlia j\u00e1 vem nutrindo expectativas sobre ela. E isso cria uma moldura sobre a imagem da pessoa.\u00a0<\/span><\/p>\n<p><span style=\"font-weight: 400;\">Sendo assim, j\u00e1 se formam imagens pr\u00e9-concebidas de como deveria ser o cabelo, as roupas, a profiss\u00e3o, as escolhas, a sexualidade, o time de futebol, o posicionamento pol\u00edtico e, at\u00e9 mesmo, o que estudar na gradua\u00e7\u00e3o.<\/span><\/p>\n<p><span style=\"font-weight: 400;\">Dessa forma, notamos que todas as decis\u00f5es de uma pessoa que acaba fugindo dessa \u201cmoldura\u201d geram frustra\u00e7\u00e3o para todo o n\u00facleo familiar. Afinal, ele vinha nutrindo um modelo pronto na vida desse indiv\u00edduo.<\/span><\/p>\n<span class='mb-center maxbutton-2-center'><span class='maxbutton-2-container mb-container'><a class=\"maxbutton-2 maxbutton maxbutton-home-telavita\" href=\"https:\/\/www.telavita.com.br\"><span class='mb-text'>Conhe\u00e7a a Telavita<\/span><\/a><\/span><\/span>\n<h3><span style=\"font-weight: 400;\">A fam\u00edlia e o p\u00fablico LGBTQIA+<\/span><\/h3>\n<p><span style=\"font-weight: 400;\">Pensar no p\u00fablico LGBTQIA+ \u00e9 pensar em pessoas que desejam se entender. Por\u00e9m, al\u00e9m disso, tratam-se de indiv\u00edduos que gostariam de compreender as situa\u00e7\u00f5es sociais nas quais est\u00e3o inseridos.<\/span><\/p>\n<p><span style=\"font-weight: 400;\">E a fam\u00edlia est\u00e1 inserida nessa \u00f3tica pela forma como v\u00ea, interage e, \u00e0s vezes, at\u00e9 determina seus membros. O n\u00facleo familiar \u00e9 um ambiente de muita expectativa entre os que ali est\u00e3o inseridos. Entretanto, esse \u00e9 um caminho para a frustra\u00e7\u00e3o de v\u00e1rias pessoas envolvidas.<\/span><\/p>\n<p><strong>LEIA MAIS: <a href=\"https:\/\/www.telavita.com.br\/blog\/corpo-sibjetividade\/\">Corpo e subjetividade<\/a><\/strong><\/p>\n<p><span style=\"font-weight: 400;\">Nesse sentido, a fam\u00edlia ao perceber que a pessoa se posiciona num caminho contr\u00e1rio \u00e0s expectativas depositadas, pode ter dificuldades de aceita\u00e7\u00e3o. Essa quest\u00e3o \u00e9 problem\u00e1tica, principalmente, pois esse n\u00facleo, que deveria ser de apoio, \u00e0s vezes, tenta modificar o outro.<\/span><\/p>\n<p><span style=\"font-weight: 400;\">Naturalmente, esses esfor\u00e7os geram sofrimento ps\u00edquico em ambos os lados da situa\u00e7\u00e3o e causam marcas. Essas marcas tornam-se pauta em diversas sess\u00f5es de terapia e precisam ser administradas emocionalmente para que n\u00e3o se tornem demandas maiores.<\/span><\/p>\n<h2><span style=\"font-weight: 400;\">O atendimento psicol\u00f3gico ao p\u00fablico LGBTQIA+<\/span><\/h2>\n<p><span style=\"font-weight: 400;\">Os membros de uma fam\u00edlia disfuncional acabam fazendo com que um ambiente que deveria ser acolhedor se torne o oposto de tudo isso. Ent\u00e3o, como voc\u00ea acha que fica a sa\u00fade emocional de uma pessoa que n\u00e3o se sente respeitada, aceita e compreendida dentro da pr\u00f3pria casa? Com certeza isso deixa marcas.<\/span><\/p>\n<p><span style=\"font-weight: 400;\">Entretanto, todo esse enredo n\u00e3o para por aqui. Existe tamb\u00e9m o preconceito de uma sociedade que nem sempre est\u00e1 pronta para lidar com o outro e que se manifesta intolerante \u00e0 diversidade de g\u00eanero.<\/span><\/p>\n<p><span style=\"font-weight: 400;\">Dentro de um ambiente de terapia deve existir acolhimento e, principalmente, respeito. N\u00e3o podemos patologizar a sexualidade de uma pessoa somente por ela ser diferente da nossa. As demandas que surgem nos atendimentos psicol\u00f3gicos com o p\u00fablico LGBTQIA+ s\u00e3o demandas criadas no contato com outras pessoas.<\/span><\/p>\n<span class='mb-center maxbutton-4-center'><span class='maxbutton-4-container mb-container'><a class=\"maxbutton-4 maxbutton maxbutton-manda-para-o-catalogo-de-psicologos\" href=\"https:\/\/app.telavita.com.br\/psicologia-online\/encontre-seu-psicologo\"><span class='mb-text'>Encontre seu psic\u00f3logo online<\/span><\/a><\/span><\/span>\n","protected":false},"excerpt":{"rendered":"<p>Sexualidade n\u00e3o \u00e9 doen\u00e7a. Muito menos sinal de algo a ser consertado. Entretanto, o preconceito \u00e9 sim um causador de sofrimentos como ansiedade, depress\u00e3o e muito mais. No atendimento ao p\u00fablico LGBTQIA+, nota-se que a grande maioria do sofrimento relatado gira em torno do quanto essas pessoas sofrem com uma fam\u00edlia intolerante e com situa\u00e7\u00f5es [&hellip;]<\/p>\n","protected":false},"author":31,"featured_media":7780,"comment_status":"open","ping_status":"open","sticky":false,"template":"","format":"standard","meta":{"_lmt_disableupdate":"","_lmt_disable":"","footnotes":""},"categories":[51],"tags":[],"yoast_head":"<!-- This site is optimized with the Yoast SEO plugin v19.8 - https:\/\/yoast.com\/wordpress\/plugins\/seo\/ -->\n<title>Como est\u00e1 a sa\u00fade mental da popula\u00e7\u00e3o LGBTQIA+? l Telavita<\/title>\n<meta name=\"description\" content=\"O p\u00fablico LGBTQIA+ vem buscando a psicoterapia como um recurso adicional para entender quest\u00f5es relacionadas ao contato com o pr\u00f3ximo.\" \/>\n<meta name=\"robots\" content=\"index, follow, max-snippet:-1, max-image-preview:large, max-video-preview:-1\" \/>\n<link rel=\"canonical\" href=\"https:\/\/www.telavita.com.br\/blog\/saude-mental-lgbtqia\/\" \/>\n<meta property=\"og:locale\" content=\"pt_BR\" \/>\n<meta property=\"og:type\" content=\"article\" \/>\n<meta property=\"og:title\" content=\"Como est\u00e1 a sa\u00fade mental da popula\u00e7\u00e3o LGBTQIA+? l Telavita\" \/>\n<meta property=\"og:description\" content=\"O p\u00fablico LGBTQIA+ vem buscando a psicoterapia como um recurso adicional para entender quest\u00f5es relacionadas ao contato com o pr\u00f3ximo.\" \/>\n<meta property=\"og:url\" content=\"https:\/\/www.telavita.com.br\/blog\/saude-mental-lgbtqia\/\" \/>\n<meta property=\"og:site_name\" content=\"Telavita\" \/>\n<meta property=\"article:publisher\" content=\"https:\/\/www.facebook.com\/Telavita\" \/>\n<meta property=\"article:published_time\" content=\"2022-03-21T17:16:45+00:00\" \/>\n<meta property=\"article:modified_time\" content=\"2022-03-21T19:21:08+00:00\" \/>\n<meta property=\"og:image\" content=\"https:\/\/www.telavita.com.br\/blog\/wp-content\/uploads\/2022\/03\/LGBTQIA.jpg\" \/>\n\t<meta property=\"og:image:width\" content=\"1280\" \/>\n\t<meta property=\"og:image:height\" content=\"853\" \/>\n\t<meta property=\"og:image:type\" content=\"image\/jpeg\" \/>\n<meta name=\"author\" content=\"Psic\u00f3logo Jos\u00e9 Ant\u00f4nio Souza Neto - CRP 06\/173551\" \/>\n<meta name=\"twitter:card\" content=\"summary_large_image\" \/>\n<meta name=\"twitter:label1\" content=\"Escrito por\" \/>\n\t<meta name=\"twitter:data1\" content=\"Psic\u00f3logo Jos\u00e9 Ant\u00f4nio Souza Neto - CRP 06\/173551\" \/>\n\t<meta name=\"twitter:label2\" content=\"Est. tempo de leitura\" \/>\n\t<meta name=\"twitter:data2\" content=\"5 minutos\" \/>\n<!-- \/ Yoast SEO plugin. -->","yoast_head_json":{"title":"Como est\u00e1 a sa\u00fade mental da popula\u00e7\u00e3o LGBTQIA+? l Telavita","description":"O p\u00fablico LGBTQIA+ vem buscando a psicoterapia como um recurso adicional para entender quest\u00f5es relacionadas ao contato com o pr\u00f3ximo.","robots":{"index":"index","follow":"follow","max-snippet":"max-snippet:-1","max-image-preview":"max-image-preview:large","max-video-preview":"max-video-preview:-1"},"canonical":"https:\/\/www.telavita.com.br\/blog\/saude-mental-lgbtqia\/","og_locale":"pt_BR","og_type":"article","og_title":"Como est\u00e1 a sa\u00fade mental da popula\u00e7\u00e3o LGBTQIA+? l Telavita","og_description":"O p\u00fablico LGBTQIA+ vem buscando a psicoterapia como um recurso adicional para entender quest\u00f5es relacionadas ao contato com o pr\u00f3ximo.","og_url":"https:\/\/www.telavita.com.br\/blog\/saude-mental-lgbtqia\/","og_site_name":"Telavita","article_publisher":"https:\/\/www.facebook.com\/Telavita","article_published_time":"2022-03-21T17:16:45+00:00","article_modified_time":"2022-03-21T19:21:08+00:00","og_image":[{"width":1280,"height":853,"url":"https:\/\/www.telavita.com.br\/blog\/wp-content\/uploads\/2022\/03\/LGBTQIA.jpg","type":"image\/jpeg"}],"author":"Psic\u00f3logo Jos\u00e9 Ant\u00f4nio Souza Neto - CRP 06\/173551","twitter_card":"summary_large_image","twitter_misc":{"Escrito por":"Psic\u00f3logo Jos\u00e9 Ant\u00f4nio Souza Neto - CRP 06\/173551","Est. tempo de leitura":"5 minutos"},"schema":{"@context":"https:\/\/schema.org","@graph":[{"@type":"Article","@id":"https:\/\/www.telavita.com.br\/blog\/saude-mental-lgbtqia\/#article","isPartOf":{"@id":"https:\/\/www.telavita.com.br\/blog\/saude-mental-lgbtqia\/"},"author":{"name":"Psic\u00f3logo Jos\u00e9 Ant\u00f4nio Souza Neto - CRP 06\/173551","@id":"https:\/\/www.telavita.com.br\/blog\/#\/schema\/person\/4b07298e2a1983d6c1dba4b28942fa7b"},"headline":"Como est\u00e1 a sa\u00fade mental da popula\u00e7\u00e3o LGBTQIA+?","datePublished":"2022-03-21T17:16:45+00:00","dateModified":"2022-03-21T19:21:08+00:00","mainEntityOfPage":{"@id":"https:\/\/www.telavita.com.br\/blog\/saude-mental-lgbtqia\/"},"wordCount":863,"commentCount":1,"publisher":{"@id":"https:\/\/www.telavita.com.br\/blog\/#organization"},"articleSection":["Sexologia"],"inLanguage":"pt-BR","potentialAction":[{"@type":"CommentAction","name":"Comment","target":["https:\/\/www.telavita.com.br\/blog\/saude-mental-lgbtqia\/#respond"]}]},{"@type":"WebPage","@id":"https:\/\/www.telavita.com.br\/blog\/saude-mental-lgbtqia\/","url":"https:\/\/www.telavita.com.br\/blog\/saude-mental-lgbtqia\/","name":"Como est\u00e1 a sa\u00fade mental da popula\u00e7\u00e3o LGBTQIA+? l Telavita","isPartOf":{"@id":"https:\/\/www.telavita.com.br\/blog\/#website"},"datePublished":"2022-03-21T17:16:45+00:00","dateModified":"2022-03-21T19:21:08+00:00","description":"O p\u00fablico LGBTQIA+ vem buscando a psicoterapia como um recurso adicional para entender quest\u00f5es relacionadas ao contato com o pr\u00f3ximo.","breadcrumb":{"@id":"https:\/\/www.telavita.com.br\/blog\/saude-mental-lgbtqia\/#breadcrumb"},"inLanguage":"pt-BR","potentialAction":[{"@type":"ReadAction","target":["https:\/\/www.telavita.com.br\/blog\/saude-mental-lgbtqia\/"]}]},{"@type":"BreadcrumbList","@id":"https:\/\/www.telavita.com.br\/blog\/saude-mental-lgbtqia\/#breadcrumb","itemListElement":[{"@type":"ListItem","position":1,"name":"In\u00edcio","item":"https:\/\/www.telavita.com.br\/blog\/"},{"@type":"ListItem","position":2,"name":"Como est\u00e1 a sa\u00fade mental da popula\u00e7\u00e3o LGBTQIA+?"}]},{"@type":"WebSite","@id":"https:\/\/www.telavita.com.br\/blog\/#website","url":"https:\/\/www.telavita.com.br\/blog\/","name":"Telavita","description":"Conte\u00fados especializados sobre sa\u00fade mental e bem-estar","publisher":{"@id":"https:\/\/www.telavita.com.br\/blog\/#organization"},"potentialAction":[{"@type":"SearchAction","target":{"@type":"EntryPoint","urlTemplate":"https:\/\/www.telavita.com.br\/blog\/?s={search_term_string}"},"query-input":"required name=search_term_string"}],"inLanguage":"pt-BR"},{"@type":"Organization","@id":"https:\/\/www.telavita.com.br\/blog\/#organization","name":"Telavita","url":"https:\/\/www.telavita.com.br\/blog\/","sameAs":["https:\/\/www.linkedin.com\/company\/telavita\/mycompany\/verification\/","https:\/\/www.instagram.com\/telavita\/","https:\/\/www.facebook.com\/Telavita"],"logo":{"@type":"ImageObject","inLanguage":"pt-BR","@id":"https:\/\/www.telavita.com.br\/blog\/#\/schema\/logo\/image\/","url":"https:\/\/www.telavita.com.br\/blog\/wp-content\/uploads\/2021\/05\/telavita.jpg","contentUrl":"https:\/\/www.telavita.com.br\/blog\/wp-content\/uploads\/2021\/05\/telavita.jpg","width":200,"height":200,"caption":"Telavita"},"image":{"@id":"https:\/\/www.telavita.com.br\/blog\/#\/schema\/logo\/image\/"}},{"@type":"Person","@id":"https:\/\/www.telavita.com.br\/blog\/#\/schema\/person\/4b07298e2a1983d6c1dba4b28942fa7b","name":"Psic\u00f3logo Jos\u00e9 Ant\u00f4nio Souza Neto - CRP 06\/173551","image":{"@type":"ImageObject","inLanguage":"pt-BR","@id":"https:\/\/www.telavita.com.br\/blog\/#\/schema\/person\/image\/","url":"https:\/\/secure.gravatar.com\/avatar\/daabb8eef77618e5819e7b39be8ea46d?s=96&d=mm&r=g","contentUrl":"https:\/\/secure.gravatar.com\/avatar\/daabb8eef77618e5819e7b39be8ea46d?s=96&d=mm&r=g","caption":"Psic\u00f3logo Jos\u00e9 Ant\u00f4nio Souza Neto - CRP 06\/173551"},"description":"Psic\u00f3logo p\u00f3s-graduando em Terapia Cognitivo Comportamental e palestrante. Experi\u00eancia cl\u00ednica com avalia\u00e7\u00e3o psicol\u00f3gica, orienta\u00e7\u00e3o profissional e transi\u00e7\u00e3o de carreira. Posso te auxiliar em casos de depress\u00e3o, ansiedade, fobias, transtorno de personalidade e atendimento LGBTQIA+.","url":"https:\/\/www.telavita.com.br\/blog\/author\/jose-antonio-souza-neto\/"}]}},"modified_by":null,"_links":{"self":[{"href":"https:\/\/www.telavita.com.br\/blog\/wp-json\/wp\/v2\/posts\/7778"}],"collection":[{"href":"https:\/\/www.telavita.com.br\/blog\/wp-json\/wp\/v2\/posts"}],"about":[{"href":"https:\/\/www.telavita.com.br\/blog\/wp-json\/wp\/v2\/types\/post"}],"author":[{"embeddable":true,"href":"https:\/\/www.telavita.com.br\/blog\/wp-json\/wp\/v2\/users\/31"}],"replies":[{"embeddable":true,"href":"https:\/\/www.telavita.com.br\/blog\/wp-json\/wp\/v2\/comments?post=7778"}],"version-history":[{"count":2,"href":"https:\/\/www.telavita.com.br\/blog\/wp-json\/wp\/v2\/posts\/7778\/revisions"}],"predecessor-version":[{"id":7781,"href":"https:\/\/www.telavita.com.br\/blog\/wp-json\/wp\/v2\/posts\/7778\/revisions\/7781"}],"wp:featuredmedia":[{"embeddable":true,"href":"https:\/\/www.telavita.com.br\/blog\/wp-json\/wp\/v2\/media\/7780"}],"wp:attachment":[{"href":"https:\/\/www.telavita.com.br\/blog\/wp-json\/wp\/v2\/media?parent=7778"}],"wp:term":[{"taxonomy":"category","embeddable":true,"href":"https:\/\/www.telavita.com.br\/blog\/wp-json\/wp\/v2\/categories?post=7778"},{"taxonomy":"post_tag","embeddable":true,"href":"https:\/\/www.telavita.com.br\/blog\/wp-json\/wp\/v2\/tags?post=7778"}],"curies":[{"name":"wp","href":"https:\/\/api.w.org\/{rel}","templated":true}]}}