{"id":7925,"date":"2022-07-01T11:42:20","date_gmt":"2022-07-01T14:42:20","guid":{"rendered":"https:\/\/www.telavita.com.br\/blog\/?p=7925"},"modified":"2022-12-01T15:53:30","modified_gmt":"2022-12-01T17:53:30","slug":"comunicacao-nao-violenta-2","status":"publish","type":"post","link":"https:\/\/www.telavita.com.br\/blog\/comunicacao-nao-violenta-2\/","title":{"rendered":"Comunica\u00e7\u00e3o N\u00e3o-Violenta (CNV): o que \u00e9 e como utilizar"},"content":{"rendered":"<p><span style=\"font-weight: 400;\">A forma como vemos algumas situa\u00e7\u00f5es do dia a dia, podem despertar em n\u00f3s sentimentos capazes de impactar nossos comportamentos e relacionamentos. Infelizmente, geralmente, somos tomados por emo\u00e7\u00f5es negativas, que atrapalham nossa conviv\u00eancia.<\/span><\/p>\n<p><span style=\"font-weight: 400;\">Por exemplo, quando falamos do sentimento da raiva, ela n\u00e3o ocorre simplesmente por causa de algo que outra pessoa tenha feito, mas porque alguma coisa dentro de n\u00f3s reage \u00e0quilo que os outros fizeram.<\/span><\/p>\n<p><span style=\"font-weight: 400;\">Dessa forma, o que causa tais sentimentos \u00e9 a avalia\u00e7\u00e3o que fazemos em rela\u00e7\u00e3o ao que aconteceu. E, \u00e0s vezes, isso pode ser motivado pelo julgamento que fazemos das pessoas e pensamentos que nos deixam nervosos.<\/span><\/p>\n<span class='mb-center maxbutton-3-center'><span class='maxbutton-3-container mb-container'><a class=\"maxbutton-3 maxbutton maxbutton-manda-para-pagina-psicologos\" href=\"https:\/\/app.telavita.com.br\/psicologia-online\/encontre-seu-psicologo\"><span class='mb-text'>Agende agora uma consulta com psic\u00f3logo<\/span><\/a><\/span><\/span>\n<h2><span style=\"font-weight: 400;\">O que \u00e9 Comunica\u00e7\u00e3o N\u00e3o-Violenta (CNV)?<\/span><\/h2>\n<p><span style=\"font-weight: 400;\">A Comunica\u00e7\u00e3o N\u00e3o-Violenta (CNV) \u00e9 uma linguagem de compaix\u00e3o, que busca criar empatia para fortalecer nossas conex\u00f5es humanas. Al\u00e9m disso, ela nos ajuda a identificar sentimentos e necessidades n\u00e3o atendidas no nosso cotidiano.<\/span><\/p>\n<p><span style=\"font-weight: 400;\">Um ponto interessante dessa comunica\u00e7\u00e3o \u00e9 que ela nos faz assumir a responsabilidade pelas nossas a\u00e7\u00f5es. A CNV oferece ferramentas capazes de trazer mais consci\u00eancia para o que fazemos, al\u00e9m de aprofundar nossa conex\u00e3o com n\u00f3s mesmos e com os outros.<\/span><\/p>\n<p><strong>LEIA MAIS: <a href=\"https:\/\/www.telavita.com.br\/blog\/qualidade-de-vida\/\">Como ter mais qualidade de vida<\/a><\/strong><\/p>\n<p><span style=\"font-weight: 400;\">A linguagem da CNV inclui duas partes: nos expressar honestamente e ouvir os outros com empatia. Praticar a Comunica\u00e7\u00e3o N\u00e3o-Violenta envolve distinguir julgamentos para aprender a incorporar a consci\u00eancia embutida nesses componentes.<\/span><\/p>\n<p><span style=\"font-weight: 400;\">Ao utilizar essa nova forma de se comunicar, estamos tomando o controle do que sentimos e das rea\u00e7\u00f5es provocadas. Ou seja, n\u00e3o importa o que podem fazer conosco, pois voc\u00ea ir\u00e1 determinar como isso ir\u00e1 lhe afetar.<\/span><\/p>\n<p><span style=\"font-weight: 400;\">O aprendizado do CNV passa por um processo semelhante ao de um novo idioma: \u00e9 necess\u00e1rio tempo e pr\u00e1tica para aperfei\u00e7oar sua utiliza\u00e7\u00e3o. Essa nova forma de comunica\u00e7\u00e3o nos convida a atingir um n\u00edvel de vulnerabilidade e cuidado que, muitas vezes, n\u00e3o nos \u00e9 familiar. Por conta disso, precisamos ter paci\u00eancia para adquirir essa habilidade.<\/span><\/p>\n<span class='mb-center maxbutton-2-center'><span class='maxbutton-2-container mb-container'><a class=\"maxbutton-2 maxbutton maxbutton-home-telavita\" href=\"https:\/\/www.telavita.com.br\"><span class='mb-text'>Conhe\u00e7a a Telavita<\/span><\/a><\/span><\/span>\n<h2><span style=\"font-weight: 400;\">Os pilares da Comunica\u00e7\u00e3o N\u00e3o-Violenta<\/span><\/h2>\n<table>\n<tbody>\n<tr>\n<td><span style=\"font-weight: 400;\">Observa\u00e7\u00e3o (Ouvir)<\/span><\/td>\n<td><span style=\"font-weight: 400;\">Busque separar a observa\u00e7\u00e3o da avalia\u00e7\u00e3o, ou seja, n\u00e3o coloque julgamentos em quest\u00e3o. Leve em considera\u00e7\u00e3o o contexto daquilo que est\u00e1 acontecendo para realmente entender a mensagem que est\u00e1 sendo transmitida.<\/span><\/td>\n<\/tr>\n<tr>\n<td><span style=\"font-weight: 400;\">2. Sentimento (Indagar)<\/span><\/td>\n<td><span style=\"font-weight: 400;\">Tenha consci\u00eancia da emo\u00e7\u00e3o despertada naquele momento. Nesse ponto, n\u00e3o use \u201co que eu acho\u201d, mas utilize \u201ccomo eu me sinto\u201d.<\/span><\/td>\n<\/tr>\n<tr>\n<td><span style=\"font-weight: 400;\">3. Necessidade (Compreender)<\/span><\/td>\n<td><span style=\"font-weight: 400;\">Entenda qual a necessidade que est\u00e1 ligada ao sentimento. Ou seja, qual car\u00eancia voc\u00ea possui e que resultou naquela emo\u00e7\u00e3o que sentiu. Esse ponto pode n\u00e3o ser t\u00e3o simples, mas fundamental para compreender o que realmente est\u00e1 acontecendo.<\/span><\/td>\n<\/tr>\n<tr>\n<td><span style=\"font-weight: 400;\">4. Pedido (Argumentar)<\/span><\/td>\n<td><span style=\"font-weight: 400;\">Depois de compreender qual a sua necessidade, \u00e9 importante fazer um pedido, de forma clara, para que o outro compreenda o que pode fazer para melhorar a situa\u00e7\u00e3o.<\/span><\/td>\n<\/tr>\n<\/tbody>\n<\/table>\n<p><strong>LEIA MAIS:\u00a0<a href=\"https:\/\/www.telavita.com.br\/blog\/parar-procrastinacao\/\">Como parar a procrastina\u00e7\u00e3o<\/a><\/strong><\/p>\n<h2>Passo a passo para uma Comunica\u00e7\u00e3o N\u00e3o-Violenta<\/h2>\n<p><span style=\"font-weight: 400;\">Sabemos que no trabalho podemos ter v\u00e1rias situa\u00e7\u00f5es que podem impactar de forma negativa nossas rela\u00e7\u00f5es. Sendo assim, \u00e9 fundamental sabermos a melhor forma de nos comunicar com colegas, subordinados, gestores e clientes.<\/span><\/p>\n<p><span style=\"font-weight: 400;\">Dessa forma, mostraremos abaixo um passo a passo para lidar melhor com as emo\u00e7\u00f5es no processo de comunica\u00e7\u00e3o. Pratique esse guia em alguma situa\u00e7\u00e3o de relacionamento na qual esteja com alguma dificuldade de comunica\u00e7\u00e3o.<\/span><\/p>\n<h3>1\u00b0 Passo<\/h3>\n<p><span style=\"font-weight: 400;\">Entenda qual foi o est\u00edmulo ou situa\u00e7\u00e3o que desencadeou a emo\u00e7\u00e3o, por\u00e9m n\u00e3o acrescente julgamentos ou avalia\u00e7\u00f5es.<\/span><\/p>\n<p><span style=\"font-weight: 400;\">Ex: Utilize \u201cFiquei com raiva depois de me cobrarem a entrega de um relat\u00f3rio\u201d, ao inv\u00e9s de \u201cfiquei com raiva pois as outras pessoas do meu trabalho s\u00e3o muito folgadas e eu tenho que fazer tudo sozinho..<\/span><\/p>\n<h3>2\u00b0 Passo<\/h3>\n<p><span style=\"font-weight: 400;\">Entenda que a causa da raiva \u00e9 a avalia\u00e7\u00e3o que fazemos em rela\u00e7\u00e3o ao que aconteceu.<\/span><\/p>\n<p><span style=\"font-weight: 400;\">Ex: Muitas vezes, as avalia\u00e7\u00f5es que fazemos, como \u201cmeus colegas s\u00e3o folgados\u201d, v\u00eaem o outro como errado devido ao que fizeram. Entretanto, \u00e9 importante identificar quais s\u00e3o esses pensamentos, fazendo o exerc\u00edcio de dizermos para n\u00f3s mesmos \u201cEu estou com raiva porque estou dizendo a mim mesmo que______________\u201d.<\/span><\/p>\n<span class='mb-center maxbutton-4-center'><span class='maxbutton-4-container mb-container'><a class=\"maxbutton-4 maxbutton maxbutton-manda-para-o-catalogo-de-psicologos\" href=\"https:\/\/app.telavita.com.br\/psicologia-online\/encontre-seu-psicologo\"><span class='mb-text'>Encontre seu psic\u00f3logo online<\/span><\/a><\/span><\/span>\n<h3>3\u00b0 Passo<\/h3>\n<p><span style=\"font-weight: 400;\">Identifique quais necessidades n\u00e3o foram atendidas e quais as necessidades dos outros.<\/span><\/p>\n<p><span style=\"font-weight: 400;\">Ex: Tenho necessidade de que os relat\u00f3rios sejam pedidos com uma maior anteced\u00eancia.<\/span><\/p>\n<h3>4\u00ba Passo<\/h3>\n<p><span style=\"font-weight: 400;\">Depois de fazer essa an\u00e1lise interna sobre nossas emo\u00e7\u00f5es e necessidades, podemos come\u00e7ar a praticar a Comunica\u00e7\u00e3o N\u00e3o-Violenta. Diga ao outro qual foi a situa\u00e7\u00e3o motivadora da nossa emo\u00e7\u00e3o e qual a\u00e7\u00e3o entrou em conflito com o atendimento da nossa necessidade e nossos sentimentos, fazendo um pedido claro.<\/span><\/p>\n<p><span style=\"font-weight: 400;\">Ex: \u201cEsse relat\u00f3rio foi pedido com um dia de anteced\u00eancia. Nesse prazo n\u00e3o consigo fazer todas as an\u00e1lises necess\u00e1rias para evitar erros e acabo ficando estressado. Podemos combinar um prazo de entrega de cinco dias \u00fateis para novas solicita\u00e7\u00f5es?<\/span><\/p>\n<h3>5\u00ba Passo<\/h3>\n<p><span style=\"font-weight: 400;\">Nesse processo de comunica\u00e7\u00e3o teremos a possibilidade tamb\u00e9m de entender as necessidades e motiva\u00e7\u00f5es do outro, o que poder\u00e1 desmistificar alguns julgamentos preliminares que hav\u00edamos feito.\u00a0<\/span><\/p>\n<p><span style=\"font-weight: 400;\">Ex: Ao questionar sobre o pedido, podemos identificar que a outra pessoa recebeu uma solicita\u00e7\u00e3o de um cliente importante e, por isso, pediu em um prazo mais curto (e n\u00e3o por se tratar de uma pessoa folgada).<\/span><\/p>\n<p><strong>LEIA MAIS:\u00a0<a href=\"https:\/\/www.telavita.com.br\/blog\/rotina-de-autocuidado\/\">Rotina de autocuidado: como cuidar da sua sa\u00fade mental<\/a><\/strong><\/p>\n","protected":false},"excerpt":{"rendered":"<p>A forma como vemos algumas situa\u00e7\u00f5es do dia a dia, podem despertar em n\u00f3s sentimentos capazes de impactar nossos comportamentos e relacionamentos. Infelizmente, geralmente, somos tomados por emo\u00e7\u00f5es negativas, que atrapalham nossa conviv\u00eancia. Por exemplo, quando falamos do sentimento da raiva, ela n\u00e3o ocorre simplesmente por causa de algo que outra pessoa tenha feito, mas [&hellip;]<\/p>\n","protected":false},"author":11,"featured_media":7907,"comment_status":"open","ping_status":"open","sticky":false,"template":"","format":"standard","meta":{"_lmt_disableupdate":"","_lmt_disable":"","footnotes":""},"categories":[266],"tags":[],"yoast_head":"<!-- This site is optimized with the Yoast SEO plugin v19.8 - https:\/\/yoast.com\/wordpress\/plugins\/seo\/ -->\n<title>Comunica\u00e7\u00e3o N\u00e3o-Violenta (CNV): o que \u00e9 e como utilizar l Telavita<\/title>\n<meta name=\"description\" content=\"A Comunica\u00e7\u00e3o N\u00e3o-Violenta oferece ferramentas capazes de trazer mais consci\u00eancia para o que fazemos, al\u00e9m de aprofundar a conex\u00e3o com o outro\" \/>\n<meta name=\"robots\" content=\"index, follow, max-snippet:-1, max-image-preview:large, max-video-preview:-1\" \/>\n<link rel=\"canonical\" href=\"https:\/\/www.telavita.com.br\/blog\/comunicacao-nao-violenta-2\/\" \/>\n<meta property=\"og:locale\" content=\"pt_BR\" \/>\n<meta property=\"og:type\" content=\"article\" \/>\n<meta property=\"og:title\" content=\"Comunica\u00e7\u00e3o N\u00e3o-Violenta (CNV): o que \u00e9 e como utilizar l Telavita\" \/>\n<meta property=\"og:description\" content=\"A Comunica\u00e7\u00e3o N\u00e3o-Violenta oferece ferramentas capazes de trazer mais consci\u00eancia para o que fazemos, al\u00e9m de aprofundar a conex\u00e3o com o outro\" \/>\n<meta property=\"og:url\" content=\"https:\/\/www.telavita.com.br\/blog\/comunicacao-nao-violenta-2\/\" \/>\n<meta property=\"og:site_name\" content=\"Telavita\" \/>\n<meta property=\"article:publisher\" content=\"https:\/\/www.facebook.com\/Telavita\" \/>\n<meta property=\"article:published_time\" content=\"2022-07-01T14:42:20+00:00\" \/>\n<meta property=\"article:modified_time\" content=\"2022-12-01T17:53:30+00:00\" \/>\n<meta property=\"og:image\" content=\"https:\/\/www.telavita.com.br\/blog\/wp-content\/uploads\/2022\/06\/Comunicacao-Nao-Violenta.jpg\" \/>\n\t<meta property=\"og:image:width\" content=\"1280\" \/>\n\t<meta property=\"og:image:height\" content=\"853\" \/>\n\t<meta property=\"og:image:type\" content=\"image\/jpeg\" \/>\n<meta name=\"author\" content=\"Telavita\" \/>\n<meta name=\"twitter:card\" content=\"summary_large_image\" \/>\n<meta name=\"twitter:label1\" content=\"Escrito por\" \/>\n\t<meta name=\"twitter:data1\" content=\"Telavita\" \/>\n\t<meta name=\"twitter:label2\" content=\"Est. tempo de leitura\" \/>\n\t<meta name=\"twitter:data2\" content=\"5 minutos\" \/>\n<!-- \/ Yoast SEO plugin. -->","yoast_head_json":{"title":"Comunica\u00e7\u00e3o N\u00e3o-Violenta (CNV): o que \u00e9 e como utilizar l Telavita","description":"A Comunica\u00e7\u00e3o N\u00e3o-Violenta oferece ferramentas capazes de trazer mais consci\u00eancia para o que fazemos, al\u00e9m de aprofundar a conex\u00e3o com o outro","robots":{"index":"index","follow":"follow","max-snippet":"max-snippet:-1","max-image-preview":"max-image-preview:large","max-video-preview":"max-video-preview:-1"},"canonical":"https:\/\/www.telavita.com.br\/blog\/comunicacao-nao-violenta-2\/","og_locale":"pt_BR","og_type":"article","og_title":"Comunica\u00e7\u00e3o N\u00e3o-Violenta (CNV): o que \u00e9 e como utilizar l Telavita","og_description":"A Comunica\u00e7\u00e3o N\u00e3o-Violenta oferece ferramentas capazes de trazer mais consci\u00eancia para o que fazemos, al\u00e9m de aprofundar a conex\u00e3o com o outro","og_url":"https:\/\/www.telavita.com.br\/blog\/comunicacao-nao-violenta-2\/","og_site_name":"Telavita","article_publisher":"https:\/\/www.facebook.com\/Telavita","article_published_time":"2022-07-01T14:42:20+00:00","article_modified_time":"2022-12-01T17:53:30+00:00","og_image":[{"width":1280,"height":853,"url":"https:\/\/www.telavita.com.br\/blog\/wp-content\/uploads\/2022\/06\/Comunicacao-Nao-Violenta.jpg","type":"image\/jpeg"}],"author":"Telavita","twitter_card":"summary_large_image","twitter_misc":{"Escrito por":"Telavita","Est. tempo de leitura":"5 minutos"},"schema":{"@context":"https:\/\/schema.org","@graph":[{"@type":"Article","@id":"https:\/\/www.telavita.com.br\/blog\/comunicacao-nao-violenta-2\/#article","isPartOf":{"@id":"https:\/\/www.telavita.com.br\/blog\/comunicacao-nao-violenta-2\/"},"author":{"name":"Telavita","@id":"https:\/\/www.telavita.com.br\/blog\/#\/schema\/person\/365e554815ae72366924ab1f2b06fdaa"},"headline":"Comunica\u00e7\u00e3o N\u00e3o-Violenta (CNV): o que \u00e9 e como utilizar","datePublished":"2022-07-01T14:42:20+00:00","dateModified":"2022-12-01T17:53:30+00:00","mainEntityOfPage":{"@id":"https:\/\/www.telavita.com.br\/blog\/comunicacao-nao-violenta-2\/"},"wordCount":943,"commentCount":0,"publisher":{"@id":"https:\/\/www.telavita.com.br\/blog\/#organization"},"articleSection":["Autoconhecimento"],"inLanguage":"pt-BR","potentialAction":[{"@type":"CommentAction","name":"Comment","target":["https:\/\/www.telavita.com.br\/blog\/comunicacao-nao-violenta-2\/#respond"]}]},{"@type":"WebPage","@id":"https:\/\/www.telavita.com.br\/blog\/comunicacao-nao-violenta-2\/","url":"https:\/\/www.telavita.com.br\/blog\/comunicacao-nao-violenta-2\/","name":"Comunica\u00e7\u00e3o N\u00e3o-Violenta (CNV): o que \u00e9 e como utilizar l Telavita","isPartOf":{"@id":"https:\/\/www.telavita.com.br\/blog\/#website"},"datePublished":"2022-07-01T14:42:20+00:00","dateModified":"2022-12-01T17:53:30+00:00","description":"A Comunica\u00e7\u00e3o N\u00e3o-Violenta oferece ferramentas capazes de trazer mais consci\u00eancia para o que fazemos, al\u00e9m de aprofundar a conex\u00e3o com o outro","breadcrumb":{"@id":"https:\/\/www.telavita.com.br\/blog\/comunicacao-nao-violenta-2\/#breadcrumb"},"inLanguage":"pt-BR","potentialAction":[{"@type":"ReadAction","target":["https:\/\/www.telavita.com.br\/blog\/comunicacao-nao-violenta-2\/"]}]},{"@type":"BreadcrumbList","@id":"https:\/\/www.telavita.com.br\/blog\/comunicacao-nao-violenta-2\/#breadcrumb","itemListElement":[{"@type":"ListItem","position":1,"name":"In\u00edcio","item":"https:\/\/www.telavita.com.br\/blog\/"},{"@type":"ListItem","position":2,"name":"Comunica\u00e7\u00e3o N\u00e3o-Violenta (CNV): o que \u00e9 e como utilizar"}]},{"@type":"WebSite","@id":"https:\/\/www.telavita.com.br\/blog\/#website","url":"https:\/\/www.telavita.com.br\/blog\/","name":"Telavita","description":"Conte\u00fados especializados sobre sa\u00fade mental e bem-estar","publisher":{"@id":"https:\/\/www.telavita.com.br\/blog\/#organization"},"potentialAction":[{"@type":"SearchAction","target":{"@type":"EntryPoint","urlTemplate":"https:\/\/www.telavita.com.br\/blog\/?s={search_term_string}"},"query-input":"required name=search_term_string"}],"inLanguage":"pt-BR"},{"@type":"Organization","@id":"https:\/\/www.telavita.com.br\/blog\/#organization","name":"Telavita","url":"https:\/\/www.telavita.com.br\/blog\/","sameAs":["https:\/\/www.linkedin.com\/company\/telavita\/mycompany\/verification\/","https:\/\/www.instagram.com\/telavita\/","https:\/\/www.facebook.com\/Telavita"],"logo":{"@type":"ImageObject","inLanguage":"pt-BR","@id":"https:\/\/www.telavita.com.br\/blog\/#\/schema\/logo\/image\/","url":"https:\/\/www.telavita.com.br\/blog\/wp-content\/uploads\/2021\/05\/telavita.jpg","contentUrl":"https:\/\/www.telavita.com.br\/blog\/wp-content\/uploads\/2021\/05\/telavita.jpg","width":200,"height":200,"caption":"Telavita"},"image":{"@id":"https:\/\/www.telavita.com.br\/blog\/#\/schema\/logo\/image\/"}},{"@type":"Person","@id":"https:\/\/www.telavita.com.br\/blog\/#\/schema\/person\/365e554815ae72366924ab1f2b06fdaa","name":"Telavita","image":{"@type":"ImageObject","inLanguage":"pt-BR","@id":"https:\/\/www.telavita.com.br\/blog\/#\/schema\/person\/image\/","url":"https:\/\/secure.gravatar.com\/avatar\/ac2e61ce00e3238eb646b649fdcae5e4?s=96&d=mm&r=g","contentUrl":"https:\/\/secure.gravatar.com\/avatar\/ac2e61ce00e3238eb646b649fdcae5e4?s=96&d=mm&r=g","caption":"Telavita"},"url":"https:\/\/www.telavita.com.br\/blog\/author\/telavita\/"}]}},"modified_by":null,"_links":{"self":[{"href":"https:\/\/www.telavita.com.br\/blog\/wp-json\/wp\/v2\/posts\/7925"}],"collection":[{"href":"https:\/\/www.telavita.com.br\/blog\/wp-json\/wp\/v2\/posts"}],"about":[{"href":"https:\/\/www.telavita.com.br\/blog\/wp-json\/wp\/v2\/types\/post"}],"author":[{"embeddable":true,"href":"https:\/\/www.telavita.com.br\/blog\/wp-json\/wp\/v2\/users\/11"}],"replies":[{"embeddable":true,"href":"https:\/\/www.telavita.com.br\/blog\/wp-json\/wp\/v2\/comments?post=7925"}],"version-history":[{"count":3,"href":"https:\/\/www.telavita.com.br\/blog\/wp-json\/wp\/v2\/posts\/7925\/revisions"}],"predecessor-version":[{"id":8390,"href":"https:\/\/www.telavita.com.br\/blog\/wp-json\/wp\/v2\/posts\/7925\/revisions\/8390"}],"wp:featuredmedia":[{"embeddable":true,"href":"https:\/\/www.telavita.com.br\/blog\/wp-json\/wp\/v2\/media\/7907"}],"wp:attachment":[{"href":"https:\/\/www.telavita.com.br\/blog\/wp-json\/wp\/v2\/media?parent=7925"}],"wp:term":[{"taxonomy":"category","embeddable":true,"href":"https:\/\/www.telavita.com.br\/blog\/wp-json\/wp\/v2\/categories?post=7925"},{"taxonomy":"post_tag","embeddable":true,"href":"https:\/\/www.telavita.com.br\/blog\/wp-json\/wp\/v2\/tags?post=7925"}],"curies":[{"name":"wp","href":"https:\/\/api.w.org\/{rel}","templated":true}]}}