{"id":7996,"date":"2022-09-02T17:04:43","date_gmt":"2022-09-02T20:04:43","guid":{"rendered":"https:\/\/www.telavita.com.br\/blog\/?p=7996"},"modified":"2022-09-02T17:09:33","modified_gmt":"2022-09-02T20:09:33","slug":"pensamentos-acelerados","status":"publish","type":"post","link":"https:\/\/www.telavita.com.br\/blog\/pensamentos-acelerados\/","title":{"rendered":"Como lidar com pensamentos acelerados"},"content":{"rendered":"<p><span style=\"font-weight: 400;\">Lidar com pensamentos acelerados n\u00e3o \u00e9 a tarefa mais f\u00e1cil. Afinal, parece que simplesmente n\u00e3o conseguimos sair desse ciclo cansativo e sem fim. Eles aparecem, aparecem e aparecem. N\u00e3o h\u00e1 descanso algum.<\/span><\/p>\n<p><span style=\"font-weight: 400;\">Entretanto, eles n\u00e3o surgem de modo leviano. \u00c9 poss\u00edvel entender a sua origem at\u00e9 de um ponto de vista estrutural da nossa sociedade. Compreender esses aspectos e os gatilhos de cada indiv\u00edduo podem ajudar a lidar com a quest\u00e3o.<\/span><\/p>\n<p><span style=\"font-weight: 400;\">Ent\u00e3o, que tal conhecer mais sobre os pensamentos acelerados? Sim, eles incomodam, mas n\u00e3o significa que sejam eternos. Aprenda como retomar o controle da mente com passos bem simples.<\/span><\/p>\n<span class='mb-center maxbutton-3-center'><span class='maxbutton-3-container mb-container'><a class=\"maxbutton-3 maxbutton maxbutton-manda-para-pagina-psicologos\" href=\"https:\/\/app.telavita.com.br\/psicologia-online\/encontre-seu-psicologo\"><span class='mb-text'>Agende agora uma consulta com psic\u00f3logo<\/span><\/a><\/span><\/span>\n<h2><span style=\"font-weight: 400;\">O que s\u00e3o pensamentos acelerados?<\/span><\/h2>\n<p><span style=\"font-weight: 400;\">Quando falamos dessa tema, as pessoas ainda confundem a sua defini\u00e7\u00e3o. Ou seja, n\u00e3o sabem se est\u00e3o lidando com um sintoma ou transtorno. Sim, \u00e9 poss\u00edvel falar sobre a S\u00edndrome do Pensamento Acelerado (PSA), entretanto, esse \u00e9 um termo escrito por um \u00fanico autor e estudado apenas pelo mesmo.\u00a0<\/span><\/p>\n<p><span style=\"font-weight: 400;\">Os pensamentos acelerados n\u00e3o se caracterizam como um transtorno mental diagnostic\u00e1vel atrav\u00e9s de CID-11 ou DSM-5. O PSA n\u00e3o \u00e9 uma doen\u00e7a catalogada cientificamente ainda, por\u00e9m, isso n\u00e3o a torna menor ou inv\u00e1lida.<\/span><\/p>\n<h3><span style=\"font-weight: 400;\">Um sintoma inc\u00f4modo<\/span><\/h3>\n<p><span style=\"font-weight: 400;\">Sendo assim, percebemos que os pensamentos acelerados, na verdade, s\u00e3o um sintoma. E para ser mais exato, tratam-se de uma resposta \u00e0 ansiedade que estamos vivenciando de forma intensa.<\/span><\/p>\n<p><span style=\"font-weight: 400;\">A ansiedade \u00e9 um reflexo natural do corpo humano. Nesse sentido, trata-se de uma rea\u00e7\u00e3o de luta e\/ou fuga, que resulta em um estado de excita\u00e7\u00e3o para que o nosso organismo lide com o problema em quest\u00e3o.<\/span><\/p>\n<p><span style=\"font-weight: 400;\">Desse modo, o cora\u00e7\u00e3o fica acelerado e nossas emo\u00e7\u00f5es parecem ficar mais intensas. Isso faz com que todo nosso organismo comece a ter um ritmo intenso de funcionamento e os pensamentos circulam mais r\u00e1pido.<\/span><\/p>\n<p><span style=\"font-weight: 400;\">Os pensamentos acelerados, ent\u00e3o, ocorrem quando a mente fica repleta de pensamentos repetitivos, intrusivos e persistentes. Dessa forma, o indiv\u00edduo encontra dificuldades em manter a calma e organizar as ideias.<\/span><\/p>\n<h2><span style=\"font-weight: 400;\">Mas o que faz com que isso aconte\u00e7a?\u00a0<\/span><\/h2>\n<p><span style=\"font-weight: 400;\">Embora a nossa esp\u00e9cie n\u00e3o precise mais ficar lidando contra amea\u00e7as, como um animal predador, chuva ou fogo, a sociedade atual exige um comportamento acelerado. Dessa forma, os indiv\u00edduos precisam agir em um ritmo muito mais do ambiente do que da pr\u00f3pria pessoa, o que gera um desequil\u00edbrio interno.<\/span><\/p>\n<p><span style=\"font-weight: 400;\">Nesse sentido, desde cedo as crian\u00e7as s\u00e3o bombardeadas com muita informa\u00e7\u00e3o e de diferentes \u00e1reas. Desse modo, precisam se adaptar a todo o conhecimento que a sociedade exige.<\/span><\/p>\n<p><span style=\"font-weight: 400;\">N\u00e3o \u00e9 incomum vermos crian\u00e7as absorvidas em m\u00eddias digitais e sendo colocadas a apresentar in\u00fameros projetos e atividades. Entretanto, a forma como esse conhecimento \u00e9 passado nem sempre \u00e9 de acordo com o ritmo da pessoa que est\u00e1 recebendo.\u00a0<\/span><\/p>\n<p><strong>LEIA MAIS: <a href=\"https:\/\/www.telavita.com.br\/blog\/regulacao-emocional\/\">O que \u00e9 regula\u00e7\u00e3o emocional?<\/a><\/strong><\/p>\n<p><span style=\"font-weight: 400;\">E essa quest\u00e3o somente piora com o passar dos anos. Os adolescentes precisam lidar com intensas horas de estudos para vestibulares na press\u00e3o de conseguir uma cadeira em uma universidade.\u00a0<\/span><\/p>\n<p><span style=\"font-weight: 400;\">No mercado de trabalho, as tarefas s\u00e3o mais pontuais e pressionam o emocional tanto quanto na fase escolar e acad\u00eamica. Estar em um ambiente corporativo, muitas vezes, faz com que o sujeito comece a internalizar as demandas da empresa como suas.\u00a0<\/span><\/p>\n<p><span style=\"font-weight: 400;\">Ainda, surge a persegui\u00e7\u00e3o pelo posto de \u201cser o melhor\u201d e a necessidade de se destacar. Al\u00e9m disso, alguns ambientes de trabalho s\u00e3o hostis e apresentam rivalidades, que fazem com que a pessoa fique cada vez mais ansiosa ao ter de lidar com determinados conflitos.\u00a0<\/span><\/p>\n<p><span style=\"font-weight: 400;\">A forma com que a sociedade est\u00e1 estrutura pede a r\u00e1pida e intensa troca de informa\u00e7\u00f5es. Entretanto, o descompasso entre a capacidade mental do indiv\u00edduo e o que \u00e9 exigido dele pode gerar consequ\u00eancias, como a ansiedade e os pensamentos acelerados.<\/span><\/p>\n<span class='mb-center maxbutton-2-center'><span class='maxbutton-2-container mb-container'><a class=\"maxbutton-2 maxbutton maxbutton-home-telavita\" href=\"https:\/\/www.telavita.com.br\"><span class='mb-text'>Conhe\u00e7a a Telavita<\/span><\/a><\/span><\/span>\n<h2><span style=\"font-weight: 400;\">Como lidar com pensamentos acelerados<\/span><\/h2>\n<p><span style=\"font-weight: 400;\">Entretanto, \u00e9 poss\u00edvel aprender a lidar com os pensamentos acelerados. Sim, num primeiro momento pode parecer dif\u00edcil manter a tranquilidade e retomar o controle, por\u00e9m, existem t\u00e9cnicas e procedimentos capazes de ajud\u00e1-lo.<\/span><\/p>\n<h3><span style=\"font-weight: 400;\">Conectar-se com o ambiente<\/span><\/h3>\n<p><span style=\"font-weight: 400;\">Uma boa t\u00e9cnica para conseguir desacelerar a mente \u00e9 conectar-se com o ambiente. Esse \u00e9 um m\u00e9todo simples e r\u00e1pido, que permite a pessoa retomar o foco e controle do que est\u00e1 a sua volta.<\/span><\/p>\n<p><span style=\"font-weight: 400;\">Desse modo, realize um escaneamento ambiental. Ent\u00e3o, observe os objetos que est\u00e3o a sua volta e descreva-os em voz alta. Fa\u00e7a isso com calma e aponte quantas coisas forem necess\u00e1rias. Voc\u00ea ir\u00e1 perceber que ao longo disso, sua aten\u00e7\u00e3o estar\u00e1 voltada para o ambiente e os pensamentos ter\u00e3o desacelerado.<\/span><\/p>\n<h3><span style=\"font-weight: 400;\">Mindfulness<\/span><\/h3>\n<p><span style=\"font-weight: 400;\">A t\u00e9cnica do Mindfulness, tamb\u00e9m conhecida como aten\u00e7\u00e3o plena, permite que o indiv\u00edduo retome o controle da pr\u00f3pria mente. Dessa forma, o m\u00e9todo prop\u00f5e estarmos totalmente presentes e conscientes de onde estamos e do que estamos fazendo.<\/span><\/p>\n<p><span style=\"font-weight: 400;\">Trata-se do oposto da correria que os pensamentos acelerados representam. O Mindfulness permite desacelerar os pensamentos para voc\u00ea perceber o que realmente est\u00e1 fazendo. Ent\u00e3o, que tal dar uma chance?<\/span><\/p>\n<p><b>LEIA MAIS: <\/b><a href=\"https:\/\/www.telavita.com.br\/blog\/mindfulness-2\/\"><b>Aprenda a praticar o Mindfulness<\/b><\/a><\/p>\n<h3><span style=\"font-weight: 400;\">Terapia<\/span><\/h3>\n<p><span style=\"font-weight: 400;\">O acompanhamento psicol\u00f3gico \u00e9 uma alternativa interessante para lidar com os pensamentos acelerados. Nesse caso, um profissional estar\u00e1 ajudando o indiv\u00edduo a entender o motivo desse problema e apresentar\u00e1 t\u00e9cnicas capazes de amenizar a situa\u00e7\u00e3o.<\/span><\/p>\n<p><span style=\"font-weight: 400;\">As pessoas que fazem psicoterapia tendem a lidar melhor com pensamentos intrusivos e repetitivos, pois desenvolvem resili\u00eancia emocional capaz de racionalizar o ocorrido e direcionar melhor os sentimentos.<\/span><\/p>\n<span class='mb-center maxbutton-4-center'><span class='maxbutton-4-container mb-container'><a class=\"maxbutton-4 maxbutton maxbutton-manda-para-o-catalogo-de-psicologos\" href=\"https:\/\/app.telavita.com.br\/psicologia-online\/encontre-seu-psicologo\"><span class='mb-text'>Encontre seu psic\u00f3logo online<\/span><\/a><\/span><\/span>\n","protected":false},"excerpt":{"rendered":"<p>Lidar com pensamentos acelerados n\u00e3o \u00e9 a tarefa mais f\u00e1cil. Afinal, parece que simplesmente n\u00e3o conseguimos sair desse ciclo cansativo e sem fim. Eles aparecem, aparecem e aparecem. N\u00e3o h\u00e1 descanso algum. Entretanto, eles n\u00e3o surgem de modo leviano. \u00c9 poss\u00edvel entender a sua origem at\u00e9 de um ponto de vista estrutural da nossa sociedade. [&hellip;]<\/p>\n","protected":false},"author":31,"featured_media":7998,"comment_status":"open","ping_status":"open","sticky":false,"template":"","format":"standard","meta":{"_lmt_disableupdate":"","_lmt_disable":"","footnotes":""},"categories":[266],"tags":[],"yoast_head":"<!-- This site is optimized with the Yoast SEO plugin v19.8 - https:\/\/yoast.com\/wordpress\/plugins\/seo\/ -->\n<title>Como lidar com pensamentos acelerados l Telavita<\/title>\n<meta name=\"description\" content=\"Lidar com pensamentos acelerados pode n\u00e3o ser uma tarefa f\u00e1cil, por isso, separamos algumas dicas que podem te ajudar!\" \/>\n<meta name=\"robots\" content=\"index, follow, max-snippet:-1, max-image-preview:large, max-video-preview:-1\" \/>\n<link rel=\"canonical\" href=\"https:\/\/www.telavita.com.br\/blog\/pensamentos-acelerados\/\" \/>\n<meta property=\"og:locale\" content=\"pt_BR\" \/>\n<meta property=\"og:type\" content=\"article\" \/>\n<meta property=\"og:title\" content=\"Como lidar com pensamentos acelerados l Telavita\" \/>\n<meta property=\"og:description\" content=\"Lidar com pensamentos acelerados pode n\u00e3o ser uma tarefa f\u00e1cil, por isso, separamos algumas dicas que podem te ajudar!\" \/>\n<meta property=\"og:url\" content=\"https:\/\/www.telavita.com.br\/blog\/pensamentos-acelerados\/\" \/>\n<meta property=\"og:site_name\" content=\"Telavita\" \/>\n<meta property=\"article:publisher\" content=\"https:\/\/www.facebook.com\/Telavita\" \/>\n<meta property=\"article:published_time\" content=\"2022-09-02T20:04:43+00:00\" \/>\n<meta property=\"article:modified_time\" content=\"2022-09-02T20:09:33+00:00\" \/>\n<meta property=\"og:image\" content=\"https:\/\/www.telavita.com.br\/blog\/wp-content\/uploads\/2022\/09\/pensamentos-acelerados.jpg\" \/>\n\t<meta property=\"og:image:width\" content=\"1280\" \/>\n\t<meta property=\"og:image:height\" content=\"851\" \/>\n\t<meta property=\"og:image:type\" content=\"image\/jpeg\" \/>\n<meta name=\"author\" content=\"Psic\u00f3logo Jos\u00e9 Ant\u00f4nio Souza Neto - CRP 06\/173551\" \/>\n<meta name=\"twitter:card\" content=\"summary_large_image\" \/>\n<meta name=\"twitter:label1\" content=\"Escrito por\" \/>\n\t<meta name=\"twitter:data1\" content=\"Psic\u00f3logo Jos\u00e9 Ant\u00f4nio Souza Neto - CRP 06\/173551\" \/>\n\t<meta name=\"twitter:label2\" content=\"Est. tempo de leitura\" \/>\n\t<meta name=\"twitter:data2\" content=\"5 minutos\" \/>\n<!-- \/ Yoast SEO plugin. -->","yoast_head_json":{"title":"Como lidar com pensamentos acelerados l Telavita","description":"Lidar com pensamentos acelerados pode n\u00e3o ser uma tarefa f\u00e1cil, por isso, separamos algumas dicas que podem te ajudar!","robots":{"index":"index","follow":"follow","max-snippet":"max-snippet:-1","max-image-preview":"max-image-preview:large","max-video-preview":"max-video-preview:-1"},"canonical":"https:\/\/www.telavita.com.br\/blog\/pensamentos-acelerados\/","og_locale":"pt_BR","og_type":"article","og_title":"Como lidar com pensamentos acelerados l Telavita","og_description":"Lidar com pensamentos acelerados pode n\u00e3o ser uma tarefa f\u00e1cil, por isso, separamos algumas dicas que podem te ajudar!","og_url":"https:\/\/www.telavita.com.br\/blog\/pensamentos-acelerados\/","og_site_name":"Telavita","article_publisher":"https:\/\/www.facebook.com\/Telavita","article_published_time":"2022-09-02T20:04:43+00:00","article_modified_time":"2022-09-02T20:09:33+00:00","og_image":[{"width":1280,"height":851,"url":"https:\/\/www.telavita.com.br\/blog\/wp-content\/uploads\/2022\/09\/pensamentos-acelerados.jpg","type":"image\/jpeg"}],"author":"Psic\u00f3logo Jos\u00e9 Ant\u00f4nio Souza Neto - CRP 06\/173551","twitter_card":"summary_large_image","twitter_misc":{"Escrito por":"Psic\u00f3logo Jos\u00e9 Ant\u00f4nio Souza Neto - CRP 06\/173551","Est. tempo de leitura":"5 minutos"},"schema":{"@context":"https:\/\/schema.org","@graph":[{"@type":"Article","@id":"https:\/\/www.telavita.com.br\/blog\/pensamentos-acelerados\/#article","isPartOf":{"@id":"https:\/\/www.telavita.com.br\/blog\/pensamentos-acelerados\/"},"author":{"name":"Psic\u00f3logo Jos\u00e9 Ant\u00f4nio Souza Neto - CRP 06\/173551","@id":"https:\/\/www.telavita.com.br\/blog\/#\/schema\/person\/4b07298e2a1983d6c1dba4b28942fa7b"},"headline":"Como lidar com pensamentos acelerados","datePublished":"2022-09-02T20:04:43+00:00","dateModified":"2022-09-02T20:09:33+00:00","mainEntityOfPage":{"@id":"https:\/\/www.telavita.com.br\/blog\/pensamentos-acelerados\/"},"wordCount":955,"commentCount":0,"publisher":{"@id":"https:\/\/www.telavita.com.br\/blog\/#organization"},"articleSection":["Autoconhecimento"],"inLanguage":"pt-BR","potentialAction":[{"@type":"CommentAction","name":"Comment","target":["https:\/\/www.telavita.com.br\/blog\/pensamentos-acelerados\/#respond"]}]},{"@type":"WebPage","@id":"https:\/\/www.telavita.com.br\/blog\/pensamentos-acelerados\/","url":"https:\/\/www.telavita.com.br\/blog\/pensamentos-acelerados\/","name":"Como lidar com pensamentos acelerados l Telavita","isPartOf":{"@id":"https:\/\/www.telavita.com.br\/blog\/#website"},"datePublished":"2022-09-02T20:04:43+00:00","dateModified":"2022-09-02T20:09:33+00:00","description":"Lidar com pensamentos acelerados pode n\u00e3o ser uma tarefa f\u00e1cil, por isso, separamos algumas dicas que podem te ajudar!","breadcrumb":{"@id":"https:\/\/www.telavita.com.br\/blog\/pensamentos-acelerados\/#breadcrumb"},"inLanguage":"pt-BR","potentialAction":[{"@type":"ReadAction","target":["https:\/\/www.telavita.com.br\/blog\/pensamentos-acelerados\/"]}]},{"@type":"BreadcrumbList","@id":"https:\/\/www.telavita.com.br\/blog\/pensamentos-acelerados\/#breadcrumb","itemListElement":[{"@type":"ListItem","position":1,"name":"In\u00edcio","item":"https:\/\/www.telavita.com.br\/blog\/"},{"@type":"ListItem","position":2,"name":"Como lidar com pensamentos acelerados"}]},{"@type":"WebSite","@id":"https:\/\/www.telavita.com.br\/blog\/#website","url":"https:\/\/www.telavita.com.br\/blog\/","name":"Telavita","description":"Conte\u00fados especializados sobre sa\u00fade mental e bem-estar","publisher":{"@id":"https:\/\/www.telavita.com.br\/blog\/#organization"},"potentialAction":[{"@type":"SearchAction","target":{"@type":"EntryPoint","urlTemplate":"https:\/\/www.telavita.com.br\/blog\/?s={search_term_string}"},"query-input":"required name=search_term_string"}],"inLanguage":"pt-BR"},{"@type":"Organization","@id":"https:\/\/www.telavita.com.br\/blog\/#organization","name":"Telavita","url":"https:\/\/www.telavita.com.br\/blog\/","sameAs":["https:\/\/www.linkedin.com\/company\/telavita\/mycompany\/verification\/","https:\/\/www.instagram.com\/telavita\/","https:\/\/www.facebook.com\/Telavita"],"logo":{"@type":"ImageObject","inLanguage":"pt-BR","@id":"https:\/\/www.telavita.com.br\/blog\/#\/schema\/logo\/image\/","url":"https:\/\/www.telavita.com.br\/blog\/wp-content\/uploads\/2021\/05\/telavita.jpg","contentUrl":"https:\/\/www.telavita.com.br\/blog\/wp-content\/uploads\/2021\/05\/telavita.jpg","width":200,"height":200,"caption":"Telavita"},"image":{"@id":"https:\/\/www.telavita.com.br\/blog\/#\/schema\/logo\/image\/"}},{"@type":"Person","@id":"https:\/\/www.telavita.com.br\/blog\/#\/schema\/person\/4b07298e2a1983d6c1dba4b28942fa7b","name":"Psic\u00f3logo Jos\u00e9 Ant\u00f4nio Souza Neto - CRP 06\/173551","image":{"@type":"ImageObject","inLanguage":"pt-BR","@id":"https:\/\/www.telavita.com.br\/blog\/#\/schema\/person\/image\/","url":"https:\/\/secure.gravatar.com\/avatar\/daabb8eef77618e5819e7b39be8ea46d?s=96&d=mm&r=g","contentUrl":"https:\/\/secure.gravatar.com\/avatar\/daabb8eef77618e5819e7b39be8ea46d?s=96&d=mm&r=g","caption":"Psic\u00f3logo Jos\u00e9 Ant\u00f4nio Souza Neto - CRP 06\/173551"},"description":"Psic\u00f3logo p\u00f3s-graduando em Terapia Cognitivo Comportamental e palestrante. Experi\u00eancia cl\u00ednica com avalia\u00e7\u00e3o psicol\u00f3gica, orienta\u00e7\u00e3o profissional e transi\u00e7\u00e3o de carreira. Posso te auxiliar em casos de depress\u00e3o, ansiedade, fobias, transtorno de personalidade e atendimento LGBTQIA+.","url":"https:\/\/www.telavita.com.br\/blog\/author\/jose-antonio-souza-neto\/"}]}},"modified_by":null,"_links":{"self":[{"href":"https:\/\/www.telavita.com.br\/blog\/wp-json\/wp\/v2\/posts\/7996"}],"collection":[{"href":"https:\/\/www.telavita.com.br\/blog\/wp-json\/wp\/v2\/posts"}],"about":[{"href":"https:\/\/www.telavita.com.br\/blog\/wp-json\/wp\/v2\/types\/post"}],"author":[{"embeddable":true,"href":"https:\/\/www.telavita.com.br\/blog\/wp-json\/wp\/v2\/users\/31"}],"replies":[{"embeddable":true,"href":"https:\/\/www.telavita.com.br\/blog\/wp-json\/wp\/v2\/comments?post=7996"}],"version-history":[{"count":5,"href":"https:\/\/www.telavita.com.br\/blog\/wp-json\/wp\/v2\/posts\/7996\/revisions"}],"predecessor-version":[{"id":8002,"href":"https:\/\/www.telavita.com.br\/blog\/wp-json\/wp\/v2\/posts\/7996\/revisions\/8002"}],"wp:featuredmedia":[{"embeddable":true,"href":"https:\/\/www.telavita.com.br\/blog\/wp-json\/wp\/v2\/media\/7998"}],"wp:attachment":[{"href":"https:\/\/www.telavita.com.br\/blog\/wp-json\/wp\/v2\/media?parent=7996"}],"wp:term":[{"taxonomy":"category","embeddable":true,"href":"https:\/\/www.telavita.com.br\/blog\/wp-json\/wp\/v2\/categories?post=7996"},{"taxonomy":"post_tag","embeddable":true,"href":"https:\/\/www.telavita.com.br\/blog\/wp-json\/wp\/v2\/tags?post=7996"}],"curies":[{"name":"wp","href":"https:\/\/api.w.org\/{rel}","templated":true}]}}