{"id":8794,"date":"2023-06-15T17:27:48","date_gmt":"2023-06-15T20:27:48","guid":{"rendered":"https:\/\/www.telavita.com.br\/blog\/?p=8794"},"modified":"2024-04-19T15:26:31","modified_gmt":"2024-04-19T18:26:31","slug":"desenvolvimento-de-liderancas","status":"publish","type":"post","link":"https:\/\/www.telavita.com.br\/blog\/desenvolvimento-de-liderancas\/","title":{"rendered":"Desenvolvimento de lideran\u00e7as: desbloqueando o potencial de grandes l\u00edderes"},"content":{"rendered":"<p><span style=\"font-weight: 400;\">O <\/span><b>desenvolvimento de lideran\u00e7as<\/b><span style=\"font-weight: 400;\"> \u00e9 uma estrat\u00e9gia fundamental para o sucesso e crescimento de qualquer organiza\u00e7\u00e3o. O <\/span><a href=\"https:\/\/www.telavita.com.br\/blog\/lider-saude-mental\/\"><b>papel dos l\u00edderes<\/b><\/a><span style=\"font-weight: 400;\"> \u00e9 essencial para o manejo da <\/span><b>gest\u00e3o de pessoas, processos e crises.<\/b><\/p>\n<p><span style=\"font-weight: 400;\">No entanto, muitas corpora\u00e7\u00f5es negligenciam o poder de uma lideran\u00e7a bem estruturada. Nesse sentido, nomeiam l\u00edderes por suas <\/span><b>hard skills<\/b><span style=\"font-weight: 400;\"> e ignoram o papel imprescind\u00edvel que \u00e9 feito por eles no dia a dia, que necessitam das soft skills.<\/span><\/p>\n<p><span style=\"font-weight: 400;\">Da mesma forma que um l\u00edder tem um forte poder para o crescimento,<\/span><b> um ruim l\u00edder tem um grande potencial para a destrui\u00e7\u00e3o do neg\u00f3cio.<\/b><\/p>\n<h2><b>O que \u00e9 o desenvolvimento de lideran\u00e7as?<\/b><\/h2>\n<p><span style=\"font-weight: 400;\">O desenvolvimento de lideran\u00e7as \u00e9 um treinamento voltado para l\u00edderes e potenciais l\u00edderes que promove <\/span><b>o aprimoramento das habilidades e compet\u00eancias de cada um. <\/b><span style=\"font-weight: 400;\">Essa pr\u00e1tica ajuda os profissionais a lidar melhor com situa\u00e7\u00f5es cotidianas do trabalho e cria mecanismos de enfrentamento necess\u00e1rios para o desenvolvimento pessoal e profissional.<\/span><\/p>\n<p><span style=\"font-weight: 400;\">O processo consiste em reafirmar elementos como: a comunica\u00e7\u00e3o eficaz, tomada de decis\u00f5es estrat\u00e9gicas, gest\u00e3o de pessoas, <\/span><a href=\"https:\/\/www.telavita.com.br\/blog\/gestao-de-conflitos\/\"><b>resolu\u00e7\u00e3o de conflitos<\/b><\/a><span style=\"font-weight: 400;\">, vis\u00e3o estrat\u00e9gica, pensamento cr\u00edtico e <\/span><b>capacidade de motivar e inspirar equipes.<\/b><\/p>\n<p><span style=\"font-weight: 400;\">Diante disso, pode ser realizado <\/span><b>palestras, atividades interativas e cursos <\/b><span style=\"font-weight: 400;\">para que novos ensinamentos sejam aprendidos. Assim, habilidades que j\u00e1 existem nos profissionais podem ser <\/span><b>desenvolvidas sob uma perspectiva mais inteligente e humanizada.<\/b><\/p>\n<h2><b>5 benef\u00edcios de investir no desenvolvimento de lideran\u00e7as<\/b><\/h2>\n<p><b>Investir no desenvolvimento de lideran\u00e7as<\/b><span style=\"font-weight: 400;\"> \u00e9 a melhor forma de assegurar que sua empresa esteja no caminho do crescimento e que o ROI seja o mais alto poss\u00edvel. Isso pois, os benef\u00edcios promovidos pelo ato incluem:<\/span><b><\/b><\/p>\n<h3><b>1. Reten\u00e7\u00e3o de talentos<\/b><\/h3>\n<p><span style=\"font-weight: 400;\">Investir no desenvolvimento de lideran\u00e7as mostra aos colaboradores que<\/span><b> a empresa valoriza seu crescimento e progresso profissional.<\/b><span style=\"font-weight: 400;\"> Isso aumenta a satisfa\u00e7\u00e3o e o engajamento dos funcion\u00e1rios, al\u00e9m de criar um ambiente prop\u00edcio para o desenvolvimento de carreira. Como resultado, a empresa \u00e9 capaz de <\/span><b>reter talentos e reduzir a rotatividade de funcion\u00e1rios.<\/b><\/p>\n<h3><b>2. Colaboradores saud\u00e1veis emocionalmente<\/b><\/h3>\n<p><span style=\"font-weight: 400;\">Com l\u00edderes capacitados, o manejo da gest\u00e3o de pessoas acontece de forma s\u00e1bia e habilidosa. Nesse sentido, a voz do colaborador passa a ter import\u00e2ncia e prioridade para o l\u00edder, que <\/span><b>trabalhar\u00e1 na resolu\u00e7\u00e3o da queixa da melhor forma poss\u00edvel.<\/b><span style=\"font-weight: 400;\"> Com este cuidado, no entanto,<\/span> <a href=\"https:\/\/www.telavita.com.br\/blog\/saude-mental-colaboradores\/\"><b>a sa\u00fade mental dos colaboradores \u00e9 preservada.<\/b><\/a><\/p>\n<h3><b>3. Maior produtividade<\/b><\/h3>\n<p><span style=\"font-weight: 400;\">L\u00edderes bem desenvolvidos t\u00eam a capacidade de <\/span><a href=\"https:\/\/www.telavita.com.br\/blog\/como-motivar-funcionarios\/\"><b>motivar e engajar suas equipes de maneira eficaz.<\/b><\/a><span style=\"font-weight: 400;\"> Eles s\u00e3o capazes de estabelecer metas claras, fornecer orienta\u00e7\u00e3o adequada, <\/span><b>oferecer feedback construtivo e promover um ambiente de trabalho positivo.<\/b><span style=\"font-weight: 400;\"> Isso, por sua vez, leva a um aumento da produtividade da equipe e melhores resultados organizacionais.<\/span><\/p>\n<h3><b>4. Criatividade e inova\u00e7\u00e3o como pilar<\/b><\/h3>\n<p><span style=\"font-weight: 400;\">Com a produtividade e engajamento promovidos por uma boa lideran\u00e7a, <\/span><b>h\u00e1 espa\u00e7o para a criatividade e inova\u00e7\u00e3o. <\/b><span style=\"font-weight: 400;\">Quando as opini\u00f5es importam, abre-se um caminho de novas possibilidades que podem ser utilizadas para o crescimento.\u00a0<\/span><\/p>\n<p><span style=\"font-weight: 400;\">No entanto, quanto mais os l\u00edderes s\u00e3o desenvolvidos e desempenham bem o seu papel, mais as equipes se sentem confort\u00e1veis para participar e promover com efic\u00e1cia o crescimento da empresa. Afinal, <\/span><b>o sentimento de pertencimento \u00e9 presente.<\/b><\/p>\n<h3><b>5. Tomada de decis\u00f5es assertivas<\/b><\/h3>\n<p><span style=\"font-weight: 400;\">L\u00edderes bem desenvolvidos s\u00e3o capazes de tomar decis\u00f5es mais informadas e assertivas. Eles possuem habilidades de an\u00e1lise cr\u00edtica, pensamento estrat\u00e9gico e resolu\u00e7\u00e3o de problemas, o que lhes permite tomar decis\u00f5es com base em dados <\/span><b>e considerando o impacto a longo prazo. <\/b><span style=\"font-weight: 400;\">Isso contribui para a efici\u00eancia operacional e o alcance dos objetivos organizacionais.<\/span><\/p>\n<h2><b>Como capacitar seus l\u00edderes<\/b><\/h2>\n<p><span style=\"font-weight: 400;\">Para ter uma lideran\u00e7a desenvolvida \u00e9 preciso saber <\/span><b>quais os GAPS existentes dentro de cada \u00e1rea<\/b><span style=\"font-weight: 400;\">. Logo, para chegar a essa resposta, as pesquisas de clima organizacional e<\/span> <a href=\"https:\/\/www.telavita.com.br\/blog\/importancia-do-feedback\/\"><b>os feedbacks de cada colaborador<\/b><\/a> <span style=\"font-weight: 400;\">podem ser uma boa ferramenta para extrair os dados necess\u00e1rios.<\/span><\/p>\n<p><span style=\"font-weight: 400;\">Ao entender melhor quais s\u00e3o as necessidades das equipes<\/span><b>, \u00e9 hora de colocar um plano em a\u00e7\u00e3o.<\/b><span style=\"font-weight: 400;\"> Nesse sentido, de acordo com o que \u00e9 desejado \u00e9 poss\u00edvel <\/span><b>oferecer recursos para aprendizado e at\u00e9 mesmo realizar uma mentoria com os profissionais.<\/b><\/p>\n<p><span style=\"font-weight: 400;\">Al\u00e9m disso, os <\/span><b>programas de sa\u00fade emocional para empresas<\/b><span style=\"font-weight: 400;\"> tamb\u00e9m s\u00e3o de alta ajuda. Sabemos que o psicol\u00f3gico influencia em diversas quest\u00f5es na nossa vida e, com a ades\u00e3o do projeto \u00e9 poss\u00edvel garantir o <\/span><b>bem-estar mental dos l\u00edderes e todos os funcion\u00e1rios<\/b><span style=\"font-weight: 400;\">, deixando-os em melhores condi\u00e7\u00f5es para aprimorar e desenvolver suas habilidades.<\/span><\/p>\n<h2><b>O papel dos programas de sa\u00fade emocional\u00a0<\/b><\/h2>\n<p><span style=\"font-weight: 400;\">Os programas de sa\u00fade emocional desempenham um papel fundamental no desenvolvimento de lideran\u00e7as, pois <\/span><b>reconhecem a import\u00e2ncia do bem-estar mental e emocional dos l\u00edderes <\/b><span style=\"font-weight: 400;\">como um elemento chave para o seu sucesso e efic\u00e1cia.<\/span><\/p>\n<p><span style=\"font-weight: 400;\">Lideran\u00e7a muitas vezes envolve<\/span><b> lidar com press\u00f5es e desafios constantes.<\/b><span style=\"font-weight: 400;\"> Logo, os programas trabalham a compreens\u00e3o das pr\u00f3prias emo\u00e7\u00f5es, rea\u00e7\u00f5es e padr\u00f5es de pensamento, permitindo que os l\u00edderes identifiquem e gerenciem melhor suas emo\u00e7\u00f5es em situa\u00e7\u00f5es desafiadoras.<\/span><\/p>\n<p><span style=\"font-weight: 400;\">Em suma, ao <\/span><a href=\"https:\/\/www.telavita.com.br\/blog\/saude-emocional\/\"><b>cuidar de sua sa\u00fade emocional<\/b><\/a><span style=\"font-weight: 400;\">, os l\u00edderes podem melhorar sua efic\u00e1cia, desempenho e capacidade de liderar com sucesso suas equipes. Aqui na <\/span><b>Telavita<\/b><span style=\"font-weight: 400;\">, n\u00f3s podemos seus funcion\u00e1rios e a sua lideran\u00e7a<\/span><\/p>\n<span class='mb-center maxbutton-6-center'><span class='maxbutton-6-container mb-container'><a class=\"maxbutton-6 maxbutton maxbutton-pse\" target=\"_blank\" rel=\"noopener\" href=\"https:\/\/conteudo.telavita.com.br\/telavitaempresas2022?_ga=2.92428570.665564727.1667953363-113301591.1659119672&amp;_gl=1*2kagbv*_ga*MTEzMzAxNTkxLjE2NTkxMTk2NzI.*_ga_2DZ1C7BK62*MTY2Nzk1MzM2Mi4xMjIuMS4xNjY3OTUzNTUxLjUwLjAuMA..\"><span class='mb-text'>Saiba mais sobre o Programa de Sa\u00fade Emocional<\/span><\/a><\/span><\/span>\n","protected":false},"excerpt":{"rendered":"<p>O desenvolvimento de lideran\u00e7as \u00e9 uma estrat\u00e9gia fundamental para o sucesso e crescimento de qualquer organiza\u00e7\u00e3o. O papel dos l\u00edderes \u00e9 essencial para o manejo da gest\u00e3o de pessoas, processos e crises. No entanto, muitas corpora\u00e7\u00f5es negligenciam o poder de uma lideran\u00e7a bem estruturada. Nesse sentido, nomeiam l\u00edderes por suas hard skills e ignoram o [&hellip;]<\/p>\n","protected":false},"author":11,"featured_media":8795,"comment_status":"open","ping_status":"open","sticky":false,"template":"","format":"standard","meta":{"_lmt_disableupdate":"","_lmt_disable":"","footnotes":""},"categories":[384],"tags":[],"yoast_head":"<!-- This site is optimized with the Yoast SEO plugin v19.8 - https:\/\/yoast.com\/wordpress\/plugins\/seo\/ -->\n<title>Desenvolvimento de lideran\u00e7as: benef\u00edcios e estrat\u00e9gias | Telavita<\/title>\n<meta name=\"description\" content=\"Descubra como o desenvolvimento de lideran\u00e7as pode impulsionar sua empresa e aprenda estrat\u00e9gias efetivas para impulsionar o seu neg\u00f3cio\" \/>\n<meta name=\"robots\" content=\"index, follow, max-snippet:-1, max-image-preview:large, max-video-preview:-1\" \/>\n<link rel=\"canonical\" href=\"https:\/\/www.telavita.com.br\/blog\/desenvolvimento-de-liderancas\/\" \/>\n<meta property=\"og:locale\" content=\"pt_BR\" \/>\n<meta property=\"og:type\" content=\"article\" \/>\n<meta property=\"og:title\" content=\"Desenvolvimento de lideran\u00e7as: benef\u00edcios e estrat\u00e9gias | Telavita\" \/>\n<meta property=\"og:description\" content=\"Descubra como o desenvolvimento de lideran\u00e7as pode impulsionar sua empresa e aprenda estrat\u00e9gias efetivas para impulsionar o seu neg\u00f3cio\" \/>\n<meta property=\"og:url\" content=\"https:\/\/www.telavita.com.br\/blog\/desenvolvimento-de-liderancas\/\" \/>\n<meta property=\"og:site_name\" content=\"Telavita\" \/>\n<meta property=\"article:publisher\" content=\"https:\/\/www.facebook.com\/Telavita\" \/>\n<meta property=\"article:published_time\" content=\"2023-06-15T20:27:48+00:00\" \/>\n<meta property=\"article:modified_time\" content=\"2024-04-19T18:26:31+00:00\" \/>\n<meta property=\"og:image\" content=\"https:\/\/www.telavita.com.br\/blog\/wp-content\/uploads\/2023\/06\/desenvolvimento-de-liderancas.jpg\" \/>\n\t<meta property=\"og:image:width\" content=\"2560\" \/>\n\t<meta property=\"og:image:height\" content=\"1707\" \/>\n\t<meta property=\"og:image:type\" content=\"image\/jpeg\" \/>\n<meta name=\"author\" content=\"Telavita\" \/>\n<meta name=\"twitter:card\" content=\"summary_large_image\" \/>\n<meta name=\"twitter:label1\" content=\"Escrito por\" \/>\n\t<meta name=\"twitter:data1\" content=\"Telavita\" \/>\n\t<meta name=\"twitter:label2\" content=\"Est. tempo de leitura\" \/>\n\t<meta name=\"twitter:data2\" content=\"5 minutos\" \/>\n<!-- \/ Yoast SEO plugin. -->","yoast_head_json":{"title":"Desenvolvimento de lideran\u00e7as: benef\u00edcios e estrat\u00e9gias | Telavita","description":"Descubra como o desenvolvimento de lideran\u00e7as pode impulsionar sua empresa e aprenda estrat\u00e9gias efetivas para impulsionar o seu neg\u00f3cio","robots":{"index":"index","follow":"follow","max-snippet":"max-snippet:-1","max-image-preview":"max-image-preview:large","max-video-preview":"max-video-preview:-1"},"canonical":"https:\/\/www.telavita.com.br\/blog\/desenvolvimento-de-liderancas\/","og_locale":"pt_BR","og_type":"article","og_title":"Desenvolvimento de lideran\u00e7as: benef\u00edcios e estrat\u00e9gias | Telavita","og_description":"Descubra como o desenvolvimento de lideran\u00e7as pode impulsionar sua empresa e aprenda estrat\u00e9gias efetivas para impulsionar o seu neg\u00f3cio","og_url":"https:\/\/www.telavita.com.br\/blog\/desenvolvimento-de-liderancas\/","og_site_name":"Telavita","article_publisher":"https:\/\/www.facebook.com\/Telavita","article_published_time":"2023-06-15T20:27:48+00:00","article_modified_time":"2024-04-19T18:26:31+00:00","og_image":[{"width":2560,"height":1707,"url":"https:\/\/www.telavita.com.br\/blog\/wp-content\/uploads\/2023\/06\/desenvolvimento-de-liderancas.jpg","type":"image\/jpeg"}],"author":"Telavita","twitter_card":"summary_large_image","twitter_misc":{"Escrito por":"Telavita","Est. tempo de leitura":"5 minutos"},"schema":{"@context":"https:\/\/schema.org","@graph":[{"@type":"Article","@id":"https:\/\/www.telavita.com.br\/blog\/desenvolvimento-de-liderancas\/#article","isPartOf":{"@id":"https:\/\/www.telavita.com.br\/blog\/desenvolvimento-de-liderancas\/"},"author":{"name":"Telavita","@id":"https:\/\/www.telavita.com.br\/blog\/#\/schema\/person\/365e554815ae72366924ab1f2b06fdaa"},"headline":"Desenvolvimento de lideran\u00e7as: desbloqueando o potencial de grandes l\u00edderes","datePublished":"2023-06-15T20:27:48+00:00","dateModified":"2024-04-19T18:26:31+00:00","mainEntityOfPage":{"@id":"https:\/\/www.telavita.com.br\/blog\/desenvolvimento-de-liderancas\/"},"wordCount":919,"commentCount":0,"publisher":{"@id":"https:\/\/www.telavita.com.br\/blog\/#organization"},"articleSection":["Recursos Humanos"],"inLanguage":"pt-BR","potentialAction":[{"@type":"CommentAction","name":"Comment","target":["https:\/\/www.telavita.com.br\/blog\/desenvolvimento-de-liderancas\/#respond"]}]},{"@type":"WebPage","@id":"https:\/\/www.telavita.com.br\/blog\/desenvolvimento-de-liderancas\/","url":"https:\/\/www.telavita.com.br\/blog\/desenvolvimento-de-liderancas\/","name":"Desenvolvimento de lideran\u00e7as: benef\u00edcios e estrat\u00e9gias | Telavita","isPartOf":{"@id":"https:\/\/www.telavita.com.br\/blog\/#website"},"datePublished":"2023-06-15T20:27:48+00:00","dateModified":"2024-04-19T18:26:31+00:00","description":"Descubra como o desenvolvimento de lideran\u00e7as pode impulsionar sua empresa e aprenda estrat\u00e9gias efetivas para impulsionar o seu neg\u00f3cio","breadcrumb":{"@id":"https:\/\/www.telavita.com.br\/blog\/desenvolvimento-de-liderancas\/#breadcrumb"},"inLanguage":"pt-BR","potentialAction":[{"@type":"ReadAction","target":["https:\/\/www.telavita.com.br\/blog\/desenvolvimento-de-liderancas\/"]}]},{"@type":"BreadcrumbList","@id":"https:\/\/www.telavita.com.br\/blog\/desenvolvimento-de-liderancas\/#breadcrumb","itemListElement":[{"@type":"ListItem","position":1,"name":"In\u00edcio","item":"https:\/\/www.telavita.com.br\/blog\/"},{"@type":"ListItem","position":2,"name":"Desenvolvimento de lideran\u00e7as: desbloqueando o potencial de grandes l\u00edderes"}]},{"@type":"WebSite","@id":"https:\/\/www.telavita.com.br\/blog\/#website","url":"https:\/\/www.telavita.com.br\/blog\/","name":"Telavita","description":"Conte\u00fados especializados sobre sa\u00fade mental e bem-estar","publisher":{"@id":"https:\/\/www.telavita.com.br\/blog\/#organization"},"potentialAction":[{"@type":"SearchAction","target":{"@type":"EntryPoint","urlTemplate":"https:\/\/www.telavita.com.br\/blog\/?s={search_term_string}"},"query-input":"required name=search_term_string"}],"inLanguage":"pt-BR"},{"@type":"Organization","@id":"https:\/\/www.telavita.com.br\/blog\/#organization","name":"Telavita","url":"https:\/\/www.telavita.com.br\/blog\/","sameAs":["https:\/\/www.linkedin.com\/company\/telavita\/mycompany\/verification\/","https:\/\/www.instagram.com\/telavita\/","https:\/\/www.facebook.com\/Telavita"],"logo":{"@type":"ImageObject","inLanguage":"pt-BR","@id":"https:\/\/www.telavita.com.br\/blog\/#\/schema\/logo\/image\/","url":"https:\/\/www.telavita.com.br\/blog\/wp-content\/uploads\/2021\/05\/telavita.jpg","contentUrl":"https:\/\/www.telavita.com.br\/blog\/wp-content\/uploads\/2021\/05\/telavita.jpg","width":200,"height":200,"caption":"Telavita"},"image":{"@id":"https:\/\/www.telavita.com.br\/blog\/#\/schema\/logo\/image\/"}},{"@type":"Person","@id":"https:\/\/www.telavita.com.br\/blog\/#\/schema\/person\/365e554815ae72366924ab1f2b06fdaa","name":"Telavita","image":{"@type":"ImageObject","inLanguage":"pt-BR","@id":"https:\/\/www.telavita.com.br\/blog\/#\/schema\/person\/image\/","url":"https:\/\/secure.gravatar.com\/avatar\/ac2e61ce00e3238eb646b649fdcae5e4?s=96&d=mm&r=g","contentUrl":"https:\/\/secure.gravatar.com\/avatar\/ac2e61ce00e3238eb646b649fdcae5e4?s=96&d=mm&r=g","caption":"Telavita"},"url":"https:\/\/www.telavita.com.br\/blog\/author\/telavita\/"}]}},"modified_by":"Sarah Rocha","_links":{"self":[{"href":"https:\/\/www.telavita.com.br\/blog\/wp-json\/wp\/v2\/posts\/8794"}],"collection":[{"href":"https:\/\/www.telavita.com.br\/blog\/wp-json\/wp\/v2\/posts"}],"about":[{"href":"https:\/\/www.telavita.com.br\/blog\/wp-json\/wp\/v2\/types\/post"}],"author":[{"embeddable":true,"href":"https:\/\/www.telavita.com.br\/blog\/wp-json\/wp\/v2\/users\/11"}],"replies":[{"embeddable":true,"href":"https:\/\/www.telavita.com.br\/blog\/wp-json\/wp\/v2\/comments?post=8794"}],"version-history":[{"count":2,"href":"https:\/\/www.telavita.com.br\/blog\/wp-json\/wp\/v2\/posts\/8794\/revisions"}],"predecessor-version":[{"id":8797,"href":"https:\/\/www.telavita.com.br\/blog\/wp-json\/wp\/v2\/posts\/8794\/revisions\/8797"}],"wp:featuredmedia":[{"embeddable":true,"href":"https:\/\/www.telavita.com.br\/blog\/wp-json\/wp\/v2\/media\/8795"}],"wp:attachment":[{"href":"https:\/\/www.telavita.com.br\/blog\/wp-json\/wp\/v2\/media?parent=8794"}],"wp:term":[{"taxonomy":"category","embeddable":true,"href":"https:\/\/www.telavita.com.br\/blog\/wp-json\/wp\/v2\/categories?post=8794"},{"taxonomy":"post_tag","embeddable":true,"href":"https:\/\/www.telavita.com.br\/blog\/wp-json\/wp\/v2\/tags?post=8794"}],"curies":[{"name":"wp","href":"https:\/\/api.w.org\/{rel}","templated":true}]}}