{"id":8837,"date":"2023-07-10T13:40:42","date_gmt":"2023-07-10T16:40:42","guid":{"rendered":"https:\/\/www.telavita.com.br\/blog\/?p=8837"},"modified":"2023-07-13T16:58:16","modified_gmt":"2023-07-13T19:58:16","slug":"equilibrio-vida-profissional-pessoal","status":"publish","type":"post","link":"https:\/\/www.telavita.com.br\/blog\/equilibrio-vida-profissional-pessoal\/","title":{"rendered":"Como manter o equil\u00edbrio entre vida profissional e pessoal?"},"content":{"rendered":"<p><span style=\"font-weight: 400;\">Manter o <\/span><b>equil\u00edbrio entre vida profissional e pessoal<\/b><span style=\"font-weight: 400;\"> tornou-se imprescind\u00edvel devido ao momento de forte transi\u00e7\u00e3o nos modos de realiza\u00e7\u00e3o das atividades de trabalho.\u00a0<\/span><\/p>\n<p><span style=\"font-weight: 400;\">Durante a pandemia, muitas empresas aderiram ao trabalho remoto e agora est\u00e3o passando novamente para<\/span><b> modelos h\u00edbridos e presenciais.<\/b><span style=\"font-weight: 400;\"> Como resultado, muitos profissionais est\u00e3o enfrentando <\/span><a href=\"https:\/\/www.telavita.com.br\/blog\/gestao-de-tempo\/\"><b>dificuldades para gerir o tempo<\/b><\/a><span style=\"font-weight: 400;\"> e encontrar a harmonia entre suas vidas profissionais e pessoais.\u00a0<\/span><\/p>\n<p><span style=\"font-weight: 400;\">Ao mesmo tempo, muitos empregadores est\u00e3o preocupados em criar e propor solu\u00e7\u00f5es para melhorar o equil\u00edbrio entre a<\/span><b> vida pessoal, social, familiar e profissional de seus colaboradores.<\/b><\/p>\n<h2><b>O que \u00e9 qualidade de vida profissional e pessoal?<\/b><\/h2>\n<p><span style=\"font-weight: 400;\">Qualidade de vida \u00e9 estabelecer, no dia-a-dia, pr\u00e1ticas saud\u00e1veis com <\/span><b>equil\u00edbrio entre atividades produtivas cognitivas ou manuais. <\/b><span style=\"font-weight: 400;\">Al\u00e9m disso, \u00e9 necess\u00e1rio considerar as tarefas necess\u00e1rias de cuidados com a casa e fam\u00edlia, associadas com <\/span><a href=\"https:\/\/www.telavita.com.br\/blog\/rotina-de-autocuidado-cuidar-da-saude-mental\/\"><b>atividades de autocuidado.<\/b><\/a><span style=\"font-weight: 400;\"> Isso inclui sa\u00fade f\u00edsica e mental, bem como o desenvolvimento pessoal.<\/span><\/p>\n<p><span style=\"font-weight: 400;\">\u00c9 necess\u00e1rio implementar, no cotidiano, medidas que proporcionem espa\u00e7o e tempo para <\/span><b>trabalhar, produzir, estudar e se relacionar com as pessoas e a fam\u00edlia.<\/b><span style=\"font-weight: 400;\"> Al\u00e9m disso, \u00e9 importante <\/span><a href=\"https:\/\/www.telavita.com.br\/blog\/exercicios-para-saude-mental\/\"><b>incluir atividades f\u00edsicas e de lazer<\/b><\/a><span style=\"font-weight: 400;\"> de acordo com os interesses individuais, como leitura, cinema, cultura e estudos em geral.\u00a0<\/span><\/p>\n<p><span style=\"font-weight: 400;\">Sabemos o qu\u00e3o dif\u00edcil pode ser come\u00e7ar a realizar essa gest\u00e3o do tempo para <\/span><a href=\"https:\/\/www.telavita.com.br\/blog\/qualidade-de-vida\/\"><b>alcan\u00e7ar qualidade de vida<\/b><\/a><span style=\"font-weight: 400;\"> e equilibrar a vida profissional com a pessoal. Contudo, <\/span><b>veremos agora quais s\u00e3o os fatores principais para gerir o tempo.<\/b><\/p>\n<h2><b>Quais s\u00e3o os 5 passos para equilibrar a vida profissional e a pessoal?<\/b><\/h2>\n<p><span style=\"font-weight: 400;\">Equilibrar a vida profissional com a pessoal \u00e9 uma busca constante em um mundo cada vez mais exigente e acelerado. Para auxili\u00e1-lo nessa jornada, <\/span><b>siga os cinco passos pr\u00e1ticos abaixo:<\/b><\/p>\n<h3><b>1. Organize suas tarefas<\/b><\/h3>\n<p><span style=\"font-weight: 400;\">Fa\u00e7a e organize uma <\/span><b>agenda pessoal<\/b><span style=\"font-weight: 400;\"> com uma semana de anteced\u00eancia, incluindo a agenda profissional e distribua as tarefas conforme a urg\u00eancia e o grau de import\u00e2ncia.<\/span><\/p>\n<p><span style=\"font-weight: 400;\">Esta visualiza\u00e7\u00e3o semanal auxilia na tomada de decis\u00e3o em rela\u00e7\u00e3o \u00e0s prioridades e a <\/span><b>enxergar com mais detalhes o que cabe e o que n\u00e3o cabe em seu tempo<\/b><span style=\"font-weight: 400;\">, caso precise incluir ou alterar algum compromisso.<\/span><\/p>\n<h3><b>2. Defina hor\u00e1rios espec\u00edficos\u00a0<\/b><\/h3>\n<p><span style=\"font-weight: 400;\">Procure realizar as tarefas profissionais, assim como as pessoais de rotina, principalmente as que se referem aos estudos e sa\u00fade f\u00edsica e mental, dentro do <\/span><b>hor\u00e1rio comercial<\/b> <b>ou pr\u00f3ximo dele.<\/b><\/p>\n<p><span style=\"font-weight: 400;\">Sim, \u00e9 poss\u00edvel incluir as tarefas pessoais nos intervalos entre reuni\u00f5es, nas pausas das tarefas que causam mais <\/span><a href=\"https:\/\/www.telavita.com.br\/blog\/como-controlar-estresse-no-trabalho\/\"><b>estresse ocupacional<\/b><\/a><span style=\"font-weight: 400;\">, uma vez que <\/span><b>ningu\u00e9m produz durante oito horas seguidas sem pausas.\u00a0<\/b><\/p>\n<h3><b>3. Mescle as atividades<\/b><\/h3>\n<p><span style=\"font-weight: 400;\">\u00c9 interessante <\/span><b>mesclar atividades<\/b><span style=\"font-weight: 400;\"> para exercitar o c\u00e9rebro, <\/span><a href=\"https:\/\/www.telavita.com.br\/blog\/meditacao-conheca-os-beneficios-e-saiba-como-meditar\/\"><b>relaxar a tens\u00e3o<\/b><\/a><span style=\"font-weight: 400;\">, produzir de formas diferentes e se relacionar mais com seus interesses pessoais e as outras pessoas.<\/span><\/p>\n<p><span style=\"font-weight: 400;\">Nesse sentido, o dia pode come\u00e7ar com cursos antes de iniciar as atividades de trabalho, por exemplo, e na hora do almo\u00e7o, incluir uma atividade f\u00edsica, <\/span><b>uma consulta online ou uma intera\u00e7\u00e3o com algum parente, amigo ou colega.<\/b><\/p>\n<p><span style=\"font-weight: 400;\">A for\u00e7a desta organiza\u00e7\u00e3o est\u00e1 em <\/span><b>diversificar as atividades<\/b><span style=\"font-weight: 400;\"> e n\u00e3o viver o dia de forma arrastada, repetitiva e desorganizada, com <\/span><a href=\"https:\/\/www.telavita.com.br\/blog\/o-que-causa-a-procrastinacao\/\"><b>a sensa\u00e7\u00e3o de que est\u00e1 procrastinando<\/b><\/a><span style=\"font-weight: 400;\"> ou sem produzir o necess\u00e1rio.<\/span><\/p>\n<h3><b>4. Avalie se est\u00e1 sofrendo de estresse ocupacional e tome uma atitude.<\/b><\/h3>\n<p><span style=\"font-weight: 400;\">Cada profissional deve fazer a gest\u00e3o de sua pr\u00f3pria carreira e perceber com anteced\u00eancia <\/span><b>quando \u00e9 hora de sair ou de mudar,<\/b><span style=\"font-weight: 400;\"> pois j\u00e1 n\u00e3o consegue mais ter uma vida equilibrada e desenvolvimento profissional adequado, alinhado \u00e0 vida pessoal. Pe\u00e7a ajuda profissional e de sua rede de apoio para <\/span><b>avaliar se \u00e9 o momento de agir e como fazer isto.<\/b><\/p>\n<h3><b>5. Valorize o seu tempo e invista em bem-estar.<\/b><\/h3>\n<p><span style=\"font-weight: 400;\">Aproveite cada deslocamento, assim como as pausas para agregar conte\u00fados e pr\u00e1ticas saud\u00e1veis em seu dia. Leituras, podcasts, cursos r\u00e1pidos, conversas interessantes e <\/span><a href=\"https:\/\/www.telavita.com.br\/blog\/melhorar-saude-mental\/\"><b>pr\u00e1ticas que beneficiam a sa\u00fade mental<\/b><\/a><span style=\"font-weight: 400;\"> valem muito mais do que perder tempo rolando a tela do celular.<\/span><\/p>\n<h2><b>Como as empresas est\u00e3o agindo para incentivar o equil\u00edbrio?<\/b><\/h2>\n<p><span style=\"font-weight: 400;\">As empresas tamb\u00e9m se preocupam com a vida pessoal e profissional dos colaboradores uma vez que, <\/span><a href=\"https:\/\/g1.globo.com\/ce\/ceara\/especial-publicitario\/fiec-federacao-das-industrias-do-estado-do-ceara\/a-industria-em-foco\/noticia\/2022\/10\/25\/sindrome-de-burnout-empresas-precisam-agir-para-combater-nova-doenca-laboral.ghtml\"><b>o n\u00famero de Burnout tem aumentado cada vez mais.<\/b><\/a> <span style=\"font-weight: 400;\">No entanto, existem <\/span><b>programas de benef\u00edcios<\/b><span style=\"font-weight: 400;\"> que incentivam a pr\u00e1tica de atividades f\u00edsicas, assim como atendimento online em sa\u00fade mental, por exemplo, e que devem ser aproveitados ao m\u00e1ximo pelo profissional.<\/span><\/p>\n<p><span style=\"font-weight: 400;\">Os <\/span><span style=\"font-weight: 400;\">programas de sa\u00fade emocional para empresas<\/span><span style=\"font-weight: 400;\">, no entanto, cumprem esse papel. Eles oferecem trilhas de conte\u00fado espec\u00edficas, terapias online e pesquisas de clima com dados inteligentes. Aqui na <\/span><b>Telavita<\/b><span style=\"font-weight: 400;\">, oferecemos esse servi\u00e7o para empresas!<\/span><\/p>\n<span class='mb-center maxbutton-2-center'><span class='maxbutton-2-container mb-container'><a class=\"maxbutton-2 maxbutton maxbutton-home-telavita\" href=\"https:\/\/www.telavita.com.br\"><span class='mb-text'>Conhe\u00e7a a Telavita<\/span><\/a><\/span><\/span>\n","protected":false},"excerpt":{"rendered":"<p>Manter o equil\u00edbrio entre vida profissional e pessoal tornou-se imprescind\u00edvel devido ao momento de forte transi\u00e7\u00e3o nos modos de realiza\u00e7\u00e3o das atividades de trabalho.\u00a0 Durante a pandemia, muitas empresas aderiram ao trabalho remoto e agora est\u00e3o passando novamente para modelos h\u00edbridos e presenciais. Como resultado, muitos profissionais est\u00e3o enfrentando dificuldades para gerir o tempo e [&hellip;]<\/p>\n","protected":false},"author":27,"featured_media":8840,"comment_status":"open","ping_status":"open","sticky":false,"template":"","format":"standard","meta":{"_lmt_disableupdate":"","_lmt_disable":"","footnotes":""},"categories":[273],"tags":[],"yoast_head":"<!-- This site is optimized with the Yoast SEO plugin v19.8 - https:\/\/yoast.com\/wordpress\/plugins\/seo\/ -->\n<title>5 dicas para ter equil\u00edbrio na vida profissional e pessoal - Telavita<\/title>\n<meta name=\"description\" content=\"Manter o equil\u00edbrio na vida profissional e pessoal \u00e9 um grande desafio. Saiba as melhores dicas para alcan\u00e7ar a harmonia desses elementos.\" \/>\n<meta name=\"robots\" content=\"index, follow, max-snippet:-1, max-image-preview:large, max-video-preview:-1\" \/>\n<link rel=\"canonical\" href=\"https:\/\/www.telavita.com.br\/blog\/equilibrio-vida-profissional-pessoal\/\" \/>\n<meta property=\"og:locale\" content=\"pt_BR\" \/>\n<meta property=\"og:type\" content=\"article\" \/>\n<meta property=\"og:title\" content=\"5 dicas para ter equil\u00edbrio na vida profissional e pessoal - Telavita\" \/>\n<meta property=\"og:description\" content=\"Manter o equil\u00edbrio na vida profissional e pessoal \u00e9 um grande desafio. Saiba as melhores dicas para alcan\u00e7ar a harmonia desses elementos.\" \/>\n<meta property=\"og:url\" content=\"https:\/\/www.telavita.com.br\/blog\/equilibrio-vida-profissional-pessoal\/\" \/>\n<meta property=\"og:site_name\" content=\"Telavita\" \/>\n<meta property=\"article:publisher\" content=\"https:\/\/www.facebook.com\/Telavita\" \/>\n<meta property=\"article:published_time\" content=\"2023-07-10T16:40:42+00:00\" \/>\n<meta property=\"article:modified_time\" content=\"2023-07-13T19:58:16+00:00\" \/>\n<meta property=\"og:image\" content=\"https:\/\/www.telavita.com.br\/blog\/wp-content\/uploads\/2023\/07\/vida-profissional-e-pessoal.jpg\" \/>\n\t<meta property=\"og:image:width\" content=\"2560\" \/>\n\t<meta property=\"og:image:height\" content=\"1709\" \/>\n\t<meta property=\"og:image:type\" content=\"image\/jpeg\" \/>\n<meta name=\"author\" content=\"Psic\u00f3loga Silvia Zoffmann - CRP 06\/54310\" \/>\n<meta name=\"twitter:card\" content=\"summary_large_image\" \/>\n<meta name=\"twitter:label1\" content=\"Escrito por\" \/>\n\t<meta name=\"twitter:data1\" content=\"Psic\u00f3loga Silvia Zoffmann - CRP 06\/54310\" \/>\n\t<meta name=\"twitter:label2\" content=\"Est. tempo de leitura\" \/>\n\t<meta name=\"twitter:data2\" content=\"5 minutos\" \/>\n<!-- \/ Yoast SEO plugin. -->","yoast_head_json":{"title":"5 dicas para ter equil\u00edbrio na vida profissional e pessoal - Telavita","description":"Manter o equil\u00edbrio na vida profissional e pessoal \u00e9 um grande desafio. Saiba as melhores dicas para alcan\u00e7ar a harmonia desses elementos.","robots":{"index":"index","follow":"follow","max-snippet":"max-snippet:-1","max-image-preview":"max-image-preview:large","max-video-preview":"max-video-preview:-1"},"canonical":"https:\/\/www.telavita.com.br\/blog\/equilibrio-vida-profissional-pessoal\/","og_locale":"pt_BR","og_type":"article","og_title":"5 dicas para ter equil\u00edbrio na vida profissional e pessoal - Telavita","og_description":"Manter o equil\u00edbrio na vida profissional e pessoal \u00e9 um grande desafio. Saiba as melhores dicas para alcan\u00e7ar a harmonia desses elementos.","og_url":"https:\/\/www.telavita.com.br\/blog\/equilibrio-vida-profissional-pessoal\/","og_site_name":"Telavita","article_publisher":"https:\/\/www.facebook.com\/Telavita","article_published_time":"2023-07-10T16:40:42+00:00","article_modified_time":"2023-07-13T19:58:16+00:00","og_image":[{"width":2560,"height":1709,"url":"https:\/\/www.telavita.com.br\/blog\/wp-content\/uploads\/2023\/07\/vida-profissional-e-pessoal.jpg","type":"image\/jpeg"}],"author":"Psic\u00f3loga Silvia Zoffmann - CRP 06\/54310","twitter_card":"summary_large_image","twitter_misc":{"Escrito por":"Psic\u00f3loga Silvia Zoffmann - CRP 06\/54310","Est. tempo de leitura":"5 minutos"},"schema":{"@context":"https:\/\/schema.org","@graph":[{"@type":"Article","@id":"https:\/\/www.telavita.com.br\/blog\/equilibrio-vida-profissional-pessoal\/#article","isPartOf":{"@id":"https:\/\/www.telavita.com.br\/blog\/equilibrio-vida-profissional-pessoal\/"},"author":{"name":"Psic\u00f3loga Silvia Zoffmann - CRP 06\/54310","@id":"https:\/\/www.telavita.com.br\/blog\/#\/schema\/person\/14f40b896d26816ece8bed9eb40a5537"},"headline":"Como manter o equil\u00edbrio entre vida profissional e pessoal?","datePublished":"2023-07-10T16:40:42+00:00","dateModified":"2023-07-13T19:58:16+00:00","mainEntityOfPage":{"@id":"https:\/\/www.telavita.com.br\/blog\/equilibrio-vida-profissional-pessoal\/"},"wordCount":812,"commentCount":0,"publisher":{"@id":"https:\/\/www.telavita.com.br\/blog\/#organization"},"articleSection":["Comportamento"],"inLanguage":"pt-BR","potentialAction":[{"@type":"CommentAction","name":"Comment","target":["https:\/\/www.telavita.com.br\/blog\/equilibrio-vida-profissional-pessoal\/#respond"]}]},{"@type":"WebPage","@id":"https:\/\/www.telavita.com.br\/blog\/equilibrio-vida-profissional-pessoal\/","url":"https:\/\/www.telavita.com.br\/blog\/equilibrio-vida-profissional-pessoal\/","name":"5 dicas para ter equil\u00edbrio na vida profissional e pessoal - Telavita","isPartOf":{"@id":"https:\/\/www.telavita.com.br\/blog\/#website"},"datePublished":"2023-07-10T16:40:42+00:00","dateModified":"2023-07-13T19:58:16+00:00","description":"Manter o equil\u00edbrio na vida profissional e pessoal \u00e9 um grande desafio. Saiba as melhores dicas para alcan\u00e7ar a harmonia desses elementos.","breadcrumb":{"@id":"https:\/\/www.telavita.com.br\/blog\/equilibrio-vida-profissional-pessoal\/#breadcrumb"},"inLanguage":"pt-BR","potentialAction":[{"@type":"ReadAction","target":["https:\/\/www.telavita.com.br\/blog\/equilibrio-vida-profissional-pessoal\/"]}]},{"@type":"BreadcrumbList","@id":"https:\/\/www.telavita.com.br\/blog\/equilibrio-vida-profissional-pessoal\/#breadcrumb","itemListElement":[{"@type":"ListItem","position":1,"name":"In\u00edcio","item":"https:\/\/www.telavita.com.br\/blog\/"},{"@type":"ListItem","position":2,"name":"Como manter o equil\u00edbrio entre vida profissional e pessoal?"}]},{"@type":"WebSite","@id":"https:\/\/www.telavita.com.br\/blog\/#website","url":"https:\/\/www.telavita.com.br\/blog\/","name":"Telavita","description":"Conte\u00fados especializados sobre sa\u00fade mental e bem-estar","publisher":{"@id":"https:\/\/www.telavita.com.br\/blog\/#organization"},"potentialAction":[{"@type":"SearchAction","target":{"@type":"EntryPoint","urlTemplate":"https:\/\/www.telavita.com.br\/blog\/?s={search_term_string}"},"query-input":"required name=search_term_string"}],"inLanguage":"pt-BR"},{"@type":"Organization","@id":"https:\/\/www.telavita.com.br\/blog\/#organization","name":"Telavita","url":"https:\/\/www.telavita.com.br\/blog\/","sameAs":["https:\/\/www.linkedin.com\/company\/telavita\/mycompany\/verification\/","https:\/\/www.instagram.com\/telavita\/","https:\/\/www.facebook.com\/Telavita"],"logo":{"@type":"ImageObject","inLanguage":"pt-BR","@id":"https:\/\/www.telavita.com.br\/blog\/#\/schema\/logo\/image\/","url":"https:\/\/www.telavita.com.br\/blog\/wp-content\/uploads\/2021\/05\/telavita.jpg","contentUrl":"https:\/\/www.telavita.com.br\/blog\/wp-content\/uploads\/2021\/05\/telavita.jpg","width":200,"height":200,"caption":"Telavita"},"image":{"@id":"https:\/\/www.telavita.com.br\/blog\/#\/schema\/logo\/image\/"}},{"@type":"Person","@id":"https:\/\/www.telavita.com.br\/blog\/#\/schema\/person\/14f40b896d26816ece8bed9eb40a5537","name":"Psic\u00f3loga Silvia Zoffmann - CRP 06\/54310","image":{"@type":"ImageObject","inLanguage":"pt-BR","@id":"https:\/\/www.telavita.com.br\/blog\/#\/schema\/person\/image\/","url":"https:\/\/secure.gravatar.com\/avatar\/8dd206804c8d7ea10d40a0c477ca7c42?s=96&d=mm&r=g","contentUrl":"https:\/\/secure.gravatar.com\/avatar\/8dd206804c8d7ea10d40a0c477ca7c42?s=96&d=mm&r=g","caption":"Psic\u00f3loga Silvia Zoffmann - CRP 06\/54310"},"description":"Sou Psic\u00f3loga graduada pela PUC-SP - Brasil, com forma\u00e7\u00e3o em Psican\u00e1lise e em Psicologia Anal\u00edtica Junguiana, com s\u00f3lida atua\u00e7\u00e3o em atendimentos presenciais em consult\u00f3rio, ambulat\u00f3rio de sa\u00fade mental e online em Psicologia Cl\u00ednica para adultos, com \u00eanfase em: autoconhecimento | sofrimento ps\u00edquico; conflitos pessoais e de relacionamentos; depress\u00e3o | ansiedade | transtornos emocionais e comportamentais; s\u00edndrome de Burnout | estresse cr\u00f4nico; demiss\u00e3o | desemprego | transi\u00e7\u00e3o de carreira; demais quest\u00f5es relacionadas ao trabalho e produtividade. Com atua\u00e7\u00e3o tanto corporativa (em empresas), como em consultorias de RH e de Recoloca\u00e7\u00e3o, possuo vasta experi\u00eancia em Orienta\u00e7\u00e3o de Carreira (profissional), Outplacement e Recoloca\u00e7\u00e3o e realizo atendimentos online para pessoas que precisam de apoio em suas transi\u00e7\u00f5es de carreira, treinamento para entrevistas, elabora\u00e7\u00e3o de curr\u00edculo (CV), perfil LinkedIn, ferramentas de networking e identidade profissional. Atuo tamb\u00e9m como Headhunter para empresas, conduzindo Processos Seletivos de profissionais para todos os segmentos. Sou palestrante presencial e online em workshops sobre temas relacionados aos conflitos psicol\u00f3gicos durante uma Transi\u00e7\u00e3o de Carreira, Mercado de Trabalho, Elabora\u00e7\u00e3o de Curr\u00edculo e Perfil LinkedIn, Networking, Processos Seletivos e Entrevistas, Identidade Profissional, Imagem e Marca Pessoal. Atualmente, os atendimentos realizados em Psicologia Cl\u00ednica, em Carreira e Processos Seletivos s\u00e3o realizados somente ONLINE, atrav\u00e9s de recursos de videoconfer\u00eancia. Ofere\u00e7o al\u00e9m dos atendimentos, servi\u00e7os de revis\u00e3o de Curr\u00edculo e Perfil LinkedIn.","url":"https:\/\/www.telavita.com.br\/blog\/author\/silvia-zoffmann\/"}]}},"modified_by":null,"_links":{"self":[{"href":"https:\/\/www.telavita.com.br\/blog\/wp-json\/wp\/v2\/posts\/8837"}],"collection":[{"href":"https:\/\/www.telavita.com.br\/blog\/wp-json\/wp\/v2\/posts"}],"about":[{"href":"https:\/\/www.telavita.com.br\/blog\/wp-json\/wp\/v2\/types\/post"}],"author":[{"embeddable":true,"href":"https:\/\/www.telavita.com.br\/blog\/wp-json\/wp\/v2\/users\/27"}],"replies":[{"embeddable":true,"href":"https:\/\/www.telavita.com.br\/blog\/wp-json\/wp\/v2\/comments?post=8837"}],"version-history":[{"count":4,"href":"https:\/\/www.telavita.com.br\/blog\/wp-json\/wp\/v2\/posts\/8837\/revisions"}],"predecessor-version":[{"id":8857,"href":"https:\/\/www.telavita.com.br\/blog\/wp-json\/wp\/v2\/posts\/8837\/revisions\/8857"}],"wp:featuredmedia":[{"embeddable":true,"href":"https:\/\/www.telavita.com.br\/blog\/wp-json\/wp\/v2\/media\/8840"}],"wp:attachment":[{"href":"https:\/\/www.telavita.com.br\/blog\/wp-json\/wp\/v2\/media?parent=8837"}],"wp:term":[{"taxonomy":"category","embeddable":true,"href":"https:\/\/www.telavita.com.br\/blog\/wp-json\/wp\/v2\/categories?post=8837"},{"taxonomy":"post_tag","embeddable":true,"href":"https:\/\/www.telavita.com.br\/blog\/wp-json\/wp\/v2\/tags?post=8837"}],"curies":[{"name":"wp","href":"https:\/\/api.w.org\/{rel}","templated":true}]}}