{"id":8896,"date":"2023-08-01T15:53:28","date_gmt":"2023-08-01T18:53:28","guid":{"rendered":"https:\/\/www.telavita.com.br\/blog\/?p=8896"},"modified":"2023-08-01T15:53:55","modified_gmt":"2023-08-01T18:53:55","slug":"habilidade-de-se-adaptar","status":"publish","type":"post","link":"https:\/\/www.telavita.com.br\/blog\/habilidade-de-se-adaptar\/","title":{"rendered":"Aprenda a desenvolver a habilidade de se adaptar a novas situa\u00e7\u00f5es"},"content":{"rendered":"<p>A <strong>habilidade de se adaptar<\/strong> \u00e9 uma compet\u00eancia cada vez mais crucial nos dias atuais, pois temos sido testemunhas constantes de uma transforma\u00e7\u00e3o na sociedade contempor\u00e2nea.<\/p>\n<p>Dessa forma, destaca-se a evolu\u00e7\u00e3o da tecnologia e seu impacto na forma como nos comunicamos, nos relacionamos e at\u00e9 mesmo como percebemos a n\u00f3s mesmos, o que influencia diretamente nossa autoestima. Essas mudan\u00e7as frequentes t\u00eam <strong>exigido das pessoas a habilidade de se adaptar ao novo e ao imprevisto com frequ\u00eancia.<\/strong><\/p>\n<h2><b>O que \u00e9 a habilidade de se adaptar?<\/b><\/h2>\n<p><span style=\"font-weight: 400;\">A <\/span><b>habilidade de se adaptar<\/b><span style=\"font-weight: 400;\"> \u00e9 regida pela compet\u00eancia da adaptabilidade que, por sua vez, consiste em estar aberto ao desconhecido e em ser capaz de se adaptar a novos contextos e situa\u00e7\u00f5es.\u00a0<\/span><\/p>\n<p><span style=\"font-weight: 400;\">No entanto, tem sido altamente valorizada para alcan\u00e7ar sucesso<\/span> <a href=\"https:\/\/www.telavita.com.br\/blog\/equilibrio-vida-profissional-pessoal\/\"><b>tanto na vida pessoal como profissional.<\/b><\/a> <span style=\"font-weight: 400;\">Em contrapartida, ainda \u00e9 comum encontrar pessoas com extrema dificuldade em se adaptar \u00e0s adversidades da vida cotidiana.\u00a0<\/span><\/p>\n<p><span style=\"font-weight: 400;\">De acordo com a abordagem da <\/span><a href=\"https:\/\/www.telavita.com.br\/blog\/terapia-cognitiva-comportamental\/\"><b>Terapia Cognitivo Comportamental<\/b><\/a><span style=\"font-weight: 400;\">, essa resist\u00eancia pode estar vinculada a cren\u00e7as disfuncionais, que s\u00e3o refor\u00e7adas ao longo da vida por experi\u00eancias negativas e acabam <\/span><b>gerando uma perspectiva negativa em rela\u00e7\u00e3o a si mesmo e ao mundo que o cerca.\u00a0<\/b><\/p>\n<p><span style=\"font-weight: 400;\">Logo, isso pode fazer com que o indiv\u00edduo seja extremamente fiel a essas cren\u00e7as &#8220;enraizadas&#8221; e tenha <\/span><b>medo do desconhecido<\/b><span style=\"font-weight: 400;\">, temendo n\u00e3o ser capaz de lidar com novas situa\u00e7\u00f5es.<\/span><\/p>\n<h2><b>Como desenvolver a habilidade de se adaptar ao novo?<\/b><\/h2>\n<p><span style=\"font-weight: 400;\">Uma pessoa que consegue<\/span><b> identificar suas cren\u00e7as disfuncionais <\/b><span style=\"font-weight: 400;\">e substitu\u00ed-las por cren\u00e7as funcionais tem a capacidade de desenvolver habilidade de se adaptar, tornando-se mais <\/span><b>flex\u00edvel, resiliente e proativa.\u00a0<\/b><\/p>\n<p><span style=\"font-weight: 400;\">Sendo assim, em vez de reagir negativamente \u00e0s mudan\u00e7as, ela consegue extrair li\u00e7\u00f5es valiosas e aproveit\u00e1-las ao m\u00e1ximo. Em outras palavras, essa pessoa pode ser capaz de antecipar situa\u00e7\u00f5es e encontrar solu\u00e7\u00f5es r\u00e1pidas e criativas, <\/span><b>compreendendo que as adapta\u00e7\u00f5es tamb\u00e9m podem trazer benef\u00edcios significativos.<\/b><\/p>\n<p><span style=\"font-weight: 400;\">Dessa forma, ao <\/span><a href=\"https:\/\/www.telavita.com.br\/blog\/autoconhecimento\/\"><b>trabalhar no autoconhecimento<\/b><\/a> <span style=\"font-weight: 400;\">e na substitui\u00e7\u00e3o de cren\u00e7as limitantes, \u00e9 poss\u00edvel <\/span><b>fortalecer a capacidade de adapta\u00e7\u00e3o, tornando-se mais aberto ao novo e preparado para enfrentar os desafios que a vida apresenta<\/b><span style=\"font-weight: 400;\">.\u00a0<\/span><\/p>\n<p><span style=\"font-weight: 400;\">Contudo, a adaptabilidade \u00e9 essencial para navegar nas complexidades da sociedade atual e colher os frutos de um <\/span><b>desenvolvimento pessoal e profissional mais saud\u00e1vel e bem-sucedido.<\/b><\/p>\n<h2><b>Qual a import\u00e2ncia de ser adapt\u00e1vel?\u00a0<\/b><\/h2>\n<p><span style=\"font-weight: 400;\">Ser uma pessoa capaz de se adaptar a diferentes situa\u00e7\u00f5es pode trazer <\/span><b>benef\u00edcios significativos para as rela\u00e7\u00f5es pessoais e profissionais.<\/b><span style=\"font-weight: 400;\"> Isso pois, muitas vezes, as pessoas enfrentam dificuldades em lidar com processos de mudan\u00e7a, f<\/span><b>icando presas ao passado ou antecipando um futuro negativo.<\/b><\/p>\n<p><span style=\"font-weight: 400;\">Contudo, essa vis\u00e3o limitante nos impede de ver as mudan\u00e7as como oportunidades <\/span><b>e nos fazem acreditar que elas s\u00f3 trar\u00e3o perdas e preju\u00edzo.<\/b><span style=\"font-weight: 400;\"> Por outro lado, a habilidade de se adaptar e enxergar mudan\u00e7as como oportunidades de aprendizado tem impactos positivos na \u00e1rea profissional.\u00a0<\/span><\/p>\n<h3><b>A adaptabilidade no ramo profissional<\/b><\/h3>\n<p><span style=\"font-weight: 400;\">Empresas atualmente buscam profissionais que <\/span><b>assumam desafios sem medo das mudan\u00e7as propostas.<\/b><span style=\"font-weight: 400;\"> Essa compet\u00eancia possibilita que os indiv\u00edduos estejam mais abertos e preparados para superar obst\u00e1culos.<\/span><\/p>\n<p><span style=\"font-weight: 400;\">No entanto, quando somos capazes de entender melhor nossas emo\u00e7\u00f5es, <\/span><b>podemos melhorar nossas intera\u00e7\u00f5es com as pessoas e fortalecer os v\u00ednculos.<\/b><span style=\"font-weight: 400;\"> Logo, aqueles que enxergam as mudan\u00e7as como oportunidades de aprendizado <\/span><a href=\"https:\/\/www.telavita.com.br\/blog\/capacidade-empatia\/\"><b>tendem a ser mais abertos e emp\u00e1ticos com os outros<\/b><\/a><span style=\"font-weight: 400;\">, o que contribui para construir relacionamentos mais saud\u00e1veis e significativos.<\/span><\/p>\n<p><span style=\"font-weight: 400;\">Em geral, ao abra\u00e7ar as mudan\u00e7as com uma atitude positiva e focada no aprendizado, colhemos <\/span><b>os frutos de uma vida mais rica e satisfat\u00f3ria<\/b><span style=\"font-weight: 400;\">, impulsionando nosso crescimento pessoal e profissional.\u00a0<\/span><\/p>\n<h2><b>Super dicas para voc\u00ea perder o medo do novo!<\/b><\/h2>\n<p><span style=\"font-weight: 400;\">A habilidade de se adaptar torna-nos mais resilientes e flex\u00edveis, permitindo que enfrentemos os desafios da vida de forma mais equilibrada e bem-sucedida. <\/span><\/p>\n<p><span style=\"font-weight: 400;\">Essa compet\u00eancia valiosa nos permite<\/span><b> aproveitar as oportunidades que surgem em meio \u00e0s mudan\u00e7as<\/b><span style=\"font-weight: 400;\"> e nos torna pessoas mais realizadas e bem preparadas para enfrentar as transforma\u00e7\u00f5es que a vida nos reserva.<\/span><\/p>\n<p><span style=\"font-weight: 400;\">No entanto, a adaptabilidade \u00e9 uma habilidade valiosa <\/span><b>que pode ser aprimorada com esfor\u00e7o e pr\u00e1tica.<\/b><span style=\"font-weight: 400;\"> Aqui est\u00e3o algumas dicas para ajud\u00e1-lo a cultivar essa caracter\u00edstica importante e perder o medo do novo:<\/span><\/p>\n<h3><b>&#x2611;&#xfe0f; Busque por psicoterapia<\/b><\/h3>\n<p><span style=\"font-weight: 400;\">O <\/span><a href=\"https:\/\/www.telavita.com.br\/blog\/autoconhecimento\/\"><b>autoconhecimento<\/b><\/a><span style=\"font-weight: 400;\"> desempenha um papel fundamental no desenvolvimento da adaptabilidade. Conhecer a si mesmo atrav\u00e9s da psicoterapia \u00e9 um passo importante para<\/span><b> superar o medo do desconhecido, a inseguran\u00e7a e a ansiedade que podem dificultar as mudan\u00e7as.<\/b><b><\/b><\/p>\n<h3><b>&#x2611;&#xfe0f; Esteja dispon\u00edvel para mudan\u00e7as<\/b><\/h3>\n<p><span style=\"font-weight: 400;\">Desenvolva uma mentalidade aberta e positiva em rela\u00e7\u00e3o \u00e0s mudan\u00e7as. Reconhe\u00e7a que elas s\u00e3o inevit\u00e1veis na vida <\/span><b>e que podem trazer oportunidades de crescimento e aprendizado.<\/b><b><\/b><\/p>\n<h3><b>&#x2611;&#xfe0f; Exer\u00e7a a flexibilidade<\/b><\/h3>\n<p><span style=\"font-weight: 400;\">Mantenha-se <\/span><b>disposto a se ajustar quando as circunst\u00e2ncias exigirem. <\/b><span style=\"font-weight: 400;\">Seja flex\u00edvel em sua abordagem para <\/span><a href=\"https:\/\/www.telavita.com.br\/blog\/gestao-de-conflitos\/\"><b>resolver problemas e adaptar-se a novas situa\u00e7\u00f5es.\u00a0<\/b><\/a><b><\/b><\/p>\n<h3><b>&#x2611;&#xfe0f; Aprenda com as experi\u00eancias<\/b><\/h3>\n<p><span style=\"font-weight: 400;\">Encare os desafios e as mudan\u00e7as como oportunidades de aprendizado. <\/span><b>Analise suas experi\u00eancias passadas <\/b><span style=\"font-weight: 400;\">para identificar li\u00e7\u00f5es que possam ajud\u00e1-lo a enfrentar situa\u00e7\u00f5es futuras.<\/span><b><\/b><\/p>\n<h3><b>&#x2611;&#xfe0f; Mantenha-se atualizado<\/b><\/h3>\n<p><span style=\"font-weight: 400;\">Esteja ciente das tend\u00eancias e desenvolvimentos em sua \u00e1rea de atua\u00e7\u00e3o. Mantenha-se informado e atualizado para estar preparado para as mudan\u00e7as que podem surgir. Quanto mais compet\u00eancias voc\u00ea dominar, <\/span><b>mais preparado estar\u00e1 para se adaptar a diferentes cen\u00e1rios.<\/b><b><\/b><\/p>\n<h3><b>&#x2611;&#xfe0f; Saia da zona de conforto<\/b><\/h3>\n<p><span style=\"font-weight: 400;\">Desafie-se a enfrentar novas situa\u00e7\u00f5es, experimentar coisas diferentes e <\/span><a href=\"https:\/\/www.telavita.com.br\/blog\/zona-de-conforto\/\"><b>sair da zona de conforto.<\/b><\/a> <span style=\"font-weight: 400;\">Isso ajudar\u00e1 a aumentar sua capacidade de adapta\u00e7\u00e3o, lidar melhor com o desconhecido <\/span><b>e manter uma atitude otimista e proativa diante das mudan\u00e7as<\/b><b><\/b><\/p>\n<h3><b>&#x2611;&#xfe0f; Cultive resili\u00eancia emocional<\/b><\/h3>\n<p><span style=\"font-weight: 400;\">Desenvolva a capacidade de <\/span><a href=\"https:\/\/www.telavita.com.br\/blog\/como-controlar-estresse-no-trabalho\/\"><b>lidar com o estresse e as emo\u00e7\u00f5es negativas<\/b><\/a><span style=\"font-weight: 400;\"> de forma saud\u00e1vel. Uma mente resiliente pode enfrentar as mudan\u00e7as de forma mais equilibrada.<\/span><b><\/b><\/p>\n<h3><b>&#x2611;&#xfe0f; Procure por feedback<\/b><\/h3>\n<p><span style=\"font-weight: 400;\">Pe\u00e7a <\/span><a href=\"https:\/\/www.telavita.com.br\/blog\/importancia-do-feedback\/\"><b>feedback regularmente<\/b><\/a><span style=\"font-weight: 400;\"> aos familiares e amigos. Isso pode ajud\u00e1-lo a identificar \u00e1reas em que voc\u00ea precisa melhorar e se adaptar se necess\u00e1rio. Al\u00e9m disso, <\/span><b>esteja pronto para receber tamb\u00e9m cr\u00edticas construtivas.<\/b><b>\u00a0 \u00a0 \u00a0 \u00a0 \u00a0 \u00a0 \u00a0 \u00a0 \u00a0 \u00a0 \u00a0 \u00a0 \u00a0 \u00a0 \u00a0 \u00a0 \u00a0 \u00a0 \u00a0 \u00a0 \u00a0 \u00a0 \u00a0 \u00a0 \u00a0 \u00a0 \u00a0<\/b><\/p>\n<h3><b>&#x2611;&#xfe0f; Pratique a resolu\u00e7\u00e3o de problemas<\/b><\/h3>\n<p><span style=\"font-weight: 400;\">Treine sua habilidade de encontrar solu\u00e7\u00f5es criativas para os desafios que surgirem. Quanto mais voc\u00ea exercitar essa capacidade, <\/span><b>mais adapt\u00e1vel se tornar\u00e1.<\/b><\/p>\n<p><span style=\"font-weight: 400;\">Lembre-se de que a habilidade de se adaptar <\/span><b>\u00e9 um processo cont\u00ednuo e que requer paci\u00eancia e pr\u00e1tica.<\/b><span style=\"font-weight: 400;\"> Logo, ao seguir essas dicas e estar disposto a se adaptar, voc\u00ea estar\u00e1 preparado para enfrentar os desafios da vida com mais confian\u00e7a e sucesso.\u00a0<\/span><\/p>\n<p><span style=\"font-weight: 400;\">A <\/span><b>Telavita<\/b><span style=\"font-weight: 400;\"> conta com uma equipe de psic\u00f3logos altamente preparados para auxili\u00e1-lo durante esse processo de mudan\u00e7a.<\/span><b> Voc\u00ea est\u00e1 pronto para embarcar nessa jornada?<\/b><\/p>\n<span class='mb-center maxbutton-3-center'><span class='maxbutton-3-container mb-container'><a class=\"maxbutton-3 maxbutton maxbutton-manda-para-pagina-psicologos\" href=\"https:\/\/app.telavita.com.br\/psicologia-online\/encontre-seu-psicologo\"><span class='mb-text'>Agende agora uma consulta com psic\u00f3logo<\/span><\/a><\/span><\/span>\n","protected":false},"excerpt":{"rendered":"<p>A habilidade de se adaptar \u00e9 uma compet\u00eancia cada vez mais crucial nos dias atuais, pois temos sido testemunhas constantes de uma transforma\u00e7\u00e3o na sociedade contempor\u00e2nea. Dessa forma, destaca-se a evolu\u00e7\u00e3o da tecnologia e seu impacto na forma como nos comunicamos, nos relacionamos e at\u00e9 mesmo como percebemos a n\u00f3s mesmos, o que influencia diretamente [&hellip;]<\/p>\n","protected":false},"author":36,"featured_media":8898,"comment_status":"open","ping_status":"open","sticky":false,"template":"","format":"standard","meta":{"_lmt_disableupdate":"","_lmt_disable":"","footnotes":""},"categories":[273],"tags":[],"yoast_head":"<!-- This site is optimized with the Yoast SEO plugin v19.8 - https:\/\/yoast.com\/wordpress\/plugins\/seo\/ -->\n<title>A habilidade de se adaptar e o medo do que \u00e9 novo - Telavita<\/title>\n<meta name=\"description\" content=\"A habilidade de se adaptar ao novo \u00e9 essencial a vida humana. Em um mundo cheio de mudan\u00e7as, ter a adaptabilidade \u00e9 muito importante.\" \/>\n<meta name=\"robots\" content=\"index, follow, max-snippet:-1, max-image-preview:large, max-video-preview:-1\" \/>\n<link rel=\"canonical\" href=\"https:\/\/www.telavita.com.br\/blog\/habilidade-de-se-adaptar\/\" \/>\n<meta property=\"og:locale\" content=\"pt_BR\" \/>\n<meta property=\"og:type\" content=\"article\" \/>\n<meta property=\"og:title\" content=\"A habilidade de se adaptar e o medo do que \u00e9 novo - Telavita\" \/>\n<meta property=\"og:description\" content=\"A habilidade de se adaptar ao novo \u00e9 essencial a vida humana. Em um mundo cheio de mudan\u00e7as, ter a adaptabilidade \u00e9 muito importante.\" \/>\n<meta property=\"og:url\" content=\"https:\/\/www.telavita.com.br\/blog\/habilidade-de-se-adaptar\/\" \/>\n<meta property=\"og:site_name\" content=\"Telavita\" \/>\n<meta property=\"article:publisher\" content=\"https:\/\/www.facebook.com\/Telavita\" \/>\n<meta property=\"article:published_time\" content=\"2023-08-01T18:53:28+00:00\" \/>\n<meta property=\"article:modified_time\" content=\"2023-08-01T18:53:55+00:00\" \/>\n<meta property=\"og:image\" content=\"https:\/\/www.telavita.com.br\/blog\/wp-content\/uploads\/2023\/08\/habilidade-de-se-adaptar.jpg\" \/>\n\t<meta property=\"og:image:width\" content=\"2560\" \/>\n\t<meta property=\"og:image:height\" content=\"1707\" \/>\n\t<meta property=\"og:image:type\" content=\"image\/jpeg\" \/>\n<meta name=\"author\" content=\"Psic\u00f3logo Eric Luis Teixeira - CRP 01\/21517\" \/>\n<meta name=\"twitter:card\" content=\"summary_large_image\" \/>\n<meta name=\"twitter:label1\" content=\"Escrito por\" \/>\n\t<meta name=\"twitter:data1\" content=\"Psic\u00f3logo Eric Luis Teixeira - CRP 01\/21517\" \/>\n\t<meta name=\"twitter:label2\" content=\"Est. tempo de leitura\" \/>\n\t<meta name=\"twitter:data2\" content=\"6 minutos\" \/>\n<!-- \/ Yoast SEO plugin. -->","yoast_head_json":{"title":"A habilidade de se adaptar e o medo do que \u00e9 novo - Telavita","description":"A habilidade de se adaptar ao novo \u00e9 essencial a vida humana. Em um mundo cheio de mudan\u00e7as, ter a adaptabilidade \u00e9 muito importante.","robots":{"index":"index","follow":"follow","max-snippet":"max-snippet:-1","max-image-preview":"max-image-preview:large","max-video-preview":"max-video-preview:-1"},"canonical":"https:\/\/www.telavita.com.br\/blog\/habilidade-de-se-adaptar\/","og_locale":"pt_BR","og_type":"article","og_title":"A habilidade de se adaptar e o medo do que \u00e9 novo - Telavita","og_description":"A habilidade de se adaptar ao novo \u00e9 essencial a vida humana. Em um mundo cheio de mudan\u00e7as, ter a adaptabilidade \u00e9 muito importante.","og_url":"https:\/\/www.telavita.com.br\/blog\/habilidade-de-se-adaptar\/","og_site_name":"Telavita","article_publisher":"https:\/\/www.facebook.com\/Telavita","article_published_time":"2023-08-01T18:53:28+00:00","article_modified_time":"2023-08-01T18:53:55+00:00","og_image":[{"width":2560,"height":1707,"url":"https:\/\/www.telavita.com.br\/blog\/wp-content\/uploads\/2023\/08\/habilidade-de-se-adaptar.jpg","type":"image\/jpeg"}],"author":"Psic\u00f3logo Eric Luis Teixeira - CRP 01\/21517","twitter_card":"summary_large_image","twitter_misc":{"Escrito por":"Psic\u00f3logo Eric Luis Teixeira - CRP 01\/21517","Est. tempo de leitura":"6 minutos"},"schema":{"@context":"https:\/\/schema.org","@graph":[{"@type":"Article","@id":"https:\/\/www.telavita.com.br\/blog\/habilidade-de-se-adaptar\/#article","isPartOf":{"@id":"https:\/\/www.telavita.com.br\/blog\/habilidade-de-se-adaptar\/"},"author":{"name":"Psic\u00f3logo Eric Luis Teixeira - CRP 01\/21517","@id":"https:\/\/www.telavita.com.br\/blog\/#\/schema\/person\/83f91a8c4e692f96c06a7fa1c466a9c1"},"headline":"Aprenda a desenvolver a habilidade de se adaptar a novas situa\u00e7\u00f5es","datePublished":"2023-08-01T18:53:28+00:00","dateModified":"2023-08-01T18:53:55+00:00","mainEntityOfPage":{"@id":"https:\/\/www.telavita.com.br\/blog\/habilidade-de-se-adaptar\/"},"wordCount":1182,"commentCount":0,"publisher":{"@id":"https:\/\/www.telavita.com.br\/blog\/#organization"},"articleSection":["Comportamento"],"inLanguage":"pt-BR","potentialAction":[{"@type":"CommentAction","name":"Comment","target":["https:\/\/www.telavita.com.br\/blog\/habilidade-de-se-adaptar\/#respond"]}]},{"@type":"WebPage","@id":"https:\/\/www.telavita.com.br\/blog\/habilidade-de-se-adaptar\/","url":"https:\/\/www.telavita.com.br\/blog\/habilidade-de-se-adaptar\/","name":"A habilidade de se adaptar e o medo do que \u00e9 novo - Telavita","isPartOf":{"@id":"https:\/\/www.telavita.com.br\/blog\/#website"},"datePublished":"2023-08-01T18:53:28+00:00","dateModified":"2023-08-01T18:53:55+00:00","description":"A habilidade de se adaptar ao novo \u00e9 essencial a vida humana. Em um mundo cheio de mudan\u00e7as, ter a adaptabilidade \u00e9 muito importante.","breadcrumb":{"@id":"https:\/\/www.telavita.com.br\/blog\/habilidade-de-se-adaptar\/#breadcrumb"},"inLanguage":"pt-BR","potentialAction":[{"@type":"ReadAction","target":["https:\/\/www.telavita.com.br\/blog\/habilidade-de-se-adaptar\/"]}]},{"@type":"BreadcrumbList","@id":"https:\/\/www.telavita.com.br\/blog\/habilidade-de-se-adaptar\/#breadcrumb","itemListElement":[{"@type":"ListItem","position":1,"name":"In\u00edcio","item":"https:\/\/www.telavita.com.br\/blog\/"},{"@type":"ListItem","position":2,"name":"Aprenda a desenvolver a habilidade de se adaptar a novas situa\u00e7\u00f5es"}]},{"@type":"WebSite","@id":"https:\/\/www.telavita.com.br\/blog\/#website","url":"https:\/\/www.telavita.com.br\/blog\/","name":"Telavita","description":"Conte\u00fados especializados sobre sa\u00fade mental e bem-estar","publisher":{"@id":"https:\/\/www.telavita.com.br\/blog\/#organization"},"potentialAction":[{"@type":"SearchAction","target":{"@type":"EntryPoint","urlTemplate":"https:\/\/www.telavita.com.br\/blog\/?s={search_term_string}"},"query-input":"required name=search_term_string"}],"inLanguage":"pt-BR"},{"@type":"Organization","@id":"https:\/\/www.telavita.com.br\/blog\/#organization","name":"Telavita","url":"https:\/\/www.telavita.com.br\/blog\/","sameAs":["https:\/\/www.linkedin.com\/company\/telavita\/mycompany\/verification\/","https:\/\/www.instagram.com\/telavita\/","https:\/\/www.facebook.com\/Telavita"],"logo":{"@type":"ImageObject","inLanguage":"pt-BR","@id":"https:\/\/www.telavita.com.br\/blog\/#\/schema\/logo\/image\/","url":"https:\/\/www.telavita.com.br\/blog\/wp-content\/uploads\/2021\/05\/telavita.jpg","contentUrl":"https:\/\/www.telavita.com.br\/blog\/wp-content\/uploads\/2021\/05\/telavita.jpg","width":200,"height":200,"caption":"Telavita"},"image":{"@id":"https:\/\/www.telavita.com.br\/blog\/#\/schema\/logo\/image\/"}},{"@type":"Person","@id":"https:\/\/www.telavita.com.br\/blog\/#\/schema\/person\/83f91a8c4e692f96c06a7fa1c466a9c1","name":"Psic\u00f3logo Eric Luis Teixeira - CRP 01\/21517","image":{"@type":"ImageObject","inLanguage":"pt-BR","@id":"https:\/\/www.telavita.com.br\/blog\/#\/schema\/person\/image\/","url":"https:\/\/secure.gravatar.com\/avatar\/f819b8a2fdb13f7c37a6240f27f74926?s=96&d=mm&r=g","contentUrl":"https:\/\/secure.gravatar.com\/avatar\/f819b8a2fdb13f7c37a6240f27f74926?s=96&d=mm&r=g","caption":"Psic\u00f3logo Eric Luis Teixeira - CRP 01\/21517"},"description":"Psic\u00f3logo formado pela Universidade Paulista (UNIP) em 2018 com especializa\u00e7\u00e3o em Psicologia Organizacional (IPOG), MBA em Gest\u00e3o de Pessoas (UNISAL).","url":"https:\/\/www.telavita.com.br\/blog\/author\/ericluis\/"}]}},"modified_by":null,"_links":{"self":[{"href":"https:\/\/www.telavita.com.br\/blog\/wp-json\/wp\/v2\/posts\/8896"}],"collection":[{"href":"https:\/\/www.telavita.com.br\/blog\/wp-json\/wp\/v2\/posts"}],"about":[{"href":"https:\/\/www.telavita.com.br\/blog\/wp-json\/wp\/v2\/types\/post"}],"author":[{"embeddable":true,"href":"https:\/\/www.telavita.com.br\/blog\/wp-json\/wp\/v2\/users\/36"}],"replies":[{"embeddable":true,"href":"https:\/\/www.telavita.com.br\/blog\/wp-json\/wp\/v2\/comments?post=8896"}],"version-history":[{"count":2,"href":"https:\/\/www.telavita.com.br\/blog\/wp-json\/wp\/v2\/posts\/8896\/revisions"}],"predecessor-version":[{"id":8900,"href":"https:\/\/www.telavita.com.br\/blog\/wp-json\/wp\/v2\/posts\/8896\/revisions\/8900"}],"wp:featuredmedia":[{"embeddable":true,"href":"https:\/\/www.telavita.com.br\/blog\/wp-json\/wp\/v2\/media\/8898"}],"wp:attachment":[{"href":"https:\/\/www.telavita.com.br\/blog\/wp-json\/wp\/v2\/media?parent=8896"}],"wp:term":[{"taxonomy":"category","embeddable":true,"href":"https:\/\/www.telavita.com.br\/blog\/wp-json\/wp\/v2\/categories?post=8896"},{"taxonomy":"post_tag","embeddable":true,"href":"https:\/\/www.telavita.com.br\/blog\/wp-json\/wp\/v2\/tags?post=8896"}],"curies":[{"name":"wp","href":"https:\/\/api.w.org\/{rel}","templated":true}]}}