{"id":8911,"date":"2023-08-09T17:22:07","date_gmt":"2023-08-09T20:22:07","guid":{"rendered":"https:\/\/www.telavita.com.br\/blog\/?p=8911"},"modified":"2023-08-09T17:22:30","modified_gmt":"2023-08-09T20:22:30","slug":"psicossomatizacao","status":"publish","type":"post","link":"https:\/\/www.telavita.com.br\/blog\/psicossomatizacao\/","title":{"rendered":"O que \u00e9 a psicossomatiza\u00e7\u00e3o e quais suas causas?"},"content":{"rendered":"<p><span style=\"font-weight: 400;\">\u00c0 medida que exploramos a complexa <\/span><b>interconex\u00e3o entre mente e corpo<\/b><span style=\"font-weight: 400;\">, nos deparamos com um fen\u00f4meno intrigante e relevante para nossa compreens\u00e3o da sa\u00fade: <\/span><b>a psicossomatiza\u00e7\u00e3o.\u00a0<\/b><\/p>\n<p><span style=\"font-weight: 400;\">Esse fen\u00f4meno pode acontecer decorrente de determinados cen\u00e1rios, como reedi\u00e7\u00e3o de traumas, situa\u00e7\u00f5es estressantes e perdas que podem desencadear sintomas f\u00edsicos, <\/span><b>al\u00e9m dos emocionais. <\/b><span style=\"font-weight: 400;\">Curioso, n\u00e3o \u00e9 mesmo?<\/span><\/p>\n<h2><b>Mas afinal, o que \u00e9 a psicossomatiza\u00e7\u00e3o?<\/b><\/h2>\n<p><span style=\"font-weight: 400;\">A <\/span><b>psicossomatiza\u00e7\u00e3o<\/b><span style=\"font-weight: 400;\"> \u00e9 um processo pelo qual as emo\u00e7\u00f5es, pensamentos e <\/span><a href=\"https:\/\/www.telavita.com.br\/blog\/sintomas-de-estresse\/\"><b>estresse psicol\u00f3gico<\/b><\/a> <span style=\"font-weight: 400;\">podem afetar a sa\u00fade f\u00edsica de uma pessoa, levando ao desenvolvimento de sintomas ou condi\u00e7\u00f5es m\u00e9dicas reais.<\/span><\/p>\n<p><span style=\"font-weight: 400;\">Esse fen\u00f4meno pode desencadear dor de cabe\u00e7a, tens\u00e3o muscular, febre, n\u00e1useas, diarreia, ou at\u00e9 mesmo inflama\u00e7\u00f5es, alergias, e quest\u00f5es mais cr\u00edticas. Por\u00e9m, essa manifesta\u00e7\u00e3o apesar de real <\/span><b>n\u00e3o tem base biol\u00f3gica.<\/b><\/p>\n<p><span style=\"font-weight: 400;\">No entanto, quando os sintomas f\u00edsicos persistem, <\/span><b>podem ser confundidos com doen\u00e7as reais. <\/b><span style=\"font-weight: 400;\">Em contrapartida, depois de n\u00e3o acharem a causa real, o m\u00e9dico pode chegar a conclus\u00e3o de que seja uma doen\u00e7a psicossom\u00e1tica.<\/span><\/p>\n<h2><b>As doen\u00e7as psicossom\u00e1ticas<\/b><\/h2>\n<p><span style=\"font-weight: 400;\">Nomeamos como <\/span><a href=\"https:\/\/www.telavita.com.br\/blog\/doencas-psicossomaticas\/\"><b>doen\u00e7a psicossom\u00e1tica<\/b><\/a> <span style=\"font-weight: 400;\">todo sintoma f\u00edsico que aparentemente n\u00e3o tem origem ou justificativa biol\u00f3gica. Ou seja, que medicamente n\u00e3o se explica nem com exames cl\u00ednicos e hist\u00f3rico de sa\u00fade.<\/span><\/p>\n<p><span style=\"font-weight: 400;\">O conceito, no entanto, surgiu por volta do s\u00e9culo XIX quando Freud e outros profissionais da \u00e9poca observaram que muitas pessoas apresentavam paralisias, cegueira, tiques, afasias, <\/span><b>sem causa aparente.\u00a0<\/b><\/p>\n<h3><b>A descoberta do tratamento<\/b><\/h3>\n<p><span style=\"font-weight: 400;\">Advertidos sobre os processos integrativos entre o <\/span><b>SOMA<\/b><span style=\"font-weight: 400;\"> e a <\/span><b>PSIQUE<\/b><span style=\"font-weight: 400;\"> \u2013 sendo SOMA = nosso corpo e suas estruturas (pele, v\u00edsceras, nervos e ossos) e PSIQUE = mem\u00f3ria, afetos, consciente, inconsciente \u2013 decidiu-se aplicar a <\/span><a href=\"https:\/\/www.telavita.com.br\/blog\/psicanalise\/\"><b>t\u00e9cnica\/\u00e9tica da Psican\u00e1lise<\/b><\/a><span style=\"font-weight: 400;\"> \u2013 <\/span><b>A cura pela fala.<\/b><\/p>\n<p><span style=\"font-weight: 400;\">Sendo assim, nos relatos durante as consultas os pacientes traziam no discurso <\/span><b>associa\u00e7\u00f5es entre mem\u00f3rias\/afetos de suas viv\u00eancias traum\u00e1ticas<\/b><span style=\"font-weight: 400;\">, dif\u00edceis de nomear ao adoecimento.<\/span><\/p>\n<p><span style=\"font-weight: 400;\">Logo, justificando assim a convers\u00e3o de algo da mente se revelando no corpo, a palavra n\u00e3o dita,<\/span><b> a dor emocional, o desamparo. <\/b><span style=\"font-weight: 400;\">\u00a0\u00a0\u00a0<\/span><\/p>\n<h2><b>As causas da psicossomatiza\u00e7\u00e3o\u00a0<\/b><\/h2>\n<p><span style=\"font-weight: 400;\">Hodiernamente, a psicossomatiza\u00e7\u00e3o ganha cada vez mais sentido e aporte cient\u00edfico.\u00a0<\/span><\/p>\n<p><span style=\"font-weight: 400;\">Apesar de cada \u00e9poca trazer consigo suas particularidades e os sinais\/sintomas serem diferentes, \u00e9 claro que no psiquismo de muitas pessoas h\u00e1 um sofrimento velado e n\u00e3o dito que se imp\u00f5e no corpo, <\/span><b>construindo as doen\u00e7as psicossom\u00e1ticas.<\/b><\/p>\n<p><span style=\"font-weight: 400;\">Todavia, os sinais denunciam como causa quest\u00f5es como:<\/span><\/p>\n<ul>\n<li><span style=\"font-weight: 400;\">Perdas e lutos;<\/span><\/li>\n<li aria-level=\"1\"><a href=\"https:\/\/www.telavita.com.br\/blog\/burnout-sintomas\/\"><b>Sobrecarga profissional;<\/b><\/a><\/li>\n<li aria-level=\"1\"><span style=\"font-weight: 400;\">Estresse continuado;<\/span><\/li>\n<li aria-level=\"1\"><span style=\"font-weight: 400;\">Viol\u00eancias sofridas na inf\u00e2ncia\/adolesc\u00eancia;<\/span><\/li>\n<li aria-level=\"1\"><span style=\"font-weight: 400;\">Traumas;<\/span><\/li>\n<li aria-level=\"1\"><span style=\"font-weight: 400;\">Quadros anteriores de tristeza ou ang\u00fastia, possivelmente denunciando inclusive alguma patologia j\u00e1 instalada \u2013 al\u00e9m das exig\u00eancias do mundo externo que aumentam e ganham novas configura\u00e7\u00f5es a todo momento.<\/span><\/li>\n<\/ul>\n<h2><b>Principais exemplos de psicossomatiza\u00e7\u00e3o<\/b><\/h2>\n<p><span style=\"font-weight: 400;\">Os exemplos de psicossomatiza\u00e7\u00e3o, nos quais o psiquismo desempenha um papel fundamental na origem e desenvolvimento de sintomas f\u00edsicos, lan\u00e7am luz sobre a complexa dan\u00e7a <\/span><b>entre nossos pensamentos, sentimentos e bem-estar f\u00edsico.<\/b><\/p>\n<p><span style=\"font-weight: 400;\">Nesta explora\u00e7\u00e3o, mergulharemos nos principais exemplos de psicossomatiza\u00e7\u00e3o, desvendando <\/span><a href=\"https:\/\/www.telavita.com.br\/blog\/sentimento-de-angustia\/\"><b>como a ang\u00fastia interior pode se manifestar<\/b><\/a> <span style=\"font-weight: 400;\">em uma ampla gama de condi\u00e7\u00f5es de sa\u00fade, como:<\/span><\/p>\n<ul>\n<li style=\"font-weight: 400;\" aria-level=\"1\"><span style=\"font-weight: 400;\">Gastrites;<\/span><\/li>\n<li style=\"font-weight: 400;\" aria-level=\"1\"><span style=\"font-weight: 400;\">Dermatites;<\/span><\/li>\n<li style=\"font-weight: 400;\" aria-level=\"1\"><span style=\"font-weight: 400;\">\u00dalceras;<\/span><\/li>\n<li style=\"font-weight: 400;\" aria-level=\"1\"><span style=\"font-weight: 400;\">Asma;<\/span><\/li>\n<li style=\"font-weight: 400;\" aria-level=\"1\"><span style=\"font-weight: 400;\">S\u00edndrome do intestino irrit\u00e1vel;<\/span><\/li>\n<li style=\"font-weight: 400;\" aria-level=\"1\"><span style=\"font-weight: 400;\">Psor\u00edase;<\/span><\/li>\n<li style=\"font-weight: 400;\" aria-level=\"1\"><span style=\"font-weight: 400;\">Tens\u00e3o muscular;<\/span><\/li>\n<li style=\"font-weight: 400;\" aria-level=\"1\"><span style=\"font-weight: 400;\">Infertilidade;<\/span><\/li>\n<li style=\"font-weight: 400;\" aria-level=\"1\"><span style=\"font-weight: 400;\">Enxaqueca;<\/span><\/li>\n<li style=\"font-weight: 400;\" aria-level=\"1\"><span style=\"font-weight: 400;\">Impot\u00eancia sexual;<\/span><\/li>\n<li style=\"font-weight: 400;\" aria-level=\"1\"><span style=\"font-weight: 400;\">Entre outros.<\/span><\/li>\n<\/ul>\n<h2><b>Como tratar uma doen\u00e7a psicossom\u00e1tica?<\/b><\/h2>\n<p><span style=\"font-weight: 400;\">Vamos ent\u00e3o aos poss\u00edveis tratamentos? No <\/span><b>setting terap\u00eautico<\/b><span style=\"font-weight: 400;\"> temos a liberdade de falar em voz alta temas que s\u00e3o at\u00e9 dif\u00edceis de pronunciar. Isso, por sua vez, produz o efeito de <\/span><b>cura e transforma\u00e7\u00e3o em todos os n\u00edveis do existir.<\/b><\/p>\n<p><span style=\"font-weight: 400;\">Todavia, para tratar uma doen\u00e7a psicossom\u00e1tica,<\/span> <a href=\"https:\/\/www.telavita.com.br\/blog\/psicoterapia-online\/\"><b>\u00e9 necess\u00e1rio a psicoterapia.<\/b><\/a> <span style=\"font-weight: 400;\">Com o tratamento psicol\u00f3gico e o falar, a palavra dita desfaz o sintoma. Ou seja, no processo terap\u00eautico \u00e9 poss\u00edvel recapturar as mem\u00f3rias e afetos que produzem\/justificam os adoecimentos.<\/span><\/p>\n<p><span style=\"font-weight: 400;\">Dessa forma, \u00e9 poss\u00edvel <\/span><b>atribuir sentido e ressignifica\u00e7\u00e3o<\/b><span style=\"font-weight: 400;\">, possibilitando a cura. Al\u00e9m disso, \u00e9 importante lembrarmos dos fatores protetivos para a sa\u00fade emocional que est\u00e3o para todos como: qualidade do sono, <\/span><a href=\"https:\/\/www.telavita.com.br\/blog\/alimentacao-saudavel-na-saude-mental\/\"><b>boa alimenta\u00e7\u00e3o<\/b><\/a><span style=\"font-weight: 400;\">, vida social ativa, descanso e exerc\u00edcios f\u00edsicos com frequ\u00eancia.<\/span><\/p>\n<p><span style=\"font-weight: 400;\">Parafraseando <\/span><b>William Shakespeare<\/b><span style=\"font-weight: 400;\">, existem muitos mist\u00e9rios entre a mente e o corpo que nossa v\u00e3 ci\u00eancia possa acompanhar, por isso, cuide-se bem!<\/span><\/p>\n<span class='mb-center maxbutton-4-center'><span class='maxbutton-4-container mb-container'><a class=\"maxbutton-4 maxbutton maxbutton-manda-para-o-catalogo-de-psicologos\" href=\"https:\/\/app.telavita.com.br\/psicologia-online\/encontre-seu-psicologo\"><span class='mb-text'>Encontre seu psic\u00f3logo online<\/span><\/a><\/span><\/span>\n","protected":false},"excerpt":{"rendered":"<p>\u00c0 medida que exploramos a complexa interconex\u00e3o entre mente e corpo, nos deparamos com um fen\u00f4meno intrigante e relevante para nossa compreens\u00e3o da sa\u00fade: a psicossomatiza\u00e7\u00e3o.\u00a0 Esse fen\u00f4meno pode acontecer decorrente de determinados cen\u00e1rios, como reedi\u00e7\u00e3o de traumas, situa\u00e7\u00f5es estressantes e perdas que podem desencadear sintomas f\u00edsicos, al\u00e9m dos emocionais. Curioso, n\u00e3o \u00e9 mesmo? Mas [&hellip;]<\/p>\n","protected":false},"author":11,"featured_media":8912,"comment_status":"open","ping_status":"open","sticky":false,"template":"","format":"standard","meta":{"_lmt_disableupdate":"","_lmt_disable":"","footnotes":""},"categories":[266],"tags":[],"yoast_head":"<!-- This site is optimized with the Yoast SEO plugin v19.8 - https:\/\/yoast.com\/wordpress\/plugins\/seo\/ -->\n<title>Psicossomatiza\u00e7\u00e3o: do sentimento ao sintoma f\u00edsico - Telavita<\/title>\n<meta name=\"description\" content=\"A psicossomatiza\u00e7\u00e3o \u00e9 o ato de somatizar as emo\u00e7\u00f5es por meio do corpo. Saiba como tratar as doen\u00e7as psicossom\u00e1ticas e lidar com este fato.\" \/>\n<meta name=\"robots\" content=\"index, follow, max-snippet:-1, max-image-preview:large, max-video-preview:-1\" \/>\n<link rel=\"canonical\" href=\"https:\/\/www.telavita.com.br\/blog\/psicossomatizacao\/\" \/>\n<meta property=\"og:locale\" content=\"pt_BR\" \/>\n<meta property=\"og:type\" content=\"article\" \/>\n<meta property=\"og:title\" content=\"Psicossomatiza\u00e7\u00e3o: do sentimento ao sintoma f\u00edsico - Telavita\" \/>\n<meta property=\"og:description\" content=\"A psicossomatiza\u00e7\u00e3o \u00e9 o ato de somatizar as emo\u00e7\u00f5es por meio do corpo. Saiba como tratar as doen\u00e7as psicossom\u00e1ticas e lidar com este fato.\" \/>\n<meta property=\"og:url\" content=\"https:\/\/www.telavita.com.br\/blog\/psicossomatizacao\/\" \/>\n<meta property=\"og:site_name\" content=\"Telavita\" \/>\n<meta property=\"article:publisher\" content=\"https:\/\/www.facebook.com\/Telavita\" \/>\n<meta property=\"article:published_time\" content=\"2023-08-09T20:22:07+00:00\" \/>\n<meta property=\"article:modified_time\" content=\"2023-08-09T20:22:30+00:00\" \/>\n<meta property=\"og:image\" content=\"https:\/\/www.telavita.com.br\/blog\/wp-content\/uploads\/2023\/08\/psicossomatizacao.jpg\" \/>\n\t<meta property=\"og:image:width\" content=\"2560\" \/>\n\t<meta property=\"og:image:height\" content=\"1703\" \/>\n\t<meta property=\"og:image:type\" content=\"image\/jpeg\" \/>\n<meta name=\"author\" content=\"Telavita\" \/>\n<meta name=\"twitter:card\" content=\"summary_large_image\" \/>\n<meta name=\"twitter:label1\" content=\"Escrito por\" \/>\n\t<meta name=\"twitter:data1\" content=\"Telavita\" \/>\n\t<meta name=\"twitter:label2\" content=\"Est. tempo de leitura\" \/>\n\t<meta name=\"twitter:data2\" content=\"4 minutos\" \/>\n<!-- \/ Yoast SEO plugin. -->","yoast_head_json":{"title":"Psicossomatiza\u00e7\u00e3o: do sentimento ao sintoma f\u00edsico - Telavita","description":"A psicossomatiza\u00e7\u00e3o \u00e9 o ato de somatizar as emo\u00e7\u00f5es por meio do corpo. Saiba como tratar as doen\u00e7as psicossom\u00e1ticas e lidar com este fato.","robots":{"index":"index","follow":"follow","max-snippet":"max-snippet:-1","max-image-preview":"max-image-preview:large","max-video-preview":"max-video-preview:-1"},"canonical":"https:\/\/www.telavita.com.br\/blog\/psicossomatizacao\/","og_locale":"pt_BR","og_type":"article","og_title":"Psicossomatiza\u00e7\u00e3o: do sentimento ao sintoma f\u00edsico - Telavita","og_description":"A psicossomatiza\u00e7\u00e3o \u00e9 o ato de somatizar as emo\u00e7\u00f5es por meio do corpo. Saiba como tratar as doen\u00e7as psicossom\u00e1ticas e lidar com este fato.","og_url":"https:\/\/www.telavita.com.br\/blog\/psicossomatizacao\/","og_site_name":"Telavita","article_publisher":"https:\/\/www.facebook.com\/Telavita","article_published_time":"2023-08-09T20:22:07+00:00","article_modified_time":"2023-08-09T20:22:30+00:00","og_image":[{"width":2560,"height":1703,"url":"https:\/\/www.telavita.com.br\/blog\/wp-content\/uploads\/2023\/08\/psicossomatizacao.jpg","type":"image\/jpeg"}],"author":"Telavita","twitter_card":"summary_large_image","twitter_misc":{"Escrito por":"Telavita","Est. tempo de leitura":"4 minutos"},"schema":{"@context":"https:\/\/schema.org","@graph":[{"@type":"Article","@id":"https:\/\/www.telavita.com.br\/blog\/psicossomatizacao\/#article","isPartOf":{"@id":"https:\/\/www.telavita.com.br\/blog\/psicossomatizacao\/"},"author":{"name":"Telavita","@id":"https:\/\/www.telavita.com.br\/blog\/#\/schema\/person\/365e554815ae72366924ab1f2b06fdaa"},"headline":"O que \u00e9 a psicossomatiza\u00e7\u00e3o e quais suas causas?","datePublished":"2023-08-09T20:22:07+00:00","dateModified":"2023-08-09T20:22:30+00:00","mainEntityOfPage":{"@id":"https:\/\/www.telavita.com.br\/blog\/psicossomatizacao\/"},"wordCount":759,"commentCount":0,"publisher":{"@id":"https:\/\/www.telavita.com.br\/blog\/#organization"},"articleSection":["Autoconhecimento"],"inLanguage":"pt-BR","potentialAction":[{"@type":"CommentAction","name":"Comment","target":["https:\/\/www.telavita.com.br\/blog\/psicossomatizacao\/#respond"]}]},{"@type":"WebPage","@id":"https:\/\/www.telavita.com.br\/blog\/psicossomatizacao\/","url":"https:\/\/www.telavita.com.br\/blog\/psicossomatizacao\/","name":"Psicossomatiza\u00e7\u00e3o: do sentimento ao sintoma f\u00edsico - Telavita","isPartOf":{"@id":"https:\/\/www.telavita.com.br\/blog\/#website"},"datePublished":"2023-08-09T20:22:07+00:00","dateModified":"2023-08-09T20:22:30+00:00","description":"A psicossomatiza\u00e7\u00e3o \u00e9 o ato de somatizar as emo\u00e7\u00f5es por meio do corpo. Saiba como tratar as doen\u00e7as psicossom\u00e1ticas e lidar com este fato.","breadcrumb":{"@id":"https:\/\/www.telavita.com.br\/blog\/psicossomatizacao\/#breadcrumb"},"inLanguage":"pt-BR","potentialAction":[{"@type":"ReadAction","target":["https:\/\/www.telavita.com.br\/blog\/psicossomatizacao\/"]}]},{"@type":"BreadcrumbList","@id":"https:\/\/www.telavita.com.br\/blog\/psicossomatizacao\/#breadcrumb","itemListElement":[{"@type":"ListItem","position":1,"name":"In\u00edcio","item":"https:\/\/www.telavita.com.br\/blog\/"},{"@type":"ListItem","position":2,"name":"O que \u00e9 a psicossomatiza\u00e7\u00e3o e quais suas causas?"}]},{"@type":"WebSite","@id":"https:\/\/www.telavita.com.br\/blog\/#website","url":"https:\/\/www.telavita.com.br\/blog\/","name":"Telavita","description":"Conte\u00fados especializados sobre sa\u00fade mental e bem-estar","publisher":{"@id":"https:\/\/www.telavita.com.br\/blog\/#organization"},"potentialAction":[{"@type":"SearchAction","target":{"@type":"EntryPoint","urlTemplate":"https:\/\/www.telavita.com.br\/blog\/?s={search_term_string}"},"query-input":"required name=search_term_string"}],"inLanguage":"pt-BR"},{"@type":"Organization","@id":"https:\/\/www.telavita.com.br\/blog\/#organization","name":"Telavita","url":"https:\/\/www.telavita.com.br\/blog\/","sameAs":["https:\/\/www.linkedin.com\/company\/telavita\/mycompany\/verification\/","https:\/\/www.instagram.com\/telavita\/","https:\/\/www.facebook.com\/Telavita"],"logo":{"@type":"ImageObject","inLanguage":"pt-BR","@id":"https:\/\/www.telavita.com.br\/blog\/#\/schema\/logo\/image\/","url":"https:\/\/www.telavita.com.br\/blog\/wp-content\/uploads\/2021\/05\/telavita.jpg","contentUrl":"https:\/\/www.telavita.com.br\/blog\/wp-content\/uploads\/2021\/05\/telavita.jpg","width":200,"height":200,"caption":"Telavita"},"image":{"@id":"https:\/\/www.telavita.com.br\/blog\/#\/schema\/logo\/image\/"}},{"@type":"Person","@id":"https:\/\/www.telavita.com.br\/blog\/#\/schema\/person\/365e554815ae72366924ab1f2b06fdaa","name":"Telavita","image":{"@type":"ImageObject","inLanguage":"pt-BR","@id":"https:\/\/www.telavita.com.br\/blog\/#\/schema\/person\/image\/","url":"https:\/\/secure.gravatar.com\/avatar\/ac2e61ce00e3238eb646b649fdcae5e4?s=96&d=mm&r=g","contentUrl":"https:\/\/secure.gravatar.com\/avatar\/ac2e61ce00e3238eb646b649fdcae5e4?s=96&d=mm&r=g","caption":"Telavita"},"url":"https:\/\/www.telavita.com.br\/blog\/author\/telavita\/"}]}},"modified_by":null,"_links":{"self":[{"href":"https:\/\/www.telavita.com.br\/blog\/wp-json\/wp\/v2\/posts\/8911"}],"collection":[{"href":"https:\/\/www.telavita.com.br\/blog\/wp-json\/wp\/v2\/posts"}],"about":[{"href":"https:\/\/www.telavita.com.br\/blog\/wp-json\/wp\/v2\/types\/post"}],"author":[{"embeddable":true,"href":"https:\/\/www.telavita.com.br\/blog\/wp-json\/wp\/v2\/users\/11"}],"replies":[{"embeddable":true,"href":"https:\/\/www.telavita.com.br\/blog\/wp-json\/wp\/v2\/comments?post=8911"}],"version-history":[{"count":2,"href":"https:\/\/www.telavita.com.br\/blog\/wp-json\/wp\/v2\/posts\/8911\/revisions"}],"predecessor-version":[{"id":8914,"href":"https:\/\/www.telavita.com.br\/blog\/wp-json\/wp\/v2\/posts\/8911\/revisions\/8914"}],"wp:featuredmedia":[{"embeddable":true,"href":"https:\/\/www.telavita.com.br\/blog\/wp-json\/wp\/v2\/media\/8912"}],"wp:attachment":[{"href":"https:\/\/www.telavita.com.br\/blog\/wp-json\/wp\/v2\/media?parent=8911"}],"wp:term":[{"taxonomy":"category","embeddable":true,"href":"https:\/\/www.telavita.com.br\/blog\/wp-json\/wp\/v2\/categories?post=8911"},{"taxonomy":"post_tag","embeddable":true,"href":"https:\/\/www.telavita.com.br\/blog\/wp-json\/wp\/v2\/tags?post=8911"}],"curies":[{"name":"wp","href":"https:\/\/api.w.org\/{rel}","templated":true}]}}