{"id":8934,"date":"2023-08-18T13:14:49","date_gmt":"2023-08-18T16:14:49","guid":{"rendered":"https:\/\/www.telavita.com.br\/blog\/?p=8934"},"modified":"2023-08-18T13:15:28","modified_gmt":"2023-08-18T16:15:28","slug":"sentimento-de-culpa","status":"publish","type":"post","link":"https:\/\/www.telavita.com.br\/blog\/sentimento-de-culpa\/","title":{"rendered":"Como lidar com o sentimento de culpa?"},"content":{"rendered":"<p><span style=\"font-weight: 400;\">O <\/span><b>sentimento de culpa <\/b><span style=\"font-weight: 400;\">\u00e9 uma emo\u00e7\u00e3o pesada e desafiadora. \u00c9 importante lembrar que todos n\u00f3s cometemos erros\u00a0 e enfrentamos situa\u00e7\u00f5es dif\u00edceis na vida. Entretanto sentir culpa por nossas a\u00e7\u00f5es \u00e9 normal, desde que seja uma emo\u00e7\u00e3o que nos motive a aprender com nossos erros e crescer como pessoas.\u00a0<\/span><\/p>\n<p><span style=\"font-weight: 400;\">Contudo, neste artigo, exploraremos estrat\u00e9gias e reflex\u00f5es que podem nos ajudar a enfrentar a culpa, aprender com ela e, eventualmente, transform\u00e1-la em um <\/span><b>catalisador para o crescimento pessoal e a tomada de decis\u00f5es mais conscientes.<\/b><\/p>\n<h2><b>Sinto culpa por tudo, e agora?<\/b><\/h2>\n<p><span style=\"font-weight: 400;\">Muitas pessoas encontram-se presas em um <\/span><b>ciclo intermin\u00e1vel de culpa<\/b><span style=\"font-weight: 400;\">, questionando suas a\u00e7\u00f5es passadas, decis\u00f5es e palavras, o que pode levar a consequ\u00eancias emocionais e psicol\u00f3gicas profundas.<\/span><\/p>\n<p><span style=\"font-weight: 400;\">Nesse sentido, o sentimento de culpa excessiva frequentemente <\/span><b>se manifesta como um constante &#8220;e se&#8230;&#8221;<\/b><span style=\"font-weight: 400;\">, onde a mente revisita incessantemente situa\u00e7\u00f5es passadas em busca de falhas e erros. <\/span><span style=\"font-weight: 400;\">Logo, essa rumina\u00e7\u00e3o intensa pode desencadear sintomas de ansiedade, depress\u00e3o e <\/span><span style=\"font-weight: 400;\">baixa autoestima<\/span><span style=\"font-weight: 400;\">, prejudicando significativamente a <strong><a href=\"https:\/\/www.telavita.com.br\/blog\/qualidade-de-vida\/\">qualidade de vida do sujeito.<\/a><\/strong><\/span><\/p>\n<p><span style=\"font-weight: 400;\">Nesses casos, a busca por um equil\u00edbrio saud\u00e1vel entre a responsabilidade pessoal e o <\/span><span style=\"font-weight: 400;\">auto-perd\u00e3o<\/span><span style=\"font-weight: 400;\"> \u00e9 essencial para quebrar o ciclo da culpa excessiva e <\/span><b>permitir um crescimento emocional positivo para quem vive com esse sentimento.<\/b><\/p>\n<h2><b>Por que nos autocobramos tanto?<\/b><\/h2>\n<p><span style=\"font-weight: 400;\">A <\/span><b>rela\u00e7\u00e3o entre a autocobran\u00e7a e o sentimento de culpa<\/b><span style=\"font-weight: 400;\"> \u00e9 complexa e muitas vezes interconectada. Todavia, a autocobran\u00e7a excessiva pode desempenhar um papel significativo no surgimento e intensifica\u00e7\u00e3o do sentimento de culpa.\u00a0<\/span><\/p>\n<p><span style=\"font-weight: 400;\">Sendo assim, <strong><a href=\"https:\/\/www.telavita.com.br\/blog\/autocobranca\/\">quando algu\u00e9m se autocobra demais<\/a><\/strong> e estabelece padr\u00f5es impossivelmente altos, qualquer desvio desses padr\u00f5es pode ser interpretado como um fracasso pessoal, <\/span><b>o que por sua vez desencadeia sentimentos de culpa.<\/b><\/p>\n<p><span style=\"font-weight: 400;\">No entanto, embora a autocobran\u00e7a possa ser uma motiva\u00e7\u00e3o positiva para algumas pessoas, pois as impulsiona\u00a0 a se esfor\u00e7ar para atingir seus objetivos,<\/span><b> tamb\u00e9m pode levar a consequ\u00eancias negativas quando se\u00a0 torna excessiva e descontrolada.<\/b><span style=\"font-weight: 400;\"> Algumas caracter\u00edsticas e impactos desse sentimento incluem:\u00a0<\/span><\/p>\n<h3><b>Perfeccionismo<\/b><\/h3>\n<p><span style=\"font-weight: 400;\">As pessoas que se cobram demais muitas vezes <\/span><strong><a href=\"https:\/\/www.telavita.com.br\/blog\/perfeccionismo\/\">tendem a ser perfeccionistas<\/a><\/strong><span style=\"font-weight: 400;\">,\u00a0 buscando a excel\u00eancia em tudo o que fazem. Al\u00e9m disso, elas t\u00eam dificuldade em aceitar erros ou falhas e <strong>se frustram quando n\u00e3o atingem seus padr\u00f5es elevados.\u00a0<\/strong><\/span><\/p>\n<h3><b>Estresse e ansiedade<\/b><\/h3>\n<p><span style=\"font-weight: 400;\">A autocobran\u00e7a constante pode levar a <\/span><strong><a href=\"https:\/\/www.telavita.com.br\/blog\/diferenca-de-estresse-e-ansiedade\/\">altos n\u00edveis de estresse e\u00a0 ansiedade<\/a><\/strong><span style=\"font-weight: 400;\">, pois a pessoa sente que nunca est\u00e1 fazendo o suficiente ou que <\/span><b>est\u00e1 sempre aqu\u00e9m das expectativas que estabeleceu para si mesma.\u00a0<\/b><\/p>\n<h3><b>Baixa autoestima<\/b><\/h3>\n<p><span style=\"font-weight: 400;\">Se cobrar intensamente \u00e9 uma pr\u00e1tica que muitas vezes emerge de um superego cr\u00edtico, que <\/span><b>estabelece padr\u00f5es inating\u00edveis e exige perfei\u00e7\u00e3o. <\/b>No entanto, q<span style=\"font-weight: 400;\">uando esses padr\u00f5es n\u00e3o s\u00e3o cumpridos, a pessoa pode se sentir inadequada e, consequentemente, sua autoestima \u00e9 prejudicada.\u00a0<\/span><\/p>\n<h3><b>Medo de fracassar<\/b><\/h3>\n<p><span style=\"font-weight: 400;\">Quando algu\u00e9m se autocobra constantemente e estabelece padr\u00f5es extremamente elevados, o medo de n\u00e3o alcan\u00e7ar essas expectativas <\/span><b>pode se transformar em um temor debilitante de fracassar.<\/b><\/p>\n<h2><b>Formas de lidar com o sentimento de culpa<\/b><\/h2>\n<p><span style=\"font-weight: 400;\">O processo de lidar com a culpa n\u00e3o se resume a sufocar essa emo\u00e7\u00e3o, mas sim a <\/span><b>adotar abordagens saud\u00e1veis para entender, aceitar e transformar esse sentimento em um impulso construtivo.<\/b><\/p>\n<p><span style=\"font-weight: 400;\">Lidar com a culpa pode ser desafiador, por\u00e9m, existem algumas estrat\u00e9gias que podem ajudar.<\/span><b> Aqui\u00a0 est\u00e3o algumas dicas para enfrentar esse sentimento:\u00a0<\/b><\/p>\n<h3><b>1. Reconhe\u00e7a a culpa<\/b><\/h3>\n<p><span style=\"font-weight: 400;\">O primeiro passo \u00e9 identificar e reconhecer que voc\u00ea est\u00e1 sentindo culpa. Isso\u00a0 pode ser dif\u00edcil, mas \u00e9 importante <\/span><b>enfrentar e aceitar seus sentimentos. <\/b><span style=\"font-weight: 400;\">Todavia, procure entender tamb\u00e9m se a sua culpa \u00e9 por algo que voc\u00ea fez e tem controle sobre, ou se \u00e9 por algo que voc\u00ea n\u00e3o fez e n\u00e3o tem controle.<\/span><\/p>\n<h3><b>2. Compreenda a origem da culpa<\/b><\/h3>\n<p><span style=\"font-weight: 400;\">Tente entender por que voc\u00ea se sente culpado. Analise a situa\u00e7\u00e3o\u00a0 ou a\u00e7\u00e3o que desencadeou esse sentimento e reflita sobre suas motiva\u00e7\u00f5es e inten\u00e7\u00f5es.<\/span><b> Use a culpa como uma oportunidade para aprender e crescer. <\/b><span style=\"font-weight: 400;\">Logo, se\u00a0 voc\u00ea cometeu um erro, pense em como pode evitar repeti-lo no futuro.<\/span><\/p>\n<h3><b>4. Pe\u00e7a desculpas, se necess\u00e1rio<\/b><\/h3>\n<p><span style=\"font-weight: 400;\">Se sua culpa estiver relacionada a algo que voc\u00ea fez a algu\u00e9m,\u00a0 considere pedir desculpas e explicar suas inten\u00e7\u00f5es. Nesse sentido, reconhecer suas a\u00e7\u00f5es e <\/span><strong><a href=\"https:\/\/www.telavita.com.br\/blog\/capacidade-empatia\/\">mostrar empatia<\/a><\/strong><span style=\"font-weight: 400;\"> pode ser uma <\/span><b>maneira de lidar com a culpa <\/b><span style=\"font-weight: 400;\">e ajudar a reparar relacionamentos.\u00a0<\/span><\/p>\n<h3><b>5. N\u00e3o seja muito duro consigo mesmo<\/b><\/h3>\n<p><span style=\"font-weight: 400;\">\u00c9 normal cometer erros, e ningu\u00e9m \u00e9 perfeito. Evite ser\u00a0 excessivamente cr\u00edtico consigo mesmo e lembre-se de que todos t\u00eam falhas. Dessa forma, pratique a autocompaix\u00e3o e <\/span><b>entenda seus pr\u00f3prios motivos e causas que te fizeram agir daquela maneira.<\/b><\/p>\n<h3><b>6. Pratique o autocuidado<\/b><\/h3>\n<p><span style=\"font-weight: 400;\">Encontre formas saud\u00e1veis de lidar com a culpa, como <\/span><span style=\"font-weight: 400;\">praticar atividades que voc\u00ea gosta<\/span><span style=\"font-weight: 400;\">, passar tempo com amigos e familiares, ou buscar apoio emocional. <\/span><b>Ficar remoendo algo que aconteceu s\u00f3 vai piorar o sentimento de culpa.<\/b><\/p>\n<h3><b>7. Perdoe-se<\/b><\/h3>\n<p><span style=\"font-weight: 400;\">O perd\u00e3o \u00e9 uma parte crucial do processo de lidar com a culpa. Reconhe\u00e7a que voc\u00ea\u00a0 \u00e9 humano e tem o direito de errar. Perdoe a si mesmo e permita-se seguir em frente. A partir dessa pr\u00e1tica, <\/span><b>\u00e9 poss\u00edvel viver com a consci\u00eancia limpa de que sua parte voc\u00ea fez.<\/b><\/p>\n<h3><b>8. Busque ajuda profissional, se necess\u00e1rio<\/b><\/h3>\n<p><span style=\"font-weight: 400;\">Lidar com a culpa pode ser um processo gradual, mas \u00e9 importante dar passos em dire\u00e7\u00e3o ao auto\u00a0 entendimento e ao perd\u00e3o. Lembre-se de que todos t\u00eam desafios emocionais em suas vidas, e <\/span><b>voc\u00ea\u00a0 n\u00e3o est\u00e1 sozinho nessa jornada.\u00a0<\/b><\/p>\n<p><span style=\"font-weight: 400;\">Seja gentil consigo mesmo e busque apoio quando necess\u00e1rio. Se a culpa estiver afetando significativamente sua qualidade de vida e bem-estar emocional, <strong><a href=\"https:\/\/www.telavita.com.br\/blog\/psicoterapia-online\/\">considere a busca da psicoterapia online.<\/a><\/strong><\/span><\/p>\n<span class='mb-center maxbutton-3-center'><span class='maxbutton-3-container mb-container'><a class=\"maxbutton-3 maxbutton maxbutton-manda-para-pagina-psicologos\" href=\"https:\/\/app.telavita.com.br\/psicologia-online\/encontre-seu-psicologo\"><span class='mb-text'>Agende agora uma consulta com psic\u00f3logo<\/span><\/a><\/span><\/span>\n","protected":false},"excerpt":{"rendered":"<p>O sentimento de culpa \u00e9 uma emo\u00e7\u00e3o pesada e desafiadora. \u00c9 importante lembrar que todos n\u00f3s cometemos erros\u00a0 e enfrentamos situa\u00e7\u00f5es dif\u00edceis na vida. Entretanto sentir culpa por nossas a\u00e7\u00f5es \u00e9 normal, desde que seja uma emo\u00e7\u00e3o que nos motive a aprender com nossos erros e crescer como pessoas.\u00a0 Contudo, neste artigo, exploraremos estrat\u00e9gias e [&hellip;]<\/p>\n","protected":false},"author":29,"featured_media":8935,"comment_status":"open","ping_status":"open","sticky":false,"template":"","format":"standard","meta":{"_lmt_disableupdate":"","_lmt_disable":"","footnotes":""},"categories":[273],"tags":[],"yoast_head":"<!-- This site is optimized with the Yoast SEO plugin v19.8 - https:\/\/yoast.com\/wordpress\/plugins\/seo\/ -->\n<title>Aprenda a lidar com o sentimento de culpa - Telavita<\/title>\n<meta name=\"description\" content=\"O sentimento de culpa pode ser uma emo\u00e7\u00e3o avassaladora. Saiba suas caracter\u00edsticas e desvende como enfrent\u00e1-lo.\" \/>\n<meta name=\"robots\" content=\"index, follow, max-snippet:-1, max-image-preview:large, max-video-preview:-1\" \/>\n<link rel=\"canonical\" href=\"https:\/\/www.telavita.com.br\/blog\/sentimento-de-culpa\/\" \/>\n<meta property=\"og:locale\" content=\"pt_BR\" \/>\n<meta property=\"og:type\" content=\"article\" \/>\n<meta property=\"og:title\" content=\"Aprenda a lidar com o sentimento de culpa - Telavita\" \/>\n<meta property=\"og:description\" content=\"O sentimento de culpa pode ser uma emo\u00e7\u00e3o avassaladora. Saiba suas caracter\u00edsticas e desvende como enfrent\u00e1-lo.\" \/>\n<meta property=\"og:url\" content=\"https:\/\/www.telavita.com.br\/blog\/sentimento-de-culpa\/\" \/>\n<meta property=\"og:site_name\" content=\"Telavita\" \/>\n<meta property=\"article:publisher\" content=\"https:\/\/www.facebook.com\/Telavita\" \/>\n<meta property=\"article:published_time\" content=\"2023-08-18T16:14:49+00:00\" \/>\n<meta property=\"article:modified_time\" content=\"2023-08-18T16:15:28+00:00\" \/>\n<meta property=\"og:image\" content=\"https:\/\/www.telavita.com.br\/blog\/wp-content\/uploads\/2023\/08\/sentimento-de-culpa.jpg\" \/>\n\t<meta property=\"og:image:width\" content=\"2560\" \/>\n\t<meta property=\"og:image:height\" content=\"1709\" \/>\n\t<meta property=\"og:image:type\" content=\"image\/jpeg\" \/>\n<meta name=\"author\" content=\"Psic\u00f3loga M\u00f4nica Silveira - CRP 06\/92287\" \/>\n<meta name=\"twitter:card\" content=\"summary_large_image\" \/>\n<meta name=\"twitter:label1\" content=\"Escrito por\" \/>\n\t<meta name=\"twitter:data1\" content=\"Psic\u00f3loga M\u00f4nica Silveira - CRP 06\/92287\" \/>\n\t<meta name=\"twitter:label2\" content=\"Est. tempo de leitura\" \/>\n\t<meta name=\"twitter:data2\" content=\"5 minutos\" \/>\n<!-- \/ Yoast SEO plugin. -->","yoast_head_json":{"title":"Aprenda a lidar com o sentimento de culpa - Telavita","description":"O sentimento de culpa pode ser uma emo\u00e7\u00e3o avassaladora. Saiba suas caracter\u00edsticas e desvende como enfrent\u00e1-lo.","robots":{"index":"index","follow":"follow","max-snippet":"max-snippet:-1","max-image-preview":"max-image-preview:large","max-video-preview":"max-video-preview:-1"},"canonical":"https:\/\/www.telavita.com.br\/blog\/sentimento-de-culpa\/","og_locale":"pt_BR","og_type":"article","og_title":"Aprenda a lidar com o sentimento de culpa - Telavita","og_description":"O sentimento de culpa pode ser uma emo\u00e7\u00e3o avassaladora. Saiba suas caracter\u00edsticas e desvende como enfrent\u00e1-lo.","og_url":"https:\/\/www.telavita.com.br\/blog\/sentimento-de-culpa\/","og_site_name":"Telavita","article_publisher":"https:\/\/www.facebook.com\/Telavita","article_published_time":"2023-08-18T16:14:49+00:00","article_modified_time":"2023-08-18T16:15:28+00:00","og_image":[{"width":2560,"height":1709,"url":"https:\/\/www.telavita.com.br\/blog\/wp-content\/uploads\/2023\/08\/sentimento-de-culpa.jpg","type":"image\/jpeg"}],"author":"Psic\u00f3loga M\u00f4nica Silveira - CRP 06\/92287","twitter_card":"summary_large_image","twitter_misc":{"Escrito por":"Psic\u00f3loga M\u00f4nica Silveira - CRP 06\/92287","Est. tempo de leitura":"5 minutos"},"schema":{"@context":"https:\/\/schema.org","@graph":[{"@type":"Article","@id":"https:\/\/www.telavita.com.br\/blog\/sentimento-de-culpa\/#article","isPartOf":{"@id":"https:\/\/www.telavita.com.br\/blog\/sentimento-de-culpa\/"},"author":{"name":"Psic\u00f3loga M\u00f4nica Silveira - CRP 06\/92287","@id":"https:\/\/www.telavita.com.br\/blog\/#\/schema\/person\/e47c394b8ff6bf551130fa98e7b9916d"},"headline":"Como lidar com o sentimento de culpa?","datePublished":"2023-08-18T16:14:49+00:00","dateModified":"2023-08-18T16:15:28+00:00","mainEntityOfPage":{"@id":"https:\/\/www.telavita.com.br\/blog\/sentimento-de-culpa\/"},"wordCount":971,"commentCount":0,"publisher":{"@id":"https:\/\/www.telavita.com.br\/blog\/#organization"},"articleSection":["Comportamento"],"inLanguage":"pt-BR","potentialAction":[{"@type":"CommentAction","name":"Comment","target":["https:\/\/www.telavita.com.br\/blog\/sentimento-de-culpa\/#respond"]}]},{"@type":"WebPage","@id":"https:\/\/www.telavita.com.br\/blog\/sentimento-de-culpa\/","url":"https:\/\/www.telavita.com.br\/blog\/sentimento-de-culpa\/","name":"Aprenda a lidar com o sentimento de culpa - Telavita","isPartOf":{"@id":"https:\/\/www.telavita.com.br\/blog\/#website"},"datePublished":"2023-08-18T16:14:49+00:00","dateModified":"2023-08-18T16:15:28+00:00","description":"O sentimento de culpa pode ser uma emo\u00e7\u00e3o avassaladora. Saiba suas caracter\u00edsticas e desvende como enfrent\u00e1-lo.","breadcrumb":{"@id":"https:\/\/www.telavita.com.br\/blog\/sentimento-de-culpa\/#breadcrumb"},"inLanguage":"pt-BR","potentialAction":[{"@type":"ReadAction","target":["https:\/\/www.telavita.com.br\/blog\/sentimento-de-culpa\/"]}]},{"@type":"BreadcrumbList","@id":"https:\/\/www.telavita.com.br\/blog\/sentimento-de-culpa\/#breadcrumb","itemListElement":[{"@type":"ListItem","position":1,"name":"In\u00edcio","item":"https:\/\/www.telavita.com.br\/blog\/"},{"@type":"ListItem","position":2,"name":"Como lidar com o sentimento de culpa?"}]},{"@type":"WebSite","@id":"https:\/\/www.telavita.com.br\/blog\/#website","url":"https:\/\/www.telavita.com.br\/blog\/","name":"Telavita","description":"Conte\u00fados especializados sobre sa\u00fade mental e bem-estar","publisher":{"@id":"https:\/\/www.telavita.com.br\/blog\/#organization"},"potentialAction":[{"@type":"SearchAction","target":{"@type":"EntryPoint","urlTemplate":"https:\/\/www.telavita.com.br\/blog\/?s={search_term_string}"},"query-input":"required name=search_term_string"}],"inLanguage":"pt-BR"},{"@type":"Organization","@id":"https:\/\/www.telavita.com.br\/blog\/#organization","name":"Telavita","url":"https:\/\/www.telavita.com.br\/blog\/","sameAs":["https:\/\/www.linkedin.com\/company\/telavita\/mycompany\/verification\/","https:\/\/www.instagram.com\/telavita\/","https:\/\/www.facebook.com\/Telavita"],"logo":{"@type":"ImageObject","inLanguage":"pt-BR","@id":"https:\/\/www.telavita.com.br\/blog\/#\/schema\/logo\/image\/","url":"https:\/\/www.telavita.com.br\/blog\/wp-content\/uploads\/2021\/05\/telavita.jpg","contentUrl":"https:\/\/www.telavita.com.br\/blog\/wp-content\/uploads\/2021\/05\/telavita.jpg","width":200,"height":200,"caption":"Telavita"},"image":{"@id":"https:\/\/www.telavita.com.br\/blog\/#\/schema\/logo\/image\/"}},{"@type":"Person","@id":"https:\/\/www.telavita.com.br\/blog\/#\/schema\/person\/e47c394b8ff6bf551130fa98e7b9916d","name":"Psic\u00f3loga M\u00f4nica Silveira - CRP 06\/92287","image":{"@type":"ImageObject","inLanguage":"pt-BR","@id":"https:\/\/www.telavita.com.br\/blog\/#\/schema\/person\/image\/","url":"https:\/\/secure.gravatar.com\/avatar\/08c63ce80716a31cba2755f0a13f4d4a?s=96&d=mm&r=g","contentUrl":"https:\/\/secure.gravatar.com\/avatar\/08c63ce80716a31cba2755f0a13f4d4a?s=96&d=mm&r=g","caption":"Psic\u00f3loga M\u00f4nica Silveira - CRP 06\/92287"},"description":"Sou psic\u00f3loga formada desde 2005, e me especializei em Psicologia Anal\u00edtica, de C. Jung. Durante todo esse tempo venho estudando incansavelmente a mente, as emo\u00e7\u00f5es e o comportamento humano para tentar chegar cada vez mais perto da compreens\u00e3o dos dilemas e dos mist\u00e9rios humanos. Me considero uma eterna aprendiz. Minha metodologia terap\u00eautica envolve a an\u00e1lise, o mergulho no inconsciente, e o estudo dos arqu\u00e9tipos manifestados. Meu prop\u00f3sito \u00e9 diminuir a dor da alma, e auxiliar meu cliente na conquista de uma vida interior rica, s\u00f3lida e saud\u00e1vel. Atendimento a partir dos 16 anos de idade.","url":"https:\/\/www.telavita.com.br\/blog\/author\/monica-silveira\/"}]}},"modified_by":null,"_links":{"self":[{"href":"https:\/\/www.telavita.com.br\/blog\/wp-json\/wp\/v2\/posts\/8934"}],"collection":[{"href":"https:\/\/www.telavita.com.br\/blog\/wp-json\/wp\/v2\/posts"}],"about":[{"href":"https:\/\/www.telavita.com.br\/blog\/wp-json\/wp\/v2\/types\/post"}],"author":[{"embeddable":true,"href":"https:\/\/www.telavita.com.br\/blog\/wp-json\/wp\/v2\/users\/29"}],"replies":[{"embeddable":true,"href":"https:\/\/www.telavita.com.br\/blog\/wp-json\/wp\/v2\/comments?post=8934"}],"version-history":[{"count":1,"href":"https:\/\/www.telavita.com.br\/blog\/wp-json\/wp\/v2\/posts\/8934\/revisions"}],"predecessor-version":[{"id":8936,"href":"https:\/\/www.telavita.com.br\/blog\/wp-json\/wp\/v2\/posts\/8934\/revisions\/8936"}],"wp:featuredmedia":[{"embeddable":true,"href":"https:\/\/www.telavita.com.br\/blog\/wp-json\/wp\/v2\/media\/8935"}],"wp:attachment":[{"href":"https:\/\/www.telavita.com.br\/blog\/wp-json\/wp\/v2\/media?parent=8934"}],"wp:term":[{"taxonomy":"category","embeddable":true,"href":"https:\/\/www.telavita.com.br\/blog\/wp-json\/wp\/v2\/categories?post=8934"},{"taxonomy":"post_tag","embeddable":true,"href":"https:\/\/www.telavita.com.br\/blog\/wp-json\/wp\/v2\/tags?post=8934"}],"curies":[{"name":"wp","href":"https:\/\/api.w.org\/{rel}","templated":true}]}}