{"id":8957,"date":"2023-09-01T16:45:10","date_gmt":"2023-09-01T19:45:10","guid":{"rendered":"https:\/\/www.telavita.com.br\/blog\/?p=8957"},"modified":"2023-09-01T16:45:38","modified_gmt":"2023-09-01T19:45:38","slug":"luto-por-suicidio","status":"publish","type":"post","link":"https:\/\/www.telavita.com.br\/blog\/luto-por-suicidio\/","title":{"rendered":"Luto por suic\u00eddio: como enfrentar uma perda por este tipo de morte"},"content":{"rendered":"<p><span style=\"font-weight: 400;\">A <\/span><b>perda de algu\u00e9m pr\u00f3ximo <\/b><span style=\"font-weight: 400;\">\u00e9 uma das experi\u00eancias mais dolorosas que qualquer pessoa pode enfrentar. Diante disso, quando essa perda \u00e9 por um suic\u00eddio, as emo\u00e7\u00f5es e os desafios podem se intensificar ainda mais.<\/span><\/p>\n<p><span style=\"font-weight: 400;\">Lidar com o<\/span><b> luto por suic\u00eddio <\/b><span style=\"font-weight: 400;\">de um ente querido \u00e9 uma jornada complexa e delicada, que exige tempo, apoio e autocompaix\u00e3o. Continue conosco e saiba mais sobre o tema!<\/span><\/p>\n<h2><b>Como \u00e9 o luto por suic\u00eddio?<\/b><\/h2>\n<p><span style=\"font-weight: 400;\">O luto por suic\u00eddio \u00e9 uma experi\u00eancia singular e, frequentemente, entrela\u00e7ada com uma gama complexa de emo\u00e7\u00f5es. A <\/span><strong><a href=\"https:\/\/www.telavita.com.br\/blog\/tristeza-profunda\/\">tristeza profunda<\/a><\/strong><span style=\"font-weight: 400;\"> se entrela\u00e7a com sentimentos de choque, culpa, raiva, confus\u00e3o e, por vezes, at\u00e9 mesmo vergonha.<\/span><\/p>\n<p><span style=\"font-weight: 400;\">No entanto, \u00e9 crucial reconhecer que o suic\u00eddio muitas vezes emerge de uma intricada intera\u00e7\u00e3o de <\/span><b>fatores emocionais, mentais e ambientais<\/b><span style=\"font-weight: 400;\">. Ter consci\u00eancia disso pode contribuir para aliviar a culpa que os sobreviventes possam experimentar. Ainda, \u00e9 importante lembrar que ningu\u00e9m \u00e9 respons\u00e1vel pelas a\u00e7\u00f5es de outra pessoa.\u00a0<\/span><\/p>\n<p><span style=\"font-weight: 400;\">Contudo, \u00e9 fundamental que aqueles que enfrentam o luto por suic\u00eddio busquem apoio emocional e compartilhem suas emo\u00e7\u00f5es com amigos, familiares ou <\/span><strong><a href=\"https:\/\/www.telavita.com.br\/blog\/diferenca-entre-psicologo-psiquiatra\/\">profissionais de sa\u00fade mental.<\/a><\/strong><span style=\"font-weight: 400;\"> Esse processo de compartilhamento pode<\/span><b> ajudar a compreender melhor os sentimentos complexos e a encontrar maneiras de enfrentar essa situa\u00e7\u00e3o desafiadora.<\/b><\/p>\n<h2><b>Dicas para lidar com o luto por suic\u00eddio<\/b><\/h2>\n<p><span style=\"font-weight: 400;\">O luto por suic\u00eddio apresenta desafios \u00fanicos em compara\u00e7\u00e3o com outras formas de perda. Isso pois, a sensa\u00e7\u00e3o de choque e estigma frequentemente acompanha o processo, tornando a express\u00e3o das emo\u00e7\u00f5es mais complexa.\u00a0<\/span><\/p>\n<p><b>Dessa forma, algumas etapas que podem auxiliar na sua jornada de luto por suic\u00eddio s\u00e3o:<\/b><b><\/b><\/p>\n<h3><b>1. Aceitar suas emo\u00e7\u00f5es<\/b><\/h3>\n<p><span style=\"font-weight: 400;\">Permita-se sentir uma ampla gama de emo\u00e7\u00f5es, desde a tristeza profunda at\u00e9 a raiva e a culpa. Logo, \u00e9 perfeitamente normal<\/span><b> experimentar confus\u00e3o e ambival\u00eancia em rela\u00e7\u00e3o aos seus sentimentos.<\/b><span style=\"font-weight: 400;\"> O <\/span><strong><a href=\"https:\/\/www.telavita.com.br\/blog\/fases-do-luto\/\">processo de luto<\/a><\/strong><span style=\"font-weight: 400;\"> n\u00e3o segue um roteiro previs\u00edvel e varia significativamente de pessoa para pessoa.<\/span><\/p>\n<h3><b>2. Evitar o isolamento<\/b><\/h3>\n<p><span style=\"font-weight: 400;\">Apesar da tend\u00eancia natural de se isolar, \u00e9 fundamental buscar apoio, pois isso pode fazer toda a diferen\u00e7a. Conversar abertamente com amigos, familiares ou um terapeuta, por exemplo, <\/span><b>oferece um espa\u00e7o seguro e acolhedor para compartilhar suas emo\u00e7\u00f5es<\/b><span style=\"font-weight: 400;\"> e, ao mesmo tempo, receber o suporte necess\u00e1rio durante o processo de luto.<\/span><\/p>\n<h3><b>3. Busque informa\u00e7\u00f5es sobre o suic\u00eddio e sa\u00fade mental<\/b><\/h3>\n<p><span style=\"font-weight: 400;\">Compreender que a decis\u00e3o do ente querido n\u00e3o foi uma escolha contra voc\u00ea, mas, muitas vezes, uma batalha interna, pode ser uma abordagem essencial para <\/span><span style=\"font-weight: 400;\">mitigar a culpa. <\/span><span style=\"font-weight: 400;\">Reconhecer que <\/span><b>a luta contra problemas emocionais e mentais pode ser complexa e multifacetada <\/b><span style=\"font-weight: 400;\">\u00e9 o primeiro passo para um processo de cura e aceita\u00e7\u00e3o mais saud\u00e1vel.<\/span><\/p>\n<h3><b>4. Aceite ajuda profissional<\/b><\/h3>\n<p><span style=\"font-weight: 400;\">Um terapeuta especializado em luto por suic\u00eddio desempenha um papel crucial nesse processo, pois <\/span><b>pode fornecer ferramentas espec\u00edficas para lidar com a dor de forma saud\u00e1vel e produtiva. <\/b>Al\u00e9m disso, a<span style=\"font-weight: 400;\">trav\u00e9s da terapia, \u00e9 poss\u00edvel processar emo\u00e7\u00f5es complexas e desenvolver mecanismos de enfrentamento eficazes para <strong><a href=\"https:\/\/www.telavita.com.br\/blog\/dicas-para-superar-o-luto\/\">lidar com os desafios desse luto t\u00e3o singular.<\/a><\/strong><\/span><\/p>\n<h3><b>5. Crie um espa\u00e7o para lembran\u00e7as<\/b><\/h3>\n<p><span style=\"font-weight: 400;\">Honrar a mem\u00f3ria do ente querido pode ser um processo reconfortante e significativo. \u00c9 importante<\/span><b> criar um espa\u00e7o onde voc\u00ea possa relembrar os momentos felizes que compartilharam<\/b><span style=\"font-weight: 400;\"> e celebrar a vida que eles viveram. Ao fazer isso, voc\u00ea estar\u00e1 construindo uma ponte entre a tristeza da perda e a lembran\u00e7a carinhosa<\/span><\/p>\n<h3><b>6. Participe de grupos de apoio<\/b><\/h3>\n<p><span style=\"font-weight: 400;\">Participar de grupos de apoio espec\u00edficos para sobreviventes de suic\u00eddio pode ser uma fonte valiosa de conforto. Entretanto, ao se conectar com pessoas que compartilham experi\u00eancias semelhantes, <strong>voc\u00ea pode se sentir menos isolado e mais compreendido.\u00a0<\/strong><\/span><\/p>\n<h3><b>7. Pratique o autocuidado<\/b><\/h3>\n<p><span style=\"font-weight: 400;\">Durante o processo de luto, \u00e9 f\u00e1cil negligenciar sua pr\u00f3pria sa\u00fade mental e f\u00edsica, mas \u00e9 essencial lembrar de priorizar o autocuidado. Portanto, isso envolve n\u00e3o apenas lidar com as emo\u00e7\u00f5es, mas tamb\u00e9m <\/span><b>cuidar do corpo e da mente de maneira integral.<\/b><span style=\"font-weight: 400;\"> Garanta uma boa alimenta\u00e7\u00e3o, <\/span><span style=\"font-weight: 400;\">reserve tempo para o <strong><a href=\"https:\/\/www.telavita.com.br\/blog\/exercicios-para-saude-mental\/\">exerc\u00edcio f\u00edsico regular<\/a><\/strong><\/span><span style=\"font-weight: 400;\"> e certifique-se de obter o descanso adequado.<\/span><\/p>\n<h3><b>8. Seja gentil consigo mesmo<\/b><\/h3>\n<p><span style=\"font-weight: 400;\"><strong><a href=\"https:\/\/www.telavita.com.br\/blog\/o-que-e-luto\/\">O luto \u00e9 um processo complexo e n\u00e3o linear<\/a><\/strong>, e \u00e9 fundamental compreender que n\u00e3o h\u00e1 um cronograma espec\u00edfico para a recupera\u00e7\u00e3o. Sendo assim, n\u00e3o se pressione para se recuperar rapidamente. Em vez disso, <\/span><b>d\u00ea a si mesmo permiss\u00e3o para sentir e se curar no seu pr\u00f3prio ritmo.<\/b><\/p>\n<h3><b>9. Transforme a dor em a\u00e7\u00e3o<\/b><\/h3>\n<p><span style=\"font-weight: 400;\">Muitas pessoas encontram significado em<\/span><b> transformar sua dor em a\u00e7\u00f5es que beneficiam os outros. <\/b><span style=\"font-weight: 400;\">Nesse sentido, engajar-se em atividades como o <\/span><span style=\"font-weight: 400;\">apoio a organiza\u00e7\u00f5es de preven\u00e7\u00e3o ao suic\u00eddio<\/span><span style=\"font-weight: 400;\"> ou a defesa de maior conscientiza\u00e7\u00e3o sobre sa\u00fade mental pode ser uma maneira poderosa de canalizar suas emo\u00e7\u00f5es e experi\u00eancias para uma causa significativa.\u00a0<\/span><\/p>\n<h2><b>Posven\u00e7\u00e3o: o apoio emocional para os que ficaram<\/b><\/h2>\n<p><span style=\"font-weight: 400;\">A <\/span><strong><a href=\"https:\/\/www.telavita.com.br\/blog\/posvencao\/\">posven\u00e7\u00e3o ap\u00f3s o suic\u00eddio<\/a><\/strong><span style=\"font-weight: 400;\"> de algu\u00e9m pr\u00f3ximo \u00e9 uma etapa crucial no processo de lidar com essa trag\u00e9dia. Todavia, \u00e9 um per\u00edodo em que amigos e familiares buscam apoio para enfrentar a dor, a confus\u00e3o e a complexidade de emo\u00e7\u00f5es que podem surgir.<\/span><\/p>\n<p><span style=\"font-weight: 400;\">Nesse sentido, o objetivo principal da posven\u00e7\u00e3o \u00e9 proporcionar <\/span><b>suporte emocional, psicol\u00f3gico e pr\u00e1tico aos enlutados <\/b><span style=\"font-weight: 400;\">e ajud\u00e1-los a lidar com a dor, o choque e as complexas emo\u00e7\u00f5es que surgem ap\u00f3s um suic\u00eddio.<\/span><\/p>\n<p><b>A posven\u00e7\u00e3o ap\u00f3s suic\u00eddio \u00e9 uma \u00e1rea importante da sa\u00fade mental e tem como finalidade:<\/b><\/p>\n<ul>\n<li style=\"font-weight: 400;\" aria-level=\"1\"><span style=\"font-weight: 400;\">Apoiar o enlutado;<\/span><\/li>\n<li style=\"font-weight: 400;\" aria-level=\"1\"><span style=\"font-weight: 400;\">Reduzir o estigma;<\/span><\/li>\n<li style=\"font-weight: 400;\" aria-level=\"1\"><span style=\"font-weight: 400;\">Facilitar a compreens\u00e3o;<\/span><\/li>\n<li style=\"font-weight: 400;\" aria-level=\"1\"><span style=\"font-weight: 400;\">Prevenir o suic\u00eddio.<\/span><\/li>\n<\/ul>\n<p><strong>Entretanto, como amigo ou familiar de algu\u00e9m que est\u00e1 passando pelo luto por suic\u00eddio:<\/strong><\/p>\n<ul>\n<li style=\"font-weight: 400;\" aria-level=\"1\"><span style=\"font-weight: 400;\">Ofere\u00e7a apoio emocional e escuta ativa;<\/span><\/li>\n<li style=\"font-weight: 400;\" aria-level=\"1\"><span style=\"font-weight: 400;\">Esteja dispon\u00edvel para conversar sempre que necess\u00e1rio;<\/span><\/li>\n<li style=\"font-weight: 400;\" aria-level=\"1\"><span style=\"font-weight: 400;\">Evite julgamentos e cr\u00edticas;<\/span><\/li>\n<li style=\"font-weight: 400;\" aria-level=\"1\"><span style=\"font-weight: 400;\">Respeite o espa\u00e7o e o tempo do seu amigo;<\/span><\/li>\n<li style=\"font-weight: 400;\" aria-level=\"1\"><span style=\"font-weight: 400;\">Ofere\u00e7a ajuda pr\u00e1tica, como cuidar de tarefas cotidianas;<\/span><\/li>\n<li style=\"font-weight: 400;\" aria-level=\"1\"><span style=\"font-weight: 400;\">Participe de grupos de apoio juntos, se desejado;<\/span><\/li>\n<li style=\"font-weight: 400;\" aria-level=\"1\"><span style=\"font-weight: 400;\">Evite minimizar a dor ou pressionar para superar rapidamente;<\/span><\/li>\n<li style=\"font-weight: 400;\" aria-level=\"1\"><span style=\"font-weight: 400;\">Mostre empatia e compreens\u00e3o;<\/span><\/li>\n<li style=\"font-weight: 400;\" aria-level=\"1\"><span style=\"font-weight: 400;\">Incentive a busca por apoio profissional.<\/span><\/li>\n<\/ul>\n<span class='mb-center maxbutton-3-center'><span class='maxbutton-3-container mb-container'><a class=\"maxbutton-3 maxbutton maxbutton-manda-para-pagina-psicologos\" href=\"https:\/\/app.telavita.com.br\/psicologia-online\/encontre-seu-psicologo\"><span class='mb-text'>Agende agora uma consulta com psic\u00f3logo<\/span><\/a><\/span><\/span>\n","protected":false},"excerpt":{"rendered":"<p>A perda de algu\u00e9m pr\u00f3ximo \u00e9 uma das experi\u00eancias mais dolorosas que qualquer pessoa pode enfrentar. Diante disso, quando essa perda \u00e9 por um suic\u00eddio, as emo\u00e7\u00f5es e os desafios podem se intensificar ainda mais. Lidar com o luto por suic\u00eddio de um ente querido \u00e9 uma jornada complexa e delicada, que exige tempo, apoio [&hellip;]<\/p>\n","protected":false},"author":19,"featured_media":8958,"comment_status":"open","ping_status":"open","sticky":false,"template":"","format":"standard","meta":{"_lmt_disableupdate":"","_lmt_disable":"","footnotes":""},"categories":[278],"tags":[],"yoast_head":"<!-- This site is optimized with the Yoast SEO plugin v19.8 - https:\/\/yoast.com\/wordpress\/plugins\/seo\/ -->\n<title>Luto por suic\u00eddio: como enfrentar a perda de algu\u00e9m - Telavita<\/title>\n<meta name=\"description\" content=\"O luto por suic\u00eddio \u00e9 complexo e pode vir carregado de culpa. Saiba como lidar com perdas deste tipo e ajudar quem passa por ela.\" \/>\n<meta name=\"robots\" content=\"index, follow, max-snippet:-1, max-image-preview:large, max-video-preview:-1\" \/>\n<link rel=\"canonical\" href=\"https:\/\/www.telavita.com.br\/blog\/luto-por-suicidio\/\" \/>\n<meta property=\"og:locale\" content=\"pt_BR\" \/>\n<meta property=\"og:type\" content=\"article\" \/>\n<meta property=\"og:title\" content=\"Luto por suic\u00eddio: como enfrentar a perda de algu\u00e9m - Telavita\" \/>\n<meta property=\"og:description\" content=\"O luto por suic\u00eddio \u00e9 complexo e pode vir carregado de culpa. Saiba como lidar com perdas deste tipo e ajudar quem passa por ela.\" \/>\n<meta property=\"og:url\" content=\"https:\/\/www.telavita.com.br\/blog\/luto-por-suicidio\/\" \/>\n<meta property=\"og:site_name\" content=\"Telavita\" \/>\n<meta property=\"article:publisher\" content=\"https:\/\/www.facebook.com\/Telavita\" \/>\n<meta property=\"article:published_time\" content=\"2023-09-01T19:45:10+00:00\" \/>\n<meta property=\"article:modified_time\" content=\"2023-09-01T19:45:38+00:00\" \/>\n<meta property=\"og:image\" content=\"https:\/\/www.telavita.com.br\/blog\/wp-content\/uploads\/2023\/09\/luto-por-suicidio.jpg\" \/>\n\t<meta property=\"og:image:width\" content=\"2559\" \/>\n\t<meta property=\"og:image:height\" content=\"1708\" \/>\n\t<meta property=\"og:image:type\" content=\"image\/jpeg\" \/>\n<meta name=\"author\" content=\"Psic\u00f3loga Flavia Romano - CRP 06\/55863\" \/>\n<meta name=\"twitter:card\" content=\"summary_large_image\" \/>\n<meta name=\"twitter:label1\" content=\"Escrito por\" \/>\n\t<meta name=\"twitter:data1\" content=\"Psic\u00f3loga Flavia Romano - CRP 06\/55863\" \/>\n\t<meta name=\"twitter:label2\" content=\"Est. tempo de leitura\" \/>\n\t<meta name=\"twitter:data2\" content=\"6 minutos\" \/>\n<!-- \/ Yoast SEO plugin. -->","yoast_head_json":{"title":"Luto por suic\u00eddio: como enfrentar a perda de algu\u00e9m - Telavita","description":"O luto por suic\u00eddio \u00e9 complexo e pode vir carregado de culpa. Saiba como lidar com perdas deste tipo e ajudar quem passa por ela.","robots":{"index":"index","follow":"follow","max-snippet":"max-snippet:-1","max-image-preview":"max-image-preview:large","max-video-preview":"max-video-preview:-1"},"canonical":"https:\/\/www.telavita.com.br\/blog\/luto-por-suicidio\/","og_locale":"pt_BR","og_type":"article","og_title":"Luto por suic\u00eddio: como enfrentar a perda de algu\u00e9m - Telavita","og_description":"O luto por suic\u00eddio \u00e9 complexo e pode vir carregado de culpa. Saiba como lidar com perdas deste tipo e ajudar quem passa por ela.","og_url":"https:\/\/www.telavita.com.br\/blog\/luto-por-suicidio\/","og_site_name":"Telavita","article_publisher":"https:\/\/www.facebook.com\/Telavita","article_published_time":"2023-09-01T19:45:10+00:00","article_modified_time":"2023-09-01T19:45:38+00:00","og_image":[{"width":2559,"height":1708,"url":"https:\/\/www.telavita.com.br\/blog\/wp-content\/uploads\/2023\/09\/luto-por-suicidio.jpg","type":"image\/jpeg"}],"author":"Psic\u00f3loga Flavia Romano - CRP 06\/55863","twitter_card":"summary_large_image","twitter_misc":{"Escrito por":"Psic\u00f3loga Flavia Romano - CRP 06\/55863","Est. tempo de leitura":"6 minutos"},"schema":{"@context":"https:\/\/schema.org","@graph":[{"@type":"Article","@id":"https:\/\/www.telavita.com.br\/blog\/luto-por-suicidio\/#article","isPartOf":{"@id":"https:\/\/www.telavita.com.br\/blog\/luto-por-suicidio\/"},"author":{"name":"Psic\u00f3loga Flavia Romano - CRP 06\/55863","@id":"https:\/\/www.telavita.com.br\/blog\/#\/schema\/person\/434e660749e8be03e6d821dd30e2f790"},"headline":"Luto por suic\u00eddio: como enfrentar uma perda por este tipo de morte","datePublished":"2023-09-01T19:45:10+00:00","dateModified":"2023-09-01T19:45:38+00:00","mainEntityOfPage":{"@id":"https:\/\/www.telavita.com.br\/blog\/luto-por-suicidio\/"},"wordCount":1055,"commentCount":0,"publisher":{"@id":"https:\/\/www.telavita.com.br\/blog\/#organization"},"articleSection":["Suic\u00eddio"],"inLanguage":"pt-BR","potentialAction":[{"@type":"CommentAction","name":"Comment","target":["https:\/\/www.telavita.com.br\/blog\/luto-por-suicidio\/#respond"]}]},{"@type":"WebPage","@id":"https:\/\/www.telavita.com.br\/blog\/luto-por-suicidio\/","url":"https:\/\/www.telavita.com.br\/blog\/luto-por-suicidio\/","name":"Luto por suic\u00eddio: como enfrentar a perda de algu\u00e9m - Telavita","isPartOf":{"@id":"https:\/\/www.telavita.com.br\/blog\/#website"},"datePublished":"2023-09-01T19:45:10+00:00","dateModified":"2023-09-01T19:45:38+00:00","description":"O luto por suic\u00eddio \u00e9 complexo e pode vir carregado de culpa. Saiba como lidar com perdas deste tipo e ajudar quem passa por ela.","breadcrumb":{"@id":"https:\/\/www.telavita.com.br\/blog\/luto-por-suicidio\/#breadcrumb"},"inLanguage":"pt-BR","potentialAction":[{"@type":"ReadAction","target":["https:\/\/www.telavita.com.br\/blog\/luto-por-suicidio\/"]}]},{"@type":"BreadcrumbList","@id":"https:\/\/www.telavita.com.br\/blog\/luto-por-suicidio\/#breadcrumb","itemListElement":[{"@type":"ListItem","position":1,"name":"In\u00edcio","item":"https:\/\/www.telavita.com.br\/blog\/"},{"@type":"ListItem","position":2,"name":"Luto por suic\u00eddio: como enfrentar uma perda por este tipo de morte"}]},{"@type":"WebSite","@id":"https:\/\/www.telavita.com.br\/blog\/#website","url":"https:\/\/www.telavita.com.br\/blog\/","name":"Telavita","description":"Conte\u00fados especializados sobre sa\u00fade mental e bem-estar","publisher":{"@id":"https:\/\/www.telavita.com.br\/blog\/#organization"},"potentialAction":[{"@type":"SearchAction","target":{"@type":"EntryPoint","urlTemplate":"https:\/\/www.telavita.com.br\/blog\/?s={search_term_string}"},"query-input":"required name=search_term_string"}],"inLanguage":"pt-BR"},{"@type":"Organization","@id":"https:\/\/www.telavita.com.br\/blog\/#organization","name":"Telavita","url":"https:\/\/www.telavita.com.br\/blog\/","sameAs":["https:\/\/www.linkedin.com\/company\/telavita\/mycompany\/verification\/","https:\/\/www.instagram.com\/telavita\/","https:\/\/www.facebook.com\/Telavita"],"logo":{"@type":"ImageObject","inLanguage":"pt-BR","@id":"https:\/\/www.telavita.com.br\/blog\/#\/schema\/logo\/image\/","url":"https:\/\/www.telavita.com.br\/blog\/wp-content\/uploads\/2021\/05\/telavita.jpg","contentUrl":"https:\/\/www.telavita.com.br\/blog\/wp-content\/uploads\/2021\/05\/telavita.jpg","width":200,"height":200,"caption":"Telavita"},"image":{"@id":"https:\/\/www.telavita.com.br\/blog\/#\/schema\/logo\/image\/"}},{"@type":"Person","@id":"https:\/\/www.telavita.com.br\/blog\/#\/schema\/person\/434e660749e8be03e6d821dd30e2f790","name":"Psic\u00f3loga Flavia Romano - CRP 06\/55863","image":{"@type":"ImageObject","inLanguage":"pt-BR","@id":"https:\/\/www.telavita.com.br\/blog\/#\/schema\/person\/image\/","url":"https:\/\/secure.gravatar.com\/avatar\/bfcbafcb0ca5b97b728e244d70821c0a?s=96&d=mm&r=g","contentUrl":"https:\/\/secure.gravatar.com\/avatar\/bfcbafcb0ca5b97b728e244d70821c0a?s=96&d=mm&r=g","caption":"Psic\u00f3loga Flavia Romano - CRP 06\/55863"},"description":"Psic\u00f3loga com mais de 18 anos de experi\u00eancia na \u00e1rea cl\u00ednica. Tenho ampla experi\u00eancia em pessoas com depress\u00e3o, ansiedade, p\u00e2nico, transtorno obsessivo compulsivo, doen\u00e7as cr\u00f4nicas e graves, auto-estima, medos, conflitos pessoais, familiares, amorosos e profissionais. Trabalho com a terapia cognitivo-comportamental, al\u00e9m disso, com psicoterapia breve em momentos de crise. Estou sempre em constante atualiza\u00e7\u00e3o para ter cada vez mais t\u00e9cnicas para ajudar o meu paciente.","url":"https:\/\/www.telavita.com.br\/blog\/author\/flavia-romano\/"}]}},"modified_by":null,"_links":{"self":[{"href":"https:\/\/www.telavita.com.br\/blog\/wp-json\/wp\/v2\/posts\/8957"}],"collection":[{"href":"https:\/\/www.telavita.com.br\/blog\/wp-json\/wp\/v2\/posts"}],"about":[{"href":"https:\/\/www.telavita.com.br\/blog\/wp-json\/wp\/v2\/types\/post"}],"author":[{"embeddable":true,"href":"https:\/\/www.telavita.com.br\/blog\/wp-json\/wp\/v2\/users\/19"}],"replies":[{"embeddable":true,"href":"https:\/\/www.telavita.com.br\/blog\/wp-json\/wp\/v2\/comments?post=8957"}],"version-history":[{"count":3,"href":"https:\/\/www.telavita.com.br\/blog\/wp-json\/wp\/v2\/posts\/8957\/revisions"}],"predecessor-version":[{"id":8961,"href":"https:\/\/www.telavita.com.br\/blog\/wp-json\/wp\/v2\/posts\/8957\/revisions\/8961"}],"wp:featuredmedia":[{"embeddable":true,"href":"https:\/\/www.telavita.com.br\/blog\/wp-json\/wp\/v2\/media\/8958"}],"wp:attachment":[{"href":"https:\/\/www.telavita.com.br\/blog\/wp-json\/wp\/v2\/media?parent=8957"}],"wp:term":[{"taxonomy":"category","embeddable":true,"href":"https:\/\/www.telavita.com.br\/blog\/wp-json\/wp\/v2\/categories?post=8957"},{"taxonomy":"post_tag","embeddable":true,"href":"https:\/\/www.telavita.com.br\/blog\/wp-json\/wp\/v2\/tags?post=8957"}],"curies":[{"name":"wp","href":"https:\/\/api.w.org\/{rel}","templated":true}]}}