{"id":8962,"date":"2023-09-05T16:33:13","date_gmt":"2023-09-05T19:33:13","guid":{"rendered":"https:\/\/www.telavita.com.br\/blog\/?p=8962"},"modified":"2023-09-05T16:33:34","modified_gmt":"2023-09-05T19:33:34","slug":"complexo-de-rejeicao","status":"publish","type":"post","link":"https:\/\/www.telavita.com.br\/blog\/complexo-de-rejeicao\/","title":{"rendered":"Entenda mais sobre o complexo de rejei\u00e7\u00e3o"},"content":{"rendered":"<p><span style=\"font-weight: 400;\">O <\/span><b>complexo de rejei\u00e7\u00e3o<\/b><span style=\"font-weight: 400;\"> \u00e9 uma faceta profundamente enraizada na experi\u00eancia humana. Logo, sua influ\u00eancia sutil pode ser observada no nosso comportamento, nossos relacionamentos e tamb\u00e9m em nossa autoestima.<\/span><\/p>\n<p><span style=\"font-weight: 400;\">Entretanto, a necessidade de pertencer e ser aceito \u00e9 inerente \u00e0 natureza humana, e <\/span><b>a rejei\u00e7\u00e3o, seja real ou percebida, pode desencadear uma s\u00e9rie de rea\u00e7\u00f5es psicol\u00f3gicas e emocionais profundas<\/b><span style=\"font-weight: 400;\">.<\/span><\/p>\n<h2><b>O que \u00e9 o complexo de rejei\u00e7\u00e3o?<\/b><\/h2>\n<p><span style=\"font-weight: 400;\">Ocasionalmente, <\/span><b>o ser humano pode passar pela sensa\u00e7\u00e3o de ser rejeitado<\/b><span style=\"font-weight: 400;\"> ou de n\u00e3o encaixar-se em determinado cen\u00e1rio social. Isso ocorre por quest\u00f5es de identifica\u00e7\u00e3o ou at\u00e9 mesmo por caracter\u00edsticas de fases da vida em que se encontram.\u00a0<\/span><\/p>\n<p><span style=\"font-weight: 400;\">No complexo de rejei\u00e7\u00e3o, no entanto, <\/span><b>a sensa\u00e7\u00e3o de rejei\u00e7\u00e3o e abandono \u00e9 mais frequente<\/b><span style=\"font-weight: 400;\">, intensa e ocorre mesmo entre as pessoas e grupos com quem se tem muita proximidade e intimidade.\u00a0<\/span><\/p>\n<p><span style=\"font-weight: 400;\">Entretanto, \u00e9 importante ressaltar que o complexo de rejei\u00e7\u00e3o n\u00e3o \u00e9 um diagn\u00f3stico formal e, portanto, <\/span><b>n\u00e3o \u00e9 descrito nos manuais de diagn\u00f3stico. <\/b><span style=\"font-weight: 400;\">Nesse contexto, podemos defini-lo como um sentimento intenso e persistente de n\u00e3o pertencimento.<\/span><\/p>\n<p><span style=\"font-weight: 400;\">Nele, a pessoa, devido \u00e0 falta de aceita\u00e7\u00e3o e apre\u00e7o, percebe-se \u00e0 margem dos grupos com os quais convive,<\/span><b> isolada e incompreendida<\/b><span style=\"font-weight: 400;\">, o que acaba resultando em preju\u00edzos significativos em seus <\/span><a href=\"https:\/\/www.telavita.com.br\/blog\/relacionamento\/\"><b>relacionamentos intra e interpessoais.<\/b><\/a><\/p>\n<h2><b>Qual \u00e9 a origem do complexo de rejei\u00e7\u00e3o?<\/b><\/h2>\n<p><span style=\"font-weight: 400;\">O complexo de rejei\u00e7\u00e3o pode ter diversas causas. Em geral, essas causas est\u00e3o relacionadas a <\/span><b>experi\u00eancias pr\u00e9vias que envolvem intensos sentimentos de desamparo.\u00a0<\/b><\/p>\n<p><span style=\"font-weight: 400;\">Portanto, \u00e9 poss\u00edvel correlacionar o surgimento do complexo de rejei\u00e7\u00e3o com <\/span><b>grupos que tenham vivenciado experi\u00eancias marcantes<\/b><span style=\"font-weight: 400;\">, como <\/span><a href=\"https:\/\/www.telavita.com.br\/blog\/traumas-emocionais\/\"><b>traumas na inf\u00e2ncia<\/b><\/a><span style=\"font-weight: 400;\">, epis\u00f3dios anteriores de abandono ou rejei\u00e7\u00e3o, bem como v\u00edtimas de preconceito.<\/span><\/p>\n<p><span style=\"font-weight: 400;\">Ainda, \u00e9 importante ressaltar que a complexidade das causas torna essencial um <\/span><b>entendimento aprofundado e individualizado<\/b><span style=\"font-weight: 400;\"> para lidar eficazmente com esse fen\u00f4meno. Para isso, <\/span><a href=\"https:\/\/www.telavita.com.br\/blog\/diferenca-conversar-psicologo-e-amigo\/\"><b>a figura do psic\u00f3logo \u00e9 crucial.<\/b><\/a><\/p>\n<h2><b>As principais causas do complexo de rejei\u00e7\u00e3o<\/b><\/h2>\n<p><span style=\"font-weight: 400;\">As <\/span><a href=\"https:\/\/www.telavita.com.br\/blog\/primeira-infancia\/\"><b>experi\u00eancias que envolvem rejei\u00e7\u00e3o na inf\u00e2ncia<\/b><\/a> <span style=\"font-weight: 400;\">s\u00e3o particularmente as principais causas do aparecimento do complexo de rejei\u00e7\u00e3o na vida adulta. Isso pois, <\/span><b>a inf\u00e2ncia \u00e9 uma fase do desenvolvimento que costuma ser mais sens\u00edvel a est\u00edmulos.<\/b><\/p>\n<p><span style=\"font-weight: 400;\">Entretanto, algumas situa\u00e7\u00f5es propiciam vulnerabilidades que destacam a sensa\u00e7\u00e3o e o temor da rejei\u00e7\u00e3o, <\/span><b>facilitando o surgimento e a perman\u00eancia da condi\u00e7\u00e3o ao longo da vida do indiv\u00edduo. <\/b><span style=\"font-weight: 400;\">Alguns desses fatores s\u00e3o:<\/span><\/p>\n<h3><b>1. Cuidado parental insuficiente ou inadequado<\/b><\/h3>\n<p><span style=\"font-weight: 400;\">O <\/span><a href=\"https:\/\/www.telavita.com.br\/blog\/preparando-filho-adulto-feliz\/\"><b>contato com as figuras parentais<\/b><\/a><span style=\"font-weight: 400;\">, geralmente as primeiras experi\u00eancias de socializa\u00e7\u00e3o de uma crian\u00e7a, cria fatores que influenciam os v\u00ednculos que a pessoa desenvolve ao longo da vida. Quando as figuras parentais n\u00e3o atendem \u00e0s necessidades f\u00edsicas e afetivas da crian\u00e7a, <\/span><b>esse padr\u00e3o pode ser generalizado para outras rela\u00e7\u00f5es.<\/b><\/p>\n<p><span style=\"font-weight: 400;\">Nesse sentido, <\/span><b>a teoria do apego<\/b><span style=\"font-weight: 400;\"> explica que o v\u00ednculo com os principais cuidadores influencia o desenvolvimento de caracter\u00edsticas de seguran\u00e7a ou inseguran\u00e7a, o que, por sua vez, afeta os relacionamentos futuros.\u00a0<\/span><\/p>\n<h3><b>2. Exposi\u00e7\u00e3o a situa\u00e7\u00f5es de viol\u00eancia<\/b><\/h3>\n<p><span style=\"font-weight: 400;\">O contato com a viol\u00eancia pode ser traum\u00e1tico em qualquer fase do ciclo de desenvolvimento humano. Na inf\u00e2ncia, <\/span><a href=\"https:\/\/www.telavita.com.br\/blog\/violencia-psicologica-infantil\/\"><b>a exposi\u00e7\u00e3o \u00e0 viol\u00eancia<\/b><\/a><span style=\"font-weight: 400;\"> se torna mais sens\u00edvel, pois nessa etapa da vida a pessoa ainda n\u00e3o adquiriu <\/span><b>recursos\u00a0 emocionais ou cognitivos suficientes para processar o trauma de forma menos invasiva.<\/b><\/p>\n<p><span style=\"font-weight: 400;\">\u00c9 importante ressaltar que a inseguran\u00e7a causada pela viol\u00eancia n\u00e3o afeta apenas as crian\u00e7as que s\u00e3o as v\u00edtimas diretas, mas tamb\u00e9m aquelas que testemunham estas situa\u00e7\u00f5es. Em adi\u00e7\u00e3o, o surgimento e desenvolvimento do complexo de rejei\u00e7\u00e3o pode ser <\/span><b>proveniente de qualquer tipo de viol\u00eancia (f\u00edsica, emocional, material, etc).<\/b><\/p>\n<h3><b>3. Bullying<\/b><\/h3>\n<p><span style=\"font-weight: 400;\">Fazer parte de grupos \u00e9 algo fundamental na experi\u00eancia humana. Quando os conflitos s\u00e3o frequentes nos ambientes em que a pessoa convive, <\/span><b>a sensa\u00e7\u00e3o de inadequa\u00e7\u00e3o e exclus\u00e3o pode tornar-se evidente e acentuar-se.<\/b><\/p>\n<p><span style=\"font-weight: 400;\">O <\/span><a href=\"https:\/\/www.telavita.com.br\/blog\/o-bullying\/\"><b>bullying<\/b><\/a><span style=\"font-weight: 400;\">, por exemplo, \u00e9 um tipo de conflito que acarreta diversas consequ\u00eancias negativas ao longo da vida adulta, uma vez que desencadeia ou intensifica <\/span><b>problemas relacionados \u00e0 autoestima e situa\u00e7\u00f5es de isolamento.<\/b><\/p>\n<h2><b>Como o complexo de rejei\u00e7\u00e3o interfere nos relacionamentos?<\/b><\/h2>\n<p><span style=\"font-weight: 400;\">Os efeitos do complexo de rejei\u00e7\u00e3o s\u00e3o profundamente invasivos e resultam em marcas e sofrimentos significativos <\/span><b>tanto a n\u00edvel pessoal quanto interpessoal.<\/b><span style=\"font-weight: 400;\"> Nesse contexto, nos relacionamentos interpessoais, o complexo de rejei\u00e7\u00e3o pode desencadear e perpetuar diversos tipos de desentendimentos, uma vez que o sentimento de rejei\u00e7\u00e3o pode dar origem a uma s\u00e9rie de pensamentos autom\u00e1ticos nas pessoas que o experimentam.<\/span><\/p>\n<p><span style=\"font-weight: 400;\">Esses <\/span><a href=\"https:\/\/www.telavita.com.br\/blog\/pensamentos-intrusivos\/\"><b>pensamentos intrusivos<\/b><\/a><span style=\"font-weight: 400;\">, por sua vez, influenciam negativamente a percep\u00e7\u00e3o do contexto socio-emocional da pessoa afetada. Nos relacionamentos amorosos, por exemplo, <\/span><b>as desconfian\u00e7as e inseguran\u00e7as se tornam intensificadas.<\/b><\/p>\n<p><span style=\"font-weight: 400;\">Sendo assim, \u00e9 imprescind\u00edvel trabalhar<\/span><b> a transpar\u00eancia sobre os sentimentos<\/b><span style=\"font-weight: 400;\"> para fortalecer a confian\u00e7a do casal e para que cada parceiro entenda o que est\u00e1 passando na mente do outro e pensarem juntos em objetivos e estrat\u00e9gias para lidar com as dificuldades.\u00a0<\/span><\/p>\n<h2><b>Tenho complexo de rejei\u00e7\u00e3o, o que eu fa\u00e7o?<\/b><\/h2>\n<p><span style=\"font-weight: 400;\">Identificado o complexo de rejei\u00e7\u00e3o, \u00e9 indispens\u00e1vel que a pessoa intensifique seu <\/span><a href=\"https:\/\/www.telavita.com.br\/blog\/autoconhecimento\/\"><b>investimento em autoconhecimento.<\/b><\/a><span style=\"font-weight: 400;\"> Para isso, <\/span><b>\u00e9 indicado a psicoterapia.<\/b><span style=\"font-weight: 400;\"> Assim, ser\u00e1 poss\u00edvel identificar traumas e padr\u00f5es de pensamento, sentimento e comportamento que precisem ser revistos e trabalhados.\u00a0<\/span><\/p>\n<p><span style=\"font-weight: 400;\">Neste ponto, a\u00a0 <\/span><b>disposi\u00e7\u00e3o para mudar os padr\u00f5es dolorosos tamb\u00e9m \u00e9 essencial.<\/b><span style=\"font-weight: 400;\"> Logo, para o campo dos relacionamentos, \u00e9 imprescind\u00edvel a dedica\u00e7\u00e3o para superar poss\u00edveis <\/span><a href=\"https:\/\/www.telavita.com.br\/blog\/comunicacao-nao-violenta-2\/\"><b>dificuldades de comunica\u00e7\u00e3o.<\/b><\/a><b>\u00a0<\/b><\/p>\n<p><span style=\"font-weight: 400;\">A comunica\u00e7\u00e3o \u00e9 chave para o entendimento e, quando efetiva, auxilia muito a<\/span><b> expressar e entender a real situa\u00e7\u00e3o em que a pessoa se encontra.<\/b><span style=\"font-weight: 400;\"> A comunica\u00e7\u00e3o saud\u00e1vel entre parceiros propicia o surgimento de esclarecimentos que auxiliam a <\/span><b>n\u00e3o misturar traumas de relacionamentos passados com o presente.<\/b><\/p>\n<span class='mb-center maxbutton-4-center'><span class='maxbutton-4-container mb-container'><a class=\"maxbutton-4 maxbutton maxbutton-manda-para-o-catalogo-de-psicologos\" href=\"https:\/\/app.telavita.com.br\/psicologia-online\/encontre-seu-psicologo\"><span class='mb-text'>Encontre seu psic\u00f3logo online<\/span><\/a><\/span><\/span>\n","protected":false},"excerpt":{"rendered":"<p>O complexo de rejei\u00e7\u00e3o \u00e9 uma faceta profundamente enraizada na experi\u00eancia humana. Logo, sua influ\u00eancia sutil pode ser observada no nosso comportamento, nossos relacionamentos e tamb\u00e9m em nossa autoestima. Entretanto, a necessidade de pertencer e ser aceito \u00e9 inerente \u00e0 natureza humana, e a rejei\u00e7\u00e3o, seja real ou percebida, pode desencadear uma s\u00e9rie de rea\u00e7\u00f5es [&hellip;]<\/p>\n","protected":false},"author":37,"featured_media":8963,"comment_status":"open","ping_status":"open","sticky":false,"template":"","format":"standard","meta":{"_lmt_disableupdate":"","_lmt_disable":"","footnotes":""},"categories":[266],"tags":[],"yoast_head":"<!-- This site is optimized with the Yoast SEO plugin v19.8 - https:\/\/yoast.com\/wordpress\/plugins\/seo\/ -->\n<title>Complexo de rejei\u00e7\u00e3o: poss\u00edveis causas e tratamento - Telavita<\/title>\n<meta name=\"description\" content=\"O complexo de rejei\u00e7\u00e3o \u00e9 um fen\u00f4meno que pode atrapalhar os relacionamentos interpessoais de um indiv\u00edduo. Saiba mais sobre a condi\u00e7\u00e3o.\" \/>\n<meta name=\"robots\" content=\"index, follow, max-snippet:-1, max-image-preview:large, max-video-preview:-1\" \/>\n<link rel=\"canonical\" href=\"https:\/\/www.telavita.com.br\/blog\/complexo-de-rejeicao\/\" \/>\n<meta property=\"og:locale\" content=\"pt_BR\" \/>\n<meta property=\"og:type\" content=\"article\" \/>\n<meta property=\"og:title\" content=\"Complexo de rejei\u00e7\u00e3o: poss\u00edveis causas e tratamento - Telavita\" \/>\n<meta property=\"og:description\" content=\"O complexo de rejei\u00e7\u00e3o \u00e9 um fen\u00f4meno que pode atrapalhar os relacionamentos interpessoais de um indiv\u00edduo. Saiba mais sobre a condi\u00e7\u00e3o.\" \/>\n<meta property=\"og:url\" content=\"https:\/\/www.telavita.com.br\/blog\/complexo-de-rejeicao\/\" \/>\n<meta property=\"og:site_name\" content=\"Telavita\" \/>\n<meta property=\"article:publisher\" content=\"https:\/\/www.facebook.com\/Telavita\" \/>\n<meta property=\"article:published_time\" content=\"2023-09-05T19:33:13+00:00\" \/>\n<meta property=\"article:modified_time\" content=\"2023-09-05T19:33:34+00:00\" \/>\n<meta property=\"og:image\" content=\"https:\/\/www.telavita.com.br\/blog\/wp-content\/uploads\/2023\/09\/complexo-de-rejeicao.jpg\" \/>\n\t<meta property=\"og:image:width\" content=\"2560\" \/>\n\t<meta property=\"og:image:height\" content=\"1707\" \/>\n\t<meta property=\"og:image:type\" content=\"image\/jpeg\" \/>\n<meta name=\"author\" content=\"Psic\u00f3loga Aline Bezerra - CRP 17\/2838\" \/>\n<meta name=\"twitter:card\" content=\"summary_large_image\" \/>\n<meta name=\"twitter:label1\" content=\"Escrito por\" \/>\n\t<meta name=\"twitter:data1\" content=\"Psic\u00f3loga Aline Bezerra - CRP 17\/2838\" \/>\n\t<meta name=\"twitter:label2\" content=\"Est. tempo de leitura\" \/>\n\t<meta name=\"twitter:data2\" content=\"5 minutos\" \/>\n<!-- \/ Yoast SEO plugin. -->","yoast_head_json":{"title":"Complexo de rejei\u00e7\u00e3o: poss\u00edveis causas e tratamento - Telavita","description":"O complexo de rejei\u00e7\u00e3o \u00e9 um fen\u00f4meno que pode atrapalhar os relacionamentos interpessoais de um indiv\u00edduo. Saiba mais sobre a condi\u00e7\u00e3o.","robots":{"index":"index","follow":"follow","max-snippet":"max-snippet:-1","max-image-preview":"max-image-preview:large","max-video-preview":"max-video-preview:-1"},"canonical":"https:\/\/www.telavita.com.br\/blog\/complexo-de-rejeicao\/","og_locale":"pt_BR","og_type":"article","og_title":"Complexo de rejei\u00e7\u00e3o: poss\u00edveis causas e tratamento - Telavita","og_description":"O complexo de rejei\u00e7\u00e3o \u00e9 um fen\u00f4meno que pode atrapalhar os relacionamentos interpessoais de um indiv\u00edduo. Saiba mais sobre a condi\u00e7\u00e3o.","og_url":"https:\/\/www.telavita.com.br\/blog\/complexo-de-rejeicao\/","og_site_name":"Telavita","article_publisher":"https:\/\/www.facebook.com\/Telavita","article_published_time":"2023-09-05T19:33:13+00:00","article_modified_time":"2023-09-05T19:33:34+00:00","og_image":[{"width":2560,"height":1707,"url":"https:\/\/www.telavita.com.br\/blog\/wp-content\/uploads\/2023\/09\/complexo-de-rejeicao.jpg","type":"image\/jpeg"}],"author":"Psic\u00f3loga Aline Bezerra - CRP 17\/2838","twitter_card":"summary_large_image","twitter_misc":{"Escrito por":"Psic\u00f3loga Aline Bezerra - CRP 17\/2838","Est. tempo de leitura":"5 minutos"},"schema":{"@context":"https:\/\/schema.org","@graph":[{"@type":"Article","@id":"https:\/\/www.telavita.com.br\/blog\/complexo-de-rejeicao\/#article","isPartOf":{"@id":"https:\/\/www.telavita.com.br\/blog\/complexo-de-rejeicao\/"},"author":{"name":"Psic\u00f3loga Aline Bezerra - CRP 17\/2838","@id":"https:\/\/www.telavita.com.br\/blog\/#\/schema\/person\/c2708fd59c10ee6837eaa0b41e86f54b"},"headline":"Entenda mais sobre o complexo de rejei\u00e7\u00e3o","datePublished":"2023-09-05T19:33:13+00:00","dateModified":"2023-09-05T19:33:34+00:00","mainEntityOfPage":{"@id":"https:\/\/www.telavita.com.br\/blog\/complexo-de-rejeicao\/"},"wordCount":1008,"commentCount":0,"publisher":{"@id":"https:\/\/www.telavita.com.br\/blog\/#organization"},"articleSection":["Autoconhecimento"],"inLanguage":"pt-BR","potentialAction":[{"@type":"CommentAction","name":"Comment","target":["https:\/\/www.telavita.com.br\/blog\/complexo-de-rejeicao\/#respond"]}]},{"@type":"WebPage","@id":"https:\/\/www.telavita.com.br\/blog\/complexo-de-rejeicao\/","url":"https:\/\/www.telavita.com.br\/blog\/complexo-de-rejeicao\/","name":"Complexo de rejei\u00e7\u00e3o: poss\u00edveis causas e tratamento - Telavita","isPartOf":{"@id":"https:\/\/www.telavita.com.br\/blog\/#website"},"datePublished":"2023-09-05T19:33:13+00:00","dateModified":"2023-09-05T19:33:34+00:00","description":"O complexo de rejei\u00e7\u00e3o \u00e9 um fen\u00f4meno que pode atrapalhar os relacionamentos interpessoais de um indiv\u00edduo. Saiba mais sobre a condi\u00e7\u00e3o.","breadcrumb":{"@id":"https:\/\/www.telavita.com.br\/blog\/complexo-de-rejeicao\/#breadcrumb"},"inLanguage":"pt-BR","potentialAction":[{"@type":"ReadAction","target":["https:\/\/www.telavita.com.br\/blog\/complexo-de-rejeicao\/"]}]},{"@type":"BreadcrumbList","@id":"https:\/\/www.telavita.com.br\/blog\/complexo-de-rejeicao\/#breadcrumb","itemListElement":[{"@type":"ListItem","position":1,"name":"In\u00edcio","item":"https:\/\/www.telavita.com.br\/blog\/"},{"@type":"ListItem","position":2,"name":"Entenda mais sobre o complexo de rejei\u00e7\u00e3o"}]},{"@type":"WebSite","@id":"https:\/\/www.telavita.com.br\/blog\/#website","url":"https:\/\/www.telavita.com.br\/blog\/","name":"Telavita","description":"Conte\u00fados especializados sobre sa\u00fade mental e bem-estar","publisher":{"@id":"https:\/\/www.telavita.com.br\/blog\/#organization"},"potentialAction":[{"@type":"SearchAction","target":{"@type":"EntryPoint","urlTemplate":"https:\/\/www.telavita.com.br\/blog\/?s={search_term_string}"},"query-input":"required name=search_term_string"}],"inLanguage":"pt-BR"},{"@type":"Organization","@id":"https:\/\/www.telavita.com.br\/blog\/#organization","name":"Telavita","url":"https:\/\/www.telavita.com.br\/blog\/","sameAs":["https:\/\/www.linkedin.com\/company\/telavita\/mycompany\/verification\/","https:\/\/www.instagram.com\/telavita\/","https:\/\/www.facebook.com\/Telavita"],"logo":{"@type":"ImageObject","inLanguage":"pt-BR","@id":"https:\/\/www.telavita.com.br\/blog\/#\/schema\/logo\/image\/","url":"https:\/\/www.telavita.com.br\/blog\/wp-content\/uploads\/2021\/05\/telavita.jpg","contentUrl":"https:\/\/www.telavita.com.br\/blog\/wp-content\/uploads\/2021\/05\/telavita.jpg","width":200,"height":200,"caption":"Telavita"},"image":{"@id":"https:\/\/www.telavita.com.br\/blog\/#\/schema\/logo\/image\/"}},{"@type":"Person","@id":"https:\/\/www.telavita.com.br\/blog\/#\/schema\/person\/c2708fd59c10ee6837eaa0b41e86f54b","name":"Psic\u00f3loga Aline Bezerra - CRP 17\/2838","image":{"@type":"ImageObject","inLanguage":"pt-BR","@id":"https:\/\/www.telavita.com.br\/blog\/#\/schema\/person\/image\/","url":"https:\/\/secure.gravatar.com\/avatar\/b9e6a7ae6b603c567b7d5c54c10b4e53?s=96&d=mm&r=g","contentUrl":"https:\/\/secure.gravatar.com\/avatar\/b9e6a7ae6b603c567b7d5c54c10b4e53?s=96&d=mm&r=g","caption":"Psic\u00f3loga Aline Bezerra - CRP 17\/2838"},"description":"Psic\u00f3loga cl\u00ednica e escolar graduada pela Universidade Federal do Rio Grande do Norte, p\u00f3s-graduada em Neuropsicologia e Problemas de Aprendizagem pela FAVENI e em Terapia familiar pela faculdade FUTURA.","url":"https:\/\/www.telavita.com.br\/blog\/author\/alinebezerra\/"}]}},"modified_by":null,"_links":{"self":[{"href":"https:\/\/www.telavita.com.br\/blog\/wp-json\/wp\/v2\/posts\/8962"}],"collection":[{"href":"https:\/\/www.telavita.com.br\/blog\/wp-json\/wp\/v2\/posts"}],"about":[{"href":"https:\/\/www.telavita.com.br\/blog\/wp-json\/wp\/v2\/types\/post"}],"author":[{"embeddable":true,"href":"https:\/\/www.telavita.com.br\/blog\/wp-json\/wp\/v2\/users\/37"}],"replies":[{"embeddable":true,"href":"https:\/\/www.telavita.com.br\/blog\/wp-json\/wp\/v2\/comments?post=8962"}],"version-history":[{"count":2,"href":"https:\/\/www.telavita.com.br\/blog\/wp-json\/wp\/v2\/posts\/8962\/revisions"}],"predecessor-version":[{"id":8965,"href":"https:\/\/www.telavita.com.br\/blog\/wp-json\/wp\/v2\/posts\/8962\/revisions\/8965"}],"wp:featuredmedia":[{"embeddable":true,"href":"https:\/\/www.telavita.com.br\/blog\/wp-json\/wp\/v2\/media\/8963"}],"wp:attachment":[{"href":"https:\/\/www.telavita.com.br\/blog\/wp-json\/wp\/v2\/media?parent=8962"}],"wp:term":[{"taxonomy":"category","embeddable":true,"href":"https:\/\/www.telavita.com.br\/blog\/wp-json\/wp\/v2\/categories?post=8962"},{"taxonomy":"post_tag","embeddable":true,"href":"https:\/\/www.telavita.com.br\/blog\/wp-json\/wp\/v2\/tags?post=8962"}],"curies":[{"name":"wp","href":"https:\/\/api.w.org\/{rel}","templated":true}]}}