{"id":8991,"date":"2023-09-21T12:44:21","date_gmt":"2023-09-21T15:44:21","guid":{"rendered":"https:\/\/www.telavita.com.br\/blog\/?p=8991"},"modified":"2023-09-21T13:25:11","modified_gmt":"2023-09-21T16:25:11","slug":"divulgacao-mortes-por-suicidio","status":"publish","type":"post","link":"https:\/\/www.telavita.com.br\/blog\/divulgacao-mortes-por-suicidio\/","title":{"rendered":"Divulga\u00e7\u00e3o de mortes por suic\u00eddio: porque \u00e9 proibido?"},"content":{"rendered":"<p><span style=\"font-weight: 400;\">A <\/span><b>divulga\u00e7\u00e3o de mortes por suic\u00eddio<\/b><span style=\"font-weight: 400;\">, ou a aus\u00eancia dela, \u00e9 um tema de extrema relev\u00e2ncia em nossa sociedade atual. <\/span>Em um mundo as trag\u00e9dias inundam nossos feeds de not\u00edcias e conversas cotidianas, \u00e9 intrigante o por que as mortes por suic\u00eddio n\u00e3o s\u00e3o divulgadas.<\/p>\n<p>Entretanto, \u00e9 necess\u00e1rio explorar as raz\u00f5es por tr\u00e1s desse sil\u00eancio que envolve as mortes por suic\u00eddio. Por conseguinte, isso implica destacar os complexos <strong>fatores sociais, culturais e individuais que contribuem para a falta de visibilidade na divulga\u00e7\u00e3o dos \u00f3bitos.<\/strong><\/p>\n<h2><b>Por que a divulga\u00e7\u00e3o de mortes por suic\u00eddio \u00e9 proibida?<\/b><\/h2>\n<p><span style=\"font-weight: 400;\">A quest\u00e3o da divulga\u00e7\u00e3o de <\/span><a href=\"https:\/\/www.telavita.com.br\/blog\/luto-por-suicidio\/\"><b>mortes por suic\u00eddio<\/b><\/a> <span style=\"font-weight: 400;\">\u00e9 um tema sens\u00edvel e complexo que merece nossa aten\u00e7\u00e3o. Ademias, em muitos pa\u00edses, incluindo o Brasil, existe uma restri\u00e7\u00e3o severa <\/span><b>\u00e0 divulga\u00e7\u00e3o detalhada de casos de suic\u00eddio na m\u00eddia.\u00a0<\/b><\/p>\n<p><span style=\"font-weight: 400;\">Isso ocorre por uma raz\u00e3o crucial: <\/span><b>o efeito de cont\u00e1gio<\/b><span style=\"font-weight: 400;\">, tamb\u00e9m conhecido como &#8220;efeito Werther&#8221;, nomeado em refer\u00eancia ao romance &#8220;Os Sofrimentos do Jovem Werther&#8221; de Goethe, que descreve o suic\u00eddio do protagonista.<\/span><\/p>\n<h2><b>O que \u00e9 o efeito de cont\u00e1gio?<\/b><\/h2>\n<p><span style=\"font-weight: 400;\">O <\/span><b>efeito de cont\u00e1gio<\/b><span style=\"font-weight: 400;\"> \u00e9 um fen\u00f4meno que pode ocorrer quando a cobertura midi\u00e1tica sensacionalista e detalhada de suic\u00eddios leva a um aumento nas taxas de suic\u00eddio. Dessa forma, o fen\u00f4meno est\u00e1 profundamente relacionado \u00e0 vulnerabilidade de certos grupos, como adolescentes, <\/span><a href=\"https:\/\/www.telavita.com.br\/blog\/transtornos-mentais-comuns\/\"><b>pessoas com transtornos de sa\u00fade mental<\/b><\/a><span style=\"font-weight: 400;\"> e aqueles que j\u00e1 t\u00eam pensamentos suicidas.\u00a0<\/span><\/p>\n<p><span style=\"font-weight: 400;\">Nesse sentido, quando essas pessoas s\u00e3o expostas a relatos sensacionalistas e detalhados de suic\u00eddios, podem <\/span><b>come\u00e7ar a ver o ato como uma solu\u00e7\u00e3o plaus\u00edvel para seus pr\u00f3prios problemas<\/b><span style=\"font-weight: 400;\">, desencadeando uma cadeia de eventos potencialmente tr\u00e1gica.<\/span><\/p>\n<p><span style=\"font-weight: 400;\">Al\u00e9m disso, o efeito de cont\u00e1gio destaca<\/span><b> a import\u00e2ncia da maneira como a m\u00eddia comunica sobre o suic\u00eddio.<\/b><span style=\"font-weight: 400;\"> Assim sendo, as palavras, imagens e narrativas usadas na cobertura midi\u00e1tica desempenham um papel crucial na influ\u00eancia que podem exercer sobre o comportamento das pessoas.\u00a0<\/span><\/p>\n<h2><b>Diretrizes e compromissos \u00e9ticos como medida de prote\u00e7\u00e3o\u00a0<\/b><\/h2>\n<p><span style=\"font-weight: 400;\">Dado esse cen\u00e1rio, os \u00f3rg\u00e3os reguladores de m\u00eddia imp\u00f5em diretrizes r\u00edgidas para a divulga\u00e7\u00e3o de mortes por suic\u00eddios. Sendo assim, os profissionais da m\u00eddia s\u00e3o orientados a <\/span><b>evitar detalhes gr\u00e1ficos, imagens chocantes e a n\u00e3o romantizar ou glorificar o ato.\u00a0<\/b><\/p>\n<p><span style=\"font-weight: 400;\">Ao contr\u00e1rio disso, o foco deve ser direcionado \u00e0 <\/span><b>preven\u00e7\u00e3o ao suic\u00eddio, <\/b><span style=\"font-weight: 400;\">na busca de ajuda e no <\/span><b>apoio \u00e0s pessoas em sofrimento emocional. <\/b><span style=\"font-weight: 400;\">Dessa forma, a n\u00e3o divulga\u00e7\u00e3o expl\u00edcita torna-se uma medida de prote\u00e7\u00e3o essencial no esfor\u00e7o para promo\u00e7\u00e3o de sa\u00fade mental, orienta\u00e7\u00e3o adequada e, acima de tudo, <\/span><a href=\"https:\/\/www.telavita.com.br\/blog\/prevencao-suicidio\/\"><b>a preven\u00e7\u00e3o de fatalidades evit\u00e1veis.<\/b><\/a><b>\u00a0<\/b><\/p>\n<p><span style=\"font-weight: 400;\">Todavia, a restri\u00e7\u00e3o \u00e0 divulga\u00e7\u00e3o de mortes por suic\u00eddio n\u00e3o \u00e9 uma restri\u00e7\u00e3o \u00e0 informa\u00e7\u00e3o, mas sim <strong>um ato de cuidado com a sociedade.<\/strong> \u00c9 uma medida fundamental para salvar vidas e garantir orienta\u00e7\u00e3o adequada.<\/span><\/p>\n<h2><b>A import\u00e2ncia da promo\u00e7\u00e3o a sa\u00fade mental<\/b><\/h2>\n<p><span style=\"font-weight: 400;\">A <\/span><b>Organiza\u00e7\u00e3o Mundial da Sa\u00fade (OMS)<\/b><span style=\"font-weight: 400;\"> define sa\u00fade como um \u201cestado de completo bem estar f\u00edsico, mental e social e n\u00e3o somente a aus\u00eancia de doen\u00e7as&#8221;. Dessa maneira, \u00e9 um estado de bem-estar no qual o indiv\u00edduo \u00e9 capaz de usar suas pr\u00f3prias habilidades, recuperar-se do estresse rotineiro, <\/span><a href=\"https:\/\/www.telavita.com.br\/blog\/produtividade-saude-mental\/\"><b>ser produtivo<\/b><\/a> <span style=\"font-weight: 400;\">e contribuir com a sua comunidade.\u00a0<\/span><\/p>\n<p><span style=\"font-weight: 400;\">Nesse contexto, para sermos saud\u00e1veis \u00e9 necess\u00e1rio o <\/span><b>equil\u00edbrio entre sa\u00fade f\u00edsica, mental e social. <\/b>Logo, q<span style=\"font-weight: 400;\">uando nossa sa\u00fade mental est\u00e1 em equil\u00edbrio, adquirimos a capacidade de raciocinar com clareza, resolver dilemas, enfrentar desafios e desfrutar da exist\u00eancia.\u00a0<\/span><\/p>\n<p><span style=\"font-weight: 400;\">No entanto, \u00e9 comum que muitas pessoas descuidem de sua sa\u00fade mental, o que pode acarretar transtornos como <\/span><b>ansiedade, depress\u00e3o, estresse e outros. <\/b><span style=\"font-weight: 400;\">Abordar o tema da sa\u00fade mental assume import\u00e2ncia crucial para combater o estigma relacionado ao suic\u00eddio e prestar <\/span><a href=\"https:\/\/www.telavita.com.br\/blog\/como-ajudar-alguem-com-depressao\/\"><b>aux\u00edlio \u00e0s pessoas que enfrentam sofrimento emocional<\/b><\/a><span style=\"font-weight: 400;\">, redirecionando o foco para <\/span><b>cuidado, acolhimento e preven\u00e7\u00e3o.\u00a0<\/b><\/p>\n<h2><b>Toda vida importa!\u00a0<\/b><\/h2>\n<p><span style=\"font-weight: 400;\">A iniciativa ou campanha<\/span> <a href=\"https:\/\/www.telavita.com.br\/blog\/setembro-amarelo-e-cvv\/\"><b>\u201cSetembro Amarelo\u201d<\/b><\/a><b>,<\/b><span style=\"font-weight: 400;\"> com in\u00edcio no Brasil em 2015, visa enfatizar a necessidade de discutir esses temas e <\/span><b>desconstruir o estigma associado ao suic\u00eddio.\u00a0<\/b><\/p>\n<p><b>Se voc\u00ea est\u00e1 pensando em suic\u00eddio, procure ajuda!\u00a0<\/b><\/p>\n<p><span style=\"font-weight: 400;\">Existem muitos recursos dispon\u00edveis para lhe<\/span><b> ajudar a superar esse momento dif\u00edcil.<\/b><span style=\"font-weight: 400;\">Se conhecer algu\u00e9m que precise de ajuda e n\u00e3o souber o que falar ou que fazer, <\/span><a href=\"https:\/\/www.telavita.com.br\/blog\/beneficios-do-abraco\/\"><b>ofere\u00e7a um abra\u00e7o.<\/b><\/a><span style=\"font-weight: 400;\"> Escuta ativa, presen\u00e7a e gestos de acolhimento podem fazer a diferen\u00e7a em situa\u00e7\u00f5es cr\u00edticas.<\/span><\/p>\n<p><span style=\"font-weight: 400;\">Al\u00e9m disso, voc\u00ea pode ligar para o CVV pelo n\u00famero <\/span><b>188<\/b><span style=\"font-weight: 400;\"> ou tamb\u00e9m, <\/span><a href=\"https:\/\/www.cvv.org.br\/\"><b>acessar o site oficial para conversar com um volunt\u00e1rio.<\/b><\/a><span style=\"font-weight: 400;\"> No mais, tente procurar tamb\u00e9m um profissional de sa\u00fade mental para um tratamento a longo prazo.<\/span><\/p>\n<span class='mb-center maxbutton-4-center'><span class='maxbutton-4-container mb-container'><a class=\"maxbutton-4 maxbutton maxbutton-manda-para-o-catalogo-de-psicologos\" href=\"https:\/\/app.telavita.com.br\/psicologia-online\/encontre-seu-psicologo\"><span class='mb-text'>Encontre seu psic\u00f3logo online<\/span><\/a><\/span><\/span>\n","protected":false},"excerpt":{"rendered":"<p>A divulga\u00e7\u00e3o de mortes por suic\u00eddio, ou a aus\u00eancia dela, \u00e9 um tema de extrema relev\u00e2ncia em nossa sociedade atual. Em um mundo as trag\u00e9dias inundam nossos feeds de not\u00edcias e conversas cotidianas, \u00e9 intrigante o por que as mortes por suic\u00eddio n\u00e3o s\u00e3o divulgadas. Entretanto, \u00e9 necess\u00e1rio explorar as raz\u00f5es por tr\u00e1s desse sil\u00eancio [&hellip;]<\/p>\n","protected":false},"author":45,"featured_media":8994,"comment_status":"open","ping_status":"open","sticky":false,"template":"","format":"standard","meta":{"_lmt_disableupdate":"","_lmt_disable":"","footnotes":""},"categories":[278],"tags":[],"yoast_head":"<!-- This site is optimized with the Yoast SEO plugin v19.8 - https:\/\/yoast.com\/wordpress\/plugins\/seo\/ -->\n<title>Entenda por que a divulga\u00e7\u00e3o de mortes por suic\u00eddio \u00e9 proibida<\/title>\n<meta name=\"description\" content=\"Saiba o motivo da divulga\u00e7\u00e3o de mortes por suic\u00eddio ser proibida no Brasil e compreenda as particularidades do efeito de cont\u00e1gio.\" \/>\n<meta name=\"robots\" content=\"index, follow, max-snippet:-1, max-image-preview:large, max-video-preview:-1\" \/>\n<link rel=\"canonical\" href=\"https:\/\/www.telavita.com.br\/blog\/divulgacao-mortes-por-suicidio\/\" \/>\n<meta property=\"og:locale\" content=\"pt_BR\" \/>\n<meta property=\"og:type\" content=\"article\" \/>\n<meta property=\"og:title\" content=\"Entenda por que a divulga\u00e7\u00e3o de mortes por suic\u00eddio \u00e9 proibida\" \/>\n<meta property=\"og:description\" content=\"Saiba o motivo da divulga\u00e7\u00e3o de mortes por suic\u00eddio ser proibida no Brasil e compreenda as particularidades do efeito de cont\u00e1gio.\" \/>\n<meta property=\"og:url\" content=\"https:\/\/www.telavita.com.br\/blog\/divulgacao-mortes-por-suicidio\/\" \/>\n<meta property=\"og:site_name\" content=\"Telavita\" \/>\n<meta property=\"article:publisher\" content=\"https:\/\/www.facebook.com\/Telavita\" \/>\n<meta property=\"article:published_time\" content=\"2023-09-21T15:44:21+00:00\" \/>\n<meta property=\"article:modified_time\" content=\"2023-09-21T16:25:11+00:00\" \/>\n<meta property=\"og:image\" content=\"https:\/\/www.telavita.com.br\/blog\/wp-content\/uploads\/2023\/09\/divulgacao-de-mortes-por-suicidio.jpg\" \/>\n\t<meta property=\"og:image:width\" content=\"2560\" \/>\n\t<meta property=\"og:image:height\" content=\"1707\" \/>\n\t<meta property=\"og:image:type\" content=\"image\/jpeg\" \/>\n<meta name=\"author\" content=\"Psic\u00f3loga Andreia da Silva Alves CRP 132778\/06\" \/>\n<meta name=\"twitter:card\" content=\"summary_large_image\" \/>\n<meta name=\"twitter:label1\" content=\"Escrito por\" \/>\n\t<meta name=\"twitter:data1\" content=\"Psic\u00f3loga Andreia da Silva Alves CRP 132778\/06\" \/>\n\t<meta name=\"twitter:label2\" content=\"Est. tempo de leitura\" \/>\n\t<meta name=\"twitter:data2\" content=\"4 minutos\" \/>\n<!-- \/ Yoast SEO plugin. -->","yoast_head_json":{"title":"Entenda por que a divulga\u00e7\u00e3o de mortes por suic\u00eddio \u00e9 proibida","description":"Saiba o motivo da divulga\u00e7\u00e3o de mortes por suic\u00eddio ser proibida no Brasil e compreenda as particularidades do efeito de cont\u00e1gio.","robots":{"index":"index","follow":"follow","max-snippet":"max-snippet:-1","max-image-preview":"max-image-preview:large","max-video-preview":"max-video-preview:-1"},"canonical":"https:\/\/www.telavita.com.br\/blog\/divulgacao-mortes-por-suicidio\/","og_locale":"pt_BR","og_type":"article","og_title":"Entenda por que a divulga\u00e7\u00e3o de mortes por suic\u00eddio \u00e9 proibida","og_description":"Saiba o motivo da divulga\u00e7\u00e3o de mortes por suic\u00eddio ser proibida no Brasil e compreenda as particularidades do efeito de cont\u00e1gio.","og_url":"https:\/\/www.telavita.com.br\/blog\/divulgacao-mortes-por-suicidio\/","og_site_name":"Telavita","article_publisher":"https:\/\/www.facebook.com\/Telavita","article_published_time":"2023-09-21T15:44:21+00:00","article_modified_time":"2023-09-21T16:25:11+00:00","og_image":[{"width":2560,"height":1707,"url":"https:\/\/www.telavita.com.br\/blog\/wp-content\/uploads\/2023\/09\/divulgacao-de-mortes-por-suicidio.jpg","type":"image\/jpeg"}],"author":"Psic\u00f3loga Andreia da Silva Alves CRP 132778\/06","twitter_card":"summary_large_image","twitter_misc":{"Escrito por":"Psic\u00f3loga Andreia da Silva Alves CRP 132778\/06","Est. tempo de leitura":"4 minutos"},"schema":{"@context":"https:\/\/schema.org","@graph":[{"@type":"Article","@id":"https:\/\/www.telavita.com.br\/blog\/divulgacao-mortes-por-suicidio\/#article","isPartOf":{"@id":"https:\/\/www.telavita.com.br\/blog\/divulgacao-mortes-por-suicidio\/"},"author":{"name":"Psic\u00f3loga Andreia da Silva Alves CRP 132778\/06","@id":"https:\/\/www.telavita.com.br\/blog\/#\/schema\/person\/52a0fee6f5ad535c7eb0ac156d8d708b"},"headline":"Divulga\u00e7\u00e3o de mortes por suic\u00eddio: porque \u00e9 proibido?","datePublished":"2023-09-21T15:44:21+00:00","dateModified":"2023-09-21T16:25:11+00:00","mainEntityOfPage":{"@id":"https:\/\/www.telavita.com.br\/blog\/divulgacao-mortes-por-suicidio\/"},"wordCount":843,"commentCount":0,"publisher":{"@id":"https:\/\/www.telavita.com.br\/blog\/#organization"},"articleSection":["Suic\u00eddio"],"inLanguage":"pt-BR","potentialAction":[{"@type":"CommentAction","name":"Comment","target":["https:\/\/www.telavita.com.br\/blog\/divulgacao-mortes-por-suicidio\/#respond"]}]},{"@type":"WebPage","@id":"https:\/\/www.telavita.com.br\/blog\/divulgacao-mortes-por-suicidio\/","url":"https:\/\/www.telavita.com.br\/blog\/divulgacao-mortes-por-suicidio\/","name":"Entenda por que a divulga\u00e7\u00e3o de mortes por suic\u00eddio \u00e9 proibida","isPartOf":{"@id":"https:\/\/www.telavita.com.br\/blog\/#website"},"datePublished":"2023-09-21T15:44:21+00:00","dateModified":"2023-09-21T16:25:11+00:00","description":"Saiba o motivo da divulga\u00e7\u00e3o de mortes por suic\u00eddio ser proibida no Brasil e compreenda as particularidades do efeito de cont\u00e1gio.","breadcrumb":{"@id":"https:\/\/www.telavita.com.br\/blog\/divulgacao-mortes-por-suicidio\/#breadcrumb"},"inLanguage":"pt-BR","potentialAction":[{"@type":"ReadAction","target":["https:\/\/www.telavita.com.br\/blog\/divulgacao-mortes-por-suicidio\/"]}]},{"@type":"BreadcrumbList","@id":"https:\/\/www.telavita.com.br\/blog\/divulgacao-mortes-por-suicidio\/#breadcrumb","itemListElement":[{"@type":"ListItem","position":1,"name":"In\u00edcio","item":"https:\/\/www.telavita.com.br\/blog\/"},{"@type":"ListItem","position":2,"name":"Divulga\u00e7\u00e3o de mortes por suic\u00eddio: porque \u00e9 proibido?"}]},{"@type":"WebSite","@id":"https:\/\/www.telavita.com.br\/blog\/#website","url":"https:\/\/www.telavita.com.br\/blog\/","name":"Telavita","description":"Conte\u00fados especializados sobre sa\u00fade mental e bem-estar","publisher":{"@id":"https:\/\/www.telavita.com.br\/blog\/#organization"},"potentialAction":[{"@type":"SearchAction","target":{"@type":"EntryPoint","urlTemplate":"https:\/\/www.telavita.com.br\/blog\/?s={search_term_string}"},"query-input":"required name=search_term_string"}],"inLanguage":"pt-BR"},{"@type":"Organization","@id":"https:\/\/www.telavita.com.br\/blog\/#organization","name":"Telavita","url":"https:\/\/www.telavita.com.br\/blog\/","sameAs":["https:\/\/www.linkedin.com\/company\/telavita\/mycompany\/verification\/","https:\/\/www.instagram.com\/telavita\/","https:\/\/www.facebook.com\/Telavita"],"logo":{"@type":"ImageObject","inLanguage":"pt-BR","@id":"https:\/\/www.telavita.com.br\/blog\/#\/schema\/logo\/image\/","url":"https:\/\/www.telavita.com.br\/blog\/wp-content\/uploads\/2021\/05\/telavita.jpg","contentUrl":"https:\/\/www.telavita.com.br\/blog\/wp-content\/uploads\/2021\/05\/telavita.jpg","width":200,"height":200,"caption":"Telavita"},"image":{"@id":"https:\/\/www.telavita.com.br\/blog\/#\/schema\/logo\/image\/"}},{"@type":"Person","@id":"https:\/\/www.telavita.com.br\/blog\/#\/schema\/person\/52a0fee6f5ad535c7eb0ac156d8d708b","name":"Psic\u00f3loga Andreia da Silva Alves CRP 132778\/06","image":{"@type":"ImageObject","inLanguage":"pt-BR","@id":"https:\/\/www.telavita.com.br\/blog\/#\/schema\/person\/image\/","url":"https:\/\/secure.gravatar.com\/avatar\/493bb8bc23a8755f53c38443a0639d34?s=96&d=mm&r=g","contentUrl":"https:\/\/secure.gravatar.com\/avatar\/493bb8bc23a8755f53c38443a0639d34?s=96&d=mm&r=g","caption":"Psic\u00f3loga Andreia da Silva Alves CRP 132778\/06"},"description":"Psic\u00f3loga cl\u00ednica, p\u00f3s-graduanda em Psicologia Transpessoal, especialista em Psicologia Organizacional e do Trabalho pelo CRP\/SP, com 10 anos de experi\u00eancia como consultora de RH, e tamb\u00e9m atuando como volunt\u00e1ria em centro de acolhimento emocional e preven\u00e7\u00e3o ao suic\u00eddio.","url":"https:\/\/www.telavita.com.br\/blog\/author\/andreia-da-silva\/"}]}},"modified_by":null,"_links":{"self":[{"href":"https:\/\/www.telavita.com.br\/blog\/wp-json\/wp\/v2\/posts\/8991"}],"collection":[{"href":"https:\/\/www.telavita.com.br\/blog\/wp-json\/wp\/v2\/posts"}],"about":[{"href":"https:\/\/www.telavita.com.br\/blog\/wp-json\/wp\/v2\/types\/post"}],"author":[{"embeddable":true,"href":"https:\/\/www.telavita.com.br\/blog\/wp-json\/wp\/v2\/users\/45"}],"replies":[{"embeddable":true,"href":"https:\/\/www.telavita.com.br\/blog\/wp-json\/wp\/v2\/comments?post=8991"}],"version-history":[{"count":1,"href":"https:\/\/www.telavita.com.br\/blog\/wp-json\/wp\/v2\/posts\/8991\/revisions"}],"predecessor-version":[{"id":8993,"href":"https:\/\/www.telavita.com.br\/blog\/wp-json\/wp\/v2\/posts\/8991\/revisions\/8993"}],"wp:featuredmedia":[{"embeddable":true,"href":"https:\/\/www.telavita.com.br\/blog\/wp-json\/wp\/v2\/media\/8994"}],"wp:attachment":[{"href":"https:\/\/www.telavita.com.br\/blog\/wp-json\/wp\/v2\/media?parent=8991"}],"wp:term":[{"taxonomy":"category","embeddable":true,"href":"https:\/\/www.telavita.com.br\/blog\/wp-json\/wp\/v2\/categories?post=8991"},{"taxonomy":"post_tag","embeddable":true,"href":"https:\/\/www.telavita.com.br\/blog\/wp-json\/wp\/v2\/tags?post=8991"}],"curies":[{"name":"wp","href":"https:\/\/api.w.org\/{rel}","templated":true}]}}