{"id":9015,"date":"2023-10-03T13:38:58","date_gmt":"2023-10-03T16:38:58","guid":{"rendered":"https:\/\/www.telavita.com.br\/blog\/?p=9015"},"modified":"2023-10-03T13:39:53","modified_gmt":"2023-10-03T16:39:53","slug":"ciclotimia","status":"publish","type":"post","link":"https:\/\/www.telavita.com.br\/blog\/ciclotimia\/","title":{"rendered":"Saiba o que \u00e9 a ciclotimia e veja seus principais sintomas"},"content":{"rendered":"<p><span style=\"font-weight: 400;\">A mente humana \u00e9 complexa, e as emo\u00e7\u00f5es desempenham um papel fundamental em nossas vidas. Para alguns, essa montanha-russa emocional se torna mais acentuada, mas menos intensa que em transtornos bipolares graves, sendo chamada de <\/span><b>&#8220;ciclotimia&#8221;.<\/b><\/p>\n<p><span style=\"font-weight: 400;\">A ciclotimia, muitas vezes subestimada, carrega consigo uma s\u00e9rie de desafios e nuances<\/span><b> que merecem nossa compreens\u00e3o.\u00a0<\/b><\/p>\n<h2><b>O que \u00e9 a ciclotimia?<\/b><\/h2>\n<p><span style=\"font-weight: 400;\">A ciclotimia, tamb\u00e9m chamada de transtorno ciclot\u00edmico, \u00e9 um transtorno de humor raro. Entretanto, causa altos e baixos emocionais,<\/span><b> mas n\u00e3o s\u00e3o t\u00e3o extremos quanto os do transtorno bipolar I ou II.<\/b><\/p>\n<p><span style=\"font-weight: 400;\">Neste transtorno, o humor varia consideravelmente em rela\u00e7\u00e3o \u00e0 linha de base. A condi\u00e7\u00e3o, no entanto, inclui momentos em que voc\u00ea se sente extremamente euf\u00f3rico, seguidos por per\u00edodos de depress\u00e3o, nos quais se <\/span><a href=\"https:\/\/www.telavita.com.br\/blog\/depressao-melancolica\/\"><b>experimenta uma sensa\u00e7\u00e3o de melancolia.<\/b><\/a><b>\u00a0<\/b><\/p>\n<p><span style=\"font-weight: 400;\">Contudo, \u00e9 apenas entre esses altos e baixos ciclot\u00edmicos que h\u00e1\u00a0 a <\/span><b>possibilidade de momentos de estabilidade emocional no indiv\u00edduo.<\/b><\/p>\n<h2><b>Sintomas da ciclotimia<\/b><\/h2>\n<p><span style=\"font-weight: 400;\">A ciclotimia se manifesta atrav\u00e9s de uma altern\u00e2ncia de sintomas entre seus picos, que englobam sintomas de humor elevado<strong> (conhecidos como sintomas hipoman\u00edacos),<\/strong> e seus pontos baixos, caracterizados por sintomas depressivos leves a moderados.<\/span><\/p>\n<p><span style=\"font-weight: 400;\">Todavia, os sintomas da ciclotimia s\u00e3o semelhantes aos do transtorno bipolar I ou II, <\/span><b>mas s\u00e3o menos graves.<\/b><span style=\"font-weight: 400;\"> Entretanto, quando voc\u00ea tem ciclotimia, normalmente consegue funcionar bem em sua vida di\u00e1ria, embora nem sempre bem. A natureza imprevis\u00edvel de suas <\/span><a href=\"https:\/\/www.telavita.com.br\/blog\/dupla-personalidade-e-bipolar\/\"><b>mudan\u00e7as de humor<\/b><\/a><span style=\"font-weight: 400;\"> pode atrapalhar significativamente sua vida, <\/span><b>porque voc\u00ea nunca sabe como se sentir\u00e1.<\/b><\/p>\n<h3><b>Sintomas hipoman\u00edacos<\/b><\/h3>\n<ul>\n<li><span style=\"font-weight: 400;\">Sensa\u00e7\u00e3o exagerada de felicidade ou bem-estar (euforia);<\/span><\/li>\n<li><a href=\"https:\/\/www.telavita.com.br\/blog\/positividade-toxica\/\"><b>Otimismo extremo<\/b><\/a><b>;<\/b><\/li>\n<li><span style=\"font-weight: 400;\">Autoestima inflada;<\/span><\/li>\n<li><span style=\"font-weight: 400;\">Falar mais do que o normal;<\/span><\/li>\n<li><span style=\"font-weight: 400;\">Mau julgamento que pode resultar em comportamento de risco ou escolhas imprudentes;<\/span><\/li>\n<li><span style=\"font-weight: 400;\">Devaneios;<\/span><\/li>\n<li><span style=\"font-weight: 400;\">Comportamento irrit\u00e1vel ou agitado;<\/span><\/li>\n<li><span style=\"font-weight: 400;\">Atividade f\u00edsica excessiva;<\/span><\/li>\n<li style=\"font-weight: 400;\" aria-level=\"1\"><span style=\"font-weight: 400;\">Maior impulso para realizar ou alcan\u00e7ar objetivos (sexuais, relacionados ao trabalho ou sociais);<\/span><\/li>\n<li style=\"font-weight: 400;\" aria-level=\"1\"><span style=\"font-weight: 400;\">Diminui\u00e7\u00e3o da necessidade de sono;<\/span><\/li>\n<li style=\"font-weight: 400;\" aria-level=\"1\"><span style=\"font-weight: 400;\">Tend\u00eancia a se distrair facilmente;<\/span><\/li>\n<li style=\"font-weight: 400;\" aria-level=\"1\"><span style=\"font-weight: 400;\">Incapacidade de concentra\u00e7\u00e3o;<\/span><\/li>\n<\/ul>\n<h3><b>Sintomas depressivos<\/b><\/h3>\n<ul>\n<li><span style=\"font-weight: 400;\">Sentir-se triste, sem esperan\u00e7a ou vazio;<\/span><\/li>\n<li><span style=\"font-weight: 400;\">Choro;<\/span><\/li>\n<li><span style=\"font-weight: 400;\">Irritabilidade, especialmente em crian\u00e7as e adolescentes;<\/span><\/li>\n<li><span style=\"font-weight: 400;\">Perda de interesse em atividades antes consideradas agrad\u00e1veis;<\/span><\/li>\n<li><span style=\"font-weight: 400;\">Mudan\u00e7as no peso;<\/span><\/li>\n<li><span style=\"font-weight: 400;\">Sentimentos de inutilidade ou culpa;<\/span><\/li>\n<li><span style=\"font-weight: 400;\">Problemas de sono;<\/span><\/li>\n<li><span style=\"font-weight: 400;\">Inquieta\u00e7\u00e3o;<\/span><\/li>\n<li><span style=\"font-weight: 400;\">Fadiga ou sensa\u00e7\u00e3o de lentid\u00e3o;<\/span><\/li>\n<li><span style=\"font-weight: 400;\">Problemas de concentra\u00e7\u00e3o;<\/span><\/li>\n<li aria-level=\"1\"><a href=\"https:\/\/www.telavita.com.br\/blog\/pensamentos-suicidas\/\"><b>Pensamento de morte ou suic\u00eddio.<\/b><\/a><\/li>\n<\/ul>\n<h2><b>Pensamentos suicidas na ciclotimia<\/b><\/h2>\n<p><span style=\"font-weight: 400;\">Embora pensamentos suicidas possam ocorrer com a ciclotimia, \u00e9 mais prov\u00e1vel que ocorram se voc\u00ea tiver<\/span><b> transtorno bipolar I ou II. <\/b><span style=\"font-weight: 400;\">Se voc\u00ea est\u00e1 pensando em suic\u00eddio agora:<\/span><\/p>\n<p><span style=\"font-weight: 400;\">Procure o <\/span><b>Centro de Aten\u00e7\u00e3o Psicossocial (CAPS)<\/b><span style=\"font-weight: 400;\">, psic\u00f3logo ou psiquiatra particular. Contudo, outra possibilidade \u00e9 tamb\u00e9m, entrar em contato com uma linha direta de preven\u00e7\u00e3o do suic\u00eddio como <\/span><a href=\"https:\/\/www.telavita.com.br\/blog\/setembro-amarelo-e-cvv\/\"><b>o CVV, pelo n\u00famero 188.<\/b><\/a><span style=\"font-weight: 400;\">\u00a0<\/span><\/p>\n<p><span style=\"font-weight: 400;\">Ademais, se voc\u00ea simplesmente n\u00e3o conseguir fazer essa liga\u00e7\u00e3o, procure outra pessoa \u2013 imediatamente \u2013 como seu m\u00e9dico, profissional de sa\u00fade mental, membro da fam\u00edlia, amigo ou algu\u00e9m da sua comunidade religiosa.<\/span><\/p>\n<h2><b>Causas da ciclotimia<\/b><\/h2>\n<p><span style=\"font-weight: 400;\">N\u00e3o se sabe especificamente o que causa a ciclotimia. Tal como acontece com muitos <\/span><a href=\"https:\/\/www.telavita.com.br\/blog\/transtornos-mentais-comuns\/\"><b>transtornos de sa\u00fade mental<\/b><\/a><span style=\"font-weight: 400;\">, a pesquisa mostra que pode resultar de uma combina\u00e7\u00e3o de:<\/span><\/p>\n<ul>\n<li style=\"font-weight: 400;\" aria-level=\"1\"><span style=\"font-weight: 400;\">Gen\u00e9tica, j\u00e1 que a ciclotimia tende a ocorrer em fam\u00edlias;<\/span><\/li>\n<li style=\"font-weight: 400;\" aria-level=\"1\"><span style=\"font-weight: 400;\">Diferen\u00e7as na forma como o c\u00e9rebro funciona, como mudan\u00e7as na neurobiologia do c\u00e9rebro;<\/span><\/li>\n<li style=\"font-weight: 400;\" aria-level=\"1\"><span style=\"font-weight: 400;\">Quest\u00f5es ambientais, como experi\u00eancias traum\u00e1ticas ou per\u00edodos prolongados de estresse.<\/span><\/li>\n<\/ul>\n<h3><b>Fatores de risco<\/b><\/h3>\n<p><span style=\"font-weight: 400;\">A ciclotimia \u00e9 considerada relativamente rara. Mas \u00e9 dif\u00edcil fazer estimativas verdadeiras porque as pessoas podem n\u00e3o ser diagnosticadas ou <\/span><b>ser mal diagnosticadas<\/b><span style=\"font-weight: 400;\"> como tendo outros transtornos de humor, <\/span><a href=\"https:\/\/www.telavita.com.br\/blog\/depressao\/\"><b>como a depress\u00e3o.<\/b><\/a><\/p>\n<p><span style=\"font-weight: 400;\">Todavia, a ciclotimia geralmente come\u00e7a durante a adolesc\u00eancia ou na idade adulta jovem e <\/span><b>afeta aproximadamente o mesmo n\u00famero de homens e mulheres.<\/b><\/p>\n<p><span style=\"font-weight: 400;\">O transtorno, no entanto, apresenta uma s\u00e9rie de fatores de risco importantes a considerar. Desse modo, um deles \u00e9 que, deixar de tratar essa condi\u00e7\u00e3o pode levar a<\/span><b> problemas emocionais significativos que impactam diversas \u00e1reas da vida.<\/b><span style=\"font-weight: 400;\"> Al\u00e9m disso, existe um alto risco de desenvolver posteriormente transtornos bipolares do tipo I ou II.\u00a0<\/span><\/p>\n<p><span style=\"font-weight: 400;\">Concomitante a este fato, o uso indevido de subst\u00e2ncias \u00e9 tamb\u00e9m uma preocupa\u00e7\u00e3o frequente entre os afetados, e \u00e9 poss\u00edvel tamb\u00e9m a <\/span><a href=\"https:\/\/www.telavita.com.br\/blog\/tratamentos-transtorno-ansiedade\/\"><b>coexist\u00eancia de um transtorno de ansiedade.<\/b><\/a><\/p>\n<h2><b>Modos de preven\u00e7\u00e3o<\/b><\/h2>\n<p><span style=\"font-weight: 400;\">N\u00e3o h\u00e1 uma maneira segura de prevenir a ciclotimia, mas<\/span><b> agir prontamente ao primeiro sinal de um dist\u00farbio de sa\u00fade mental<\/b><span style=\"font-weight: 400;\"> pode ser crucial para evitar o agravamento da condi\u00e7\u00e3o.\u00a0<\/span><\/p>\n<p><span style=\"font-weight: 400;\">Al\u00e9m disso, o tratamento preventivo a longo prazo desempenha um papel importante na preven\u00e7\u00e3o da transforma\u00e7\u00e3o de sintomas menores em epis\u00f3dios completos de hipomania, mania ou depress\u00e3o grave. Portanto, a<\/span><b> busca por ajuda e tratamento no est\u00e1gio inicial <\/b><span style=\"font-weight: 400;\">pode ser uma estrat\u00e9gia eficaz na gest\u00e3o da ciclotimia.<\/span><\/p>\n<p><span style=\"font-weight: 400;\">Contudo, as op\u00e7\u00f5es de tratamento incluem psicoterapia, medicamentos e acompanhamento pr\u00f3ximo e cont\u00ednuo com um <\/span><a href=\"https:\/\/www.telavita.com.br\/blog\/psiquiatra\/\"><b>m\u00e9dico psiquiatra.<\/b><\/a><\/p>\n<h2><b>Quando consultar um psiquiatra?<\/b><\/h2>\n<p><span style=\"font-weight: 400;\">Se voc\u00ea tiver algum sintoma de ciclotimia, <\/span><a href=\"https:\/\/www.telavita.com.br\/blog\/quando-procurar-psiquiatra\/\"><b>procure um psiquiatra<\/b><\/a><span style=\"font-weight: 400;\"> o mais r\u00e1pido poss\u00edvel. A ciclotimia geralmente n\u00e3o melhora sozinha. Se voc\u00ea est\u00e1 relutante em procurar tratamento, <\/span><b>crie coragem para confiar em algu\u00e9m que possa ajud\u00e1-lo a dar o primeiro passo.<\/b><\/p>\n<p><span style=\"font-weight: 400;\">Al\u00e9m disso, se um ente querido apresentar sintomas de ciclotimia, converse abertamente com essa pessoa sobre suas preocupa\u00e7\u00f5es. Voc\u00ea n\u00e3o pode for\u00e7ar algu\u00e9m a procurar ajuda profissional, mas pode <\/span><b>oferecer apoio e ajudar a encontrar um m\u00e9dico ou profissional de sa\u00fade mental qualificado.<\/b><\/p>\n<span class='mb-center maxbutton-5-center'><span class='maxbutton-5-container mb-container'><a class=\"maxbutton-5 maxbutton maxbutton-encontre-o-seu-psiquiatra-online\" target=\"_blank\" rel=\"noopener\" href=\"https:\/\/app.telavita.com.br\/psiquiatria-online\/encontre-seu-psiquiatra\"><span class='mb-text'>Encontre o seu psiquiatra online<\/span><\/a><\/span><\/span>\n","protected":false},"excerpt":{"rendered":"<p>A mente humana \u00e9 complexa, e as emo\u00e7\u00f5es desempenham um papel fundamental em nossas vidas. Para alguns, essa montanha-russa emocional se torna mais acentuada, mas menos intensa que em transtornos bipolares graves, sendo chamada de &#8220;ciclotimia&#8221;. A ciclotimia, muitas vezes subestimada, carrega consigo uma s\u00e9rie de desafios e nuances que merecem nossa compreens\u00e3o.\u00a0 O que [&hellip;]<\/p>\n","protected":false},"author":23,"featured_media":9016,"comment_status":"open","ping_status":"open","sticky":false,"template":"","format":"standard","meta":{"_lmt_disableupdate":"","_lmt_disable":"","footnotes":""},"categories":[32],"tags":[],"yoast_head":"<!-- This site is optimized with the Yoast SEO plugin v19.8 - https:\/\/yoast.com\/wordpress\/plugins\/seo\/ -->\n<title>O que \u00e9 a ciclotimia e quais os seus sintomas? - Telavita<\/title>\n<meta name=\"description\" content=\"A ciclotimia \u00e9 um dist\u00farbio que merece aten\u00e7\u00e3o. Saiba suas caracter\u00edsticas, modos de preven\u00e7\u00e3o e tratamento.\" \/>\n<meta name=\"robots\" content=\"index, follow, max-snippet:-1, max-image-preview:large, max-video-preview:-1\" \/>\n<link rel=\"canonical\" href=\"https:\/\/www.telavita.com.br\/blog\/ciclotimia\/\" \/>\n<meta property=\"og:locale\" content=\"pt_BR\" \/>\n<meta property=\"og:type\" content=\"article\" \/>\n<meta property=\"og:title\" content=\"O que \u00e9 a ciclotimia e quais os seus sintomas? - Telavita\" \/>\n<meta property=\"og:description\" content=\"A ciclotimia \u00e9 um dist\u00farbio que merece aten\u00e7\u00e3o. Saiba suas caracter\u00edsticas, modos de preven\u00e7\u00e3o e tratamento.\" \/>\n<meta property=\"og:url\" content=\"https:\/\/www.telavita.com.br\/blog\/ciclotimia\/\" \/>\n<meta property=\"og:site_name\" content=\"Telavita\" \/>\n<meta property=\"article:publisher\" content=\"https:\/\/www.facebook.com\/Telavita\" \/>\n<meta property=\"article:published_time\" content=\"2023-10-03T16:38:58+00:00\" \/>\n<meta property=\"article:modified_time\" content=\"2023-10-03T16:39:53+00:00\" \/>\n<meta property=\"og:image\" content=\"https:\/\/www.telavita.com.br\/blog\/wp-content\/uploads\/2023\/10\/ciclotimia.jpg\" \/>\n\t<meta property=\"og:image:width\" content=\"2560\" \/>\n\t<meta property=\"og:image:height\" content=\"1707\" \/>\n\t<meta property=\"og:image:type\" content=\"image\/jpeg\" \/>\n<meta name=\"author\" content=\"Psic\u00f3logo Pedro Sammarco - CRP 06\/66066\" \/>\n<meta name=\"twitter:card\" content=\"summary_large_image\" \/>\n<meta name=\"twitter:label1\" content=\"Escrito por\" \/>\n\t<meta name=\"twitter:data1\" content=\"Psic\u00f3logo Pedro Sammarco - CRP 06\/66066\" \/>\n\t<meta name=\"twitter:label2\" content=\"Est. tempo de leitura\" \/>\n\t<meta name=\"twitter:data2\" content=\"5 minutos\" \/>\n<!-- \/ Yoast SEO plugin. -->","yoast_head_json":{"title":"O que \u00e9 a ciclotimia e quais os seus sintomas? - Telavita","description":"A ciclotimia \u00e9 um dist\u00farbio que merece aten\u00e7\u00e3o. Saiba suas caracter\u00edsticas, modos de preven\u00e7\u00e3o e tratamento.","robots":{"index":"index","follow":"follow","max-snippet":"max-snippet:-1","max-image-preview":"max-image-preview:large","max-video-preview":"max-video-preview:-1"},"canonical":"https:\/\/www.telavita.com.br\/blog\/ciclotimia\/","og_locale":"pt_BR","og_type":"article","og_title":"O que \u00e9 a ciclotimia e quais os seus sintomas? - Telavita","og_description":"A ciclotimia \u00e9 um dist\u00farbio que merece aten\u00e7\u00e3o. Saiba suas caracter\u00edsticas, modos de preven\u00e7\u00e3o e tratamento.","og_url":"https:\/\/www.telavita.com.br\/blog\/ciclotimia\/","og_site_name":"Telavita","article_publisher":"https:\/\/www.facebook.com\/Telavita","article_published_time":"2023-10-03T16:38:58+00:00","article_modified_time":"2023-10-03T16:39:53+00:00","og_image":[{"width":2560,"height":1707,"url":"https:\/\/www.telavita.com.br\/blog\/wp-content\/uploads\/2023\/10\/ciclotimia.jpg","type":"image\/jpeg"}],"author":"Psic\u00f3logo Pedro Sammarco - CRP 06\/66066","twitter_card":"summary_large_image","twitter_misc":{"Escrito por":"Psic\u00f3logo Pedro Sammarco - CRP 06\/66066","Est. tempo de leitura":"5 minutos"},"schema":{"@context":"https:\/\/schema.org","@graph":[{"@type":"Article","@id":"https:\/\/www.telavita.com.br\/blog\/ciclotimia\/#article","isPartOf":{"@id":"https:\/\/www.telavita.com.br\/blog\/ciclotimia\/"},"author":{"name":"Psic\u00f3logo Pedro Sammarco - CRP 06\/66066","@id":"https:\/\/www.telavita.com.br\/blog\/#\/schema\/person\/9d155af6215571a918c103a7994e22dd"},"headline":"Saiba o que \u00e9 a ciclotimia e veja seus principais sintomas","datePublished":"2023-10-03T16:38:58+00:00","dateModified":"2023-10-03T16:39:53+00:00","mainEntityOfPage":{"@id":"https:\/\/www.telavita.com.br\/blog\/ciclotimia\/"},"wordCount":947,"commentCount":0,"publisher":{"@id":"https:\/\/www.telavita.com.br\/blog\/#organization"},"articleSection":["Transtornos Psicol\u00f3gicos"],"inLanguage":"pt-BR","potentialAction":[{"@type":"CommentAction","name":"Comment","target":["https:\/\/www.telavita.com.br\/blog\/ciclotimia\/#respond"]}]},{"@type":"WebPage","@id":"https:\/\/www.telavita.com.br\/blog\/ciclotimia\/","url":"https:\/\/www.telavita.com.br\/blog\/ciclotimia\/","name":"O que \u00e9 a ciclotimia e quais os seus sintomas? - Telavita","isPartOf":{"@id":"https:\/\/www.telavita.com.br\/blog\/#website"},"datePublished":"2023-10-03T16:38:58+00:00","dateModified":"2023-10-03T16:39:53+00:00","description":"A ciclotimia \u00e9 um dist\u00farbio que merece aten\u00e7\u00e3o. Saiba suas caracter\u00edsticas, modos de preven\u00e7\u00e3o e tratamento.","breadcrumb":{"@id":"https:\/\/www.telavita.com.br\/blog\/ciclotimia\/#breadcrumb"},"inLanguage":"pt-BR","potentialAction":[{"@type":"ReadAction","target":["https:\/\/www.telavita.com.br\/blog\/ciclotimia\/"]}]},{"@type":"BreadcrumbList","@id":"https:\/\/www.telavita.com.br\/blog\/ciclotimia\/#breadcrumb","itemListElement":[{"@type":"ListItem","position":1,"name":"In\u00edcio","item":"https:\/\/www.telavita.com.br\/blog\/"},{"@type":"ListItem","position":2,"name":"Saiba o que \u00e9 a ciclotimia e veja seus principais sintomas"}]},{"@type":"WebSite","@id":"https:\/\/www.telavita.com.br\/blog\/#website","url":"https:\/\/www.telavita.com.br\/blog\/","name":"Telavita","description":"Conte\u00fados especializados sobre sa\u00fade mental e bem-estar","publisher":{"@id":"https:\/\/www.telavita.com.br\/blog\/#organization"},"potentialAction":[{"@type":"SearchAction","target":{"@type":"EntryPoint","urlTemplate":"https:\/\/www.telavita.com.br\/blog\/?s={search_term_string}"},"query-input":"required name=search_term_string"}],"inLanguage":"pt-BR"},{"@type":"Organization","@id":"https:\/\/www.telavita.com.br\/blog\/#organization","name":"Telavita","url":"https:\/\/www.telavita.com.br\/blog\/","sameAs":["https:\/\/www.linkedin.com\/company\/telavita\/mycompany\/verification\/","https:\/\/www.instagram.com\/telavita\/","https:\/\/www.facebook.com\/Telavita"],"logo":{"@type":"ImageObject","inLanguage":"pt-BR","@id":"https:\/\/www.telavita.com.br\/blog\/#\/schema\/logo\/image\/","url":"https:\/\/www.telavita.com.br\/blog\/wp-content\/uploads\/2021\/05\/telavita.jpg","contentUrl":"https:\/\/www.telavita.com.br\/blog\/wp-content\/uploads\/2021\/05\/telavita.jpg","width":200,"height":200,"caption":"Telavita"},"image":{"@id":"https:\/\/www.telavita.com.br\/blog\/#\/schema\/logo\/image\/"}},{"@type":"Person","@id":"https:\/\/www.telavita.com.br\/blog\/#\/schema\/person\/9d155af6215571a918c103a7994e22dd","name":"Psic\u00f3logo Pedro Sammarco - CRP 06\/66066","image":{"@type":"ImageObject","inLanguage":"pt-BR","@id":"https:\/\/www.telavita.com.br\/blog\/#\/schema\/person\/image\/","url":"https:\/\/secure.gravatar.com\/avatar\/ca6041da8ef8610c493f19e03c9ebfa4?s=96&d=mm&r=g","contentUrl":"https:\/\/secure.gravatar.com\/avatar\/ca6041da8ef8610c493f19e03c9ebfa4?s=96&d=mm&r=g","caption":"Psic\u00f3logo Pedro Sammarco - CRP 06\/66066"},"description":"Desde que me formei em Psicologia em 2002, j\u00e1 iniciei meus atendimentos em consult\u00f3rio, onde estou at\u00e9 hoje. Logo em seguida fiz cursos na \u00e1rea cl\u00ednica em Gestalt-Terapia e Psicoterapia Existencial. Dediquei-me tamb\u00e9m aos estudos de mestrado e doutorado voltados a Psicologia Social, Sexualidade e Envelhecimento. Al\u00e9m disso, sou plantonista volunt\u00e1rio do Centro de Valoriza\u00e7\u00e3o da Vida (CVV) desde 1998, prestando apoio emocional, ps\u00edquico e preven\u00e7\u00e3o do suic\u00eddio. \u00c9 importante mencionar que atuei cinco anos como Psic\u00f3logo Cl\u00ednico no Instituto de Psiquiatria do Hospital das Cl\u00ednicas da USP. Quando solicitado, palestro em escolas, ONGs, etc. Em 2013 lancei o livro \"Travestis Envelhecem?\" e em 2017 o meu segundo, intitulado \"Homofobia Internalizada: o preconceito do homossexual contra si mesmo\" ambos pela editora Annablume. Atuo como Psic\u00f3logo volunt\u00e1rio em uma ONG que presta amparo ao LGBTQIAP + idoso dentre outras. Tamb\u00e9m leciono no Centro Universit\u00e1rio S\u00e3o Roque. Atendimento a partir dos 18 anos de idade.","url":"https:\/\/www.telavita.com.br\/blog\/author\/pedro-sammarco\/"}]}},"modified_by":null,"_links":{"self":[{"href":"https:\/\/www.telavita.com.br\/blog\/wp-json\/wp\/v2\/posts\/9015"}],"collection":[{"href":"https:\/\/www.telavita.com.br\/blog\/wp-json\/wp\/v2\/posts"}],"about":[{"href":"https:\/\/www.telavita.com.br\/blog\/wp-json\/wp\/v2\/types\/post"}],"author":[{"embeddable":true,"href":"https:\/\/www.telavita.com.br\/blog\/wp-json\/wp\/v2\/users\/23"}],"replies":[{"embeddable":true,"href":"https:\/\/www.telavita.com.br\/blog\/wp-json\/wp\/v2\/comments?post=9015"}],"version-history":[{"count":3,"href":"https:\/\/www.telavita.com.br\/blog\/wp-json\/wp\/v2\/posts\/9015\/revisions"}],"predecessor-version":[{"id":9019,"href":"https:\/\/www.telavita.com.br\/blog\/wp-json\/wp\/v2\/posts\/9015\/revisions\/9019"}],"wp:featuredmedia":[{"embeddable":true,"href":"https:\/\/www.telavita.com.br\/blog\/wp-json\/wp\/v2\/media\/9016"}],"wp:attachment":[{"href":"https:\/\/www.telavita.com.br\/blog\/wp-json\/wp\/v2\/media?parent=9015"}],"wp:term":[{"taxonomy":"category","embeddable":true,"href":"https:\/\/www.telavita.com.br\/blog\/wp-json\/wp\/v2\/categories?post=9015"},{"taxonomy":"post_tag","embeddable":true,"href":"https:\/\/www.telavita.com.br\/blog\/wp-json\/wp\/v2\/tags?post=9015"}],"curies":[{"name":"wp","href":"https:\/\/api.w.org\/{rel}","templated":true}]}}